{"id":1346,"date":"2019-06-17T09:16:37","date_gmt":"2019-06-17T12:16:37","guid":{"rendered":"http:\/\/blog.panrotas.com.br\/espacoabracorp\/?p=1346"},"modified":"2019-06-17T09:16:39","modified_gmt":"2019-06-17T12:16:39","slug":"o-veto-necessario","status":"publish","type":"post","link":"https:\/\/blog.panrotas.com.br\/espacoabracorp\/2019\/06\/17\/o-veto-necessario\/","title":{"rendered":"O veto necess\u00e1rio"},"content":{"rendered":"\n<p><strong><em>Carlos Prado<\/em><\/strong><\/p>\n\n\n\n<p>Esgota-se\nem algumas horas o tempo para o presidente Jair Bolsonaro sancionar ou vetar o\ntexto relativo ao despacho gratuito de bagagens. A Abracorp se une \u00e0s\nexpectativas das outras entidades setoriais da ind\u00fastria do turismo, pelo veto\npresidencial. <\/p>\n\n\n\n<p>Menos\nregula\u00e7\u00e3o, menos engessamento burocr\u00e1tico. E mais lucidez sobre o impacto da\ngratuidade nos aguardados investidores, atra\u00eddos pela abertura irrestrita de\ncapital estrangeiro em companhias a\u00e9reas brasileiras. <\/p>\n\n\n\n<p>Transporte de bagagem deve ser percebido como item\nde uma cesta de servi\u00e7os agregados ao portador de uma passagem a\u00e9rea. O\npassageiro opta por transportar bagagem. E a cia a\u00e9rea vende o servi\u00e7o, para\nquem precisa e se disp\u00f5e a pagar por ele. <\/p>\n\n\n\n<p>O veto \u00e9 necess\u00e1rio sob v\u00e1rios aspectos \u2013 uns mais\ntang\u00edveis, outros mais sutis e simb\u00f3licos. Seguran\u00e7a jur\u00eddica, legislativa e\nambiente prop\u00edcio ao exerc\u00edcio de boas pr\u00e1ticas s\u00e3o itens fundamentais que o\ninvestidor estrangeiro analisa e avalia. <\/p>\n\n\n\n<p>Flexibilidade \u00e9 conceito essencial para a\nsimplifica\u00e7\u00e3o de processos e at\u00e9 mesmo para elevar o padr\u00e3o de <em>compliance<\/em>. Para a viabilidade econ\u00f4mica\ne competitividade de uma a\u00e9rea, \u00e9 vital. Condi\u00e7\u00e3o sine-qua-non.<\/p>\n\n\n\n<p>Estabelecer a gratuidade estrangula a equa\u00e7\u00e3o\ncomercial das <em>low cost<\/em>, t\u00e3o esperadas\ne necess\u00e1rias \u00e0s dimens\u00f5es continentais do Brasil. O pa\u00eds pede e necessita de mais cias a\u00e9reas, para dar mais vida ao\nambiente concorrencial.<\/p>\n\n\n\n<p>Abracorp com outras entidades enviou, no in\u00edcio de Junho, of\u00edcio ao ministro da Casa Civil, Onyx Lorenzoni, quando marcou posi\u00e7\u00e3o a favor do veto do despacho gratuito de bagagem.<\/p>\n\n\n\n<p>Num dos trechos do documento, os presidentes das\nentidades signat\u00e1rias argumentam que a MP \u00e9 desestimulante para futuros\nnovos&nbsp;<em>players<\/em>, pois traz\nde volta a burocratiza\u00e7\u00e3o. \u201cA consequ\u00eancia da regulamenta\u00e7\u00e3o de franquia de\nbagagem \u00e9 prejudicial ao consumidor, que deixa de ter op\u00e7\u00f5es mais vantajosas\u201d,\nasseguram.&nbsp; <\/p>\n\n\n\n<p>Em suma, s\u00f3 nos cabe ratificar a expectativa pelo veto presidencial, para que a bem-vinda pol\u00edtica de \u2018c\u00e9us abertos\u2019 fa\u00e7a jus ao nome, isenta de complicadores restritivos. H\u00e1 muito investimento e postos de trabalho em jogo nessa ind\u00fastria. E prontos para aterrissar em nosso pa\u00eds.<\/p>\n","protected":false},"excerpt":{"rendered":"<p>Carlos Prado Esgota-se em algumas horas o tempo para o presidente Jair Bolsonaro sancionar ou vetar o texto relativo ao despacho gratuito de bagagens. A Abracorp se une \u00e0s expectativas das outras entidades setoriais da ind\u00fastria do turismo, pelo veto presidencial. Menos regula\u00e7\u00e3o, menos engessamento burocr\u00e1tico. E mais lucidez sobre o impacto da gratuidade nos&hellip; <a class=\"more-link\" href=\"https:\/\/blog.panrotas.com.br\/espacoabracorp\/2019\/06\/17\/o-veto-necessario\/\">Continue reading &rarr;<\/a><\/p>\n","protected":false},"author":27,"featured_media":0,"comment_status":"open","ping_status":"open","sticky":false,"template":"","format":"standard","meta":{"spay_email":""},"categories":[1],"tags":[10],"yoast_head":"<!-- This site is optimized with the Yoast SEO plugin v17.3 - https:\/\/yoast.com\/wordpress\/plugins\/seo\/ -->\n<title>O veto necess\u00e1rio - Espa\u00e7o Abracorp<\/title>\n<meta name=\"robots\" content=\"index, follow, max-snippet:-1, max-image-preview:large, max-video-preview:-1\" \/>\n<link rel=\"canonical\" href=\"https:\/\/blog.panrotas.com.br\/espacoabracorp\/2019\/06\/17\/o-veto-necessario\/\" \/>\n<meta property=\"og:locale\" content=\"pt_BR\" \/>\n<meta property=\"og:type\" content=\"article\" \/>\n<meta property=\"og:title\" content=\"O veto necess\u00e1rio - Espa\u00e7o Abracorp\" \/>\n<meta property=\"og:description\" content=\"Carlos Prado Esgota-se em algumas horas o tempo para o presidente Jair Bolsonaro sancionar ou vetar o texto relativo ao despacho gratuito de bagagens. A Abracorp se une \u00e0s expectativas das outras entidades setoriais da ind\u00fastria do turismo, pelo veto presidencial. Menos regula\u00e7\u00e3o, menos engessamento burocr\u00e1tico. E mais lucidez sobre o impacto da gratuidade nos&hellip; Continue reading &rarr;\" \/>\n<meta property=\"og:url\" content=\"https:\/\/blog.panrotas.com.br\/espacoabracorp\/2019\/06\/17\/o-veto-necessario\/\" \/>\n<meta property=\"og:site_name\" content=\"Espa\u00e7o Abracorp\" \/>\n<meta property=\"article:published_time\" content=\"2019-06-17T12:16:37+00:00\" \/>\n<meta property=\"article:modified_time\" content=\"2019-06-17T12:16:39+00:00\" \/>\n<meta name=\"twitter:card\" content=\"summary_large_image\" \/>\n<meta name=\"twitter:label1\" content=\"Escrito por\" \/>\n\t<meta name=\"twitter:data1\" content=\"Abracorp\" \/>\n\t<meta name=\"twitter:label2\" content=\"Est. tempo de leitura\" \/>\n\t<meta name=\"twitter:data2\" content=\"2 minutos\" \/>\n<script type=\"application\/ld+json\" class=\"yoast-schema-graph\">{\"@context\":\"https:\/\/schema.org\",\"@graph\":[{\"@type\":\"WebSite\",\"@id\":\"https:\/\/blog.panrotas.com.br\/espacoabracorp\/#website\",\"url\":\"https:\/\/blog.panrotas.com.br\/espacoabracorp\/\",\"name\":\"Espa\\u00e7o Abracorp\",\"description\":\"Blogosfera PANROTAS\",\"potentialAction\":[{\"@type\":\"SearchAction\",\"target\":{\"@type\":\"EntryPoint\",\"urlTemplate\":\"https:\/\/blog.panrotas.com.br\/espacoabracorp\/?s={search_term_string}\"},\"query-input\":\"required name=search_term_string\"}],\"inLanguage\":\"pt-BR\"},{\"@type\":\"WebPage\",\"@id\":\"https:\/\/blog.panrotas.com.br\/espacoabracorp\/2019\/06\/17\/o-veto-necessario\/#webpage\",\"url\":\"https:\/\/blog.panrotas.com.br\/espacoabracorp\/2019\/06\/17\/o-veto-necessario\/\",\"name\":\"O veto necess\\u00e1rio - Espa\\u00e7o Abracorp\",\"isPartOf\":{\"@id\":\"https:\/\/blog.panrotas.com.br\/espacoabracorp\/#website\"},\"datePublished\":\"2019-06-17T12:16:37+00:00\",\"dateModified\":\"2019-06-17T12:16:39+00:00\",\"author\":{\"@id\":\"https:\/\/blog.panrotas.com.br\/espacoabracorp\/#\/schema\/person\/c61095cb4ad58385b600360e86edcc70\"},\"breadcrumb\":{\"@id\":\"https:\/\/blog.panrotas.com.br\/espacoabracorp\/2019\/06\/17\/o-veto-necessario\/#breadcrumb\"},\"inLanguage\":\"pt-BR\",\"potentialAction\":[{\"@type\":\"ReadAction\",\"target\":[\"https:\/\/blog.panrotas.com.br\/espacoabracorp\/2019\/06\/17\/o-veto-necessario\/\"]}]},{\"@type\":\"BreadcrumbList\",\"@id\":\"https:\/\/blog.panrotas.com.br\/espacoabracorp\/2019\/06\/17\/o-veto-necessario\/#breadcrumb\",\"itemListElement\":[{\"@type\":\"ListItem\",\"position\":1,\"name\":\"In\\u00edcio\",\"item\":\"https:\/\/blog.panrotas.com.br\/espacoabracorp\/\"},{\"@type\":\"ListItem\",\"position\":2,\"name\":\"O veto necess\\u00e1rio\"}]},{\"@type\":\"Person\",\"@id\":\"https:\/\/blog.panrotas.com.br\/espacoabracorp\/#\/schema\/person\/c61095cb4ad58385b600360e86edcc70\",\"name\":\"Abracorp\",\"image\":{\"@type\":\"ImageObject\",\"@id\":\"https:\/\/blog.panrotas.com.br\/espacoabracorp\/#personlogo\",\"inLanguage\":\"pt-BR\",\"url\":\"https:\/\/secure.gravatar.com\/avatar\/7b0b250396075df2cb7378540ccff9ce?s=96&d=mm&r=g\",\"contentUrl\":\"https:\/\/secure.gravatar.com\/avatar\/7b0b250396075df2cb7378540ccff9ce?s=96&d=mm&r=g\",\"caption\":\"Abracorp\"},\"url\":\"https:\/\/blog.panrotas.com.br\/espacoabracorp\/author\/luiz\/\"}]}<\/script>\n<!-- \/ Yoast SEO plugin. -->","yoast_head_json":{"title":"O veto necess\u00e1rio - Espa\u00e7o Abracorp","robots":{"index":"index","follow":"follow","max-snippet":"max-snippet:-1","max-image-preview":"max-image-preview:large","max-video-preview":"max-video-preview:-1"},"canonical":"https:\/\/blog.panrotas.com.br\/espacoabracorp\/2019\/06\/17\/o-veto-necessario\/","og_locale":"pt_BR","og_type":"article","og_title":"O veto necess\u00e1rio - Espa\u00e7o Abracorp","og_description":"Carlos Prado Esgota-se em algumas horas o tempo para o presidente Jair Bolsonaro sancionar ou vetar o texto relativo ao despacho gratuito de bagagens. A Abracorp se une \u00e0s expectativas das outras entidades setoriais da ind\u00fastria do turismo, pelo veto presidencial. Menos regula\u00e7\u00e3o, menos engessamento burocr\u00e1tico. E mais lucidez sobre o impacto da gratuidade nos&hellip; Continue reading &rarr;","og_url":"https:\/\/blog.panrotas.com.br\/espacoabracorp\/2019\/06\/17\/o-veto-necessario\/","og_site_name":"Espa\u00e7o Abracorp","article_published_time":"2019-06-17T12:16:37+00:00","article_modified_time":"2019-06-17T12:16:39+00:00","twitter_card":"summary_large_image","twitter_misc":{"Escrito por":"Abracorp","Est. tempo de leitura":"2 minutos"},"schema":{"@context":"https:\/\/schema.org","@graph":[{"@type":"WebSite","@id":"https:\/\/blog.panrotas.com.br\/espacoabracorp\/#website","url":"https:\/\/blog.panrotas.com.br\/espacoabracorp\/","name":"Espa\u00e7o Abracorp","description":"Blogosfera PANROTAS","potentialAction":[{"@type":"SearchAction","target":{"@type":"EntryPoint","urlTemplate":"https:\/\/blog.panrotas.com.br\/espacoabracorp\/?s={search_term_string}"},"query-input":"required name=search_term_string"}],"inLanguage":"pt-BR"},{"@type":"WebPage","@id":"https:\/\/blog.panrotas.com.br\/espacoabracorp\/2019\/06\/17\/o-veto-necessario\/#webpage","url":"https:\/\/blog.panrotas.com.br\/espacoabracorp\/2019\/06\/17\/o-veto-necessario\/","name":"O veto necess\u00e1rio - Espa\u00e7o Abracorp","isPartOf":{"@id":"https:\/\/blog.panrotas.com.br\/espacoabracorp\/#website"},"datePublished":"2019-06-17T12:16:37+00:00","dateModified":"2019-06-17T12:16:39+00:00","author":{"@id":"https:\/\/blog.panrotas.com.br\/espacoabracorp\/#\/schema\/person\/c61095cb4ad58385b600360e86edcc70"},"breadcrumb":{"@id":"https:\/\/blog.panrotas.com.br\/espacoabracorp\/2019\/06\/17\/o-veto-necessario\/#breadcrumb"},"inLanguage":"pt-BR","potentialAction":[{"@type":"ReadAction","target":["https:\/\/blog.panrotas.com.br\/espacoabracorp\/2019\/06\/17\/o-veto-necessario\/"]}]},{"@type":"BreadcrumbList","@id":"https:\/\/blog.panrotas.com.br\/espacoabracorp\/2019\/06\/17\/o-veto-necessario\/#breadcrumb","itemListElement":[{"@type":"ListItem","position":1,"name":"In\u00edcio","item":"https:\/\/blog.panrotas.com.br\/espacoabracorp\/"},{"@type":"ListItem","position":2,"name":"O veto necess\u00e1rio"}]},{"@type":"Person","@id":"https:\/\/blog.panrotas.com.br\/espacoabracorp\/#\/schema\/person\/c61095cb4ad58385b600360e86edcc70","name":"Abracorp","image":{"@type":"ImageObject","@id":"https:\/\/blog.panrotas.com.br\/espacoabracorp\/#personlogo","inLanguage":"pt-BR","url":"https:\/\/secure.gravatar.com\/avatar\/7b0b250396075df2cb7378540ccff9ce?s=96&d=mm&r=g","contentUrl":"https:\/\/secure.gravatar.com\/avatar\/7b0b250396075df2cb7378540ccff9ce?s=96&d=mm&r=g","caption":"Abracorp"},"url":"https:\/\/blog.panrotas.com.br\/espacoabracorp\/author\/luiz\/"}]}},"jetpack_featured_media_url":"","_links":{"self":[{"href":"https:\/\/blog.panrotas.com.br\/espacoabracorp\/wp-json\/wp\/v2\/posts\/1346"}],"collection":[{"href":"https:\/\/blog.panrotas.com.br\/espacoabracorp\/wp-json\/wp\/v2\/posts"}],"about":[{"href":"https:\/\/blog.panrotas.com.br\/espacoabracorp\/wp-json\/wp\/v2\/types\/post"}],"author":[{"embeddable":true,"href":"https:\/\/blog.panrotas.com.br\/espacoabracorp\/wp-json\/wp\/v2\/users\/27"}],"replies":[{"embeddable":true,"href":"https:\/\/blog.panrotas.com.br\/espacoabracorp\/wp-json\/wp\/v2\/comments?post=1346"}],"version-history":[{"count":1,"href":"https:\/\/blog.panrotas.com.br\/espacoabracorp\/wp-json\/wp\/v2\/posts\/1346\/revisions"}],"predecessor-version":[{"id":1347,"href":"https:\/\/blog.panrotas.com.br\/espacoabracorp\/wp-json\/wp\/v2\/posts\/1346\/revisions\/1347"}],"wp:attachment":[{"href":"https:\/\/blog.panrotas.com.br\/espacoabracorp\/wp-json\/wp\/v2\/media?parent=1346"}],"wp:term":[{"taxonomy":"category","embeddable":true,"href":"https:\/\/blog.panrotas.com.br\/espacoabracorp\/wp-json\/wp\/v2\/categories?post=1346"},{"taxonomy":"post_tag","embeddable":true,"href":"https:\/\/blog.panrotas.com.br\/espacoabracorp\/wp-json\/wp\/v2\/tags?post=1346"}],"curies":[{"name":"wp","href":"https:\/\/api.w.org\/{rel}","templated":true}]}}