{"id":1348,"date":"2019-07-10T17:20:48","date_gmt":"2019-07-10T20:20:48","guid":{"rendered":"http:\/\/blog.panrotas.com.br\/espacoabracorp\/?p=1348"},"modified":"2019-07-10T17:20:51","modified_gmt":"2019-07-10T20:20:51","slug":"acordo-mercosul-ue-vento-sopra-a-favor-da-economia","status":"publish","type":"post","link":"https:\/\/blog.panrotas.com.br\/espacoabracorp\/2019\/07\/10\/acordo-mercosul-ue-vento-sopra-a-favor-da-economia\/","title":{"rendered":"Acordo Mercosul-UE: vento sopra a favor da economia"},"content":{"rendered":"\n<p> <strong><em>Carlos Prado<\/em><\/strong><\/p>\n\n\n\n<p>A assinatura iminente do acordo esbo\u00e7ado, que demandou 20 anos de negocia\u00e7\u00f5es, se consuma na iniciativa do Governo Federal de abrir a economia brasileira e, por conseguinte, abrir o mercado brasileiro para entrada de novos produtos. Isso acelera a cadeia econ\u00f4mica, sob todos os aspectos.&nbsp;<\/p>\n\n\n\n<p>Mas o acordo tamb\u00e9m vai intensificar a rela\u00e7\u00e3o entre os membros do Mercosul. E, de quebra, os demais pa\u00edses da Am\u00e9rica do Sul, incluindo os pa\u00edses associados, tais como Col\u00f4mbia e Chile.<\/p>\n\n\n\n<p>Os n\u00fameros projetados por conta do acordo s\u00e3o animadores, a despeito do prazo circunscrito em 15 anos, para se alcan\u00e7ar a plenitude dos benef\u00edcios rec\u00edprocos entre os blocos. Segundo o governo, tratado vai aumentar em US$ 100 bilh\u00f5es as exporta\u00e7\u00f5es para o bloco, em 15 anos.<\/p>\n\n\n\n<p>Do ponto de vista da ind\u00fastria de viagens corporativas, a decis\u00e3o abre um leque de possibilidades de curto, m\u00e9dio e longo prazo.<\/p>\n\n\n\n<p>Uma vez batido o martelo e definido o cronograma b\u00e1sico da implanta\u00e7\u00e3o do acordo, prev\u00ea-se intensifica\u00e7\u00e3o dos investimentos na infraestrutura e na produ\u00e7\u00e3o de bens e servi\u00e7os, al\u00e9m de encontros e eventos internacionais entre os players envolvidos \u2013 dos fornecedores de commodities aos de manufaturados, passando pela gama de servi\u00e7os especializados que ser\u00e1 alocada.<\/p>\n\n\n\n<p>A movimenta\u00e7\u00e3o de pessoas \u00e9 inerente a esse cen\u00e1rio, somada aos esfor\u00e7os do governo para amplia\u00e7\u00e3o da infraestrutura do pa\u00eds. Os dados do BI Abracorp indicam que, no 1\u00ba trimestre de 2019, Buenos Aires, Santiago, Cidade do M\u00e9xico, Bogot\u00e1, Lima, Miami, Nova Iorque, Paris e Londres representaram quase 30% dos destinos internacionais vendidos pelas Travel Management Companies (TMCs) associadas.<\/p>\n\n\n\n<p>Planejamentos estrat\u00e9gicos ser\u00e3o atualizados \u00e0 luz do novo cen\u00e1rio; eventos espec\u00edficos v\u00e3o carrear investimento do meio empresarial, incluindo novas plataformas digitais e recursos de BI. Esses s\u00e3o exemplos que apontam para o aquecimento potencial dos neg\u00f3cios das nossas TMCs. E n\u00e3o \u00e9 pra menos: juntos, Mercosul e Uni\u00e3o Europeia re\u00fanem perto de 780 milh\u00f5es de pessoas e representam cerca de 25% do PIB mundial.\n\n<\/p>\n","protected":false},"excerpt":{"rendered":"<p>Carlos Prado A assinatura iminente do acordo esbo\u00e7ado, que demandou 20 anos de negocia\u00e7\u00f5es, se consuma na iniciativa do Governo Federal de abrir a economia brasileira e, por conseguinte, abrir o mercado brasileiro para entrada de novos produtos. Isso acelera a cadeia econ\u00f4mica, sob todos os aspectos.&nbsp; Mas o acordo tamb\u00e9m vai intensificar a rela\u00e7\u00e3o&hellip; <a class=\"more-link\" href=\"https:\/\/blog.panrotas.com.br\/espacoabracorp\/2019\/07\/10\/acordo-mercosul-ue-vento-sopra-a-favor-da-economia\/\">Continue reading &rarr;<\/a><\/p>\n","protected":false},"author":27,"featured_media":1349,"comment_status":"open","ping_status":"open","sticky":false,"template":"","format":"standard","meta":{"spay_email":""},"categories":[2,3,4,5,6,8],"tags":[10],"yoast_head":"<!-- This site is optimized with the Yoast SEO plugin v17.3 - https:\/\/yoast.com\/wordpress\/plugins\/seo\/ -->\n<title>Acordo Mercosul-UE: vento sopra a favor da economia - Espa\u00e7o Abracorp<\/title>\n<meta name=\"robots\" content=\"index, follow, max-snippet:-1, max-image-preview:large, max-video-preview:-1\" \/>\n<link rel=\"canonical\" href=\"https:\/\/blog.panrotas.com.br\/espacoabracorp\/2019\/07\/10\/acordo-mercosul-ue-vento-sopra-a-favor-da-economia\/\" \/>\n<meta property=\"og:locale\" content=\"pt_BR\" \/>\n<meta property=\"og:type\" content=\"article\" \/>\n<meta property=\"og:title\" content=\"Acordo Mercosul-UE: vento sopra a favor da economia - Espa\u00e7o Abracorp\" \/>\n<meta property=\"og:description\" content=\"Carlos Prado A assinatura iminente do acordo esbo\u00e7ado, que demandou 20 anos de negocia\u00e7\u00f5es, se consuma na iniciativa do Governo Federal de abrir a economia brasileira e, por conseguinte, abrir o mercado brasileiro para entrada de novos produtos. Isso acelera a cadeia econ\u00f4mica, sob todos os aspectos.&nbsp; Mas o acordo tamb\u00e9m vai intensificar a rela\u00e7\u00e3o&hellip; Continue reading &rarr;\" \/>\n<meta property=\"og:url\" content=\"https:\/\/blog.panrotas.com.br\/espacoabracorp\/2019\/07\/10\/acordo-mercosul-ue-vento-sopra-a-favor-da-economia\/\" \/>\n<meta property=\"og:site_name\" content=\"Espa\u00e7o Abracorp\" \/>\n<meta property=\"article:published_time\" content=\"2019-07-10T20:20:48+00:00\" \/>\n<meta property=\"article:modified_time\" content=\"2019-07-10T20:20:51+00:00\" \/>\n<meta property=\"og:image\" content=\"https:\/\/blog.panrotas.com.br\/espacoabracorp\/wp-content\/uploads\/sites\/16\/2019\/07\/ue_mercosur132992.png\" \/>\n\t<meta property=\"og:image:width\" content=\"605\" \/>\n\t<meta property=\"og:image:height\" content=\"351\" \/>\n<meta name=\"twitter:card\" content=\"summary_large_image\" \/>\n<meta name=\"twitter:label1\" content=\"Escrito por\" \/>\n\t<meta name=\"twitter:data1\" content=\"Abracorp\" \/>\n\t<meta name=\"twitter:label2\" content=\"Est. tempo de leitura\" \/>\n\t<meta name=\"twitter:data2\" content=\"2 minutos\" \/>\n<script type=\"application\/ld+json\" class=\"yoast-schema-graph\">{\"@context\":\"https:\/\/schema.org\",\"@graph\":[{\"@type\":\"WebSite\",\"@id\":\"https:\/\/blog.panrotas.com.br\/espacoabracorp\/#website\",\"url\":\"https:\/\/blog.panrotas.com.br\/espacoabracorp\/\",\"name\":\"Espa\\u00e7o Abracorp\",\"description\":\"Blogosfera PANROTAS\",\"potentialAction\":[{\"@type\":\"SearchAction\",\"target\":{\"@type\":\"EntryPoint\",\"urlTemplate\":\"https:\/\/blog.panrotas.com.br\/espacoabracorp\/?s={search_term_string}\"},\"query-input\":\"required name=search_term_string\"}],\"inLanguage\":\"pt-BR\"},{\"@type\":\"ImageObject\",\"@id\":\"https:\/\/blog.panrotas.com.br\/espacoabracorp\/2019\/07\/10\/acordo-mercosul-ue-vento-sopra-a-favor-da-economia\/#primaryimage\",\"inLanguage\":\"pt-BR\",\"url\":\"https:\/\/blog.panrotas.com.br\/espacoabracorp\/wp-content\/uploads\/sites\/16\/2019\/07\/ue_mercosur132992.png\",\"contentUrl\":\"https:\/\/blog.panrotas.com.br\/espacoabracorp\/wp-content\/uploads\/sites\/16\/2019\/07\/ue_mercosur132992.png\",\"width\":605,\"height\":351},{\"@type\":\"WebPage\",\"@id\":\"https:\/\/blog.panrotas.com.br\/espacoabracorp\/2019\/07\/10\/acordo-mercosul-ue-vento-sopra-a-favor-da-economia\/#webpage\",\"url\":\"https:\/\/blog.panrotas.com.br\/espacoabracorp\/2019\/07\/10\/acordo-mercosul-ue-vento-sopra-a-favor-da-economia\/\",\"name\":\"Acordo Mercosul-UE: vento sopra a favor da economia - Espa\\u00e7o Abracorp\",\"isPartOf\":{\"@id\":\"https:\/\/blog.panrotas.com.br\/espacoabracorp\/#website\"},\"primaryImageOfPage\":{\"@id\":\"https:\/\/blog.panrotas.com.br\/espacoabracorp\/2019\/07\/10\/acordo-mercosul-ue-vento-sopra-a-favor-da-economia\/#primaryimage\"},\"datePublished\":\"2019-07-10T20:20:48+00:00\",\"dateModified\":\"2019-07-10T20:20:51+00:00\",\"author\":{\"@id\":\"https:\/\/blog.panrotas.com.br\/espacoabracorp\/#\/schema\/person\/c61095cb4ad58385b600360e86edcc70\"},\"breadcrumb\":{\"@id\":\"https:\/\/blog.panrotas.com.br\/espacoabracorp\/2019\/07\/10\/acordo-mercosul-ue-vento-sopra-a-favor-da-economia\/#breadcrumb\"},\"inLanguage\":\"pt-BR\",\"potentialAction\":[{\"@type\":\"ReadAction\",\"target\":[\"https:\/\/blog.panrotas.com.br\/espacoabracorp\/2019\/07\/10\/acordo-mercosul-ue-vento-sopra-a-favor-da-economia\/\"]}]},{\"@type\":\"BreadcrumbList\",\"@id\":\"https:\/\/blog.panrotas.com.br\/espacoabracorp\/2019\/07\/10\/acordo-mercosul-ue-vento-sopra-a-favor-da-economia\/#breadcrumb\",\"itemListElement\":[{\"@type\":\"ListItem\",\"position\":1,\"name\":\"In\\u00edcio\",\"item\":\"https:\/\/blog.panrotas.com.br\/espacoabracorp\/\"},{\"@type\":\"ListItem\",\"position\":2,\"name\":\"Acordo Mercosul-UE: vento sopra a favor da economia\"}]},{\"@type\":\"Person\",\"@id\":\"https:\/\/blog.panrotas.com.br\/espacoabracorp\/#\/schema\/person\/c61095cb4ad58385b600360e86edcc70\",\"name\":\"Abracorp\",\"image\":{\"@type\":\"ImageObject\",\"@id\":\"https:\/\/blog.panrotas.com.br\/espacoabracorp\/#personlogo\",\"inLanguage\":\"pt-BR\",\"url\":\"https:\/\/secure.gravatar.com\/avatar\/7b0b250396075df2cb7378540ccff9ce?s=96&d=mm&r=g\",\"contentUrl\":\"https:\/\/secure.gravatar.com\/avatar\/7b0b250396075df2cb7378540ccff9ce?s=96&d=mm&r=g\",\"caption\":\"Abracorp\"},\"url\":\"https:\/\/blog.panrotas.com.br\/espacoabracorp\/author\/luiz\/\"}]}<\/script>\n<!-- \/ Yoast SEO plugin. -->","yoast_head_json":{"title":"Acordo Mercosul-UE: vento sopra a favor da economia - Espa\u00e7o Abracorp","robots":{"index":"index","follow":"follow","max-snippet":"max-snippet:-1","max-image-preview":"max-image-preview:large","max-video-preview":"max-video-preview:-1"},"canonical":"https:\/\/blog.panrotas.com.br\/espacoabracorp\/2019\/07\/10\/acordo-mercosul-ue-vento-sopra-a-favor-da-economia\/","og_locale":"pt_BR","og_type":"article","og_title":"Acordo Mercosul-UE: vento sopra a favor da economia - Espa\u00e7o Abracorp","og_description":"Carlos Prado A assinatura iminente do acordo esbo\u00e7ado, que demandou 20 anos de negocia\u00e7\u00f5es, se consuma na iniciativa do Governo Federal de abrir a economia brasileira e, por conseguinte, abrir o mercado brasileiro para entrada de novos produtos. Isso acelera a cadeia econ\u00f4mica, sob todos os aspectos.&nbsp; Mas o acordo tamb\u00e9m vai intensificar a rela\u00e7\u00e3o&hellip; Continue reading &rarr;","og_url":"https:\/\/blog.panrotas.com.br\/espacoabracorp\/2019\/07\/10\/acordo-mercosul-ue-vento-sopra-a-favor-da-economia\/","og_site_name":"Espa\u00e7o Abracorp","article_published_time":"2019-07-10T20:20:48+00:00","article_modified_time":"2019-07-10T20:20:51+00:00","og_image":[{"width":605,"height":351,"url":"https:\/\/blog.panrotas.com.br\/espacoabracorp\/wp-content\/uploads\/sites\/16\/2019\/07\/ue_mercosur132992.png","type":"image\/png"}],"twitter_card":"summary_large_image","twitter_misc":{"Escrito por":"Abracorp","Est. tempo de leitura":"2 minutos"},"schema":{"@context":"https:\/\/schema.org","@graph":[{"@type":"WebSite","@id":"https:\/\/blog.panrotas.com.br\/espacoabracorp\/#website","url":"https:\/\/blog.panrotas.com.br\/espacoabracorp\/","name":"Espa\u00e7o Abracorp","description":"Blogosfera PANROTAS","potentialAction":[{"@type":"SearchAction","target":{"@type":"EntryPoint","urlTemplate":"https:\/\/blog.panrotas.com.br\/espacoabracorp\/?s={search_term_string}"},"query-input":"required name=search_term_string"}],"inLanguage":"pt-BR"},{"@type":"ImageObject","@id":"https:\/\/blog.panrotas.com.br\/espacoabracorp\/2019\/07\/10\/acordo-mercosul-ue-vento-sopra-a-favor-da-economia\/#primaryimage","inLanguage":"pt-BR","url":"https:\/\/blog.panrotas.com.br\/espacoabracorp\/wp-content\/uploads\/sites\/16\/2019\/07\/ue_mercosur132992.png","contentUrl":"https:\/\/blog.panrotas.com.br\/espacoabracorp\/wp-content\/uploads\/sites\/16\/2019\/07\/ue_mercosur132992.png","width":605,"height":351},{"@type":"WebPage","@id":"https:\/\/blog.panrotas.com.br\/espacoabracorp\/2019\/07\/10\/acordo-mercosul-ue-vento-sopra-a-favor-da-economia\/#webpage","url":"https:\/\/blog.panrotas.com.br\/espacoabracorp\/2019\/07\/10\/acordo-mercosul-ue-vento-sopra-a-favor-da-economia\/","name":"Acordo Mercosul-UE: vento sopra a favor da economia - Espa\u00e7o Abracorp","isPartOf":{"@id":"https:\/\/blog.panrotas.com.br\/espacoabracorp\/#website"},"primaryImageOfPage":{"@id":"https:\/\/blog.panrotas.com.br\/espacoabracorp\/2019\/07\/10\/acordo-mercosul-ue-vento-sopra-a-favor-da-economia\/#primaryimage"},"datePublished":"2019-07-10T20:20:48+00:00","dateModified":"2019-07-10T20:20:51+00:00","author":{"@id":"https:\/\/blog.panrotas.com.br\/espacoabracorp\/#\/schema\/person\/c61095cb4ad58385b600360e86edcc70"},"breadcrumb":{"@id":"https:\/\/blog.panrotas.com.br\/espacoabracorp\/2019\/07\/10\/acordo-mercosul-ue-vento-sopra-a-favor-da-economia\/#breadcrumb"},"inLanguage":"pt-BR","potentialAction":[{"@type":"ReadAction","target":["https:\/\/blog.panrotas.com.br\/espacoabracorp\/2019\/07\/10\/acordo-mercosul-ue-vento-sopra-a-favor-da-economia\/"]}]},{"@type":"BreadcrumbList","@id":"https:\/\/blog.panrotas.com.br\/espacoabracorp\/2019\/07\/10\/acordo-mercosul-ue-vento-sopra-a-favor-da-economia\/#breadcrumb","itemListElement":[{"@type":"ListItem","position":1,"name":"In\u00edcio","item":"https:\/\/blog.panrotas.com.br\/espacoabracorp\/"},{"@type":"ListItem","position":2,"name":"Acordo Mercosul-UE: vento sopra a favor da economia"}]},{"@type":"Person","@id":"https:\/\/blog.panrotas.com.br\/espacoabracorp\/#\/schema\/person\/c61095cb4ad58385b600360e86edcc70","name":"Abracorp","image":{"@type":"ImageObject","@id":"https:\/\/blog.panrotas.com.br\/espacoabracorp\/#personlogo","inLanguage":"pt-BR","url":"https:\/\/secure.gravatar.com\/avatar\/7b0b250396075df2cb7378540ccff9ce?s=96&d=mm&r=g","contentUrl":"https:\/\/secure.gravatar.com\/avatar\/7b0b250396075df2cb7378540ccff9ce?s=96&d=mm&r=g","caption":"Abracorp"},"url":"https:\/\/blog.panrotas.com.br\/espacoabracorp\/author\/luiz\/"}]}},"jetpack_featured_media_url":"https:\/\/blog.panrotas.com.br\/espacoabracorp\/wp-content\/uploads\/sites\/16\/2019\/07\/ue_mercosur132992.png","_links":{"self":[{"href":"https:\/\/blog.panrotas.com.br\/espacoabracorp\/wp-json\/wp\/v2\/posts\/1348"}],"collection":[{"href":"https:\/\/blog.panrotas.com.br\/espacoabracorp\/wp-json\/wp\/v2\/posts"}],"about":[{"href":"https:\/\/blog.panrotas.com.br\/espacoabracorp\/wp-json\/wp\/v2\/types\/post"}],"author":[{"embeddable":true,"href":"https:\/\/blog.panrotas.com.br\/espacoabracorp\/wp-json\/wp\/v2\/users\/27"}],"replies":[{"embeddable":true,"href":"https:\/\/blog.panrotas.com.br\/espacoabracorp\/wp-json\/wp\/v2\/comments?post=1348"}],"version-history":[{"count":1,"href":"https:\/\/blog.panrotas.com.br\/espacoabracorp\/wp-json\/wp\/v2\/posts\/1348\/revisions"}],"predecessor-version":[{"id":1350,"href":"https:\/\/blog.panrotas.com.br\/espacoabracorp\/wp-json\/wp\/v2\/posts\/1348\/revisions\/1350"}],"wp:featuredmedia":[{"embeddable":true,"href":"https:\/\/blog.panrotas.com.br\/espacoabracorp\/wp-json\/wp\/v2\/media\/1349"}],"wp:attachment":[{"href":"https:\/\/blog.panrotas.com.br\/espacoabracorp\/wp-json\/wp\/v2\/media?parent=1348"}],"wp:term":[{"taxonomy":"category","embeddable":true,"href":"https:\/\/blog.panrotas.com.br\/espacoabracorp\/wp-json\/wp\/v2\/categories?post=1348"},{"taxonomy":"post_tag","embeddable":true,"href":"https:\/\/blog.panrotas.com.br\/espacoabracorp\/wp-json\/wp\/v2\/tags?post=1348"}],"curies":[{"name":"wp","href":"https:\/\/api.w.org\/{rel}","templated":true}]}}