{"id":1368,"date":"2019-11-25T15:48:17","date_gmt":"2019-11-25T17:48:17","guid":{"rendered":"http:\/\/blog.panrotas.com.br\/espacoabracorp\/?p=1368"},"modified":"2019-11-25T15:48:19","modified_gmt":"2019-11-25T17:48:19","slug":"desempenho-da-economia-fortalece-expectativas-positivas-para-2020","status":"publish","type":"post","link":"https:\/\/blog.panrotas.com.br\/espacoabracorp\/2019\/11\/25\/desempenho-da-economia-fortalece-expectativas-positivas-para-2020\/","title":{"rendered":"Desempenho da economia fortalece expectativas positivas para 2020"},"content":{"rendered":"\n<p>No \u00faltimo dia 15 de novembro, o jornal Folha de S. Paulo\nnoticiou que a \u201c<em>Recupera\u00e7\u00e3o da economia\nacelera no terceiro trimestre<\/em>\u201d. A manchete est\u00e1 baseada na alta de 0,44% do\n\u00cdndice de Atividade Econ\u00f4mica registrado pelo Banco Central no m\u00eas de setembro,\nna compara\u00e7\u00e3o com agosto. Trata-se da segunda\neleva\u00e7\u00e3o mensal consecutiva e o melhor desempenho registrado em quatro meses\npara o dado.<\/p>\n\n\n\n<p>O\ncen\u00e1rio fortalece expectativas positivas para\n2020: alta esperada do PIB passou de 2,1% para 2,32%, segundo proje\u00e7\u00e3o da\nSecretaria de Pol\u00edtica Econ\u00f4mica (SPE) do Minist\u00e9rio da Economia. A tend\u00eancia\nde crescimento da economia brasileira para o pr\u00f3ximo ano ganha refor\u00e7o com as\nproje\u00e7\u00f5es do mercado, que tamb\u00e9m foram impulsionadas de acordo com a \u00faltima\npesquisa semanal Focus, tamb\u00e9m influenciadas pelo desempenho apurado junto aos setores\nde servi\u00e7os e com\u00e9rcio.<\/p>\n\n\n\n<p>Outros indicadores corroboram. Outubro de 2019 registrou o\nmenor IPCA &#8212; \u00cdndice de Pre\u00e7o ao Consumidor Amplo, desde 1998, mantendo o\n\u00edndice de infla\u00e7\u00e3o acumulado dos \u00faltimos 12 meses em 2,54%. Ou seja: bem abaixo\ndo piso da meta de infla\u00e7\u00e3o.<\/p>\n\n\n\n<p>Comparados a igual per\u00edodo do ano passado, os dados do BI\nAbracorp agora revelam que, no terceiro trimestre de 2019, as viagens\ncorporativas avan\u00e7aram 4,1% em volume de vendas \u2013 o que corresponde \u00e0 oscila\u00e7\u00e3o\nde R$ 2.876.569.709 para R$ 2.993.807.407. <\/p>\n\n\n\n<p>Em termos percentuais, o segmento a\u00e9reo nacional cresceu 7,3%\ne a hotelaria nacional 19,1%. No mesmo recorte, o Seguro Viagem Nacional\ncresceu 34,0%. <\/p>\n\n\n\n<p>Com a melhora da economia nacional, crescem as expectativas\nde aumento das viagens corporativas para 2020. Importante, entretanto, a uni\u00e3o\ndas for\u00e7as produtivas em torno da aprova\u00e7\u00e3o da reforma administrativa e\ntribut\u00e1ria, com foco na redu\u00e7\u00e3o das despesas de custeio e no aumento de\ninvestimentos que proporcionem melhor qualidade de vida para todos os\nbrasileiros e residentes no pa\u00eds.<\/p>\n\n\n\n<p>Neste sentido, \u00e9 recomend\u00e1vel que as autoridades p\u00fablicas reflitam\nsobre a pertin\u00eancia de elevar o Imposto de Renda Retido na Fonte (IRRF), cobrado\ndo setor de viagens e turismo para remessas de dinheiro ao Exterior, de 6% para\nat\u00e9 15,5% em 2024. Ainda que a proposta de aumento tribut\u00e1rio seja gradual,\narrecadar 6% sobre X resulta em mais recursos p\u00fablicos do que 15% sobre \u2013 3 X. <\/p>\n\n\n\n<p>Al\u00e9m disso, diante de todos os esfor\u00e7os que o governo e a\niniciativa privada empreendem para promover maior presen\u00e7a do pa\u00eds no com\u00e9rcio\ninternacional, qualquer medida que possa vir a inibir a demanda por viagens\ncorporativas internacionais n\u00e3o se justifica. <\/p>\n","protected":false},"excerpt":{"rendered":"<p>No \u00faltimo dia 15 de novembro, o jornal Folha de S. Paulo noticiou que a \u201cRecupera\u00e7\u00e3o da economia acelera no terceiro trimestre\u201d. A manchete est\u00e1 baseada na alta de 0,44% do \u00cdndice de Atividade Econ\u00f4mica registrado pelo Banco Central no m\u00eas de setembro, na compara\u00e7\u00e3o com agosto. Trata-se da segunda eleva\u00e7\u00e3o mensal consecutiva e o&hellip; <a class=\"more-link\" href=\"https:\/\/blog.panrotas.com.br\/espacoabracorp\/2019\/11\/25\/desempenho-da-economia-fortalece-expectativas-positivas-para-2020\/\">Continue reading &rarr;<\/a><\/p>\n","protected":false},"author":27,"featured_media":0,"comment_status":"open","ping_status":"open","sticky":false,"template":"","format":"standard","meta":{"spay_email":""},"categories":[1],"tags":[],"yoast_head":"<!-- This site is optimized with the Yoast SEO plugin v17.3 - https:\/\/yoast.com\/wordpress\/plugins\/seo\/ -->\n<title>Desempenho da economia fortalece expectativas positivas para 2020 - Espa\u00e7o Abracorp<\/title>\n<meta name=\"robots\" content=\"index, follow, max-snippet:-1, max-image-preview:large, max-video-preview:-1\" \/>\n<link rel=\"canonical\" href=\"https:\/\/blog.panrotas.com.br\/espacoabracorp\/2019\/11\/25\/desempenho-da-economia-fortalece-expectativas-positivas-para-2020\/\" \/>\n<meta property=\"og:locale\" content=\"pt_BR\" \/>\n<meta property=\"og:type\" content=\"article\" \/>\n<meta property=\"og:title\" content=\"Desempenho da economia fortalece expectativas positivas para 2020 - Espa\u00e7o Abracorp\" \/>\n<meta property=\"og:description\" content=\"No \u00faltimo dia 15 de novembro, o jornal Folha de S. Paulo noticiou que a \u201cRecupera\u00e7\u00e3o da economia acelera no terceiro trimestre\u201d. A manchete est\u00e1 baseada na alta de 0,44% do \u00cdndice de Atividade Econ\u00f4mica registrado pelo Banco Central no m\u00eas de setembro, na compara\u00e7\u00e3o com agosto. Trata-se da segunda eleva\u00e7\u00e3o mensal consecutiva e o&hellip; Continue reading &rarr;\" \/>\n<meta property=\"og:url\" content=\"https:\/\/blog.panrotas.com.br\/espacoabracorp\/2019\/11\/25\/desempenho-da-economia-fortalece-expectativas-positivas-para-2020\/\" \/>\n<meta property=\"og:site_name\" content=\"Espa\u00e7o Abracorp\" \/>\n<meta property=\"article:published_time\" content=\"2019-11-25T17:48:17+00:00\" \/>\n<meta property=\"article:modified_time\" content=\"2019-11-25T17:48:19+00:00\" \/>\n<meta name=\"twitter:card\" content=\"summary_large_image\" \/>\n<meta name=\"twitter:label1\" content=\"Escrito por\" \/>\n\t<meta name=\"twitter:data1\" content=\"Abracorp\" \/>\n\t<meta name=\"twitter:label2\" content=\"Est. tempo de leitura\" \/>\n\t<meta name=\"twitter:data2\" content=\"2 minutos\" \/>\n<script type=\"application\/ld+json\" class=\"yoast-schema-graph\">{\"@context\":\"https:\/\/schema.org\",\"@graph\":[{\"@type\":\"WebSite\",\"@id\":\"https:\/\/blog.panrotas.com.br\/espacoabracorp\/#website\",\"url\":\"https:\/\/blog.panrotas.com.br\/espacoabracorp\/\",\"name\":\"Espa\\u00e7o Abracorp\",\"description\":\"Blogosfera PANROTAS\",\"potentialAction\":[{\"@type\":\"SearchAction\",\"target\":{\"@type\":\"EntryPoint\",\"urlTemplate\":\"https:\/\/blog.panrotas.com.br\/espacoabracorp\/?s={search_term_string}\"},\"query-input\":\"required name=search_term_string\"}],\"inLanguage\":\"pt-BR\"},{\"@type\":\"WebPage\",\"@id\":\"https:\/\/blog.panrotas.com.br\/espacoabracorp\/2019\/11\/25\/desempenho-da-economia-fortalece-expectativas-positivas-para-2020\/#webpage\",\"url\":\"https:\/\/blog.panrotas.com.br\/espacoabracorp\/2019\/11\/25\/desempenho-da-economia-fortalece-expectativas-positivas-para-2020\/\",\"name\":\"Desempenho da economia fortalece expectativas positivas para 2020 - Espa\\u00e7o Abracorp\",\"isPartOf\":{\"@id\":\"https:\/\/blog.panrotas.com.br\/espacoabracorp\/#website\"},\"datePublished\":\"2019-11-25T17:48:17+00:00\",\"dateModified\":\"2019-11-25T17:48:19+00:00\",\"author\":{\"@id\":\"https:\/\/blog.panrotas.com.br\/espacoabracorp\/#\/schema\/person\/c61095cb4ad58385b600360e86edcc70\"},\"breadcrumb\":{\"@id\":\"https:\/\/blog.panrotas.com.br\/espacoabracorp\/2019\/11\/25\/desempenho-da-economia-fortalece-expectativas-positivas-para-2020\/#breadcrumb\"},\"inLanguage\":\"pt-BR\",\"potentialAction\":[{\"@type\":\"ReadAction\",\"target\":[\"https:\/\/blog.panrotas.com.br\/espacoabracorp\/2019\/11\/25\/desempenho-da-economia-fortalece-expectativas-positivas-para-2020\/\"]}]},{\"@type\":\"BreadcrumbList\",\"@id\":\"https:\/\/blog.panrotas.com.br\/espacoabracorp\/2019\/11\/25\/desempenho-da-economia-fortalece-expectativas-positivas-para-2020\/#breadcrumb\",\"itemListElement\":[{\"@type\":\"ListItem\",\"position\":1,\"name\":\"In\\u00edcio\",\"item\":\"https:\/\/blog.panrotas.com.br\/espacoabracorp\/\"},{\"@type\":\"ListItem\",\"position\":2,\"name\":\"Desempenho da economia fortalece expectativas positivas para 2020\"}]},{\"@type\":\"Person\",\"@id\":\"https:\/\/blog.panrotas.com.br\/espacoabracorp\/#\/schema\/person\/c61095cb4ad58385b600360e86edcc70\",\"name\":\"Abracorp\",\"image\":{\"@type\":\"ImageObject\",\"@id\":\"https:\/\/blog.panrotas.com.br\/espacoabracorp\/#personlogo\",\"inLanguage\":\"pt-BR\",\"url\":\"https:\/\/secure.gravatar.com\/avatar\/7b0b250396075df2cb7378540ccff9ce?s=96&d=mm&r=g\",\"contentUrl\":\"https:\/\/secure.gravatar.com\/avatar\/7b0b250396075df2cb7378540ccff9ce?s=96&d=mm&r=g\",\"caption\":\"Abracorp\"},\"url\":\"https:\/\/blog.panrotas.com.br\/espacoabracorp\/author\/luiz\/\"}]}<\/script>\n<!-- \/ Yoast SEO plugin. -->","yoast_head_json":{"title":"Desempenho da economia fortalece expectativas positivas para 2020 - Espa\u00e7o Abracorp","robots":{"index":"index","follow":"follow","max-snippet":"max-snippet:-1","max-image-preview":"max-image-preview:large","max-video-preview":"max-video-preview:-1"},"canonical":"https:\/\/blog.panrotas.com.br\/espacoabracorp\/2019\/11\/25\/desempenho-da-economia-fortalece-expectativas-positivas-para-2020\/","og_locale":"pt_BR","og_type":"article","og_title":"Desempenho da economia fortalece expectativas positivas para 2020 - Espa\u00e7o Abracorp","og_description":"No \u00faltimo dia 15 de novembro, o jornal Folha de S. Paulo noticiou que a \u201cRecupera\u00e7\u00e3o da economia acelera no terceiro trimestre\u201d. A manchete est\u00e1 baseada na alta de 0,44% do \u00cdndice de Atividade Econ\u00f4mica registrado pelo Banco Central no m\u00eas de setembro, na compara\u00e7\u00e3o com agosto. Trata-se da segunda eleva\u00e7\u00e3o mensal consecutiva e o&hellip; Continue reading &rarr;","og_url":"https:\/\/blog.panrotas.com.br\/espacoabracorp\/2019\/11\/25\/desempenho-da-economia-fortalece-expectativas-positivas-para-2020\/","og_site_name":"Espa\u00e7o Abracorp","article_published_time":"2019-11-25T17:48:17+00:00","article_modified_time":"2019-11-25T17:48:19+00:00","twitter_card":"summary_large_image","twitter_misc":{"Escrito por":"Abracorp","Est. tempo de leitura":"2 minutos"},"schema":{"@context":"https:\/\/schema.org","@graph":[{"@type":"WebSite","@id":"https:\/\/blog.panrotas.com.br\/espacoabracorp\/#website","url":"https:\/\/blog.panrotas.com.br\/espacoabracorp\/","name":"Espa\u00e7o Abracorp","description":"Blogosfera PANROTAS","potentialAction":[{"@type":"SearchAction","target":{"@type":"EntryPoint","urlTemplate":"https:\/\/blog.panrotas.com.br\/espacoabracorp\/?s={search_term_string}"},"query-input":"required name=search_term_string"}],"inLanguage":"pt-BR"},{"@type":"WebPage","@id":"https:\/\/blog.panrotas.com.br\/espacoabracorp\/2019\/11\/25\/desempenho-da-economia-fortalece-expectativas-positivas-para-2020\/#webpage","url":"https:\/\/blog.panrotas.com.br\/espacoabracorp\/2019\/11\/25\/desempenho-da-economia-fortalece-expectativas-positivas-para-2020\/","name":"Desempenho da economia fortalece expectativas positivas para 2020 - Espa\u00e7o Abracorp","isPartOf":{"@id":"https:\/\/blog.panrotas.com.br\/espacoabracorp\/#website"},"datePublished":"2019-11-25T17:48:17+00:00","dateModified":"2019-11-25T17:48:19+00:00","author":{"@id":"https:\/\/blog.panrotas.com.br\/espacoabracorp\/#\/schema\/person\/c61095cb4ad58385b600360e86edcc70"},"breadcrumb":{"@id":"https:\/\/blog.panrotas.com.br\/espacoabracorp\/2019\/11\/25\/desempenho-da-economia-fortalece-expectativas-positivas-para-2020\/#breadcrumb"},"inLanguage":"pt-BR","potentialAction":[{"@type":"ReadAction","target":["https:\/\/blog.panrotas.com.br\/espacoabracorp\/2019\/11\/25\/desempenho-da-economia-fortalece-expectativas-positivas-para-2020\/"]}]},{"@type":"BreadcrumbList","@id":"https:\/\/blog.panrotas.com.br\/espacoabracorp\/2019\/11\/25\/desempenho-da-economia-fortalece-expectativas-positivas-para-2020\/#breadcrumb","itemListElement":[{"@type":"ListItem","position":1,"name":"In\u00edcio","item":"https:\/\/blog.panrotas.com.br\/espacoabracorp\/"},{"@type":"ListItem","position":2,"name":"Desempenho da economia fortalece expectativas positivas para 2020"}]},{"@type":"Person","@id":"https:\/\/blog.panrotas.com.br\/espacoabracorp\/#\/schema\/person\/c61095cb4ad58385b600360e86edcc70","name":"Abracorp","image":{"@type":"ImageObject","@id":"https:\/\/blog.panrotas.com.br\/espacoabracorp\/#personlogo","inLanguage":"pt-BR","url":"https:\/\/secure.gravatar.com\/avatar\/7b0b250396075df2cb7378540ccff9ce?s=96&d=mm&r=g","contentUrl":"https:\/\/secure.gravatar.com\/avatar\/7b0b250396075df2cb7378540ccff9ce?s=96&d=mm&r=g","caption":"Abracorp"},"url":"https:\/\/blog.panrotas.com.br\/espacoabracorp\/author\/luiz\/"}]}},"jetpack_featured_media_url":"","_links":{"self":[{"href":"https:\/\/blog.panrotas.com.br\/espacoabracorp\/wp-json\/wp\/v2\/posts\/1368"}],"collection":[{"href":"https:\/\/blog.panrotas.com.br\/espacoabracorp\/wp-json\/wp\/v2\/posts"}],"about":[{"href":"https:\/\/blog.panrotas.com.br\/espacoabracorp\/wp-json\/wp\/v2\/types\/post"}],"author":[{"embeddable":true,"href":"https:\/\/blog.panrotas.com.br\/espacoabracorp\/wp-json\/wp\/v2\/users\/27"}],"replies":[{"embeddable":true,"href":"https:\/\/blog.panrotas.com.br\/espacoabracorp\/wp-json\/wp\/v2\/comments?post=1368"}],"version-history":[{"count":1,"href":"https:\/\/blog.panrotas.com.br\/espacoabracorp\/wp-json\/wp\/v2\/posts\/1368\/revisions"}],"predecessor-version":[{"id":1369,"href":"https:\/\/blog.panrotas.com.br\/espacoabracorp\/wp-json\/wp\/v2\/posts\/1368\/revisions\/1369"}],"wp:attachment":[{"href":"https:\/\/blog.panrotas.com.br\/espacoabracorp\/wp-json\/wp\/v2\/media?parent=1368"}],"wp:term":[{"taxonomy":"category","embeddable":true,"href":"https:\/\/blog.panrotas.com.br\/espacoabracorp\/wp-json\/wp\/v2\/categories?post=1368"},{"taxonomy":"post_tag","embeddable":true,"href":"https:\/\/blog.panrotas.com.br\/espacoabracorp\/wp-json\/wp\/v2\/tags?post=1368"}],"curies":[{"name":"wp","href":"https:\/\/api.w.org\/{rel}","templated":true}]}}