{"id":1377,"date":"2020-04-06T09:21:44","date_gmt":"2020-04-06T12:21:44","guid":{"rendered":"http:\/\/blog.panrotas.com.br\/espacoabracorp\/?p=1377"},"modified":"2020-04-06T09:42:49","modified_gmt":"2020-04-06T12:42:49","slug":"valor-agregado-alem-da-mobilidade","status":"publish","type":"post","link":"https:\/\/blog.panrotas.com.br\/espacoabracorp\/2020\/04\/06\/valor-agregado-alem-da-mobilidade\/","title":{"rendered":"Valor agregado al\u00e9m da mobilidade"},"content":{"rendered":"\n<p>Presen\u00e7a digital ativa, atendimento on-line competente,\nexcel\u00eancia de qualidade nos servi\u00e7os prestados, gest\u00e3o eficiente e eficaz do\nhome office, libera\u00e7\u00e3o de f\u00e9rias, redu\u00e7\u00e3o dos custos que n\u00e3o agregam valor aos\nclientes e negocia\u00e7\u00e3o com fornecedores s\u00e3o medidas recomendadas a todas as\nempresas durante o per\u00edodo da quarentena. Estudar as medidas emergenciais\nanunciadas pelo Governo Federal, para amenizar a crise econ\u00f4mica, tamb\u00e9m comp\u00f5e\niniciativas pertinentes e adotadas pelas TMC\u00b4s associadas Abracorp.<\/p>\n\n\n\n<p>Vamos al\u00e9m. Em constante di\u00e1logo com os diferentes elos do\nmercado de viagens corporativas e de turismo, compartilhamos a necessidade\nimediata de planejar a\u00e7\u00f5es a serem implementadas antes do in\u00edcio da retomada da\ndemanda \u2013 a qual, certamente, ser\u00e1 lenta e gradual. N\u00e3o tenhamos d\u00favidas: em\n2020, a movimenta\u00e7\u00e3o do setor de viagens e turismo n\u00e3o vai ultrapassar 45% do\nque fizemos em 2019.<\/p>\n\n\n\n<p>Para estimular a retomada, \u00e9\npreciso uni\u00e3o e provid\u00eancias que mitiguem a inseguran\u00e7a natural dos viajantes\nconfinados; amea\u00e7ados pelos riscos f\u00edsicos e psicol\u00f3gicos gerados pelo temor do\ncont\u00e1gio pelo Covid-19. Riscos que n\u00e3o devem ser desprezados.<\/p>\n\n\n\n<p>#ficaemcasa consiste na melhor\natitude de preven\u00e7\u00e3o. Todos precisamos obedecer as orienta\u00e7\u00f5es da OMS e atender\nas orienta\u00e7\u00f5es das autoridades sanit\u00e1rias. O isolamento social se faz\nnecess\u00e1rio, mas n\u00e3o impede programarmos a\u00e7\u00f5es futuras. <\/p>\n\n\n\n<p>Muito pelo contr\u00e1rio, o bom uso da\ntecnologia da informa\u00e7\u00e3o recomenda planejar, agora, o que ser\u00e1 feito, no\nmomento adequado, para proporcionar a necess\u00e1ria seguran\u00e7a aos viajantes \u2013\ntendo em vista que as viagens de neg\u00f3cios ser\u00e3o retomadas antes das viagens a\nlazer.<\/p>\n\n\n\n<p>N\u00e3o podemos e n\u00e3o vamos nos eximir\ndessa responsabilidade. Ali\u00e1s, sob a \u00f3tica dos viajantes e das pr\u00f3prias\ncorpora\u00e7\u00f5es atendidas, constatamos que aumenta a percep\u00e7\u00e3o da import\u00e2ncia dos\nservi\u00e7os prestados pelas TMC\u00b4s. Na crise, sem contar com a dedica\u00e7\u00e3o e o\nprofissionalismo das nossas equipes, viajantes que optaram pela compra direta\namargam a falta de assist\u00eancia.<\/p>\n\n\n\n<p>Levar seguran\u00e7a aos viajantes\ncompreende, nesta etapa, propor o espa\u00e7amento dos passageiros a bordo e antever,\npor exemplo, a necessidade dos aeroportos estarem equipados para a oferta de\nm\u00e1scaras de prote\u00e7\u00e3o e outros servi\u00e7os que ajudem a compor um ambiente de\ntranquilidade.<\/p>\n\n\n\n<p>Mais do que \u00e1lcool gel, reorganizar\na ocupa\u00e7\u00e3o das salas de embarque, evitando aglomera\u00e7\u00f5es; assegurar protocolos\nsanit\u00e1rios mais rigorosos, com recursos tecnol\u00f3gicos para monitorar febre e para\nesteriliza\u00e7\u00e3o dos passageiros, de maneira n\u00e3o invasiva, constitui pauta\nemergencial. Pauta extensiva tamb\u00e9m a outros meios de transporte e de\nhospedagem.<\/p>\n\n\n\n<p>Mais impactante que o \u201c11 de\nsetembro\u201d, que imp\u00f4s mudan\u00e7as de procedimentos, o Covid-19 exige maior rigor\nnos protocolos de higieniza\u00e7\u00e3o e refor\u00e7o no treinamento dos recursos humanos\nempregados no setor \u2013 especialmente dos profissionais que atuam na linha de\nfrente.<\/p>\n\n\n\n<p>Enfim, a retomada come\u00e7a com a\nprograma\u00e7\u00e3o dos processos e dos procedimentos que v\u00e3o garantir sa\u00fade f\u00edsica e psicol\u00f3gica\ndos viajantes. Insisto: \u00e9 necess\u00e1rio, primeiro, demonstrar seguran\u00e7a, para\ndepois come\u00e7ar a promover e estimular a retomadas das vendas. As viagens\ncorporativas, todos sabemos, constituem alavanca para economia como um todo.<\/p>\n\n\n\n<p>Entre as mudan\u00e7as inevit\u00e1veis que\na pandemia do Covid-19 traz \u00e0 gest\u00e3o dos neg\u00f3cios, est\u00e1 no fato de que todo\nfornecedor, que compra e vende pre\u00e7o, vai sofrer. Prevalecer\u00e3o, na prefer\u00eancia\ndo consumidor, quem compra e vende valor. E o valor que agregamos vai al\u00e9m da\nmobilidade.<\/p>\n\n\n\n<p>Impulsionado pela pandemia do\nCovid-19, o resgate de valores que preconizam o bem-estar coletivo abre novos\nhorizontes e perspectivas \u00e0 valoriza\u00e7\u00e3o de ser humano \u2013 fato que exercer\u00e1 impacto,\ninclusive, sobre as fontes e os modelos de remunera\u00e7\u00e3o das ag\u00eancias de viagens.<\/p>\n\n\n\n<p>Mas isso \u00e9 tema para futuros\nposts.<\/p>\n\n\n\n<p>A pauta priorit\u00e1ria continua\nfocada em fazer bom uso da tecnologia, para proporcionar, sempre, mais e melhores\nexperi\u00eancias seguras aos nossos clientes (b2b2c).<\/p>\n","protected":false},"excerpt":{"rendered":"<p>Presen\u00e7a digital ativa, atendimento on-line competente, excel\u00eancia de qualidade nos servi\u00e7os prestados, gest\u00e3o eficiente e eficaz do home office, libera\u00e7\u00e3o de f\u00e9rias, redu\u00e7\u00e3o dos custos que n\u00e3o agregam valor aos clientes e negocia\u00e7\u00e3o com fornecedores s\u00e3o medidas recomendadas a todas as empresas durante o per\u00edodo da quarentena. Estudar as medidas emergenciais anunciadas pelo Governo Federal,&hellip; <a class=\"more-link\" href=\"https:\/\/blog.panrotas.com.br\/espacoabracorp\/2020\/04\/06\/valor-agregado-alem-da-mobilidade\/\">Continue reading &rarr;<\/a><\/p>\n","protected":false},"author":27,"featured_media":1329,"comment_status":"open","ping_status":"open","sticky":false,"template":"","format":"standard","meta":{"spay_email":""},"categories":[2,21,3,4,5,6,7,8,9],"tags":[22],"yoast_head":"<!-- This site is optimized with the Yoast SEO plugin v17.3 - https:\/\/yoast.com\/wordpress\/plugins\/seo\/ -->\n<title>Valor agregado al\u00e9m da mobilidade - Espa\u00e7o Abracorp<\/title>\n<meta name=\"robots\" content=\"index, follow, max-snippet:-1, max-image-preview:large, max-video-preview:-1\" \/>\n<link rel=\"canonical\" href=\"https:\/\/blog.panrotas.com.br\/espacoabracorp\/2020\/04\/06\/valor-agregado-alem-da-mobilidade\/\" \/>\n<meta property=\"og:locale\" content=\"pt_BR\" \/>\n<meta property=\"og:type\" content=\"article\" \/>\n<meta property=\"og:title\" content=\"Valor agregado al\u00e9m da mobilidade - Espa\u00e7o Abracorp\" \/>\n<meta property=\"og:description\" content=\"Presen\u00e7a digital ativa, atendimento on-line competente, excel\u00eancia de qualidade nos servi\u00e7os prestados, gest\u00e3o eficiente e eficaz do home office, libera\u00e7\u00e3o de f\u00e9rias, redu\u00e7\u00e3o dos custos que n\u00e3o agregam valor aos clientes e negocia\u00e7\u00e3o com fornecedores s\u00e3o medidas recomendadas a todas as empresas durante o per\u00edodo da quarentena. Estudar as medidas emergenciais anunciadas pelo Governo Federal,&hellip; Continue reading &rarr;\" \/>\n<meta property=\"og:url\" content=\"https:\/\/blog.panrotas.com.br\/espacoabracorp\/2020\/04\/06\/valor-agregado-alem-da-mobilidade\/\" \/>\n<meta property=\"og:site_name\" content=\"Espa\u00e7o Abracorp\" \/>\n<meta property=\"article:published_time\" content=\"2020-04-06T12:21:44+00:00\" \/>\n<meta property=\"article:modified_time\" content=\"2020-04-06T12:42:49+00:00\" \/>\n<meta property=\"og:image\" content=\"https:\/\/blog.panrotas.com.br\/espacoabracorp\/wp-content\/uploads\/sites\/16\/2019\/01\/logo-abracorp.png\" \/>\n\t<meta property=\"og:image:width\" content=\"600\" \/>\n\t<meta property=\"og:image:height\" content=\"300\" \/>\n<meta name=\"twitter:card\" content=\"summary_large_image\" \/>\n<meta name=\"twitter:label1\" content=\"Escrito por\" \/>\n\t<meta name=\"twitter:data1\" content=\"Abracorp\" \/>\n\t<meta name=\"twitter:label2\" content=\"Est. tempo de leitura\" \/>\n\t<meta name=\"twitter:data2\" content=\"3 minutos\" \/>\n<script type=\"application\/ld+json\" class=\"yoast-schema-graph\">{\"@context\":\"https:\/\/schema.org\",\"@graph\":[{\"@type\":\"WebSite\",\"@id\":\"https:\/\/blog.panrotas.com.br\/espacoabracorp\/#website\",\"url\":\"https:\/\/blog.panrotas.com.br\/espacoabracorp\/\",\"name\":\"Espa\\u00e7o Abracorp\",\"description\":\"Blogosfera PANROTAS\",\"potentialAction\":[{\"@type\":\"SearchAction\",\"target\":{\"@type\":\"EntryPoint\",\"urlTemplate\":\"https:\/\/blog.panrotas.com.br\/espacoabracorp\/?s={search_term_string}\"},\"query-input\":\"required name=search_term_string\"}],\"inLanguage\":\"pt-BR\"},{\"@type\":\"ImageObject\",\"@id\":\"https:\/\/blog.panrotas.com.br\/espacoabracorp\/2020\/04\/06\/valor-agregado-alem-da-mobilidade\/#primaryimage\",\"inLanguage\":\"pt-BR\",\"url\":\"https:\/\/blog.panrotas.com.br\/espacoabracorp\/wp-content\/uploads\/sites\/16\/2019\/01\/logo-abracorp.png\",\"contentUrl\":\"https:\/\/blog.panrotas.com.br\/espacoabracorp\/wp-content\/uploads\/sites\/16\/2019\/01\/logo-abracorp.png\",\"width\":600,\"height\":300},{\"@type\":\"WebPage\",\"@id\":\"https:\/\/blog.panrotas.com.br\/espacoabracorp\/2020\/04\/06\/valor-agregado-alem-da-mobilidade\/#webpage\",\"url\":\"https:\/\/blog.panrotas.com.br\/espacoabracorp\/2020\/04\/06\/valor-agregado-alem-da-mobilidade\/\",\"name\":\"Valor agregado al\\u00e9m da mobilidade - Espa\\u00e7o Abracorp\",\"isPartOf\":{\"@id\":\"https:\/\/blog.panrotas.com.br\/espacoabracorp\/#website\"},\"primaryImageOfPage\":{\"@id\":\"https:\/\/blog.panrotas.com.br\/espacoabracorp\/2020\/04\/06\/valor-agregado-alem-da-mobilidade\/#primaryimage\"},\"datePublished\":\"2020-04-06T12:21:44+00:00\",\"dateModified\":\"2020-04-06T12:42:49+00:00\",\"author\":{\"@id\":\"https:\/\/blog.panrotas.com.br\/espacoabracorp\/#\/schema\/person\/c61095cb4ad58385b600360e86edcc70\"},\"breadcrumb\":{\"@id\":\"https:\/\/blog.panrotas.com.br\/espacoabracorp\/2020\/04\/06\/valor-agregado-alem-da-mobilidade\/#breadcrumb\"},\"inLanguage\":\"pt-BR\",\"potentialAction\":[{\"@type\":\"ReadAction\",\"target\":[\"https:\/\/blog.panrotas.com.br\/espacoabracorp\/2020\/04\/06\/valor-agregado-alem-da-mobilidade\/\"]}]},{\"@type\":\"BreadcrumbList\",\"@id\":\"https:\/\/blog.panrotas.com.br\/espacoabracorp\/2020\/04\/06\/valor-agregado-alem-da-mobilidade\/#breadcrumb\",\"itemListElement\":[{\"@type\":\"ListItem\",\"position\":1,\"name\":\"In\\u00edcio\",\"item\":\"https:\/\/blog.panrotas.com.br\/espacoabracorp\/\"},{\"@type\":\"ListItem\",\"position\":2,\"name\":\"Valor agregado al\\u00e9m da mobilidade\"}]},{\"@type\":\"Person\",\"@id\":\"https:\/\/blog.panrotas.com.br\/espacoabracorp\/#\/schema\/person\/c61095cb4ad58385b600360e86edcc70\",\"name\":\"Abracorp\",\"image\":{\"@type\":\"ImageObject\",\"@id\":\"https:\/\/blog.panrotas.com.br\/espacoabracorp\/#personlogo\",\"inLanguage\":\"pt-BR\",\"url\":\"https:\/\/secure.gravatar.com\/avatar\/7b0b250396075df2cb7378540ccff9ce?s=96&d=mm&r=g\",\"contentUrl\":\"https:\/\/secure.gravatar.com\/avatar\/7b0b250396075df2cb7378540ccff9ce?s=96&d=mm&r=g\",\"caption\":\"Abracorp\"},\"url\":\"https:\/\/blog.panrotas.com.br\/espacoabracorp\/author\/luiz\/\"}]}<\/script>\n<!-- \/ Yoast SEO plugin. -->","yoast_head_json":{"title":"Valor agregado al\u00e9m da mobilidade - Espa\u00e7o Abracorp","robots":{"index":"index","follow":"follow","max-snippet":"max-snippet:-1","max-image-preview":"max-image-preview:large","max-video-preview":"max-video-preview:-1"},"canonical":"https:\/\/blog.panrotas.com.br\/espacoabracorp\/2020\/04\/06\/valor-agregado-alem-da-mobilidade\/","og_locale":"pt_BR","og_type":"article","og_title":"Valor agregado al\u00e9m da mobilidade - Espa\u00e7o Abracorp","og_description":"Presen\u00e7a digital ativa, atendimento on-line competente, excel\u00eancia de qualidade nos servi\u00e7os prestados, gest\u00e3o eficiente e eficaz do home office, libera\u00e7\u00e3o de f\u00e9rias, redu\u00e7\u00e3o dos custos que n\u00e3o agregam valor aos clientes e negocia\u00e7\u00e3o com fornecedores s\u00e3o medidas recomendadas a todas as empresas durante o per\u00edodo da quarentena. Estudar as medidas emergenciais anunciadas pelo Governo Federal,&hellip; Continue reading &rarr;","og_url":"https:\/\/blog.panrotas.com.br\/espacoabracorp\/2020\/04\/06\/valor-agregado-alem-da-mobilidade\/","og_site_name":"Espa\u00e7o Abracorp","article_published_time":"2020-04-06T12:21:44+00:00","article_modified_time":"2020-04-06T12:42:49+00:00","og_image":[{"width":600,"height":300,"url":"https:\/\/blog.panrotas.com.br\/espacoabracorp\/wp-content\/uploads\/sites\/16\/2019\/01\/logo-abracorp.png","type":"image\/png"}],"twitter_card":"summary_large_image","twitter_misc":{"Escrito por":"Abracorp","Est. tempo de leitura":"3 minutos"},"schema":{"@context":"https:\/\/schema.org","@graph":[{"@type":"WebSite","@id":"https:\/\/blog.panrotas.com.br\/espacoabracorp\/#website","url":"https:\/\/blog.panrotas.com.br\/espacoabracorp\/","name":"Espa\u00e7o Abracorp","description":"Blogosfera PANROTAS","potentialAction":[{"@type":"SearchAction","target":{"@type":"EntryPoint","urlTemplate":"https:\/\/blog.panrotas.com.br\/espacoabracorp\/?s={search_term_string}"},"query-input":"required name=search_term_string"}],"inLanguage":"pt-BR"},{"@type":"ImageObject","@id":"https:\/\/blog.panrotas.com.br\/espacoabracorp\/2020\/04\/06\/valor-agregado-alem-da-mobilidade\/#primaryimage","inLanguage":"pt-BR","url":"https:\/\/blog.panrotas.com.br\/espacoabracorp\/wp-content\/uploads\/sites\/16\/2019\/01\/logo-abracorp.png","contentUrl":"https:\/\/blog.panrotas.com.br\/espacoabracorp\/wp-content\/uploads\/sites\/16\/2019\/01\/logo-abracorp.png","width":600,"height":300},{"@type":"WebPage","@id":"https:\/\/blog.panrotas.com.br\/espacoabracorp\/2020\/04\/06\/valor-agregado-alem-da-mobilidade\/#webpage","url":"https:\/\/blog.panrotas.com.br\/espacoabracorp\/2020\/04\/06\/valor-agregado-alem-da-mobilidade\/","name":"Valor agregado al\u00e9m da mobilidade - Espa\u00e7o Abracorp","isPartOf":{"@id":"https:\/\/blog.panrotas.com.br\/espacoabracorp\/#website"},"primaryImageOfPage":{"@id":"https:\/\/blog.panrotas.com.br\/espacoabracorp\/2020\/04\/06\/valor-agregado-alem-da-mobilidade\/#primaryimage"},"datePublished":"2020-04-06T12:21:44+00:00","dateModified":"2020-04-06T12:42:49+00:00","author":{"@id":"https:\/\/blog.panrotas.com.br\/espacoabracorp\/#\/schema\/person\/c61095cb4ad58385b600360e86edcc70"},"breadcrumb":{"@id":"https:\/\/blog.panrotas.com.br\/espacoabracorp\/2020\/04\/06\/valor-agregado-alem-da-mobilidade\/#breadcrumb"},"inLanguage":"pt-BR","potentialAction":[{"@type":"ReadAction","target":["https:\/\/blog.panrotas.com.br\/espacoabracorp\/2020\/04\/06\/valor-agregado-alem-da-mobilidade\/"]}]},{"@type":"BreadcrumbList","@id":"https:\/\/blog.panrotas.com.br\/espacoabracorp\/2020\/04\/06\/valor-agregado-alem-da-mobilidade\/#breadcrumb","itemListElement":[{"@type":"ListItem","position":1,"name":"In\u00edcio","item":"https:\/\/blog.panrotas.com.br\/espacoabracorp\/"},{"@type":"ListItem","position":2,"name":"Valor agregado al\u00e9m da mobilidade"}]},{"@type":"Person","@id":"https:\/\/blog.panrotas.com.br\/espacoabracorp\/#\/schema\/person\/c61095cb4ad58385b600360e86edcc70","name":"Abracorp","image":{"@type":"ImageObject","@id":"https:\/\/blog.panrotas.com.br\/espacoabracorp\/#personlogo","inLanguage":"pt-BR","url":"https:\/\/secure.gravatar.com\/avatar\/7b0b250396075df2cb7378540ccff9ce?s=96&d=mm&r=g","contentUrl":"https:\/\/secure.gravatar.com\/avatar\/7b0b250396075df2cb7378540ccff9ce?s=96&d=mm&r=g","caption":"Abracorp"},"url":"https:\/\/blog.panrotas.com.br\/espacoabracorp\/author\/luiz\/"}]}},"jetpack_featured_media_url":"https:\/\/blog.panrotas.com.br\/espacoabracorp\/wp-content\/uploads\/sites\/16\/2019\/01\/logo-abracorp.png","_links":{"self":[{"href":"https:\/\/blog.panrotas.com.br\/espacoabracorp\/wp-json\/wp\/v2\/posts\/1377"}],"collection":[{"href":"https:\/\/blog.panrotas.com.br\/espacoabracorp\/wp-json\/wp\/v2\/posts"}],"about":[{"href":"https:\/\/blog.panrotas.com.br\/espacoabracorp\/wp-json\/wp\/v2\/types\/post"}],"author":[{"embeddable":true,"href":"https:\/\/blog.panrotas.com.br\/espacoabracorp\/wp-json\/wp\/v2\/users\/27"}],"replies":[{"embeddable":true,"href":"https:\/\/blog.panrotas.com.br\/espacoabracorp\/wp-json\/wp\/v2\/comments?post=1377"}],"version-history":[{"count":1,"href":"https:\/\/blog.panrotas.com.br\/espacoabracorp\/wp-json\/wp\/v2\/posts\/1377\/revisions"}],"predecessor-version":[{"id":1378,"href":"https:\/\/blog.panrotas.com.br\/espacoabracorp\/wp-json\/wp\/v2\/posts\/1377\/revisions\/1378"}],"wp:featuredmedia":[{"embeddable":true,"href":"https:\/\/blog.panrotas.com.br\/espacoabracorp\/wp-json\/wp\/v2\/media\/1329"}],"wp:attachment":[{"href":"https:\/\/blog.panrotas.com.br\/espacoabracorp\/wp-json\/wp\/v2\/media?parent=1377"}],"wp:term":[{"taxonomy":"category","embeddable":true,"href":"https:\/\/blog.panrotas.com.br\/espacoabracorp\/wp-json\/wp\/v2\/categories?post=1377"},{"taxonomy":"post_tag","embeddable":true,"href":"https:\/\/blog.panrotas.com.br\/espacoabracorp\/wp-json\/wp\/v2\/tags?post=1377"}],"curies":[{"name":"wp","href":"https:\/\/api.w.org\/{rel}","templated":true}]}}