{"id":1394,"date":"2020-11-25T15:00:16","date_gmt":"2020-11-25T17:00:16","guid":{"rendered":"http:\/\/blog.panrotas.com.br\/espacoabracorp\/?p=1394"},"modified":"2020-11-25T16:28:00","modified_gmt":"2020-11-25T18:28:00","slug":"rentena-ainda-nao-acabou","status":"publish","type":"post","link":"https:\/\/blog.panrotas.com.br\/espacoabracorp\/2020\/11\/25\/rentena-ainda-nao-acabou\/","title":{"rendered":"quarentena ainda n\u00e3o acabou"},"content":{"rendered":"\n<figure class=\"wp-block-image size-large is-resized\"><img loading=\"lazy\" src=\"http:\/\/blog.panrotas.com.br\/espacoabracorp\/wp-content\/uploads\/sites\/16\/2020\/11\/capa-guia-do-viajante-responsavel-724x1024.jpg\" alt=\"\" class=\"wp-image-1395\" width=\"580\" height=\"820\" srcset=\"https:\/\/blog.panrotas.com.br\/espacoabracorp\/wp-content\/uploads\/sites\/16\/2020\/11\/capa-guia-do-viajante-responsavel-724x1024.jpg 724w, https:\/\/blog.panrotas.com.br\/espacoabracorp\/wp-content\/uploads\/sites\/16\/2020\/11\/capa-guia-do-viajante-responsavel-212x300.jpg 212w, https:\/\/blog.panrotas.com.br\/espacoabracorp\/wp-content\/uploads\/sites\/16\/2020\/11\/capa-guia-do-viajante-responsavel-768x1086.jpg 768w, https:\/\/blog.panrotas.com.br\/espacoabracorp\/wp-content\/uploads\/sites\/16\/2020\/11\/capa-guia-do-viajante-responsavel-1086x1536.jpg 1086w, https:\/\/blog.panrotas.com.br\/espacoabracorp\/wp-content\/uploads\/sites\/16\/2020\/11\/capa-guia-do-viajante-responsavel-740x1047.jpg 740w, https:\/\/blog.panrotas.com.br\/espacoabracorp\/wp-content\/uploads\/sites\/16\/2020\/11\/capa-guia-do-viajante-responsavel.jpg 1414w\" sizes=\"(max-width: 580px) 100vw, 580px\" \/><figcaption>Capa do Guia do Viajante Respons\u00e1vel, lan\u00e7ado pelo Movimento Supera Turismo Brasil<\/figcaption><\/figure>\n\n\n\n<p><em>Carlos Prado*<\/em><\/p>\n\n\n\n<p>Todos constatamos, no dia a dia, um afrouxamento preocupante\nde parcela expressiva da sociedade, no que diz respeito aos cuidados b\u00e1sicos\npara se proteger da Covid-19. N\u00e3o bastasse isso, os notici\u00e1rios de TV mostram,\nao vivo e a cores, verdadeiras multid\u00f5es em clubes, bares, restaurantes e\npraias sem o uso de m\u00e1scaras, sem o distanciamento m\u00ednimo e sem a menor no\u00e7\u00e3o\ndo perigo. <\/p>\n\n\n\n<p>Mesmo com a nova escalada do n\u00famero de infectados e de\nmortos, publicados diariamente, nota-se uma displic\u00eancia incompreens\u00edvel. Ganhamos\nalgumas batalhas no duro enfrentamento desse mal que aflige o mundo, mas a\nguerra ainda n\u00e3o foi vencida.<\/p>\n\n\n\n<p>Infelizmente, a pandemia e a necessidade de quarentena\npersistem. N\u00e3o faz sentido abolir as recomenda\u00e7\u00f5es das autoridades sanit\u00e1rias e\nsupor que o problema acabou. Ou, se n\u00e3o acabou, que j\u00e1 n\u00e3o amea\u00e7a drasticamente\na sa\u00fade das pessoas. <\/p>\n\n\n\n<p>Todos sabemos que as restri\u00e7\u00f5es s\u00e3o desagrad\u00e1veis, penosas e\ncansativas. Mas n\u00e3o h\u00e1 outro caminho. Afinal, embora haja vacinas em fase final\nde desenvolvimento e de testes, o fato \u00e9 que, na pr\u00e1tica, essa terapia ainda\nn\u00e3o existe.<\/p>\n\n\n\n<p>Enquanto empres\u00e1rio, dirigente setorial e cidad\u00e3o, conclamo\nmeus pares, lideran\u00e7as da ampla cadeia do turismo e colaboradores, em geral,\nque&nbsp; se mantenham vigilantes. Isso,\nnaturalmente, com o olhar positivo e a certeza do \u00eaxito na travessia e no\nprosseguimento da caminhada. \u00c9 preciso preservar a vida \u2013 o maior ativo de que\ntodos n\u00f3s dispomos.<\/p>\n\n\n\n<p>Temos reiterado, especialmente no Movimento Supera Turismo\nBrasil, que todas as recomenda\u00e7\u00f5es expressas nos protocolos biossanit\u00e1rios\ndevem ser seguidas \u00e0 risca. <\/p>\n\n\n\n<p>Ou seja: usar m\u00e1scaras, higienizar as m\u00e3os, manter\ndistanciamento e fugir, literalmente, de aglomera\u00e7\u00f5es. A vit\u00f3ria contra o\ninimigo comum s\u00f3 depende de cada de n\u00f3s. Precisamos nos manter saud\u00e1veis e\nvivos, para tocar a vida no \u00e2mbito das nossas fam\u00edlias e das nossas empresas.\nTenhamos, pois, menos ansiedade, mais resili\u00eancia, confian\u00e7a na ci\u00eancia e\nresponsabilidade.<\/p>\n","protected":false},"excerpt":{"rendered":"<p>Carlos Prado* Todos constatamos, no dia a dia, um afrouxamento preocupante de parcela expressiva da sociedade, no que diz respeito aos cuidados b\u00e1sicos para se proteger da Covid-19. N\u00e3o bastasse isso, os notici\u00e1rios de TV mostram, ao vivo e a cores, verdadeiras multid\u00f5es em clubes, bares, restaurantes e praias sem o uso de m\u00e1scaras, sem&hellip; <a class=\"more-link\" href=\"https:\/\/blog.panrotas.com.br\/espacoabracorp\/2020\/11\/25\/rentena-ainda-nao-acabou\/\">Continue reading &rarr;<\/a><\/p>\n","protected":false},"author":27,"featured_media":0,"comment_status":"open","ping_status":"open","sticky":false,"template":"","format":"standard","meta":{"spay_email":""},"categories":[2,21,3,4,5,6,1,8,9],"tags":[],"yoast_head":"<!-- This site is optimized with the Yoast SEO plugin v17.3 - https:\/\/yoast.com\/wordpress\/plugins\/seo\/ -->\n<title>quarentena ainda n\u00e3o acabou - Espa\u00e7o Abracorp<\/title>\n<meta name=\"robots\" content=\"index, follow, max-snippet:-1, max-image-preview:large, max-video-preview:-1\" \/>\n<link rel=\"canonical\" href=\"http:\/\/blog.panrotas.com.br\/espacoabracorp\/2020\/11\/25\/rentena-ainda-nao-acabou\/\" \/>\n<meta property=\"og:locale\" content=\"pt_BR\" \/>\n<meta property=\"og:type\" content=\"article\" \/>\n<meta property=\"og:title\" content=\"quarentena ainda n\u00e3o acabou - Espa\u00e7o Abracorp\" \/>\n<meta property=\"og:description\" content=\"Carlos Prado* Todos constatamos, no dia a dia, um afrouxamento preocupante de parcela expressiva da sociedade, no que diz respeito aos cuidados b\u00e1sicos para se proteger da Covid-19. N\u00e3o bastasse isso, os notici\u00e1rios de TV mostram, ao vivo e a cores, verdadeiras multid\u00f5es em clubes, bares, restaurantes e praias sem o uso de m\u00e1scaras, sem&hellip; Continue reading &rarr;\" \/>\n<meta property=\"og:url\" content=\"http:\/\/blog.panrotas.com.br\/espacoabracorp\/2020\/11\/25\/rentena-ainda-nao-acabou\/\" \/>\n<meta property=\"og:site_name\" content=\"Espa\u00e7o Abracorp\" \/>\n<meta property=\"article:published_time\" content=\"2020-11-25T17:00:16+00:00\" \/>\n<meta property=\"article:modified_time\" content=\"2020-11-25T18:28:00+00:00\" \/>\n<meta property=\"og:image\" content=\"http:\/\/blog.panrotas.com.br\/espacoabracorp\/wp-content\/uploads\/sites\/16\/2020\/11\/capa-guia-do-viajante-responsavel-724x1024.jpg\" \/>\n<meta name=\"twitter:card\" content=\"summary_large_image\" \/>\n<meta name=\"twitter:label1\" content=\"Escrito por\" \/>\n\t<meta name=\"twitter:data1\" content=\"Abracorp\" \/>\n\t<meta name=\"twitter:label2\" content=\"Est. tempo de leitura\" \/>\n\t<meta name=\"twitter:data2\" content=\"2 minutos\" \/>\n<script type=\"application\/ld+json\" class=\"yoast-schema-graph\">{\"@context\":\"https:\/\/schema.org\",\"@graph\":[{\"@type\":\"WebSite\",\"@id\":\"https:\/\/blog.panrotas.com.br\/espacoabracorp\/#website\",\"url\":\"https:\/\/blog.panrotas.com.br\/espacoabracorp\/\",\"name\":\"Espa\\u00e7o Abracorp\",\"description\":\"Blogosfera PANROTAS\",\"potentialAction\":[{\"@type\":\"SearchAction\",\"target\":{\"@type\":\"EntryPoint\",\"urlTemplate\":\"https:\/\/blog.panrotas.com.br\/espacoabracorp\/?s={search_term_string}\"},\"query-input\":\"required name=search_term_string\"}],\"inLanguage\":\"pt-BR\"},{\"@type\":\"ImageObject\",\"@id\":\"http:\/\/blog.panrotas.com.br\/espacoabracorp\/2020\/11\/25\/rentena-ainda-nao-acabou\/#primaryimage\",\"inLanguage\":\"pt-BR\",\"url\":\"http:\/\/blog.panrotas.com.br\/espacoabracorp\/wp-content\/uploads\/sites\/16\/2020\/11\/capa-guia-do-viajante-responsavel-724x1024.jpg\",\"contentUrl\":\"http:\/\/blog.panrotas.com.br\/espacoabracorp\/wp-content\/uploads\/sites\/16\/2020\/11\/capa-guia-do-viajante-responsavel-724x1024.jpg\"},{\"@type\":\"WebPage\",\"@id\":\"http:\/\/blog.panrotas.com.br\/espacoabracorp\/2020\/11\/25\/rentena-ainda-nao-acabou\/#webpage\",\"url\":\"http:\/\/blog.panrotas.com.br\/espacoabracorp\/2020\/11\/25\/rentena-ainda-nao-acabou\/\",\"name\":\"quarentena ainda n\\u00e3o acabou - Espa\\u00e7o Abracorp\",\"isPartOf\":{\"@id\":\"https:\/\/blog.panrotas.com.br\/espacoabracorp\/#website\"},\"primaryImageOfPage\":{\"@id\":\"http:\/\/blog.panrotas.com.br\/espacoabracorp\/2020\/11\/25\/rentena-ainda-nao-acabou\/#primaryimage\"},\"datePublished\":\"2020-11-25T17:00:16+00:00\",\"dateModified\":\"2020-11-25T18:28:00+00:00\",\"author\":{\"@id\":\"https:\/\/blog.panrotas.com.br\/espacoabracorp\/#\/schema\/person\/c61095cb4ad58385b600360e86edcc70\"},\"breadcrumb\":{\"@id\":\"http:\/\/blog.panrotas.com.br\/espacoabracorp\/2020\/11\/25\/rentena-ainda-nao-acabou\/#breadcrumb\"},\"inLanguage\":\"pt-BR\",\"potentialAction\":[{\"@type\":\"ReadAction\",\"target\":[\"http:\/\/blog.panrotas.com.br\/espacoabracorp\/2020\/11\/25\/rentena-ainda-nao-acabou\/\"]}]},{\"@type\":\"BreadcrumbList\",\"@id\":\"http:\/\/blog.panrotas.com.br\/espacoabracorp\/2020\/11\/25\/rentena-ainda-nao-acabou\/#breadcrumb\",\"itemListElement\":[{\"@type\":\"ListItem\",\"position\":1,\"name\":\"In\\u00edcio\",\"item\":\"https:\/\/blog.panrotas.com.br\/espacoabracorp\/\"},{\"@type\":\"ListItem\",\"position\":2,\"name\":\"quarentena ainda n\\u00e3o acabou\"}]},{\"@type\":\"Person\",\"@id\":\"https:\/\/blog.panrotas.com.br\/espacoabracorp\/#\/schema\/person\/c61095cb4ad58385b600360e86edcc70\",\"name\":\"Abracorp\",\"image\":{\"@type\":\"ImageObject\",\"@id\":\"https:\/\/blog.panrotas.com.br\/espacoabracorp\/#personlogo\",\"inLanguage\":\"pt-BR\",\"url\":\"https:\/\/secure.gravatar.com\/avatar\/7b0b250396075df2cb7378540ccff9ce?s=96&d=mm&r=g\",\"contentUrl\":\"https:\/\/secure.gravatar.com\/avatar\/7b0b250396075df2cb7378540ccff9ce?s=96&d=mm&r=g\",\"caption\":\"Abracorp\"},\"url\":\"https:\/\/blog.panrotas.com.br\/espacoabracorp\/author\/luiz\/\"}]}<\/script>\n<!-- \/ Yoast SEO plugin. -->","yoast_head_json":{"title":"quarentena ainda n\u00e3o acabou - Espa\u00e7o Abracorp","robots":{"index":"index","follow":"follow","max-snippet":"max-snippet:-1","max-image-preview":"max-image-preview:large","max-video-preview":"max-video-preview:-1"},"canonical":"http:\/\/blog.panrotas.com.br\/espacoabracorp\/2020\/11\/25\/rentena-ainda-nao-acabou\/","og_locale":"pt_BR","og_type":"article","og_title":"quarentena ainda n\u00e3o acabou - Espa\u00e7o Abracorp","og_description":"Carlos Prado* Todos constatamos, no dia a dia, um afrouxamento preocupante de parcela expressiva da sociedade, no que diz respeito aos cuidados b\u00e1sicos para se proteger da Covid-19. N\u00e3o bastasse isso, os notici\u00e1rios de TV mostram, ao vivo e a cores, verdadeiras multid\u00f5es em clubes, bares, restaurantes e praias sem o uso de m\u00e1scaras, sem&hellip; Continue reading &rarr;","og_url":"http:\/\/blog.panrotas.com.br\/espacoabracorp\/2020\/11\/25\/rentena-ainda-nao-acabou\/","og_site_name":"Espa\u00e7o Abracorp","article_published_time":"2020-11-25T17:00:16+00:00","article_modified_time":"2020-11-25T18:28:00+00:00","og_image":[{"url":"http:\/\/blog.panrotas.com.br\/espacoabracorp\/wp-content\/uploads\/sites\/16\/2020\/11\/capa-guia-do-viajante-responsavel-724x1024.jpg"}],"twitter_card":"summary_large_image","twitter_misc":{"Escrito por":"Abracorp","Est. tempo de leitura":"2 minutos"},"schema":{"@context":"https:\/\/schema.org","@graph":[{"@type":"WebSite","@id":"https:\/\/blog.panrotas.com.br\/espacoabracorp\/#website","url":"https:\/\/blog.panrotas.com.br\/espacoabracorp\/","name":"Espa\u00e7o Abracorp","description":"Blogosfera PANROTAS","potentialAction":[{"@type":"SearchAction","target":{"@type":"EntryPoint","urlTemplate":"https:\/\/blog.panrotas.com.br\/espacoabracorp\/?s={search_term_string}"},"query-input":"required name=search_term_string"}],"inLanguage":"pt-BR"},{"@type":"ImageObject","@id":"http:\/\/blog.panrotas.com.br\/espacoabracorp\/2020\/11\/25\/rentena-ainda-nao-acabou\/#primaryimage","inLanguage":"pt-BR","url":"http:\/\/blog.panrotas.com.br\/espacoabracorp\/wp-content\/uploads\/sites\/16\/2020\/11\/capa-guia-do-viajante-responsavel-724x1024.jpg","contentUrl":"http:\/\/blog.panrotas.com.br\/espacoabracorp\/wp-content\/uploads\/sites\/16\/2020\/11\/capa-guia-do-viajante-responsavel-724x1024.jpg"},{"@type":"WebPage","@id":"http:\/\/blog.panrotas.com.br\/espacoabracorp\/2020\/11\/25\/rentena-ainda-nao-acabou\/#webpage","url":"http:\/\/blog.panrotas.com.br\/espacoabracorp\/2020\/11\/25\/rentena-ainda-nao-acabou\/","name":"quarentena ainda n\u00e3o acabou - Espa\u00e7o Abracorp","isPartOf":{"@id":"https:\/\/blog.panrotas.com.br\/espacoabracorp\/#website"},"primaryImageOfPage":{"@id":"http:\/\/blog.panrotas.com.br\/espacoabracorp\/2020\/11\/25\/rentena-ainda-nao-acabou\/#primaryimage"},"datePublished":"2020-11-25T17:00:16+00:00","dateModified":"2020-11-25T18:28:00+00:00","author":{"@id":"https:\/\/blog.panrotas.com.br\/espacoabracorp\/#\/schema\/person\/c61095cb4ad58385b600360e86edcc70"},"breadcrumb":{"@id":"http:\/\/blog.panrotas.com.br\/espacoabracorp\/2020\/11\/25\/rentena-ainda-nao-acabou\/#breadcrumb"},"inLanguage":"pt-BR","potentialAction":[{"@type":"ReadAction","target":["http:\/\/blog.panrotas.com.br\/espacoabracorp\/2020\/11\/25\/rentena-ainda-nao-acabou\/"]}]},{"@type":"BreadcrumbList","@id":"http:\/\/blog.panrotas.com.br\/espacoabracorp\/2020\/11\/25\/rentena-ainda-nao-acabou\/#breadcrumb","itemListElement":[{"@type":"ListItem","position":1,"name":"In\u00edcio","item":"https:\/\/blog.panrotas.com.br\/espacoabracorp\/"},{"@type":"ListItem","position":2,"name":"quarentena ainda n\u00e3o acabou"}]},{"@type":"Person","@id":"https:\/\/blog.panrotas.com.br\/espacoabracorp\/#\/schema\/person\/c61095cb4ad58385b600360e86edcc70","name":"Abracorp","image":{"@type":"ImageObject","@id":"https:\/\/blog.panrotas.com.br\/espacoabracorp\/#personlogo","inLanguage":"pt-BR","url":"https:\/\/secure.gravatar.com\/avatar\/7b0b250396075df2cb7378540ccff9ce?s=96&d=mm&r=g","contentUrl":"https:\/\/secure.gravatar.com\/avatar\/7b0b250396075df2cb7378540ccff9ce?s=96&d=mm&r=g","caption":"Abracorp"},"url":"https:\/\/blog.panrotas.com.br\/espacoabracorp\/author\/luiz\/"}]}},"jetpack_featured_media_url":"","_links":{"self":[{"href":"https:\/\/blog.panrotas.com.br\/espacoabracorp\/wp-json\/wp\/v2\/posts\/1394"}],"collection":[{"href":"https:\/\/blog.panrotas.com.br\/espacoabracorp\/wp-json\/wp\/v2\/posts"}],"about":[{"href":"https:\/\/blog.panrotas.com.br\/espacoabracorp\/wp-json\/wp\/v2\/types\/post"}],"author":[{"embeddable":true,"href":"https:\/\/blog.panrotas.com.br\/espacoabracorp\/wp-json\/wp\/v2\/users\/27"}],"replies":[{"embeddable":true,"href":"https:\/\/blog.panrotas.com.br\/espacoabracorp\/wp-json\/wp\/v2\/comments?post=1394"}],"version-history":[{"count":2,"href":"https:\/\/blog.panrotas.com.br\/espacoabracorp\/wp-json\/wp\/v2\/posts\/1394\/revisions"}],"predecessor-version":[{"id":1397,"href":"https:\/\/blog.panrotas.com.br\/espacoabracorp\/wp-json\/wp\/v2\/posts\/1394\/revisions\/1397"}],"wp:attachment":[{"href":"https:\/\/blog.panrotas.com.br\/espacoabracorp\/wp-json\/wp\/v2\/media?parent=1394"}],"wp:term":[{"taxonomy":"category","embeddable":true,"href":"https:\/\/blog.panrotas.com.br\/espacoabracorp\/wp-json\/wp\/v2\/categories?post=1394"},{"taxonomy":"post_tag","embeddable":true,"href":"https:\/\/blog.panrotas.com.br\/espacoabracorp\/wp-json\/wp\/v2\/tags?post=1394"}],"curies":[{"name":"wp","href":"https:\/\/api.w.org\/{rel}","templated":true}]}}