{"id":1398,"date":"2021-01-05T18:59:43","date_gmt":"2021-01-05T20:59:43","guid":{"rendered":"http:\/\/blog.panrotas.com.br\/espacoabracorp\/?p=1398"},"modified":"2021-01-05T21:11:04","modified_gmt":"2021-01-05T23:11:04","slug":"aquecer-os-motores-das-viagens-corporativas","status":"publish","type":"post","link":"https:\/\/blog.panrotas.com.br\/espacoabracorp\/2021\/01\/05\/aquecer-os-motores-das-viagens-corporativas\/","title":{"rendered":"Aquecer os motores das viagens corporativas"},"content":{"rendered":"\n<p> Quando a pandemia se instalou, n\u00e3o teve jeito: o Brasil, a exemplo do mundo todo, recolheu-se. A palavra de ordem \u2018fique em casa\u2019 transformou-se em mantra, porque nada se conhecia a respeito da Covid-19. Ideias desencontradas, muitas delas disseminadas sem o menor cuidado e crit\u00e9rio, se encarregaram de piorar o j\u00e1 ruim. O medo do desconhecido nunca se fez t\u00e3o presente, sem, contudo, aniquilar o fio de esperan\u00e7a de todos n\u00f3s.<\/p>\n\n\n\n<p>Passaram-se os meses e, pouco a pouco, pipocaram pelo mundo ensaios e perspectivas concretas de vacina contra esse mal sem precedentes. Hoje, juntamente com as medidas profil\u00e1ticas que vieram para ficar, as vacinas desenvolvidas por meio de diferentes abordagens cient\u00edficas j\u00e1 s\u00e3o uma realidade. O fato \u00e9 que a vacina\u00e7\u00e3o j\u00e1 tem agenda. E com ela, a famosa luz no fim do t\u00fanel d\u00e1 o ar da gra\u00e7a. Nesse contexto, \u00e9 fundamental que haja uma uni\u00e3o efetiva entre iniciativa privada e poder p\u00fablico, para garantir o andamento c\u00e9lere e adequado da vacina\u00e7\u00e3o<\/p>\n\n\n\n<p>Ao\ntrazermos a reflex\u00e3o para o nosso ramo de neg\u00f3cios \u2013 turismo e\neventos corporativos, cabe conclamar a todas as lideran\u00e7as e players\ndo trade, para que se unam contra a in\u00e9rcia. Reiterar, de forma\nun\u00edssona, que a ind\u00fastria de viagens corporativas movimenta mais de\n60% das atividades da avia\u00e7\u00e3o civil e da hotelaria. De forma\nindireta, o peso econ\u00f4mico das viagens corporativas, numa equa\u00e7\u00e3o\nrealista, viabiliza o funcionamento do turismo a lazer nas bases que\na humanidade conhece.<\/p>\n\n\n\n<p>A\nhumanidade viaja a neg\u00f3cios desde a mais long\u00ednqua antiguidade e\nessa mobilidade audaciosa \u00e9 tra\u00e7o indissoci\u00e1vel da civiliza\u00e7\u00e3o.\nReduzir o fluxo de viajantes em nome da sa\u00fade e da vida \u00e9\nindiscut\u00edvel e louv\u00e1vel. Mas replanejar a retomada gradativa e\ncrescente das viagens e eventos, j\u00e1 na antessala da imuniza\u00e7\u00e3o, \u00e9\nindispens\u00e1vel. Os clientes corporativos, nossos parceiros not\u00e1veis\ngeradores de emprego e renda, j\u00e1 devem refazer o desenho do futuro\npr\u00f3ximo, no tocante \u00e0 movimenta\u00e7\u00e3o de seus executivos e\ncolaboradores.<\/p>\n\n\n\n<p>Vacina\nsalva vidas. Vacina h\u00e1 de salvar, tamb\u00e9m, o turismo!<\/p>\n","protected":false},"excerpt":{"rendered":"<p>Quando a pandemia se instalou, n\u00e3o teve jeito: o Brasil, a exemplo do mundo todo, recolheu-se. A palavra de ordem \u2018fique em casa\u2019 transformou-se em mantra, porque nada se conhecia a respeito da Covid-19. Ideias desencontradas, muitas delas disseminadas sem o menor cuidado e crit\u00e9rio, se encarregaram de piorar o j\u00e1 ruim. O medo do&hellip; <a class=\"more-link\" href=\"https:\/\/blog.panrotas.com.br\/espacoabracorp\/2021\/01\/05\/aquecer-os-motores-das-viagens-corporativas\/\">Continue reading &rarr;<\/a><\/p>\n","protected":false},"author":27,"featured_media":0,"comment_status":"open","ping_status":"open","sticky":false,"template":"","format":"standard","meta":{"spay_email":""},"categories":[1],"tags":[],"yoast_head":"<!-- This site is optimized with the Yoast SEO plugin v17.3 - https:\/\/yoast.com\/wordpress\/plugins\/seo\/ -->\n<title>Aquecer os motores das viagens corporativas - Espa\u00e7o Abracorp<\/title>\n<meta name=\"robots\" content=\"index, follow, max-snippet:-1, max-image-preview:large, max-video-preview:-1\" \/>\n<link rel=\"canonical\" href=\"http:\/\/blog.panrotas.com.br\/espacoabracorp\/2021\/01\/05\/aquecer-os-motores-das-viagens-corporativas\/\" \/>\n<meta property=\"og:locale\" content=\"pt_BR\" \/>\n<meta property=\"og:type\" content=\"article\" \/>\n<meta property=\"og:title\" content=\"Aquecer os motores das viagens corporativas - Espa\u00e7o Abracorp\" \/>\n<meta property=\"og:description\" content=\"Quando a pandemia se instalou, n\u00e3o teve jeito: o Brasil, a exemplo do mundo todo, recolheu-se. A palavra de ordem \u2018fique em casa\u2019 transformou-se em mantra, porque nada se conhecia a respeito da Covid-19. Ideias desencontradas, muitas delas disseminadas sem o menor cuidado e crit\u00e9rio, se encarregaram de piorar o j\u00e1 ruim. O medo do&hellip; Continue reading &rarr;\" \/>\n<meta property=\"og:url\" content=\"http:\/\/blog.panrotas.com.br\/espacoabracorp\/2021\/01\/05\/aquecer-os-motores-das-viagens-corporativas\/\" \/>\n<meta property=\"og:site_name\" content=\"Espa\u00e7o Abracorp\" \/>\n<meta property=\"article:published_time\" content=\"2021-01-05T20:59:43+00:00\" \/>\n<meta property=\"article:modified_time\" content=\"2021-01-05T23:11:04+00:00\" \/>\n<meta name=\"twitter:card\" content=\"summary_large_image\" \/>\n<meta name=\"twitter:label1\" content=\"Escrito por\" \/>\n\t<meta name=\"twitter:data1\" content=\"Abracorp\" \/>\n\t<meta name=\"twitter:label2\" content=\"Est. tempo de leitura\" \/>\n\t<meta name=\"twitter:data2\" content=\"2 minutos\" \/>\n<script type=\"application\/ld+json\" class=\"yoast-schema-graph\">{\"@context\":\"https:\/\/schema.org\",\"@graph\":[{\"@type\":\"WebSite\",\"@id\":\"https:\/\/blog.panrotas.com.br\/espacoabracorp\/#website\",\"url\":\"https:\/\/blog.panrotas.com.br\/espacoabracorp\/\",\"name\":\"Espa\\u00e7o Abracorp\",\"description\":\"Blogosfera PANROTAS\",\"potentialAction\":[{\"@type\":\"SearchAction\",\"target\":{\"@type\":\"EntryPoint\",\"urlTemplate\":\"https:\/\/blog.panrotas.com.br\/espacoabracorp\/?s={search_term_string}\"},\"query-input\":\"required name=search_term_string\"}],\"inLanguage\":\"pt-BR\"},{\"@type\":\"WebPage\",\"@id\":\"http:\/\/blog.panrotas.com.br\/espacoabracorp\/2021\/01\/05\/aquecer-os-motores-das-viagens-corporativas\/#webpage\",\"url\":\"http:\/\/blog.panrotas.com.br\/espacoabracorp\/2021\/01\/05\/aquecer-os-motores-das-viagens-corporativas\/\",\"name\":\"Aquecer os motores das viagens corporativas - Espa\\u00e7o Abracorp\",\"isPartOf\":{\"@id\":\"https:\/\/blog.panrotas.com.br\/espacoabracorp\/#website\"},\"datePublished\":\"2021-01-05T20:59:43+00:00\",\"dateModified\":\"2021-01-05T23:11:04+00:00\",\"author\":{\"@id\":\"https:\/\/blog.panrotas.com.br\/espacoabracorp\/#\/schema\/person\/c61095cb4ad58385b600360e86edcc70\"},\"breadcrumb\":{\"@id\":\"http:\/\/blog.panrotas.com.br\/espacoabracorp\/2021\/01\/05\/aquecer-os-motores-das-viagens-corporativas\/#breadcrumb\"},\"inLanguage\":\"pt-BR\",\"potentialAction\":[{\"@type\":\"ReadAction\",\"target\":[\"http:\/\/blog.panrotas.com.br\/espacoabracorp\/2021\/01\/05\/aquecer-os-motores-das-viagens-corporativas\/\"]}]},{\"@type\":\"BreadcrumbList\",\"@id\":\"http:\/\/blog.panrotas.com.br\/espacoabracorp\/2021\/01\/05\/aquecer-os-motores-das-viagens-corporativas\/#breadcrumb\",\"itemListElement\":[{\"@type\":\"ListItem\",\"position\":1,\"name\":\"In\\u00edcio\",\"item\":\"https:\/\/blog.panrotas.com.br\/espacoabracorp\/\"},{\"@type\":\"ListItem\",\"position\":2,\"name\":\"Aquecer os motores das viagens corporativas\"}]},{\"@type\":\"Person\",\"@id\":\"https:\/\/blog.panrotas.com.br\/espacoabracorp\/#\/schema\/person\/c61095cb4ad58385b600360e86edcc70\",\"name\":\"Abracorp\",\"image\":{\"@type\":\"ImageObject\",\"@id\":\"https:\/\/blog.panrotas.com.br\/espacoabracorp\/#personlogo\",\"inLanguage\":\"pt-BR\",\"url\":\"https:\/\/secure.gravatar.com\/avatar\/7b0b250396075df2cb7378540ccff9ce?s=96&d=mm&r=g\",\"contentUrl\":\"https:\/\/secure.gravatar.com\/avatar\/7b0b250396075df2cb7378540ccff9ce?s=96&d=mm&r=g\",\"caption\":\"Abracorp\"},\"url\":\"https:\/\/blog.panrotas.com.br\/espacoabracorp\/author\/luiz\/\"}]}<\/script>\n<!-- \/ Yoast SEO plugin. -->","yoast_head_json":{"title":"Aquecer os motores das viagens corporativas - Espa\u00e7o Abracorp","robots":{"index":"index","follow":"follow","max-snippet":"max-snippet:-1","max-image-preview":"max-image-preview:large","max-video-preview":"max-video-preview:-1"},"canonical":"http:\/\/blog.panrotas.com.br\/espacoabracorp\/2021\/01\/05\/aquecer-os-motores-das-viagens-corporativas\/","og_locale":"pt_BR","og_type":"article","og_title":"Aquecer os motores das viagens corporativas - Espa\u00e7o Abracorp","og_description":"Quando a pandemia se instalou, n\u00e3o teve jeito: o Brasil, a exemplo do mundo todo, recolheu-se. A palavra de ordem \u2018fique em casa\u2019 transformou-se em mantra, porque nada se conhecia a respeito da Covid-19. Ideias desencontradas, muitas delas disseminadas sem o menor cuidado e crit\u00e9rio, se encarregaram de piorar o j\u00e1 ruim. O medo do&hellip; Continue reading &rarr;","og_url":"http:\/\/blog.panrotas.com.br\/espacoabracorp\/2021\/01\/05\/aquecer-os-motores-das-viagens-corporativas\/","og_site_name":"Espa\u00e7o Abracorp","article_published_time":"2021-01-05T20:59:43+00:00","article_modified_time":"2021-01-05T23:11:04+00:00","twitter_card":"summary_large_image","twitter_misc":{"Escrito por":"Abracorp","Est. tempo de leitura":"2 minutos"},"schema":{"@context":"https:\/\/schema.org","@graph":[{"@type":"WebSite","@id":"https:\/\/blog.panrotas.com.br\/espacoabracorp\/#website","url":"https:\/\/blog.panrotas.com.br\/espacoabracorp\/","name":"Espa\u00e7o Abracorp","description":"Blogosfera PANROTAS","potentialAction":[{"@type":"SearchAction","target":{"@type":"EntryPoint","urlTemplate":"https:\/\/blog.panrotas.com.br\/espacoabracorp\/?s={search_term_string}"},"query-input":"required name=search_term_string"}],"inLanguage":"pt-BR"},{"@type":"WebPage","@id":"http:\/\/blog.panrotas.com.br\/espacoabracorp\/2021\/01\/05\/aquecer-os-motores-das-viagens-corporativas\/#webpage","url":"http:\/\/blog.panrotas.com.br\/espacoabracorp\/2021\/01\/05\/aquecer-os-motores-das-viagens-corporativas\/","name":"Aquecer os motores das viagens corporativas - Espa\u00e7o Abracorp","isPartOf":{"@id":"https:\/\/blog.panrotas.com.br\/espacoabracorp\/#website"},"datePublished":"2021-01-05T20:59:43+00:00","dateModified":"2021-01-05T23:11:04+00:00","author":{"@id":"https:\/\/blog.panrotas.com.br\/espacoabracorp\/#\/schema\/person\/c61095cb4ad58385b600360e86edcc70"},"breadcrumb":{"@id":"http:\/\/blog.panrotas.com.br\/espacoabracorp\/2021\/01\/05\/aquecer-os-motores-das-viagens-corporativas\/#breadcrumb"},"inLanguage":"pt-BR","potentialAction":[{"@type":"ReadAction","target":["http:\/\/blog.panrotas.com.br\/espacoabracorp\/2021\/01\/05\/aquecer-os-motores-das-viagens-corporativas\/"]}]},{"@type":"BreadcrumbList","@id":"http:\/\/blog.panrotas.com.br\/espacoabracorp\/2021\/01\/05\/aquecer-os-motores-das-viagens-corporativas\/#breadcrumb","itemListElement":[{"@type":"ListItem","position":1,"name":"In\u00edcio","item":"https:\/\/blog.panrotas.com.br\/espacoabracorp\/"},{"@type":"ListItem","position":2,"name":"Aquecer os motores das viagens corporativas"}]},{"@type":"Person","@id":"https:\/\/blog.panrotas.com.br\/espacoabracorp\/#\/schema\/person\/c61095cb4ad58385b600360e86edcc70","name":"Abracorp","image":{"@type":"ImageObject","@id":"https:\/\/blog.panrotas.com.br\/espacoabracorp\/#personlogo","inLanguage":"pt-BR","url":"https:\/\/secure.gravatar.com\/avatar\/7b0b250396075df2cb7378540ccff9ce?s=96&d=mm&r=g","contentUrl":"https:\/\/secure.gravatar.com\/avatar\/7b0b250396075df2cb7378540ccff9ce?s=96&d=mm&r=g","caption":"Abracorp"},"url":"https:\/\/blog.panrotas.com.br\/espacoabracorp\/author\/luiz\/"}]}},"jetpack_featured_media_url":"","_links":{"self":[{"href":"https:\/\/blog.panrotas.com.br\/espacoabracorp\/wp-json\/wp\/v2\/posts\/1398"}],"collection":[{"href":"https:\/\/blog.panrotas.com.br\/espacoabracorp\/wp-json\/wp\/v2\/posts"}],"about":[{"href":"https:\/\/blog.panrotas.com.br\/espacoabracorp\/wp-json\/wp\/v2\/types\/post"}],"author":[{"embeddable":true,"href":"https:\/\/blog.panrotas.com.br\/espacoabracorp\/wp-json\/wp\/v2\/users\/27"}],"replies":[{"embeddable":true,"href":"https:\/\/blog.panrotas.com.br\/espacoabracorp\/wp-json\/wp\/v2\/comments?post=1398"}],"version-history":[{"count":4,"href":"https:\/\/blog.panrotas.com.br\/espacoabracorp\/wp-json\/wp\/v2\/posts\/1398\/revisions"}],"predecessor-version":[{"id":1402,"href":"https:\/\/blog.panrotas.com.br\/espacoabracorp\/wp-json\/wp\/v2\/posts\/1398\/revisions\/1402"}],"wp:attachment":[{"href":"https:\/\/blog.panrotas.com.br\/espacoabracorp\/wp-json\/wp\/v2\/media?parent=1398"}],"wp:term":[{"taxonomy":"category","embeddable":true,"href":"https:\/\/blog.panrotas.com.br\/espacoabracorp\/wp-json\/wp\/v2\/categories?post=1398"},{"taxonomy":"post_tag","embeddable":true,"href":"https:\/\/blog.panrotas.com.br\/espacoabracorp\/wp-json\/wp\/v2\/tags?post=1398"}],"curies":[{"name":"wp","href":"https:\/\/api.w.org\/{rel}","templated":true}]}}