{"id":1453,"date":"2022-07-12T10:37:15","date_gmt":"2022-07-12T13:37:15","guid":{"rendered":"https:\/\/blog.panrotas.com.br\/espacoabracorp\/?p=1453"},"modified":"2022-07-12T16:39:41","modified_gmt":"2022-07-12T19:39:41","slug":"crise-no-abastecimento-a-demanda-e-maior-que-a-oferta","status":"publish","type":"post","link":"https:\/\/blog.panrotas.com.br\/espacoabracorp\/2022\/07\/12\/crise-no-abastecimento-a-demanda-e-maior-que-a-oferta\/","title":{"rendered":"CRISE NO ABASTECIMENTO: A DEMANDA \u00c9 MAIOR QUE A OFERTA"},"content":{"rendered":"\n<p>POR GERVASIO TANABE, Presidente executivo da Associa\u00e7\u00e3o Brasileira de Ag\u00eancia de Viagens Corporativas (ABRACORP)<br><br>A economia est\u00e1 prestes a fechar seus primeiros seis meses cont\u00ednuos p\u00f3s-pandemia e o copo continua meio cheio e meio vazio. O setor de viagens corporativas pode ser um bom term\u00f4metro do que foi superado e ainda o que est\u00e1 por vir.<br>O recente estudo elaborado pela Associa\u00e7\u00e3o Brasileira de Ag\u00eancia de Viagens Corporativas (ABRACORP) demonstrou que o faturamento de maio deste ano chega R$ R$ 1,093 bilh\u00e3o, abaixo apenas 2,4% do mesmo per\u00edodo de 2019. A manter esse ritmo, o setor deve fechar com um faturamento 20% maior do que o ano de 2019, per\u00edodo ainda pr\u00e9-pandemia. <br>Por dentro, esses n\u00fameros ainda demonstram algumas fragilidades, das quais duas s\u00e3o destaques: o primeiro \u00e9 que o faturamento \u00e9 impactado, principalmente pela alta de insumos cr\u00edticos como os combust\u00edveis e pela infla\u00e7\u00e3o do setor, visto que o n\u00famero de viajantes \u00e9 ainda inferior ao de 2019. \u00c9 vis\u00edvel, entretanto que as viagens est\u00e3o retomando, basta ver os eventos corporativos que pipocam pelo Brasil inteiro e a melhora da ocupa\u00e7\u00e3o hoteleira nas grandes capitais corporativas. O outro \u00e9 que o resultado das ag\u00eancias corporativas ainda n\u00e3o acompanha os ganhos gerais, devido \u00e0 eleva\u00e7\u00e3o dos custos operacionais.<br>Agora come\u00e7amos a olhar o copo meio vazio. O mercado de viagens corporativas \u2013 e outros tantos \u2013 come\u00e7ou a reagir de forma r\u00e1pida e um dos problemas ocasionados foi o desequil\u00edbrio entre demanda e oferta. Especialistas j\u00e1 previam, mais ao final de 2021, que a retomada econ\u00f4mica traria junto uma forte crise de abastecimento, incluindo m\u00e3o de obra. E \u00e9 exatamente o que o setor de viagens corporativas est\u00e1 enfrentando. Nem tudo \u00e9 na internet, como alguns previam, na plena pandemia, para quem tudo iria ser diferente.<br>O turismo j\u00e1 apontava retomada ainda em 2021 e, m\u00eas a m\u00eas, isso veio se consolidando at\u00e9 o in\u00edcio de 2022, j\u00e1 com muitos setores faturando mais do que 2019. Ocorre que existe um s\u00e9rio problema na cadeia produtiva desses bens e servi\u00e7os e exemplos n\u00e3o faltam. Basta ver a ind\u00fastria a\u00e9rea, onde o impacto da falta de m\u00e3o de obra para atender as companhias tem causado verdadeiro caos nos aeroportos mundo afora.<br>Seguindo uma analogia das f\u00e1bricas paradas, ag\u00eancias tiveram que dispensar funcion\u00e1rios no auge da crise pand\u00eamica, pois as viagens pararam totalmente, demorando sua retomada. E hoje n\u00e3o se consegue recuperar essa m\u00e3o de obra na mesma velocidade do atendimento exigido pelo cliente, diga-se, n\u00e3o se preocupa muito com isso, n\u00e3o abrindo m\u00e3o de SLA\u00b4s do pr\u00e9 pandemia. Embora esse mesmo cliente n\u00e3o esteja, muitas vezes, entregando seus produtos ao consumidor com os mesmos prazos da pr\u00e9-pandemia.<br>Um consultor de viagens ou um consultor de eventos, por exemplo, n\u00e3o \u00e9 m\u00e3o de obra que se prepara em alguns dias. E o estoque de m\u00e3o de obra est\u00e1 baix\u00edssimo. Isso tudo acaba impactando na vida corporativa e at\u00e9 em nossa vida pessoal cotidiana.<br>A cadeia de suprimentos e de servi\u00e7os est\u00e1 travada, n\u00e3o existindo estoques, a produ\u00e7\u00e3o segue para atender uma demanda altamente reprimida e a conclus\u00e3o \u00e9 essa: uma simples bateria de um notebook levando 3 meses para ser entregue. Nos moldes da produ\u00e7\u00e3o por demanda, a produ\u00e7\u00e3o deveria adequar-se a essa demanda, mas o pequeno detalhe \u00e9 que demanda veio como uma avalanche, causando o caos que enfrentamos hoje.<br>N\u00e3o resta outra alternativa sen\u00e3o paci\u00eancia at\u00e9 que essa cadeia retome os padr\u00f5es de produ\u00e7\u00e3o. N\u00e3o \u00e9 o caso de desesperar-se e substituir o fornecedor, por esse motivo. A crise de abastecimento \u00e9 global, n\u00e3o \u00e9 setorial e local.<br><\/p>\n","protected":false},"excerpt":{"rendered":"<p>POR GERVASIO TANABE, Presidente executivo da Associa\u00e7\u00e3o Brasileira de Ag\u00eancia de Viagens Corporativas (ABRACORP) A economia est\u00e1 prestes a fechar seus primeiros seis meses cont\u00ednuos p\u00f3s-pandemia e o copo continua meio cheio e meio vazio. O setor de viagens corporativas pode ser um bom term\u00f4metro do que foi superado e ainda o que est\u00e1 por&hellip; <a class=\"more-link\" href=\"https:\/\/blog.panrotas.com.br\/espacoabracorp\/2022\/07\/12\/crise-no-abastecimento-a-demanda-e-maior-que-a-oferta\/\">Continue reading &rarr;<\/a><\/p>\n","protected":false},"author":45,"featured_media":0,"comment_status":"open","ping_status":"open","sticky":false,"template":"","format":"standard","meta":{"spay_email":""},"categories":[1],"tags":[],"yoast_head":"<!-- This site is optimized with the Yoast SEO plugin v17.3 - https:\/\/yoast.com\/wordpress\/plugins\/seo\/ -->\n<title>CRISE NO ABASTECIMENTO: A DEMANDA \u00c9 MAIOR QUE A OFERTA - Espa\u00e7o Abracorp<\/title>\n<meta name=\"robots\" content=\"index, follow, max-snippet:-1, max-image-preview:large, max-video-preview:-1\" \/>\n<link rel=\"canonical\" href=\"https:\/\/blog.panrotas.com.br\/espacoabracorp\/2022\/07\/12\/crise-no-abastecimento-a-demanda-e-maior-que-a-oferta\/\" \/>\n<meta property=\"og:locale\" content=\"pt_BR\" \/>\n<meta property=\"og:type\" content=\"article\" \/>\n<meta property=\"og:title\" content=\"CRISE NO ABASTECIMENTO: A DEMANDA \u00c9 MAIOR QUE A OFERTA - Espa\u00e7o Abracorp\" \/>\n<meta property=\"og:description\" content=\"POR GERVASIO TANABE, Presidente executivo da Associa\u00e7\u00e3o Brasileira de Ag\u00eancia de Viagens Corporativas (ABRACORP) A economia est\u00e1 prestes a fechar seus primeiros seis meses cont\u00ednuos p\u00f3s-pandemia e o copo continua meio cheio e meio vazio. O setor de viagens corporativas pode ser um bom term\u00f4metro do que foi superado e ainda o que est\u00e1 por&hellip; Continue reading &rarr;\" \/>\n<meta property=\"og:url\" content=\"https:\/\/blog.panrotas.com.br\/espacoabracorp\/2022\/07\/12\/crise-no-abastecimento-a-demanda-e-maior-que-a-oferta\/\" \/>\n<meta property=\"og:site_name\" content=\"Espa\u00e7o Abracorp\" \/>\n<meta property=\"article:published_time\" content=\"2022-07-12T13:37:15+00:00\" \/>\n<meta property=\"article:modified_time\" content=\"2022-07-12T19:39:41+00:00\" \/>\n<meta name=\"twitter:card\" content=\"summary_large_image\" \/>\n<meta name=\"twitter:label1\" content=\"Escrito por\" \/>\n\t<meta name=\"twitter:data1\" content=\"Abracorp\" \/>\n\t<meta name=\"twitter:label2\" content=\"Est. tempo de leitura\" \/>\n\t<meta name=\"twitter:data2\" content=\"3 minutos\" \/>\n<script type=\"application\/ld+json\" class=\"yoast-schema-graph\">{\"@context\":\"https:\/\/schema.org\",\"@graph\":[{\"@type\":\"WebSite\",\"@id\":\"https:\/\/blog.panrotas.com.br\/espacoabracorp\/#website\",\"url\":\"https:\/\/blog.panrotas.com.br\/espacoabracorp\/\",\"name\":\"Espa\\u00e7o Abracorp\",\"description\":\"Blogosfera PANROTAS\",\"potentialAction\":[{\"@type\":\"SearchAction\",\"target\":{\"@type\":\"EntryPoint\",\"urlTemplate\":\"https:\/\/blog.panrotas.com.br\/espacoabracorp\/?s={search_term_string}\"},\"query-input\":\"required name=search_term_string\"}],\"inLanguage\":\"pt-BR\"},{\"@type\":\"WebPage\",\"@id\":\"https:\/\/blog.panrotas.com.br\/espacoabracorp\/2022\/07\/12\/crise-no-abastecimento-a-demanda-e-maior-que-a-oferta\/#webpage\",\"url\":\"https:\/\/blog.panrotas.com.br\/espacoabracorp\/2022\/07\/12\/crise-no-abastecimento-a-demanda-e-maior-que-a-oferta\/\",\"name\":\"CRISE NO ABASTECIMENTO: A DEMANDA \\u00c9 MAIOR QUE A OFERTA - Espa\\u00e7o Abracorp\",\"isPartOf\":{\"@id\":\"https:\/\/blog.panrotas.com.br\/espacoabracorp\/#website\"},\"datePublished\":\"2022-07-12T13:37:15+00:00\",\"dateModified\":\"2022-07-12T19:39:41+00:00\",\"author\":{\"@id\":\"https:\/\/blog.panrotas.com.br\/espacoabracorp\/#\/schema\/person\/d6986bd17d86bdac13a8aa3a31675046\"},\"breadcrumb\":{\"@id\":\"https:\/\/blog.panrotas.com.br\/espacoabracorp\/2022\/07\/12\/crise-no-abastecimento-a-demanda-e-maior-que-a-oferta\/#breadcrumb\"},\"inLanguage\":\"pt-BR\",\"potentialAction\":[{\"@type\":\"ReadAction\",\"target\":[\"https:\/\/blog.panrotas.com.br\/espacoabracorp\/2022\/07\/12\/crise-no-abastecimento-a-demanda-e-maior-que-a-oferta\/\"]}]},{\"@type\":\"BreadcrumbList\",\"@id\":\"https:\/\/blog.panrotas.com.br\/espacoabracorp\/2022\/07\/12\/crise-no-abastecimento-a-demanda-e-maior-que-a-oferta\/#breadcrumb\",\"itemListElement\":[{\"@type\":\"ListItem\",\"position\":1,\"name\":\"In\\u00edcio\",\"item\":\"https:\/\/blog.panrotas.com.br\/espacoabracorp\/\"},{\"@type\":\"ListItem\",\"position\":2,\"name\":\"CRISE NO ABASTECIMENTO: A DEMANDA \\u00c9 MAIOR QUE A OFERTA\"}]},{\"@type\":\"Person\",\"@id\":\"https:\/\/blog.panrotas.com.br\/espacoabracorp\/#\/schema\/person\/d6986bd17d86bdac13a8aa3a31675046\",\"name\":\"Abracorp\",\"image\":{\"@type\":\"ImageObject\",\"@id\":\"https:\/\/blog.panrotas.com.br\/espacoabracorp\/#personlogo\",\"inLanguage\":\"pt-BR\",\"url\":\"https:\/\/secure.gravatar.com\/avatar\/99bbe21a9dbf2d47aa359523dbe05fc0?s=96&d=mm&r=g\",\"contentUrl\":\"https:\/\/secure.gravatar.com\/avatar\/99bbe21a9dbf2d47aa359523dbe05fc0?s=96&d=mm&r=g\",\"caption\":\"Abracorp\"},\"url\":\"https:\/\/blog.panrotas.com.br\/espacoabracorp\/author\/tanabeabracorp\/\"}]}<\/script>\n<!-- \/ Yoast SEO plugin. -->","yoast_head_json":{"title":"CRISE NO ABASTECIMENTO: A DEMANDA \u00c9 MAIOR QUE A OFERTA - Espa\u00e7o Abracorp","robots":{"index":"index","follow":"follow","max-snippet":"max-snippet:-1","max-image-preview":"max-image-preview:large","max-video-preview":"max-video-preview:-1"},"canonical":"https:\/\/blog.panrotas.com.br\/espacoabracorp\/2022\/07\/12\/crise-no-abastecimento-a-demanda-e-maior-que-a-oferta\/","og_locale":"pt_BR","og_type":"article","og_title":"CRISE NO ABASTECIMENTO: A DEMANDA \u00c9 MAIOR QUE A OFERTA - Espa\u00e7o Abracorp","og_description":"POR GERVASIO TANABE, Presidente executivo da Associa\u00e7\u00e3o Brasileira de Ag\u00eancia de Viagens Corporativas (ABRACORP) A economia est\u00e1 prestes a fechar seus primeiros seis meses cont\u00ednuos p\u00f3s-pandemia e o copo continua meio cheio e meio vazio. O setor de viagens corporativas pode ser um bom term\u00f4metro do que foi superado e ainda o que est\u00e1 por&hellip; Continue reading &rarr;","og_url":"https:\/\/blog.panrotas.com.br\/espacoabracorp\/2022\/07\/12\/crise-no-abastecimento-a-demanda-e-maior-que-a-oferta\/","og_site_name":"Espa\u00e7o Abracorp","article_published_time":"2022-07-12T13:37:15+00:00","article_modified_time":"2022-07-12T19:39:41+00:00","twitter_card":"summary_large_image","twitter_misc":{"Escrito por":"Abracorp","Est. tempo de leitura":"3 minutos"},"schema":{"@context":"https:\/\/schema.org","@graph":[{"@type":"WebSite","@id":"https:\/\/blog.panrotas.com.br\/espacoabracorp\/#website","url":"https:\/\/blog.panrotas.com.br\/espacoabracorp\/","name":"Espa\u00e7o Abracorp","description":"Blogosfera PANROTAS","potentialAction":[{"@type":"SearchAction","target":{"@type":"EntryPoint","urlTemplate":"https:\/\/blog.panrotas.com.br\/espacoabracorp\/?s={search_term_string}"},"query-input":"required name=search_term_string"}],"inLanguage":"pt-BR"},{"@type":"WebPage","@id":"https:\/\/blog.panrotas.com.br\/espacoabracorp\/2022\/07\/12\/crise-no-abastecimento-a-demanda-e-maior-que-a-oferta\/#webpage","url":"https:\/\/blog.panrotas.com.br\/espacoabracorp\/2022\/07\/12\/crise-no-abastecimento-a-demanda-e-maior-que-a-oferta\/","name":"CRISE NO ABASTECIMENTO: A DEMANDA \u00c9 MAIOR QUE A OFERTA - Espa\u00e7o Abracorp","isPartOf":{"@id":"https:\/\/blog.panrotas.com.br\/espacoabracorp\/#website"},"datePublished":"2022-07-12T13:37:15+00:00","dateModified":"2022-07-12T19:39:41+00:00","author":{"@id":"https:\/\/blog.panrotas.com.br\/espacoabracorp\/#\/schema\/person\/d6986bd17d86bdac13a8aa3a31675046"},"breadcrumb":{"@id":"https:\/\/blog.panrotas.com.br\/espacoabracorp\/2022\/07\/12\/crise-no-abastecimento-a-demanda-e-maior-que-a-oferta\/#breadcrumb"},"inLanguage":"pt-BR","potentialAction":[{"@type":"ReadAction","target":["https:\/\/blog.panrotas.com.br\/espacoabracorp\/2022\/07\/12\/crise-no-abastecimento-a-demanda-e-maior-que-a-oferta\/"]}]},{"@type":"BreadcrumbList","@id":"https:\/\/blog.panrotas.com.br\/espacoabracorp\/2022\/07\/12\/crise-no-abastecimento-a-demanda-e-maior-que-a-oferta\/#breadcrumb","itemListElement":[{"@type":"ListItem","position":1,"name":"In\u00edcio","item":"https:\/\/blog.panrotas.com.br\/espacoabracorp\/"},{"@type":"ListItem","position":2,"name":"CRISE NO ABASTECIMENTO: A DEMANDA \u00c9 MAIOR QUE A OFERTA"}]},{"@type":"Person","@id":"https:\/\/blog.panrotas.com.br\/espacoabracorp\/#\/schema\/person\/d6986bd17d86bdac13a8aa3a31675046","name":"Abracorp","image":{"@type":"ImageObject","@id":"https:\/\/blog.panrotas.com.br\/espacoabracorp\/#personlogo","inLanguage":"pt-BR","url":"https:\/\/secure.gravatar.com\/avatar\/99bbe21a9dbf2d47aa359523dbe05fc0?s=96&d=mm&r=g","contentUrl":"https:\/\/secure.gravatar.com\/avatar\/99bbe21a9dbf2d47aa359523dbe05fc0?s=96&d=mm&r=g","caption":"Abracorp"},"url":"https:\/\/blog.panrotas.com.br\/espacoabracorp\/author\/tanabeabracorp\/"}]}},"jetpack_featured_media_url":"","_links":{"self":[{"href":"https:\/\/blog.panrotas.com.br\/espacoabracorp\/wp-json\/wp\/v2\/posts\/1453"}],"collection":[{"href":"https:\/\/blog.panrotas.com.br\/espacoabracorp\/wp-json\/wp\/v2\/posts"}],"about":[{"href":"https:\/\/blog.panrotas.com.br\/espacoabracorp\/wp-json\/wp\/v2\/types\/post"}],"author":[{"embeddable":true,"href":"https:\/\/blog.panrotas.com.br\/espacoabracorp\/wp-json\/wp\/v2\/users\/45"}],"replies":[{"embeddable":true,"href":"https:\/\/blog.panrotas.com.br\/espacoabracorp\/wp-json\/wp\/v2\/comments?post=1453"}],"version-history":[{"count":2,"href":"https:\/\/blog.panrotas.com.br\/espacoabracorp\/wp-json\/wp\/v2\/posts\/1453\/revisions"}],"predecessor-version":[{"id":1464,"href":"https:\/\/blog.panrotas.com.br\/espacoabracorp\/wp-json\/wp\/v2\/posts\/1453\/revisions\/1464"}],"wp:attachment":[{"href":"https:\/\/blog.panrotas.com.br\/espacoabracorp\/wp-json\/wp\/v2\/media?parent=1453"}],"wp:term":[{"taxonomy":"category","embeddable":true,"href":"https:\/\/blog.panrotas.com.br\/espacoabracorp\/wp-json\/wp\/v2\/categories?post=1453"},{"taxonomy":"post_tag","embeddable":true,"href":"https:\/\/blog.panrotas.com.br\/espacoabracorp\/wp-json\/wp\/v2\/tags?post=1453"}],"curies":[{"name":"wp","href":"https:\/\/api.w.org\/{rel}","templated":true}]}}