{"id":1485,"date":"2022-12-30T12:16:47","date_gmt":"2022-12-30T14:16:47","guid":{"rendered":"https:\/\/blog.panrotas.com.br\/espacoabracorp\/?p=1485"},"modified":"2022-12-30T12:41:27","modified_gmt":"2022-12-30T14:41:27","slug":"retrospectiva-abracorp-relembre-os-principais-assuntos-de-2022","status":"publish","type":"post","link":"https:\/\/blog.panrotas.com.br\/espacoabracorp\/2022\/12\/30\/retrospectiva-abracorp-relembre-os-principais-assuntos-de-2022\/","title":{"rendered":"Retrospectiva Abracorp relembre os principais assuntos de 2022"},"content":{"rendered":"\n<p>por Gerv\u00e1sio Tanabe, presidente-executivo<br><br>A mat\u00e9ria Viagens de trabalho t\u00eam forte recupera\u00e7\u00e3o, publicada no jornal Valor Econ\u00f4mico, no dia 28, \u00e9 uma boa retrospectiva do que foi o setor neste ano de retomada de nossas atividades. <br><br>Logo a abertura, o texto \u00e9 preciso ao sintetizar os resultados que alcan\u00e7amos. \u201cDepois de um ano com muitos altos e baixos por causa da pandemia, o setor de viagens corporativas deve fechar 2022 com um faturamento de R$ 10,8 bilh\u00f5es, com uma alta de 150% na compara\u00e7\u00e3o com 2021 e 4,8% abaixo de 2019, quando a covid-19 ainda n\u00e3o tinha desembarcado no pa\u00eds. Os dados s\u00e3o parte de uma proje\u00e7\u00e3o feita pela Associa\u00e7\u00e3o Brasileira de Ag\u00eancias de Viagens Corporativas (Abracorp) ao Valor.\u201d<br><br>Se isso j\u00e1 foi feito, aqui deixo registrado o que a Abracorp fez neste anos que se vai.<br><br>\u2022\tDesde o in\u00edcio do ano, foi disponibilizada a nova vers\u00e3o do BI. A ferramenta passou por processo de aprimoramento para oferecer melhor usabilidade, mais informa\u00e7\u00f5es e proje\u00e7\u00f5es para auxiliar o associado. O relat\u00f3rio manteve-se como um importante instrumento de apoio para acompanhamento da evolu\u00e7\u00e3o dos n\u00fameros do setor, permitindo vislumbrar perspectivas positivas para o ano, o que foi poss\u00edvel aferir m\u00eas ap\u00f3s m\u00eas.<br>\u2022\tEm mar\u00e7o, celebramos mais um ano na trajet\u00f3ria da Associa\u00e7\u00e3o. 12 anos marcados pelo esfor\u00e7o em continuar contribuindo com \u00e9tica e transpar\u00eancia para o crescimento da ind\u00fastria de viagens corporativas. <br>\u2022\tA retomada do setor foi um dos principais assuntos discutidos no 9\u00ba F\u00f3rum Abracorp, que ocorreu em abril. Com o tema central \u201cReconectando o Cliente Corporativo\u201d, o evento abordou os rumos do setor na esfera p\u00f3s-pandemia, al\u00e9m de buscar as melhores estrat\u00e9gias para esse cen\u00e1rio. Nesse mesmo m\u00eas, Duda Vasconcellos foi eleito, o novo presidente do Conselho de Administra\u00e7\u00e3o da Abracorp, posi\u00e7\u00e3o em que deve ficar at\u00e9 o ano de 2024. <br>\u2022\tO Client Advisory Board (CAB) foi um dos projetos de destaque desse ano e representou um avan\u00e7o significativo em termos de governan\u00e7a por estimular a amplia\u00e7\u00e3o dos canais de di\u00e1logo entre os clientes e a entidade.<br>\u2022\tEm agosto, nossos associados participaram de um evento exclusivo na cidade de Orlando (EUA), organizado pela Life at Campus em parceria com a Coris Brasil, Copa Airlines e Universal Orlando. Al\u00e9m de serem ministrados em um curso sobre estrat\u00e9gia &amp; inova\u00e7\u00e3o, os participantes tiveram a oportunidade de explorar as diferentes fases que a Universal Studios enfrentou e sua capacidade de continuar a se reinventar, mais de uma vez, para se tornar o gigante do entretenimento que \u00e9 atualmente.<br>\u2022\tNo m\u00eas de outubro, o ex-ministro da Fazenda Mailson da N\u00f3brega foi convidado especial da Reuni\u00e3o de Associados Abracorp. O desafio do economista foi falar um pouco sobre as perspectivas econ\u00f4micas para 2023. Na vis\u00e3o de Mailson, podemos manter otimismo sobre o futuro, mas devemos nos preparar para o que vier. <br>\u2022\tDurante nossa Conven\u00e7\u00e3o Anual, que ocorreu em novembro, pudemos alinhar as agendas, avaliar projetos e planejar os pr\u00f3ximos passos junto aos nossos associados. Tamb\u00e9m contamos com a palestra do paratleta Daniel Dias , que falou de sua trajet\u00f3ria, sua obstina\u00e7\u00e3o por metas e pelas estrat\u00e9gias vencedoras.<br>\u2022\tPor fim, fechamos o ano de 2022 com uma excelente not\u00edcia! Mais uma vez, passamos pelo processo de auditoria e por mais um ano fomos aprovados para renova\u00e7\u00e3o do selo ISO\/IEC 27001. A certifica\u00e7\u00e3o ISO 27001 \u00e9 uma padroniza\u00e7\u00e3o de seguran\u00e7a internacional para administrar e garantir a seguran\u00e7a e a confiabilidade da informa\u00e7\u00e3o. A documenta\u00e7\u00e3o traz um conjunto de controles e processos que uma organiza\u00e7\u00e3o usa para garantir a alta seguran\u00e7a de dados.<br><br><\/p>\n","protected":false},"excerpt":{"rendered":"<p>por Gerv\u00e1sio Tanabe, presidente-executivo A mat\u00e9ria Viagens de trabalho t\u00eam forte recupera\u00e7\u00e3o, publicada no jornal Valor Econ\u00f4mico, no dia 28, \u00e9 uma boa retrospectiva do que foi o setor neste ano de retomada de nossas atividades. Logo a abertura, o texto \u00e9 preciso ao sintetizar os resultados que alcan\u00e7amos. \u201cDepois de um ano com muitos&hellip; <a class=\"more-link\" href=\"https:\/\/blog.panrotas.com.br\/espacoabracorp\/2022\/12\/30\/retrospectiva-abracorp-relembre-os-principais-assuntos-de-2022\/\">Continue reading &rarr;<\/a><\/p>\n","protected":false},"author":45,"featured_media":0,"comment_status":"open","ping_status":"open","sticky":false,"template":"","format":"standard","meta":{"spay_email":""},"categories":[1],"tags":[],"yoast_head":"<!-- This site is optimized with the Yoast SEO plugin v17.3 - https:\/\/yoast.com\/wordpress\/plugins\/seo\/ -->\n<title>Retrospectiva Abracorp relembre os principais assuntos de 2022 - Espa\u00e7o Abracorp<\/title>\n<meta name=\"robots\" content=\"index, follow, max-snippet:-1, max-image-preview:large, max-video-preview:-1\" \/>\n<link rel=\"canonical\" href=\"https:\/\/blog.panrotas.com.br\/espacoabracorp\/2022\/12\/30\/retrospectiva-abracorp-relembre-os-principais-assuntos-de-2022\/\" \/>\n<meta property=\"og:locale\" content=\"pt_BR\" \/>\n<meta property=\"og:type\" content=\"article\" \/>\n<meta property=\"og:title\" content=\"Retrospectiva Abracorp relembre os principais assuntos de 2022 - Espa\u00e7o Abracorp\" \/>\n<meta property=\"og:description\" content=\"por Gerv\u00e1sio Tanabe, presidente-executivo A mat\u00e9ria Viagens de trabalho t\u00eam forte recupera\u00e7\u00e3o, publicada no jornal Valor Econ\u00f4mico, no dia 28, \u00e9 uma boa retrospectiva do que foi o setor neste ano de retomada de nossas atividades. Logo a abertura, o texto \u00e9 preciso ao sintetizar os resultados que alcan\u00e7amos. \u201cDepois de um ano com muitos&hellip; Continue reading &rarr;\" \/>\n<meta property=\"og:url\" content=\"https:\/\/blog.panrotas.com.br\/espacoabracorp\/2022\/12\/30\/retrospectiva-abracorp-relembre-os-principais-assuntos-de-2022\/\" \/>\n<meta property=\"og:site_name\" content=\"Espa\u00e7o Abracorp\" \/>\n<meta property=\"article:published_time\" content=\"2022-12-30T14:16:47+00:00\" \/>\n<meta property=\"article:modified_time\" content=\"2022-12-30T14:41:27+00:00\" \/>\n<meta name=\"twitter:card\" content=\"summary_large_image\" \/>\n<meta name=\"twitter:label1\" content=\"Escrito por\" \/>\n\t<meta name=\"twitter:data1\" content=\"Abracorp\" \/>\n\t<meta name=\"twitter:label2\" content=\"Est. tempo de leitura\" \/>\n\t<meta name=\"twitter:data2\" content=\"3 minutos\" \/>\n<script type=\"application\/ld+json\" class=\"yoast-schema-graph\">{\"@context\":\"https:\/\/schema.org\",\"@graph\":[{\"@type\":\"WebSite\",\"@id\":\"https:\/\/blog.panrotas.com.br\/espacoabracorp\/#website\",\"url\":\"https:\/\/blog.panrotas.com.br\/espacoabracorp\/\",\"name\":\"Espa\\u00e7o Abracorp\",\"description\":\"Blogosfera PANROTAS\",\"potentialAction\":[{\"@type\":\"SearchAction\",\"target\":{\"@type\":\"EntryPoint\",\"urlTemplate\":\"https:\/\/blog.panrotas.com.br\/espacoabracorp\/?s={search_term_string}\"},\"query-input\":\"required name=search_term_string\"}],\"inLanguage\":\"pt-BR\"},{\"@type\":\"WebPage\",\"@id\":\"https:\/\/blog.panrotas.com.br\/espacoabracorp\/2022\/12\/30\/retrospectiva-abracorp-relembre-os-principais-assuntos-de-2022\/#webpage\",\"url\":\"https:\/\/blog.panrotas.com.br\/espacoabracorp\/2022\/12\/30\/retrospectiva-abracorp-relembre-os-principais-assuntos-de-2022\/\",\"name\":\"Retrospectiva Abracorp relembre os principais assuntos de 2022 - Espa\\u00e7o Abracorp\",\"isPartOf\":{\"@id\":\"https:\/\/blog.panrotas.com.br\/espacoabracorp\/#website\"},\"datePublished\":\"2022-12-30T14:16:47+00:00\",\"dateModified\":\"2022-12-30T14:41:27+00:00\",\"author\":{\"@id\":\"https:\/\/blog.panrotas.com.br\/espacoabracorp\/#\/schema\/person\/d6986bd17d86bdac13a8aa3a31675046\"},\"breadcrumb\":{\"@id\":\"https:\/\/blog.panrotas.com.br\/espacoabracorp\/2022\/12\/30\/retrospectiva-abracorp-relembre-os-principais-assuntos-de-2022\/#breadcrumb\"},\"inLanguage\":\"pt-BR\",\"potentialAction\":[{\"@type\":\"ReadAction\",\"target\":[\"https:\/\/blog.panrotas.com.br\/espacoabracorp\/2022\/12\/30\/retrospectiva-abracorp-relembre-os-principais-assuntos-de-2022\/\"]}]},{\"@type\":\"BreadcrumbList\",\"@id\":\"https:\/\/blog.panrotas.com.br\/espacoabracorp\/2022\/12\/30\/retrospectiva-abracorp-relembre-os-principais-assuntos-de-2022\/#breadcrumb\",\"itemListElement\":[{\"@type\":\"ListItem\",\"position\":1,\"name\":\"In\\u00edcio\",\"item\":\"https:\/\/blog.panrotas.com.br\/espacoabracorp\/\"},{\"@type\":\"ListItem\",\"position\":2,\"name\":\"Retrospectiva Abracorp relembre os principais assuntos de 2022\"}]},{\"@type\":\"Person\",\"@id\":\"https:\/\/blog.panrotas.com.br\/espacoabracorp\/#\/schema\/person\/d6986bd17d86bdac13a8aa3a31675046\",\"name\":\"Abracorp\",\"image\":{\"@type\":\"ImageObject\",\"@id\":\"https:\/\/blog.panrotas.com.br\/espacoabracorp\/#personlogo\",\"inLanguage\":\"pt-BR\",\"url\":\"https:\/\/secure.gravatar.com\/avatar\/99bbe21a9dbf2d47aa359523dbe05fc0?s=96&d=mm&r=g\",\"contentUrl\":\"https:\/\/secure.gravatar.com\/avatar\/99bbe21a9dbf2d47aa359523dbe05fc0?s=96&d=mm&r=g\",\"caption\":\"Abracorp\"},\"url\":\"https:\/\/blog.panrotas.com.br\/espacoabracorp\/author\/tanabeabracorp\/\"}]}<\/script>\n<!-- \/ Yoast SEO plugin. -->","yoast_head_json":{"title":"Retrospectiva Abracorp relembre os principais assuntos de 2022 - Espa\u00e7o Abracorp","robots":{"index":"index","follow":"follow","max-snippet":"max-snippet:-1","max-image-preview":"max-image-preview:large","max-video-preview":"max-video-preview:-1"},"canonical":"https:\/\/blog.panrotas.com.br\/espacoabracorp\/2022\/12\/30\/retrospectiva-abracorp-relembre-os-principais-assuntos-de-2022\/","og_locale":"pt_BR","og_type":"article","og_title":"Retrospectiva Abracorp relembre os principais assuntos de 2022 - Espa\u00e7o Abracorp","og_description":"por Gerv\u00e1sio Tanabe, presidente-executivo A mat\u00e9ria Viagens de trabalho t\u00eam forte recupera\u00e7\u00e3o, publicada no jornal Valor Econ\u00f4mico, no dia 28, \u00e9 uma boa retrospectiva do que foi o setor neste ano de retomada de nossas atividades. Logo a abertura, o texto \u00e9 preciso ao sintetizar os resultados que alcan\u00e7amos. \u201cDepois de um ano com muitos&hellip; Continue reading &rarr;","og_url":"https:\/\/blog.panrotas.com.br\/espacoabracorp\/2022\/12\/30\/retrospectiva-abracorp-relembre-os-principais-assuntos-de-2022\/","og_site_name":"Espa\u00e7o Abracorp","article_published_time":"2022-12-30T14:16:47+00:00","article_modified_time":"2022-12-30T14:41:27+00:00","twitter_card":"summary_large_image","twitter_misc":{"Escrito por":"Abracorp","Est. tempo de leitura":"3 minutos"},"schema":{"@context":"https:\/\/schema.org","@graph":[{"@type":"WebSite","@id":"https:\/\/blog.panrotas.com.br\/espacoabracorp\/#website","url":"https:\/\/blog.panrotas.com.br\/espacoabracorp\/","name":"Espa\u00e7o Abracorp","description":"Blogosfera PANROTAS","potentialAction":[{"@type":"SearchAction","target":{"@type":"EntryPoint","urlTemplate":"https:\/\/blog.panrotas.com.br\/espacoabracorp\/?s={search_term_string}"},"query-input":"required name=search_term_string"}],"inLanguage":"pt-BR"},{"@type":"WebPage","@id":"https:\/\/blog.panrotas.com.br\/espacoabracorp\/2022\/12\/30\/retrospectiva-abracorp-relembre-os-principais-assuntos-de-2022\/#webpage","url":"https:\/\/blog.panrotas.com.br\/espacoabracorp\/2022\/12\/30\/retrospectiva-abracorp-relembre-os-principais-assuntos-de-2022\/","name":"Retrospectiva Abracorp relembre os principais assuntos de 2022 - Espa\u00e7o Abracorp","isPartOf":{"@id":"https:\/\/blog.panrotas.com.br\/espacoabracorp\/#website"},"datePublished":"2022-12-30T14:16:47+00:00","dateModified":"2022-12-30T14:41:27+00:00","author":{"@id":"https:\/\/blog.panrotas.com.br\/espacoabracorp\/#\/schema\/person\/d6986bd17d86bdac13a8aa3a31675046"},"breadcrumb":{"@id":"https:\/\/blog.panrotas.com.br\/espacoabracorp\/2022\/12\/30\/retrospectiva-abracorp-relembre-os-principais-assuntos-de-2022\/#breadcrumb"},"inLanguage":"pt-BR","potentialAction":[{"@type":"ReadAction","target":["https:\/\/blog.panrotas.com.br\/espacoabracorp\/2022\/12\/30\/retrospectiva-abracorp-relembre-os-principais-assuntos-de-2022\/"]}]},{"@type":"BreadcrumbList","@id":"https:\/\/blog.panrotas.com.br\/espacoabracorp\/2022\/12\/30\/retrospectiva-abracorp-relembre-os-principais-assuntos-de-2022\/#breadcrumb","itemListElement":[{"@type":"ListItem","position":1,"name":"In\u00edcio","item":"https:\/\/blog.panrotas.com.br\/espacoabracorp\/"},{"@type":"ListItem","position":2,"name":"Retrospectiva Abracorp relembre os principais assuntos de 2022"}]},{"@type":"Person","@id":"https:\/\/blog.panrotas.com.br\/espacoabracorp\/#\/schema\/person\/d6986bd17d86bdac13a8aa3a31675046","name":"Abracorp","image":{"@type":"ImageObject","@id":"https:\/\/blog.panrotas.com.br\/espacoabracorp\/#personlogo","inLanguage":"pt-BR","url":"https:\/\/secure.gravatar.com\/avatar\/99bbe21a9dbf2d47aa359523dbe05fc0?s=96&d=mm&r=g","contentUrl":"https:\/\/secure.gravatar.com\/avatar\/99bbe21a9dbf2d47aa359523dbe05fc0?s=96&d=mm&r=g","caption":"Abracorp"},"url":"https:\/\/blog.panrotas.com.br\/espacoabracorp\/author\/tanabeabracorp\/"}]}},"jetpack_featured_media_url":"","_links":{"self":[{"href":"https:\/\/blog.panrotas.com.br\/espacoabracorp\/wp-json\/wp\/v2\/posts\/1485"}],"collection":[{"href":"https:\/\/blog.panrotas.com.br\/espacoabracorp\/wp-json\/wp\/v2\/posts"}],"about":[{"href":"https:\/\/blog.panrotas.com.br\/espacoabracorp\/wp-json\/wp\/v2\/types\/post"}],"author":[{"embeddable":true,"href":"https:\/\/blog.panrotas.com.br\/espacoabracorp\/wp-json\/wp\/v2\/users\/45"}],"replies":[{"embeddable":true,"href":"https:\/\/blog.panrotas.com.br\/espacoabracorp\/wp-json\/wp\/v2\/comments?post=1485"}],"version-history":[{"count":2,"href":"https:\/\/blog.panrotas.com.br\/espacoabracorp\/wp-json\/wp\/v2\/posts\/1485\/revisions"}],"predecessor-version":[{"id":1489,"href":"https:\/\/blog.panrotas.com.br\/espacoabracorp\/wp-json\/wp\/v2\/posts\/1485\/revisions\/1489"}],"wp:attachment":[{"href":"https:\/\/blog.panrotas.com.br\/espacoabracorp\/wp-json\/wp\/v2\/media?parent=1485"}],"wp:term":[{"taxonomy":"category","embeddable":true,"href":"https:\/\/blog.panrotas.com.br\/espacoabracorp\/wp-json\/wp\/v2\/categories?post=1485"},{"taxonomy":"post_tag","embeddable":true,"href":"https:\/\/blog.panrotas.com.br\/espacoabracorp\/wp-json\/wp\/v2\/tags?post=1485"}],"curies":[{"name":"wp","href":"https:\/\/api.w.org\/{rel}","templated":true}]}}