{"id":1500,"date":"2023-04-11T07:53:33","date_gmt":"2023-04-11T10:53:33","guid":{"rendered":"https:\/\/blog.panrotas.com.br\/espacoabracorp\/?p=1500"},"modified":"2023-04-11T08:42:21","modified_gmt":"2023-04-11T11:42:21","slug":"programada-emergencial-de-recuperacao-de-eventos-pode-recuperar-ate-r-18-bi-aos-cofres-publicos","status":"publish","type":"post","link":"https:\/\/blog.panrotas.com.br\/espacoabracorp\/2023\/04\/11\/programada-emergencial-de-recuperacao-de-eventos-pode-recuperar-ate-r-18-bi-aos-cofres-publicos\/","title":{"rendered":"PROGRAMADA EMERGENCIAL DE RECUPERA\u00c7\u00c3O PARA EVENTOS PODE RECUPERAR AT\u00c9 R$ 18 BILH\u00d5ES AOS COFRES P\u00daBLICOS"},"content":{"rendered":"\n<p>por Gerv\u00e1sio Tanabe, presidente executivo Abracorp<\/p>\n\n\n\n<p>Acabamos de divulgar o faturamento de fevereiro do setor de viagens corporativas. Voltamos a apresentar bom desempenho, com faturamento de R$ 908 milh\u00f5es, 76% acima do mesmo per\u00edodo de 2022 e 10% acima de fevereiro de 2019, antes da pandemia da Covid-19.<\/p>\n\n\n\n<p>O resultado, por\u00e9m, n\u00e3o reflete a recupera\u00e7\u00e3o total do setor de viagens corporativas, que ainda n\u00e3o retomou o volume de 2019. Se no faturamento j\u00e1 estamos acima de 2019 \u00e9 porque as tarifas, fruto de infla\u00e7\u00e3o e alta de insumos, tiveram um aumento. Mesmo assim, 2022 fechou 7,46% abaixo de 2019.<\/p>\n\n\n\n<p>As ag\u00eancias de viagens corporativas carregam, ainda, em seus balan\u00e7os, o peso dos preju\u00edzos enfrentados de 2020 a 2022, pois mesmo com a redu\u00e7\u00e3o de volumes a praticamente zero em 2020, tiveram custos de manuten\u00e7\u00e3o e pessoal, para que os clientes pudessem ser atendidos, mesmo que em menor quantidade. <s><\/s><\/p>\n\n\n\n<p>A \u00a0Funda\u00e7\u00e3o Dom Cabral (FDC) preparou um estudo sobre o Programa Emergencial de Recupera\u00e7\u00e3o do Setor de Eventos (Perse). O levantamento mostra que o setor teve varia\u00e7\u00e3o positiva de 5,8% no estoque de empregos formais e informais, enquanto a economia como um todo 3,8% no mesmo per\u00edodo. Hoje 92% da m\u00e3o de obra formalmente empregada n\u00e3o t\u00eam ensino superior. A gera\u00e7\u00e3o de empregos bate os 18 milh\u00f5es, entre formais e informais. Ou seja, cada posto gerado subsidia a manuten\u00e7\u00e3o de tr\u00eas outros indiretos e induzidos.<\/p>\n\n\n\n<p>Outro dado relevante \u00e9 a varia\u00e7\u00e3o positiva de 6,3% no estoque de empregos formais, acima da economia como um todo, que apresentou varia\u00e7\u00e3o positiva de 5,4% em 2021 em rela\u00e7\u00e3o a 2020.<\/p>\n\n\n\n<p>A &nbsp;Lei 14.148, que acaba de completar um ano, instituiu o Perse, reduzindo a zero a al\u00edquota de quatro impostos federais por cinco anos: PIS, Cofins, IRPJ e CSLL. Tamb\u00e9m houve a renegocia\u00e7\u00e3o de d\u00edvidas tribut\u00e1rias e n\u00e3o tribut\u00e1rias com a Uni\u00e3o com descontos de at\u00e9 70% e com prazo m\u00e1ximo de quita\u00e7\u00e3o de 145 meses.<\/p>\n\n\n\n<p>Mais de R$ 595 milh\u00f5es j\u00e1 foram arrecadados pelos cofres p\u00fablicos at\u00e9 o momento com o Perse, mas a expectativa com a renegocia\u00e7\u00e3o de d\u00edvidas \u00e9 de uma recupera\u00e7\u00e3o total de R$ 18 bilh\u00f5es, conforme o estudo &nbsp;feito pela Funda\u00e7\u00e3o Dom Cabral.<\/p>\n\n\n\n<p><strong>Ainda segundo a FDC, <\/strong>a pandemia evidenciou uma quest\u00e3o sobre o mercado de eventos e turismo: o desconhecimento da import\u00e2ncia do setor para a economia brasileira, respons\u00e1vel por 6,4% do PIB, movimentando mais de R$ 550 bilh\u00f5es (WTTC,2022). Al\u00e9m de fomentar toda a cadeia, impulsionando direta ou indiretamente 571 atividades econ\u00f4micas.<\/p>\n\n\n\n<p>Durante a pandemia, o segmento ficou inativo\/proibido de operar por cerca de 24 meses, mas teve de arcar com o custo da manuten\u00e7\u00e3o dos equipamentos, equipes e tributos. A pesquisa da FDC exp\u00f5e em n\u00fameros esse per\u00edodo de inatividade total:<\/p>\n\n\n\n<p>\u2022 Queda de 50,2% na receita nominal e no volume de atividades para o m\u00eas de abril de 2020, no auge da pandemia, seguido de picos negativos entre junho de 2020 (-17,4%) e mar\u00e7o de 2021 (-25,4%).<\/p>\n\n\n\n<p>\u2022 Varia\u00e7\u00e3o negativa de 19% no estoque de empregos formais (2020\/2019), enquanto o agregado da economia apresentou queda de 1% (RAIS,2023).<\/p>\n\n\n\n<p>\u2022 Varia\u00e7\u00e3o negativa de 20,5% no estoque de empregos formais e informais (2020\/2019), enquanto todos os setores apresentaram queda de 8,7% (PNAD, 2023).<\/p>\n\n\n\n<p>\u2022 Varia\u00e7\u00e3o negativa de 5% no n\u00famero de empresas, enquanto a economia como um todo registrou queda de 1% (2020\/2019) (RAIS, 2023).<\/p>\n\n\n\n<p>O estudo comprova que qualquer altera\u00e7\u00e3o no Perse pode gerar um descontrole incalcul\u00e1vel em um setor relevante que est\u00e1 se recuperando.<\/p>\n","protected":false},"excerpt":{"rendered":"<p>por Gerv\u00e1sio Tanabe, presidente executivo Abracorp Acabamos de divulgar o faturamento de fevereiro do setor de viagens corporativas. Voltamos a apresentar bom desempenho, com faturamento de R$ 908 milh\u00f5es, 76% acima do mesmo per\u00edodo de 2022 e 10% acima de fevereiro de 2019, antes da pandemia da Covid-19. O resultado, por\u00e9m, n\u00e3o reflete a recupera\u00e7\u00e3o&hellip; <a class=\"more-link\" href=\"https:\/\/blog.panrotas.com.br\/espacoabracorp\/2023\/04\/11\/programada-emergencial-de-recuperacao-de-eventos-pode-recuperar-ate-r-18-bi-aos-cofres-publicos\/\">Continue reading &rarr;<\/a><\/p>\n","protected":false},"author":45,"featured_media":0,"comment_status":"open","ping_status":"open","sticky":false,"template":"","format":"standard","meta":{"spay_email":""},"categories":[1],"tags":[],"yoast_head":"<!-- This site is optimized with the Yoast SEO plugin v17.3 - https:\/\/yoast.com\/wordpress\/plugins\/seo\/ -->\n<title>PROGRAMADA EMERGENCIAL DE RECUPERA\u00c7\u00c3O PARA EVENTOS PODE RECUPERAR AT\u00c9 R$ 18 BILH\u00d5ES AOS COFRES P\u00daBLICOS - Espa\u00e7o Abracorp<\/title>\n<meta name=\"robots\" content=\"index, follow, max-snippet:-1, max-image-preview:large, max-video-preview:-1\" \/>\n<link rel=\"canonical\" href=\"https:\/\/blog.panrotas.com.br\/espacoabracorp\/2023\/04\/11\/programada-emergencial-de-recuperacao-de-eventos-pode-recuperar-ate-r-18-bi-aos-cofres-publicos\/\" \/>\n<meta property=\"og:locale\" content=\"pt_BR\" \/>\n<meta property=\"og:type\" content=\"article\" \/>\n<meta property=\"og:title\" content=\"PROGRAMADA EMERGENCIAL DE RECUPERA\u00c7\u00c3O PARA EVENTOS PODE RECUPERAR AT\u00c9 R$ 18 BILH\u00d5ES AOS COFRES P\u00daBLICOS - Espa\u00e7o Abracorp\" \/>\n<meta property=\"og:description\" content=\"por Gerv\u00e1sio Tanabe, presidente executivo Abracorp Acabamos de divulgar o faturamento de fevereiro do setor de viagens corporativas. Voltamos a apresentar bom desempenho, com faturamento de R$ 908 milh\u00f5es, 76% acima do mesmo per\u00edodo de 2022 e 10% acima de fevereiro de 2019, antes da pandemia da Covid-19. O resultado, por\u00e9m, n\u00e3o reflete a recupera\u00e7\u00e3o&hellip; Continue reading &rarr;\" \/>\n<meta property=\"og:url\" content=\"https:\/\/blog.panrotas.com.br\/espacoabracorp\/2023\/04\/11\/programada-emergencial-de-recuperacao-de-eventos-pode-recuperar-ate-r-18-bi-aos-cofres-publicos\/\" \/>\n<meta property=\"og:site_name\" content=\"Espa\u00e7o Abracorp\" \/>\n<meta property=\"article:published_time\" content=\"2023-04-11T10:53:33+00:00\" \/>\n<meta property=\"article:modified_time\" content=\"2023-04-11T11:42:21+00:00\" \/>\n<meta name=\"twitter:card\" content=\"summary_large_image\" \/>\n<meta name=\"twitter:label1\" content=\"Escrito por\" \/>\n\t<meta name=\"twitter:data1\" content=\"Abracorp\" \/>\n\t<meta name=\"twitter:label2\" content=\"Est. tempo de leitura\" \/>\n\t<meta name=\"twitter:data2\" content=\"3 minutos\" \/>\n<script type=\"application\/ld+json\" class=\"yoast-schema-graph\">{\"@context\":\"https:\/\/schema.org\",\"@graph\":[{\"@type\":\"WebSite\",\"@id\":\"https:\/\/blog.panrotas.com.br\/espacoabracorp\/#website\",\"url\":\"https:\/\/blog.panrotas.com.br\/espacoabracorp\/\",\"name\":\"Espa\\u00e7o Abracorp\",\"description\":\"Blogosfera PANROTAS\",\"potentialAction\":[{\"@type\":\"SearchAction\",\"target\":{\"@type\":\"EntryPoint\",\"urlTemplate\":\"https:\/\/blog.panrotas.com.br\/espacoabracorp\/?s={search_term_string}\"},\"query-input\":\"required name=search_term_string\"}],\"inLanguage\":\"pt-BR\"},{\"@type\":\"WebPage\",\"@id\":\"https:\/\/blog.panrotas.com.br\/espacoabracorp\/2023\/04\/11\/programada-emergencial-de-recuperacao-de-eventos-pode-recuperar-ate-r-18-bi-aos-cofres-publicos\/#webpage\",\"url\":\"https:\/\/blog.panrotas.com.br\/espacoabracorp\/2023\/04\/11\/programada-emergencial-de-recuperacao-de-eventos-pode-recuperar-ate-r-18-bi-aos-cofres-publicos\/\",\"name\":\"PROGRAMADA EMERGENCIAL DE RECUPERA\\u00c7\\u00c3O PARA EVENTOS PODE RECUPERAR AT\\u00c9 R$ 18 BILH\\u00d5ES AOS COFRES P\\u00daBLICOS - Espa\\u00e7o Abracorp\",\"isPartOf\":{\"@id\":\"https:\/\/blog.panrotas.com.br\/espacoabracorp\/#website\"},\"datePublished\":\"2023-04-11T10:53:33+00:00\",\"dateModified\":\"2023-04-11T11:42:21+00:00\",\"author\":{\"@id\":\"https:\/\/blog.panrotas.com.br\/espacoabracorp\/#\/schema\/person\/d6986bd17d86bdac13a8aa3a31675046\"},\"breadcrumb\":{\"@id\":\"https:\/\/blog.panrotas.com.br\/espacoabracorp\/2023\/04\/11\/programada-emergencial-de-recuperacao-de-eventos-pode-recuperar-ate-r-18-bi-aos-cofres-publicos\/#breadcrumb\"},\"inLanguage\":\"pt-BR\",\"potentialAction\":[{\"@type\":\"ReadAction\",\"target\":[\"https:\/\/blog.panrotas.com.br\/espacoabracorp\/2023\/04\/11\/programada-emergencial-de-recuperacao-de-eventos-pode-recuperar-ate-r-18-bi-aos-cofres-publicos\/\"]}]},{\"@type\":\"BreadcrumbList\",\"@id\":\"https:\/\/blog.panrotas.com.br\/espacoabracorp\/2023\/04\/11\/programada-emergencial-de-recuperacao-de-eventos-pode-recuperar-ate-r-18-bi-aos-cofres-publicos\/#breadcrumb\",\"itemListElement\":[{\"@type\":\"ListItem\",\"position\":1,\"name\":\"In\\u00edcio\",\"item\":\"https:\/\/blog.panrotas.com.br\/espacoabracorp\/\"},{\"@type\":\"ListItem\",\"position\":2,\"name\":\"PROGRAMADA EMERGENCIAL DE RECUPERA\\u00c7\\u00c3O PARA EVENTOS PODE RECUPERAR AT\\u00c9 R$ 18 BILH\\u00d5ES AOS COFRES P\\u00daBLICOS\"}]},{\"@type\":\"Person\",\"@id\":\"https:\/\/blog.panrotas.com.br\/espacoabracorp\/#\/schema\/person\/d6986bd17d86bdac13a8aa3a31675046\",\"name\":\"Abracorp\",\"image\":{\"@type\":\"ImageObject\",\"@id\":\"https:\/\/blog.panrotas.com.br\/espacoabracorp\/#personlogo\",\"inLanguage\":\"pt-BR\",\"url\":\"https:\/\/secure.gravatar.com\/avatar\/99bbe21a9dbf2d47aa359523dbe05fc0?s=96&d=mm&r=g\",\"contentUrl\":\"https:\/\/secure.gravatar.com\/avatar\/99bbe21a9dbf2d47aa359523dbe05fc0?s=96&d=mm&r=g\",\"caption\":\"Abracorp\"},\"url\":\"https:\/\/blog.panrotas.com.br\/espacoabracorp\/author\/tanabeabracorp\/\"}]}<\/script>\n<!-- \/ Yoast SEO plugin. -->","yoast_head_json":{"title":"PROGRAMADA EMERGENCIAL DE RECUPERA\u00c7\u00c3O PARA EVENTOS PODE RECUPERAR AT\u00c9 R$ 18 BILH\u00d5ES AOS COFRES P\u00daBLICOS - Espa\u00e7o Abracorp","robots":{"index":"index","follow":"follow","max-snippet":"max-snippet:-1","max-image-preview":"max-image-preview:large","max-video-preview":"max-video-preview:-1"},"canonical":"https:\/\/blog.panrotas.com.br\/espacoabracorp\/2023\/04\/11\/programada-emergencial-de-recuperacao-de-eventos-pode-recuperar-ate-r-18-bi-aos-cofres-publicos\/","og_locale":"pt_BR","og_type":"article","og_title":"PROGRAMADA EMERGENCIAL DE RECUPERA\u00c7\u00c3O PARA EVENTOS PODE RECUPERAR AT\u00c9 R$ 18 BILH\u00d5ES AOS COFRES P\u00daBLICOS - Espa\u00e7o Abracorp","og_description":"por Gerv\u00e1sio Tanabe, presidente executivo Abracorp Acabamos de divulgar o faturamento de fevereiro do setor de viagens corporativas. Voltamos a apresentar bom desempenho, com faturamento de R$ 908 milh\u00f5es, 76% acima do mesmo per\u00edodo de 2022 e 10% acima de fevereiro de 2019, antes da pandemia da Covid-19. O resultado, por\u00e9m, n\u00e3o reflete a recupera\u00e7\u00e3o&hellip; Continue reading &rarr;","og_url":"https:\/\/blog.panrotas.com.br\/espacoabracorp\/2023\/04\/11\/programada-emergencial-de-recuperacao-de-eventos-pode-recuperar-ate-r-18-bi-aos-cofres-publicos\/","og_site_name":"Espa\u00e7o Abracorp","article_published_time":"2023-04-11T10:53:33+00:00","article_modified_time":"2023-04-11T11:42:21+00:00","twitter_card":"summary_large_image","twitter_misc":{"Escrito por":"Abracorp","Est. tempo de leitura":"3 minutos"},"schema":{"@context":"https:\/\/schema.org","@graph":[{"@type":"WebSite","@id":"https:\/\/blog.panrotas.com.br\/espacoabracorp\/#website","url":"https:\/\/blog.panrotas.com.br\/espacoabracorp\/","name":"Espa\u00e7o Abracorp","description":"Blogosfera PANROTAS","potentialAction":[{"@type":"SearchAction","target":{"@type":"EntryPoint","urlTemplate":"https:\/\/blog.panrotas.com.br\/espacoabracorp\/?s={search_term_string}"},"query-input":"required name=search_term_string"}],"inLanguage":"pt-BR"},{"@type":"WebPage","@id":"https:\/\/blog.panrotas.com.br\/espacoabracorp\/2023\/04\/11\/programada-emergencial-de-recuperacao-de-eventos-pode-recuperar-ate-r-18-bi-aos-cofres-publicos\/#webpage","url":"https:\/\/blog.panrotas.com.br\/espacoabracorp\/2023\/04\/11\/programada-emergencial-de-recuperacao-de-eventos-pode-recuperar-ate-r-18-bi-aos-cofres-publicos\/","name":"PROGRAMADA EMERGENCIAL DE RECUPERA\u00c7\u00c3O PARA EVENTOS PODE RECUPERAR AT\u00c9 R$ 18 BILH\u00d5ES AOS COFRES P\u00daBLICOS - Espa\u00e7o Abracorp","isPartOf":{"@id":"https:\/\/blog.panrotas.com.br\/espacoabracorp\/#website"},"datePublished":"2023-04-11T10:53:33+00:00","dateModified":"2023-04-11T11:42:21+00:00","author":{"@id":"https:\/\/blog.panrotas.com.br\/espacoabracorp\/#\/schema\/person\/d6986bd17d86bdac13a8aa3a31675046"},"breadcrumb":{"@id":"https:\/\/blog.panrotas.com.br\/espacoabracorp\/2023\/04\/11\/programada-emergencial-de-recuperacao-de-eventos-pode-recuperar-ate-r-18-bi-aos-cofres-publicos\/#breadcrumb"},"inLanguage":"pt-BR","potentialAction":[{"@type":"ReadAction","target":["https:\/\/blog.panrotas.com.br\/espacoabracorp\/2023\/04\/11\/programada-emergencial-de-recuperacao-de-eventos-pode-recuperar-ate-r-18-bi-aos-cofres-publicos\/"]}]},{"@type":"BreadcrumbList","@id":"https:\/\/blog.panrotas.com.br\/espacoabracorp\/2023\/04\/11\/programada-emergencial-de-recuperacao-de-eventos-pode-recuperar-ate-r-18-bi-aos-cofres-publicos\/#breadcrumb","itemListElement":[{"@type":"ListItem","position":1,"name":"In\u00edcio","item":"https:\/\/blog.panrotas.com.br\/espacoabracorp\/"},{"@type":"ListItem","position":2,"name":"PROGRAMADA EMERGENCIAL DE RECUPERA\u00c7\u00c3O PARA EVENTOS PODE RECUPERAR AT\u00c9 R$ 18 BILH\u00d5ES AOS COFRES P\u00daBLICOS"}]},{"@type":"Person","@id":"https:\/\/blog.panrotas.com.br\/espacoabracorp\/#\/schema\/person\/d6986bd17d86bdac13a8aa3a31675046","name":"Abracorp","image":{"@type":"ImageObject","@id":"https:\/\/blog.panrotas.com.br\/espacoabracorp\/#personlogo","inLanguage":"pt-BR","url":"https:\/\/secure.gravatar.com\/avatar\/99bbe21a9dbf2d47aa359523dbe05fc0?s=96&d=mm&r=g","contentUrl":"https:\/\/secure.gravatar.com\/avatar\/99bbe21a9dbf2d47aa359523dbe05fc0?s=96&d=mm&r=g","caption":"Abracorp"},"url":"https:\/\/blog.panrotas.com.br\/espacoabracorp\/author\/tanabeabracorp\/"}]}},"jetpack_featured_media_url":"","_links":{"self":[{"href":"https:\/\/blog.panrotas.com.br\/espacoabracorp\/wp-json\/wp\/v2\/posts\/1500"}],"collection":[{"href":"https:\/\/blog.panrotas.com.br\/espacoabracorp\/wp-json\/wp\/v2\/posts"}],"about":[{"href":"https:\/\/blog.panrotas.com.br\/espacoabracorp\/wp-json\/wp\/v2\/types\/post"}],"author":[{"embeddable":true,"href":"https:\/\/blog.panrotas.com.br\/espacoabracorp\/wp-json\/wp\/v2\/users\/45"}],"replies":[{"embeddable":true,"href":"https:\/\/blog.panrotas.com.br\/espacoabracorp\/wp-json\/wp\/v2\/comments?post=1500"}],"version-history":[{"count":4,"href":"https:\/\/blog.panrotas.com.br\/espacoabracorp\/wp-json\/wp\/v2\/posts\/1500\/revisions"}],"predecessor-version":[{"id":1507,"href":"https:\/\/blog.panrotas.com.br\/espacoabracorp\/wp-json\/wp\/v2\/posts\/1500\/revisions\/1507"}],"wp:attachment":[{"href":"https:\/\/blog.panrotas.com.br\/espacoabracorp\/wp-json\/wp\/v2\/media?parent=1500"}],"wp:term":[{"taxonomy":"category","embeddable":true,"href":"https:\/\/blog.panrotas.com.br\/espacoabracorp\/wp-json\/wp\/v2\/categories?post=1500"},{"taxonomy":"post_tag","embeddable":true,"href":"https:\/\/blog.panrotas.com.br\/espacoabracorp\/wp-json\/wp\/v2\/tags?post=1500"}],"curies":[{"name":"wp","href":"https:\/\/api.w.org\/{rel}","templated":true}]}}