{"id":1503,"date":"2023-05-02T08:52:37","date_gmt":"2023-05-02T11:52:37","guid":{"rendered":"https:\/\/blog.panrotas.com.br\/espacoabracorp\/?p=1503"},"modified":"2023-05-02T08:55:35","modified_gmt":"2023-05-02T11:55:35","slug":"competicao-e-cooperacao","status":"publish","type":"post","link":"https:\/\/blog.panrotas.com.br\/espacoabracorp\/2023\/05\/02\/competicao-e-cooperacao\/","title":{"rendered":"COMPETI\u00c7\u00c3O E COOPERA\u00c7\u00c3O"},"content":{"rendered":"\n<p>por Gerv\u00e1sio Tanabe, presidente executivo da Abracorp<br>&nbsp;<br>Na \u00faltima quinta-feira (27), tivemos nossa Reuni\u00e3o Geral dos Associados da Abracorp. \u00c9 uma inst\u00e2ncia importante de nossa governan\u00e7a, onde podemos apresentar o andamento dos projetos estrat\u00e9gicos e ajustar os planos de a\u00e7\u00e3o com esse grupo.<br>&nbsp;<br>Aconteceu no Pullman Ibirapuera (SP), da Rede Accor, com o suporte t\u00e9cnico da RCOM na infraestrutura de \u00e1udio, parceiros de valor Abracorp, que sempre tem nos apoiado nas atividades da entidade.<br>&nbsp;<br>No dia do encontro, t\u00ednhamos acabado de divulgar os resultados do setor de viagens corporativas. Fechamos em mar\u00e7o com expressivo crescimento de 44% em rela\u00e7\u00e3o ao mesmo m\u00eas de 2019. Foi R$ 1,28 bilh\u00e3o no per\u00edodo, comparados aos R$ 890 milh\u00f5es em mar\u00e7o de 2019. Um faturamento recorde, diga-se.<br>&nbsp;<br>O faturamento de mar\u00e7o deveu-se ao \u00f3timo desempenho do segmento de servi\u00e7os a\u00e9reas, que faturou R$ 820 milh\u00f5es, 42% acima do mesmo m\u00eas de 2919. Servi\u00e7os a\u00e9reos foram respons\u00e1veis por 64% de todo o volume dos onze setores analisados. \u00canfase para segmento a\u00e9reo dom\u00e9stico, que ficou abaixo apenas 12% em bilhetes emitidos em rela\u00e7\u00e3o a mar\u00e7o 19, com forte crescimento da Latam tanto em oferta como demanda. A Gol continua l\u00edder (+34,1%).<br>&nbsp;<br>As transa\u00e7\u00f5es de passagens a\u00e9reas dom\u00e9sticas nos estimulam a afirmar que o mercado dom\u00e9stico d\u00e1 claros sinais de recupera\u00e7\u00e3o. Mas a forte recupera\u00e7\u00e3o da hotelaria e do setor de loca\u00e7\u00e3o de ve\u00edculos continua, al\u00e9m do setor rodovi\u00e1rio, que registrou expressiva eleva\u00e7\u00e3o (+500%).<br>&nbsp;<br>Na pauta da reuni\u00e3o estava tamb\u00e9m o cronograma de implanta\u00e7\u00e3o do NDC. Retomamos os contatos com os desenvolvedores ARGO, em tratativas de integrac\u0327a\u0303o com WOOBA, ENVISION, LEMONTECH, RESERVE e WOOBA, para sabermos em qual est\u00e1gio estaria a integra\u00e7\u00e3o do NDC ao GDS para 15 companhias a\u00e9reas. <br><br>O primeiro painel que t\u00ednhamos era o de janeiro. Pois bem, de l\u00e1 para c\u00e1, pouco se avan\u00e7ou. Fica aqui o registro.<br>&nbsp;<br>\u00c9 n\u00edtido e claro que o mercado ainda est\u00e1 muito confuso e preocupado com o tema. \u00c9 sabido, tamb\u00e9m, que os GDSs est\u00e3o em discuss\u00f5es com importantes a\u00e9reas no mundo. A afirma\u00e7\u00e3o mais comum: estamos prontos. Mas estamos prontos para que e qual vers\u00e3o? Sim, pois o NDC tem, al\u00e9m de tudo, v\u00e1rias vers\u00f5es. <br><br>Alento \u00e9 sabermos que &nbsp;existem companhias a\u00e9reas que t\u00eam uma vis\u00e3o clara: entrar num projeto desses quando todos os fios estiverem conectados, sem riscos de choque, como afirmou o diretor de distribui\u00e7\u00e3o da DELTA AIRLINES, semanas atr\u00e1s. De fato, entendemos que n\u00e3o \u00e9 recomend\u00e1vel tentar oferecer experi\u00eancia ao cliente, fazendo experi\u00eancias. &nbsp;<br>&nbsp;<br>Ainda sobre a agenda de neg\u00f3cios, contamos com a presen\u00e7a da equipe da Gol. Foi uma boa conversa sobre mercado e a estrat\u00e9gia da empresa para os pr\u00f3ximos anos.<br>&nbsp;<br>Nesses encontros temos o compromisso de trazer novas tend\u00eancias, pensamentos para nos ajudar a pensar em modelos de gest\u00e3o em momentos t\u00e3o desafiadores. Nessa reuni\u00e3o convidamos o professor e palestrante F\u00e1bio Ashcar, autor do livro \u201cUma Grande Aventura: Conhe\u00e7a a hist\u00f3ria da Universal Studios\u201d, e do consultor Diogo Kotscho, que atuou como vice-presidente s\u00eanior de comunica\u00e7\u00e3o do Orlando City SC e Orlando Pride por oito anos.<br>&nbsp;<br>O tema era Competi\u00e7\u00e3o e Coopera\u00e7\u00e3o. F\u00e1bio falou como a Disney e a Universal, mesmo sendo concorrentes diretos, se uniram para criar um mercado ainda maior. Diogo trouxe sua experi\u00eancia na Major League Soccer, liga americana do nosso futebol, onde atuou por longos anos, ap\u00f3s passagem pela Ambev.<br>&nbsp;<br>Cada um do seu jeito deixou um bom recado: segundo suas experi\u00eancias, n\u00e3o raro deixou-se de pensar no individual para o bem do coletivo. Eles ressaltaram que essa decis\u00e3o n\u00e3o \u00e9 um conto de fadas. \u00c9 feita com muita discuss\u00e3o e dor. Mas acontece.<br>&nbsp;<br>A vis\u00e3o de competi\u00e7\u00e3o, que existe e sempre existir\u00e1 a relev\u00e2ncia da coopera\u00e7\u00e3o em busca de melhorias e crescimento do setor,  \u00e9 prioridade de grupo. O grupo cresce e, consequentemente, o integrante do grupo cresce. Essa \u00e9 a mensagem principal.<\/p>\n","protected":false},"excerpt":{"rendered":"<p>por Gerv\u00e1sio Tanabe, presidente executivo da Abracorp&nbsp;Na \u00faltima quinta-feira (27), tivemos nossa Reuni\u00e3o Geral dos Associados da Abracorp. \u00c9 uma inst\u00e2ncia importante de nossa governan\u00e7a, onde podemos apresentar o andamento dos projetos estrat\u00e9gicos e ajustar os planos de a\u00e7\u00e3o com esse grupo.&nbsp;Aconteceu no Pullman Ibirapuera (SP), da Rede Accor, com o suporte t\u00e9cnico da RCOM&hellip; <a class=\"more-link\" href=\"https:\/\/blog.panrotas.com.br\/espacoabracorp\/2023\/05\/02\/competicao-e-cooperacao\/\">Continue reading &rarr;<\/a><\/p>\n","protected":false},"author":45,"featured_media":0,"comment_status":"open","ping_status":"open","sticky":false,"template":"","format":"standard","meta":{"spay_email":""},"categories":[1],"tags":[],"yoast_head":"<!-- This site is optimized with the Yoast SEO plugin v17.3 - https:\/\/yoast.com\/wordpress\/plugins\/seo\/ -->\n<title>COMPETI\u00c7\u00c3O E COOPERA\u00c7\u00c3O - Espa\u00e7o Abracorp<\/title>\n<meta name=\"robots\" content=\"index, follow, max-snippet:-1, max-image-preview:large, max-video-preview:-1\" \/>\n<link rel=\"canonical\" href=\"https:\/\/blog.panrotas.com.br\/espacoabracorp\/2023\/05\/02\/competicao-e-cooperacao\/\" \/>\n<meta property=\"og:locale\" content=\"pt_BR\" \/>\n<meta property=\"og:type\" content=\"article\" \/>\n<meta property=\"og:title\" content=\"COMPETI\u00c7\u00c3O E COOPERA\u00c7\u00c3O - Espa\u00e7o Abracorp\" \/>\n<meta property=\"og:description\" content=\"por Gerv\u00e1sio Tanabe, presidente executivo da Abracorp&nbsp;Na \u00faltima quinta-feira (27), tivemos nossa Reuni\u00e3o Geral dos Associados da Abracorp. \u00c9 uma inst\u00e2ncia importante de nossa governan\u00e7a, onde podemos apresentar o andamento dos projetos estrat\u00e9gicos e ajustar os planos de a\u00e7\u00e3o com esse grupo.&nbsp;Aconteceu no Pullman Ibirapuera (SP), da Rede Accor, com o suporte t\u00e9cnico da RCOM&hellip; Continue reading &rarr;\" \/>\n<meta property=\"og:url\" content=\"https:\/\/blog.panrotas.com.br\/espacoabracorp\/2023\/05\/02\/competicao-e-cooperacao\/\" \/>\n<meta property=\"og:site_name\" content=\"Espa\u00e7o Abracorp\" \/>\n<meta property=\"article:published_time\" content=\"2023-05-02T11:52:37+00:00\" \/>\n<meta property=\"article:modified_time\" content=\"2023-05-02T11:55:35+00:00\" \/>\n<meta name=\"twitter:card\" content=\"summary_large_image\" \/>\n<meta name=\"twitter:label1\" content=\"Escrito por\" \/>\n\t<meta name=\"twitter:data1\" content=\"Abracorp\" \/>\n\t<meta name=\"twitter:label2\" content=\"Est. tempo de leitura\" \/>\n\t<meta name=\"twitter:data2\" content=\"3 minutos\" \/>\n<script type=\"application\/ld+json\" class=\"yoast-schema-graph\">{\"@context\":\"https:\/\/schema.org\",\"@graph\":[{\"@type\":\"WebSite\",\"@id\":\"https:\/\/blog.panrotas.com.br\/espacoabracorp\/#website\",\"url\":\"https:\/\/blog.panrotas.com.br\/espacoabracorp\/\",\"name\":\"Espa\\u00e7o Abracorp\",\"description\":\"Blogosfera PANROTAS\",\"potentialAction\":[{\"@type\":\"SearchAction\",\"target\":{\"@type\":\"EntryPoint\",\"urlTemplate\":\"https:\/\/blog.panrotas.com.br\/espacoabracorp\/?s={search_term_string}\"},\"query-input\":\"required name=search_term_string\"}],\"inLanguage\":\"pt-BR\"},{\"@type\":\"WebPage\",\"@id\":\"https:\/\/blog.panrotas.com.br\/espacoabracorp\/2023\/05\/02\/competicao-e-cooperacao\/#webpage\",\"url\":\"https:\/\/blog.panrotas.com.br\/espacoabracorp\/2023\/05\/02\/competicao-e-cooperacao\/\",\"name\":\"COMPETI\\u00c7\\u00c3O E COOPERA\\u00c7\\u00c3O - Espa\\u00e7o Abracorp\",\"isPartOf\":{\"@id\":\"https:\/\/blog.panrotas.com.br\/espacoabracorp\/#website\"},\"datePublished\":\"2023-05-02T11:52:37+00:00\",\"dateModified\":\"2023-05-02T11:55:35+00:00\",\"author\":{\"@id\":\"https:\/\/blog.panrotas.com.br\/espacoabracorp\/#\/schema\/person\/d6986bd17d86bdac13a8aa3a31675046\"},\"breadcrumb\":{\"@id\":\"https:\/\/blog.panrotas.com.br\/espacoabracorp\/2023\/05\/02\/competicao-e-cooperacao\/#breadcrumb\"},\"inLanguage\":\"pt-BR\",\"potentialAction\":[{\"@type\":\"ReadAction\",\"target\":[\"https:\/\/blog.panrotas.com.br\/espacoabracorp\/2023\/05\/02\/competicao-e-cooperacao\/\"]}]},{\"@type\":\"BreadcrumbList\",\"@id\":\"https:\/\/blog.panrotas.com.br\/espacoabracorp\/2023\/05\/02\/competicao-e-cooperacao\/#breadcrumb\",\"itemListElement\":[{\"@type\":\"ListItem\",\"position\":1,\"name\":\"In\\u00edcio\",\"item\":\"https:\/\/blog.panrotas.com.br\/espacoabracorp\/\"},{\"@type\":\"ListItem\",\"position\":2,\"name\":\"COMPETI\\u00c7\\u00c3O E COOPERA\\u00c7\\u00c3O\"}]},{\"@type\":\"Person\",\"@id\":\"https:\/\/blog.panrotas.com.br\/espacoabracorp\/#\/schema\/person\/d6986bd17d86bdac13a8aa3a31675046\",\"name\":\"Abracorp\",\"image\":{\"@type\":\"ImageObject\",\"@id\":\"https:\/\/blog.panrotas.com.br\/espacoabracorp\/#personlogo\",\"inLanguage\":\"pt-BR\",\"url\":\"https:\/\/secure.gravatar.com\/avatar\/99bbe21a9dbf2d47aa359523dbe05fc0?s=96&d=mm&r=g\",\"contentUrl\":\"https:\/\/secure.gravatar.com\/avatar\/99bbe21a9dbf2d47aa359523dbe05fc0?s=96&d=mm&r=g\",\"caption\":\"Abracorp\"},\"url\":\"https:\/\/blog.panrotas.com.br\/espacoabracorp\/author\/tanabeabracorp\/\"}]}<\/script>\n<!-- \/ Yoast SEO plugin. -->","yoast_head_json":{"title":"COMPETI\u00c7\u00c3O E COOPERA\u00c7\u00c3O - Espa\u00e7o Abracorp","robots":{"index":"index","follow":"follow","max-snippet":"max-snippet:-1","max-image-preview":"max-image-preview:large","max-video-preview":"max-video-preview:-1"},"canonical":"https:\/\/blog.panrotas.com.br\/espacoabracorp\/2023\/05\/02\/competicao-e-cooperacao\/","og_locale":"pt_BR","og_type":"article","og_title":"COMPETI\u00c7\u00c3O E COOPERA\u00c7\u00c3O - Espa\u00e7o Abracorp","og_description":"por Gerv\u00e1sio Tanabe, presidente executivo da Abracorp&nbsp;Na \u00faltima quinta-feira (27), tivemos nossa Reuni\u00e3o Geral dos Associados da Abracorp. \u00c9 uma inst\u00e2ncia importante de nossa governan\u00e7a, onde podemos apresentar o andamento dos projetos estrat\u00e9gicos e ajustar os planos de a\u00e7\u00e3o com esse grupo.&nbsp;Aconteceu no Pullman Ibirapuera (SP), da Rede Accor, com o suporte t\u00e9cnico da RCOM&hellip; Continue reading &rarr;","og_url":"https:\/\/blog.panrotas.com.br\/espacoabracorp\/2023\/05\/02\/competicao-e-cooperacao\/","og_site_name":"Espa\u00e7o Abracorp","article_published_time":"2023-05-02T11:52:37+00:00","article_modified_time":"2023-05-02T11:55:35+00:00","twitter_card":"summary_large_image","twitter_misc":{"Escrito por":"Abracorp","Est. tempo de leitura":"3 minutos"},"schema":{"@context":"https:\/\/schema.org","@graph":[{"@type":"WebSite","@id":"https:\/\/blog.panrotas.com.br\/espacoabracorp\/#website","url":"https:\/\/blog.panrotas.com.br\/espacoabracorp\/","name":"Espa\u00e7o Abracorp","description":"Blogosfera PANROTAS","potentialAction":[{"@type":"SearchAction","target":{"@type":"EntryPoint","urlTemplate":"https:\/\/blog.panrotas.com.br\/espacoabracorp\/?s={search_term_string}"},"query-input":"required name=search_term_string"}],"inLanguage":"pt-BR"},{"@type":"WebPage","@id":"https:\/\/blog.panrotas.com.br\/espacoabracorp\/2023\/05\/02\/competicao-e-cooperacao\/#webpage","url":"https:\/\/blog.panrotas.com.br\/espacoabracorp\/2023\/05\/02\/competicao-e-cooperacao\/","name":"COMPETI\u00c7\u00c3O E COOPERA\u00c7\u00c3O - Espa\u00e7o Abracorp","isPartOf":{"@id":"https:\/\/blog.panrotas.com.br\/espacoabracorp\/#website"},"datePublished":"2023-05-02T11:52:37+00:00","dateModified":"2023-05-02T11:55:35+00:00","author":{"@id":"https:\/\/blog.panrotas.com.br\/espacoabracorp\/#\/schema\/person\/d6986bd17d86bdac13a8aa3a31675046"},"breadcrumb":{"@id":"https:\/\/blog.panrotas.com.br\/espacoabracorp\/2023\/05\/02\/competicao-e-cooperacao\/#breadcrumb"},"inLanguage":"pt-BR","potentialAction":[{"@type":"ReadAction","target":["https:\/\/blog.panrotas.com.br\/espacoabracorp\/2023\/05\/02\/competicao-e-cooperacao\/"]}]},{"@type":"BreadcrumbList","@id":"https:\/\/blog.panrotas.com.br\/espacoabracorp\/2023\/05\/02\/competicao-e-cooperacao\/#breadcrumb","itemListElement":[{"@type":"ListItem","position":1,"name":"In\u00edcio","item":"https:\/\/blog.panrotas.com.br\/espacoabracorp\/"},{"@type":"ListItem","position":2,"name":"COMPETI\u00c7\u00c3O E COOPERA\u00c7\u00c3O"}]},{"@type":"Person","@id":"https:\/\/blog.panrotas.com.br\/espacoabracorp\/#\/schema\/person\/d6986bd17d86bdac13a8aa3a31675046","name":"Abracorp","image":{"@type":"ImageObject","@id":"https:\/\/blog.panrotas.com.br\/espacoabracorp\/#personlogo","inLanguage":"pt-BR","url":"https:\/\/secure.gravatar.com\/avatar\/99bbe21a9dbf2d47aa359523dbe05fc0?s=96&d=mm&r=g","contentUrl":"https:\/\/secure.gravatar.com\/avatar\/99bbe21a9dbf2d47aa359523dbe05fc0?s=96&d=mm&r=g","caption":"Abracorp"},"url":"https:\/\/blog.panrotas.com.br\/espacoabracorp\/author\/tanabeabracorp\/"}]}},"jetpack_featured_media_url":"","_links":{"self":[{"href":"https:\/\/blog.panrotas.com.br\/espacoabracorp\/wp-json\/wp\/v2\/posts\/1503"}],"collection":[{"href":"https:\/\/blog.panrotas.com.br\/espacoabracorp\/wp-json\/wp\/v2\/posts"}],"about":[{"href":"https:\/\/blog.panrotas.com.br\/espacoabracorp\/wp-json\/wp\/v2\/types\/post"}],"author":[{"embeddable":true,"href":"https:\/\/blog.panrotas.com.br\/espacoabracorp\/wp-json\/wp\/v2\/users\/45"}],"replies":[{"embeddable":true,"href":"https:\/\/blog.panrotas.com.br\/espacoabracorp\/wp-json\/wp\/v2\/comments?post=1503"}],"version-history":[{"count":3,"href":"https:\/\/blog.panrotas.com.br\/espacoabracorp\/wp-json\/wp\/v2\/posts\/1503\/revisions"}],"predecessor-version":[{"id":1511,"href":"https:\/\/blog.panrotas.com.br\/espacoabracorp\/wp-json\/wp\/v2\/posts\/1503\/revisions\/1511"}],"wp:attachment":[{"href":"https:\/\/blog.panrotas.com.br\/espacoabracorp\/wp-json\/wp\/v2\/media?parent=1503"}],"wp:term":[{"taxonomy":"category","embeddable":true,"href":"https:\/\/blog.panrotas.com.br\/espacoabracorp\/wp-json\/wp\/v2\/categories?post=1503"},{"taxonomy":"post_tag","embeddable":true,"href":"https:\/\/blog.panrotas.com.br\/espacoabracorp\/wp-json\/wp\/v2\/tags?post=1503"}],"curies":[{"name":"wp","href":"https:\/\/api.w.org\/{rel}","templated":true}]}}