{"id":1509,"date":"2023-07-04T08:02:56","date_gmt":"2023-07-04T11:02:56","guid":{"rendered":"https:\/\/blog.panrotas.com.br\/espacoabracorp\/?p=1509"},"modified":"2023-07-04T08:06:53","modified_gmt":"2023-07-04T11:06:53","slug":"turismo-corporativo-inicia-2o-semestre-com-varios-desafios","status":"publish","type":"post","link":"https:\/\/blog.panrotas.com.br\/espacoabracorp\/2023\/07\/04\/turismo-corporativo-inicia-2o-semestre-com-varios-desafios\/","title":{"rendered":"TURISMO CORPORATIVO INICIA 2\u00ba SEMESTRE COM V\u00c1RIOS DESAFIOS"},"content":{"rendered":"\n<p>Por Gerv\u00e1sio Tanabe, presidente executivo.<\/p>\n\n\n\n<p>Estamos iniciando o segundo semestre com uma agenda pr\u00e1 l\u00e1 de movimentada em v\u00e1rios segmentos da economia brasileira. A reforma tribut\u00e1ria \u00e9, sem d\u00favida, um dos temas de maior interesse no momento e que vai impactar tamb\u00e9m no setor de turismo em geral e nas viagens corporativas. A Proposta de Emenda Constitucional (PEC) que est\u00e1 sendo elaborada com mudan\u00e7as no regime de impostos do pa\u00eds ainda tenta costurar os mais variados e leg\u00edtimos interesses de agentes da economia brasileira.<br><br>Os nossos interesses, ali\u00e1s, est\u00e3o expressos no MANIFESTO PELA REFORMA TRIBUTA\u0301RIA JUSTA QUE PROMOVA O CRESCIMENTO DO BRASIL E DO TURISMO NACIONAL, assinado o pelo Grupo 20+, composto pelas principais associac\u0327o\u0303es do turismo e eventos no Brasil.<br><br>No nosso documento, identificamos algumas preocupac\u0327o\u0303es em rela\u00e7\u00e3o \u00e0 PEC: h\u00e1 risco, dependendo do texto final, de se aumentar drasticamente a carga tributa\u0301ria do setor de turismo e eventos e inviabilizar a competitividade internacional do Brasil no setor, destruindo emprego, renda e arrecadac\u0327a\u0303o de impostos. <br><br>O Manifesto tamb\u00e9m lembra que \u201co setor representa cerca de 10,5% do PIB brasileiro, com R$1,041 trilha\u0303o de receita bruta, sendo tambe\u0301m um dos maiores empregadores da economia, com 13,6 milho\u0303es de empregos diretos. Tudo isto com baixo impacto ambiental, promovendo nossa cultura e patrimo\u0302nio e apoiando a preservac\u0327a\u0303o do meio ambiente. E de modo descentralizado, nos va\u0301rios cantos do Brasil, levando desenvolvimento regional por meio da gerac\u0327a\u0303o de emprego e renda\u201d. <br><br>Assim, nossa proposta \u00e9 que seja adotada uma ali\u0301quota diferenciada para o setor de turismo e eventos no processo de reformulac\u0327a\u0303o do sistema tributa\u0301rio brasileiro. Entendemos que, com essa medida, \u201cteremos condic\u0327o\u0303es de aumentar a competitividade do Brasil como destino turi\u0301stico, estimulando a economia local, atraindo novos investimentos e promovendo o crescimento sustenta\u0301vel\u201d.<br><br>Somente esse tema j\u00e1 seria o bastante para atrair a aten\u00e7\u00e3o do setor neste segundo semestre, mas ainda temos mais. A Associa\u00e7\u00e3o Internacional de Transportes A\u00e9reos (IATA) est\u00e1 propondo uma redu\u00e7\u00e3o nos prazos de pagamento das companhias a\u00e9reas, o que pode aumentar a press\u00e3o sobre as ag\u00eancias de turismo, que atualmente j\u00e1 trabalham com um prazo curto, de 10 dias fechada a semana.  Essa sugest\u00e3o da IATA deve entrar em pauta neste segundo semestre.<br><br>Se o prazo for reduzido, as ag\u00eancias ter\u00e3o um cen\u00e1rio em seus caixas ainda mais dif\u00edcil, j\u00e1 que recebem atualmente por seus servi\u00e7os com prazos, principalmente de clientes de grande porte, de at\u00e9 120 dias. Ou seja, pagam pelos servi\u00e7os a\u00e9reos, que representam 60% de seu faturamento, com prazo de at\u00e9 10 dias e recebem em at\u00e9 quatro meses. Essa realidade torna imposs\u00edvel a gest\u00e3o de fluxo de caixa, de um mercado ainda em recupera\u00e7\u00e3o ap\u00f3s o longo per\u00edodo de pandemia.<br><br>Essa dificuldade no fluxo de caixa contradiz a discuss\u00e3o sobre como se relacionar da forma mais saud\u00e1vel e sustent\u00e1vel com os clientes, um dos princ\u00edpios da pol\u00edtica de ESG. O G de governan\u00e7a aborda a rela\u00e7\u00e3o entre stakeholders, que n\u00e3o vem sendo respeitada por uma parte dos grandes clientes das ag\u00eancias de viagens corporativas. <br><br>\u00c9 um princ\u00edpio que devemos lembrar sempre.<br><\/p>\n","protected":false},"excerpt":{"rendered":"<p>Por Gerv\u00e1sio Tanabe, presidente executivo. Estamos iniciando o segundo semestre com uma agenda pr\u00e1 l\u00e1 de movimentada em v\u00e1rios segmentos da economia brasileira. A reforma tribut\u00e1ria \u00e9, sem d\u00favida, um dos temas de maior interesse no momento e que vai impactar tamb\u00e9m no setor de turismo em geral e nas viagens corporativas. A Proposta de&hellip; <a class=\"more-link\" href=\"https:\/\/blog.panrotas.com.br\/espacoabracorp\/2023\/07\/04\/turismo-corporativo-inicia-2o-semestre-com-varios-desafios\/\">Continue reading &rarr;<\/a><\/p>\n","protected":false},"author":45,"featured_media":0,"comment_status":"open","ping_status":"open","sticky":false,"template":"","format":"standard","meta":{"spay_email":""},"categories":[1],"tags":[],"yoast_head":"<!-- This site is optimized with the Yoast SEO plugin v17.3 - https:\/\/yoast.com\/wordpress\/plugins\/seo\/ -->\n<title>TURISMO CORPORATIVO INICIA 2\u00ba SEMESTRE COM V\u00c1RIOS DESAFIOS - Espa\u00e7o Abracorp<\/title>\n<meta name=\"robots\" content=\"index, follow, max-snippet:-1, max-image-preview:large, max-video-preview:-1\" \/>\n<link rel=\"canonical\" href=\"https:\/\/blog.panrotas.com.br\/espacoabracorp\/2023\/07\/04\/turismo-corporativo-inicia-2o-semestre-com-varios-desafios\/\" \/>\n<meta property=\"og:locale\" content=\"pt_BR\" \/>\n<meta property=\"og:type\" content=\"article\" \/>\n<meta property=\"og:title\" content=\"TURISMO CORPORATIVO INICIA 2\u00ba SEMESTRE COM V\u00c1RIOS DESAFIOS - Espa\u00e7o Abracorp\" \/>\n<meta property=\"og:description\" content=\"Por Gerv\u00e1sio Tanabe, presidente executivo. Estamos iniciando o segundo semestre com uma agenda pr\u00e1 l\u00e1 de movimentada em v\u00e1rios segmentos da economia brasileira. A reforma tribut\u00e1ria \u00e9, sem d\u00favida, um dos temas de maior interesse no momento e que vai impactar tamb\u00e9m no setor de turismo em geral e nas viagens corporativas. A Proposta de&hellip; Continue reading &rarr;\" \/>\n<meta property=\"og:url\" content=\"https:\/\/blog.panrotas.com.br\/espacoabracorp\/2023\/07\/04\/turismo-corporativo-inicia-2o-semestre-com-varios-desafios\/\" \/>\n<meta property=\"og:site_name\" content=\"Espa\u00e7o Abracorp\" \/>\n<meta property=\"article:published_time\" content=\"2023-07-04T11:02:56+00:00\" \/>\n<meta property=\"article:modified_time\" content=\"2023-07-04T11:06:53+00:00\" \/>\n<meta name=\"twitter:card\" content=\"summary_large_image\" \/>\n<meta name=\"twitter:label1\" content=\"Escrito por\" \/>\n\t<meta name=\"twitter:data1\" content=\"Abracorp\" \/>\n\t<meta name=\"twitter:label2\" content=\"Est. tempo de leitura\" \/>\n\t<meta name=\"twitter:data2\" content=\"3 minutos\" \/>\n<script type=\"application\/ld+json\" class=\"yoast-schema-graph\">{\"@context\":\"https:\/\/schema.org\",\"@graph\":[{\"@type\":\"WebSite\",\"@id\":\"https:\/\/blog.panrotas.com.br\/espacoabracorp\/#website\",\"url\":\"https:\/\/blog.panrotas.com.br\/espacoabracorp\/\",\"name\":\"Espa\\u00e7o Abracorp\",\"description\":\"Blogosfera PANROTAS\",\"potentialAction\":[{\"@type\":\"SearchAction\",\"target\":{\"@type\":\"EntryPoint\",\"urlTemplate\":\"https:\/\/blog.panrotas.com.br\/espacoabracorp\/?s={search_term_string}\"},\"query-input\":\"required name=search_term_string\"}],\"inLanguage\":\"pt-BR\"},{\"@type\":\"WebPage\",\"@id\":\"https:\/\/blog.panrotas.com.br\/espacoabracorp\/2023\/07\/04\/turismo-corporativo-inicia-2o-semestre-com-varios-desafios\/#webpage\",\"url\":\"https:\/\/blog.panrotas.com.br\/espacoabracorp\/2023\/07\/04\/turismo-corporativo-inicia-2o-semestre-com-varios-desafios\/\",\"name\":\"TURISMO CORPORATIVO INICIA 2\\u00ba SEMESTRE COM V\\u00c1RIOS DESAFIOS - Espa\\u00e7o Abracorp\",\"isPartOf\":{\"@id\":\"https:\/\/blog.panrotas.com.br\/espacoabracorp\/#website\"},\"datePublished\":\"2023-07-04T11:02:56+00:00\",\"dateModified\":\"2023-07-04T11:06:53+00:00\",\"author\":{\"@id\":\"https:\/\/blog.panrotas.com.br\/espacoabracorp\/#\/schema\/person\/d6986bd17d86bdac13a8aa3a31675046\"},\"breadcrumb\":{\"@id\":\"https:\/\/blog.panrotas.com.br\/espacoabracorp\/2023\/07\/04\/turismo-corporativo-inicia-2o-semestre-com-varios-desafios\/#breadcrumb\"},\"inLanguage\":\"pt-BR\",\"potentialAction\":[{\"@type\":\"ReadAction\",\"target\":[\"https:\/\/blog.panrotas.com.br\/espacoabracorp\/2023\/07\/04\/turismo-corporativo-inicia-2o-semestre-com-varios-desafios\/\"]}]},{\"@type\":\"BreadcrumbList\",\"@id\":\"https:\/\/blog.panrotas.com.br\/espacoabracorp\/2023\/07\/04\/turismo-corporativo-inicia-2o-semestre-com-varios-desafios\/#breadcrumb\",\"itemListElement\":[{\"@type\":\"ListItem\",\"position\":1,\"name\":\"In\\u00edcio\",\"item\":\"https:\/\/blog.panrotas.com.br\/espacoabracorp\/\"},{\"@type\":\"ListItem\",\"position\":2,\"name\":\"TURISMO CORPORATIVO INICIA 2\\u00ba SEMESTRE COM V\\u00c1RIOS DESAFIOS\"}]},{\"@type\":\"Person\",\"@id\":\"https:\/\/blog.panrotas.com.br\/espacoabracorp\/#\/schema\/person\/d6986bd17d86bdac13a8aa3a31675046\",\"name\":\"Abracorp\",\"image\":{\"@type\":\"ImageObject\",\"@id\":\"https:\/\/blog.panrotas.com.br\/espacoabracorp\/#personlogo\",\"inLanguage\":\"pt-BR\",\"url\":\"https:\/\/secure.gravatar.com\/avatar\/99bbe21a9dbf2d47aa359523dbe05fc0?s=96&d=mm&r=g\",\"contentUrl\":\"https:\/\/secure.gravatar.com\/avatar\/99bbe21a9dbf2d47aa359523dbe05fc0?s=96&d=mm&r=g\",\"caption\":\"Abracorp\"},\"url\":\"https:\/\/blog.panrotas.com.br\/espacoabracorp\/author\/tanabeabracorp\/\"}]}<\/script>\n<!-- \/ Yoast SEO plugin. -->","yoast_head_json":{"title":"TURISMO CORPORATIVO INICIA 2\u00ba SEMESTRE COM V\u00c1RIOS DESAFIOS - Espa\u00e7o Abracorp","robots":{"index":"index","follow":"follow","max-snippet":"max-snippet:-1","max-image-preview":"max-image-preview:large","max-video-preview":"max-video-preview:-1"},"canonical":"https:\/\/blog.panrotas.com.br\/espacoabracorp\/2023\/07\/04\/turismo-corporativo-inicia-2o-semestre-com-varios-desafios\/","og_locale":"pt_BR","og_type":"article","og_title":"TURISMO CORPORATIVO INICIA 2\u00ba SEMESTRE COM V\u00c1RIOS DESAFIOS - Espa\u00e7o Abracorp","og_description":"Por Gerv\u00e1sio Tanabe, presidente executivo. Estamos iniciando o segundo semestre com uma agenda pr\u00e1 l\u00e1 de movimentada em v\u00e1rios segmentos da economia brasileira. A reforma tribut\u00e1ria \u00e9, sem d\u00favida, um dos temas de maior interesse no momento e que vai impactar tamb\u00e9m no setor de turismo em geral e nas viagens corporativas. A Proposta de&hellip; Continue reading &rarr;","og_url":"https:\/\/blog.panrotas.com.br\/espacoabracorp\/2023\/07\/04\/turismo-corporativo-inicia-2o-semestre-com-varios-desafios\/","og_site_name":"Espa\u00e7o Abracorp","article_published_time":"2023-07-04T11:02:56+00:00","article_modified_time":"2023-07-04T11:06:53+00:00","twitter_card":"summary_large_image","twitter_misc":{"Escrito por":"Abracorp","Est. tempo de leitura":"3 minutos"},"schema":{"@context":"https:\/\/schema.org","@graph":[{"@type":"WebSite","@id":"https:\/\/blog.panrotas.com.br\/espacoabracorp\/#website","url":"https:\/\/blog.panrotas.com.br\/espacoabracorp\/","name":"Espa\u00e7o Abracorp","description":"Blogosfera PANROTAS","potentialAction":[{"@type":"SearchAction","target":{"@type":"EntryPoint","urlTemplate":"https:\/\/blog.panrotas.com.br\/espacoabracorp\/?s={search_term_string}"},"query-input":"required name=search_term_string"}],"inLanguage":"pt-BR"},{"@type":"WebPage","@id":"https:\/\/blog.panrotas.com.br\/espacoabracorp\/2023\/07\/04\/turismo-corporativo-inicia-2o-semestre-com-varios-desafios\/#webpage","url":"https:\/\/blog.panrotas.com.br\/espacoabracorp\/2023\/07\/04\/turismo-corporativo-inicia-2o-semestre-com-varios-desafios\/","name":"TURISMO CORPORATIVO INICIA 2\u00ba SEMESTRE COM V\u00c1RIOS DESAFIOS - Espa\u00e7o Abracorp","isPartOf":{"@id":"https:\/\/blog.panrotas.com.br\/espacoabracorp\/#website"},"datePublished":"2023-07-04T11:02:56+00:00","dateModified":"2023-07-04T11:06:53+00:00","author":{"@id":"https:\/\/blog.panrotas.com.br\/espacoabracorp\/#\/schema\/person\/d6986bd17d86bdac13a8aa3a31675046"},"breadcrumb":{"@id":"https:\/\/blog.panrotas.com.br\/espacoabracorp\/2023\/07\/04\/turismo-corporativo-inicia-2o-semestre-com-varios-desafios\/#breadcrumb"},"inLanguage":"pt-BR","potentialAction":[{"@type":"ReadAction","target":["https:\/\/blog.panrotas.com.br\/espacoabracorp\/2023\/07\/04\/turismo-corporativo-inicia-2o-semestre-com-varios-desafios\/"]}]},{"@type":"BreadcrumbList","@id":"https:\/\/blog.panrotas.com.br\/espacoabracorp\/2023\/07\/04\/turismo-corporativo-inicia-2o-semestre-com-varios-desafios\/#breadcrumb","itemListElement":[{"@type":"ListItem","position":1,"name":"In\u00edcio","item":"https:\/\/blog.panrotas.com.br\/espacoabracorp\/"},{"@type":"ListItem","position":2,"name":"TURISMO CORPORATIVO INICIA 2\u00ba SEMESTRE COM V\u00c1RIOS DESAFIOS"}]},{"@type":"Person","@id":"https:\/\/blog.panrotas.com.br\/espacoabracorp\/#\/schema\/person\/d6986bd17d86bdac13a8aa3a31675046","name":"Abracorp","image":{"@type":"ImageObject","@id":"https:\/\/blog.panrotas.com.br\/espacoabracorp\/#personlogo","inLanguage":"pt-BR","url":"https:\/\/secure.gravatar.com\/avatar\/99bbe21a9dbf2d47aa359523dbe05fc0?s=96&d=mm&r=g","contentUrl":"https:\/\/secure.gravatar.com\/avatar\/99bbe21a9dbf2d47aa359523dbe05fc0?s=96&d=mm&r=g","caption":"Abracorp"},"url":"https:\/\/blog.panrotas.com.br\/espacoabracorp\/author\/tanabeabracorp\/"}]}},"jetpack_featured_media_url":"","_links":{"self":[{"href":"https:\/\/blog.panrotas.com.br\/espacoabracorp\/wp-json\/wp\/v2\/posts\/1509"}],"collection":[{"href":"https:\/\/blog.panrotas.com.br\/espacoabracorp\/wp-json\/wp\/v2\/posts"}],"about":[{"href":"https:\/\/blog.panrotas.com.br\/espacoabracorp\/wp-json\/wp\/v2\/types\/post"}],"author":[{"embeddable":true,"href":"https:\/\/blog.panrotas.com.br\/espacoabracorp\/wp-json\/wp\/v2\/users\/45"}],"replies":[{"embeddable":true,"href":"https:\/\/blog.panrotas.com.br\/espacoabracorp\/wp-json\/wp\/v2\/comments?post=1509"}],"version-history":[{"count":2,"href":"https:\/\/blog.panrotas.com.br\/espacoabracorp\/wp-json\/wp\/v2\/posts\/1509\/revisions"}],"predecessor-version":[{"id":1514,"href":"https:\/\/blog.panrotas.com.br\/espacoabracorp\/wp-json\/wp\/v2\/posts\/1509\/revisions\/1514"}],"wp:attachment":[{"href":"https:\/\/blog.panrotas.com.br\/espacoabracorp\/wp-json\/wp\/v2\/media?parent=1509"}],"wp:term":[{"taxonomy":"category","embeddable":true,"href":"https:\/\/blog.panrotas.com.br\/espacoabracorp\/wp-json\/wp\/v2\/categories?post=1509"},{"taxonomy":"post_tag","embeddable":true,"href":"https:\/\/blog.panrotas.com.br\/espacoabracorp\/wp-json\/wp\/v2\/tags?post=1509"}],"curies":[{"name":"wp","href":"https:\/\/api.w.org\/{rel}","templated":true}]}}