{"id":1513,"date":"2023-07-31T09:50:29","date_gmt":"2023-07-31T12:50:29","guid":{"rendered":"https:\/\/blog.panrotas.com.br\/espacoabracorp\/?p=1513"},"modified":"2023-08-01T08:17:23","modified_gmt":"2023-08-01T11:17:23","slug":"faturamento-do-primeiro-semestre-cresce-17-projecao-dos-proximos-seis-meses-e-otimista","status":"publish","type":"post","link":"https:\/\/blog.panrotas.com.br\/espacoabracorp\/2023\/07\/31\/faturamento-do-primeiro-semestre-cresce-17-projecao-dos-proximos-seis-meses-e-otimista\/","title":{"rendered":"FATURAMENTO DO PRIMEIRO SEMESTRE CRESCE 17%; PROJE\u00c7\u00c3O DOS PR\u00d3XIMOS SEIS MESES \u00c9 OTIMISTA"},"content":{"rendered":"\n<p>by Gerv\u00e1sio Tanabe, presidente executivo<br><br>O faturamento do setor de viagens corporativas alcan\u00e7ou R$ 6,526 bilh\u00f5es no primeiro semestre no ano, 17% acima do mesmo per\u00edodo de 2109, quando registrou R$ 5,570 bilh\u00f5es, antes da pandemia da Covid-19. Com tudo isso, nossa previs\u00e3o \u00e9 que o ano dever\u00e1 ter faturamento melhor do que 2019. Por\u00e9m, o n\u00famero de transa\u00e7\u00f5es, principalmente no segmento a\u00e9reo, n\u00e3o dever\u00e1 ser superior ao per\u00edodo pr\u00e9-pandemia. <br><br>Lembro que mar\u00e7o registrou um desempenho hist\u00f3rico, com um expressivo crescimento de 44% em rela\u00e7\u00e3o ao mesmo m\u00eas de 2019, antes da pandemia. Foi R$ 1,28 bilh\u00e3o no m\u00eas passado, comparados aos R$ 890 milh\u00f5es em mar\u00e7o de 2019.  Junho foi o quarto m\u00eas consecutivo em que o faturamento supera a marca de $ 1 bilh\u00e3o. Em 2019, essa marca aconteceu ao longo de 12 meses. <br><br>Por\u00e9m, esse jogo pode mudar conforme os desdobramentos da vota\u00e7\u00e3o da reforma tribut\u00e1ria, que agora ser\u00e1 avaliada pelo Senado Federal ap\u00f3s o per\u00edodo de recesso parlamentar.  Esta \u00e9 hoje a maior preocupa\u00e7\u00e3o do setor, na medida que o agenciamento de viagens n\u00e3o foi inclu\u00eddo dentre aqueles setores beneficiados com proposta de redu\u00e7\u00e3o de tributa\u00e7\u00e3o. N\u00e3o faz sentido o setor estar fora, j\u00e1 que somos geradores e indutores na movimenta\u00e7\u00e3o de hot\u00e9is, parques e restaurantes, com os eventos corporativos e, portanto, somos parte integrante dessa cadeia produtiva.<br><br>O setor de turismo e eventos representa cerca de 10,5% do PIB brasileiro, com R$ 1,041 trilha\u0303o de receita bruta, sendo tambe\u0301m um dos maiores empregadores da economia, com 13,6 milho\u0303es de empregos diretos. Tudo isto com baixo impacto ambiental, promovendo nossa cultura e patrimo\u0302nio e apoiando a preservac\u0327a\u0303o do meio ambiente. E de modo descentralizado, nos va\u0301rios cantos do Brasil, levando desenvolvimento regional por meio da gerac\u0327a\u0303o de emprego e renda.<br><br>Esses temas me levam a outro tamb\u00e9m relevante: ESG, onde destaco a Governan\u00e7a. Entre nossas pr\u00e1ticas, destaco o CANAL DE TRANSPAR\u00caNCIA ABRACORP. Esse canal visa o desenvolvimento do setor, como ponto de conex\u00e3o entre as TMCs Abracorp (entre elas mesmo), fornecedores e clientes. Atrav\u00e9s de um modelo de arbitragem independente, propiciando discuss\u00f5es transparentes sobre os temas tratados. \u00c9 \u00fanico no setor.<br><br>Temos como objetivo atuar na orienta\u00e7\u00e3o aos nossos stakeholders e atuamos nas quest\u00f5es corporativas ligadas a condutas contr\u00e1rias \u00e0s diretrizes do C\u00f3digo de \u00c9tica e Conduta e dos Princ\u00edpios e Valores do Associado e dos guias de boas pr\u00e1ticas de fornecedores e clientes. <br><br><br>Esses s\u00e3o os pontos de nossas agendas nesses segundo semestre.<br><\/p>\n","protected":false},"excerpt":{"rendered":"<p>by Gerv\u00e1sio Tanabe, presidente executivo O faturamento do setor de viagens corporativas alcan\u00e7ou R$ 6,526 bilh\u00f5es no primeiro semestre no ano, 17% acima do mesmo per\u00edodo de 2109, quando registrou R$ 5,570 bilh\u00f5es, antes da pandemia da Covid-19. Com tudo isso, nossa previs\u00e3o \u00e9 que o ano dever\u00e1 ter faturamento melhor do que 2019. Por\u00e9m,&hellip; <a class=\"more-link\" href=\"https:\/\/blog.panrotas.com.br\/espacoabracorp\/2023\/07\/31\/faturamento-do-primeiro-semestre-cresce-17-projecao-dos-proximos-seis-meses-e-otimista\/\">Continue reading &rarr;<\/a><\/p>\n","protected":false},"author":45,"featured_media":0,"comment_status":"open","ping_status":"open","sticky":false,"template":"","format":"standard","meta":{"spay_email":""},"categories":[1],"tags":[],"yoast_head":"<!-- This site is optimized with the Yoast SEO plugin v17.3 - https:\/\/yoast.com\/wordpress\/plugins\/seo\/ -->\n<title>FATURAMENTO DO PRIMEIRO SEMESTRE CRESCE 17%; PROJE\u00c7\u00c3O DOS PR\u00d3XIMOS SEIS MESES \u00c9 OTIMISTA - Espa\u00e7o Abracorp<\/title>\n<meta name=\"robots\" content=\"index, follow, max-snippet:-1, max-image-preview:large, max-video-preview:-1\" \/>\n<link rel=\"canonical\" href=\"https:\/\/blog.panrotas.com.br\/espacoabracorp\/2023\/07\/31\/faturamento-do-primeiro-semestre-cresce-17-projecao-dos-proximos-seis-meses-e-otimista\/\" \/>\n<meta property=\"og:locale\" content=\"pt_BR\" \/>\n<meta property=\"og:type\" content=\"article\" \/>\n<meta property=\"og:title\" content=\"FATURAMENTO DO PRIMEIRO SEMESTRE CRESCE 17%; PROJE\u00c7\u00c3O DOS PR\u00d3XIMOS SEIS MESES \u00c9 OTIMISTA - Espa\u00e7o Abracorp\" \/>\n<meta property=\"og:description\" content=\"by Gerv\u00e1sio Tanabe, presidente executivo O faturamento do setor de viagens corporativas alcan\u00e7ou R$ 6,526 bilh\u00f5es no primeiro semestre no ano, 17% acima do mesmo per\u00edodo de 2109, quando registrou R$ 5,570 bilh\u00f5es, antes da pandemia da Covid-19. Com tudo isso, nossa previs\u00e3o \u00e9 que o ano dever\u00e1 ter faturamento melhor do que 2019. Por\u00e9m,&hellip; Continue reading &rarr;\" \/>\n<meta property=\"og:url\" content=\"https:\/\/blog.panrotas.com.br\/espacoabracorp\/2023\/07\/31\/faturamento-do-primeiro-semestre-cresce-17-projecao-dos-proximos-seis-meses-e-otimista\/\" \/>\n<meta property=\"og:site_name\" content=\"Espa\u00e7o Abracorp\" \/>\n<meta property=\"article:published_time\" content=\"2023-07-31T12:50:29+00:00\" \/>\n<meta property=\"article:modified_time\" content=\"2023-08-01T11:17:23+00:00\" \/>\n<meta name=\"twitter:card\" content=\"summary_large_image\" \/>\n<meta name=\"twitter:label1\" content=\"Escrito por\" \/>\n\t<meta name=\"twitter:data1\" content=\"Abracorp\" \/>\n\t<meta name=\"twitter:label2\" content=\"Est. tempo de leitura\" \/>\n\t<meta name=\"twitter:data2\" content=\"2 minutos\" \/>\n<script type=\"application\/ld+json\" class=\"yoast-schema-graph\">{\"@context\":\"https:\/\/schema.org\",\"@graph\":[{\"@type\":\"WebSite\",\"@id\":\"https:\/\/blog.panrotas.com.br\/espacoabracorp\/#website\",\"url\":\"https:\/\/blog.panrotas.com.br\/espacoabracorp\/\",\"name\":\"Espa\\u00e7o Abracorp\",\"description\":\"Blogosfera PANROTAS\",\"potentialAction\":[{\"@type\":\"SearchAction\",\"target\":{\"@type\":\"EntryPoint\",\"urlTemplate\":\"https:\/\/blog.panrotas.com.br\/espacoabracorp\/?s={search_term_string}\"},\"query-input\":\"required name=search_term_string\"}],\"inLanguage\":\"pt-BR\"},{\"@type\":\"WebPage\",\"@id\":\"https:\/\/blog.panrotas.com.br\/espacoabracorp\/2023\/07\/31\/faturamento-do-primeiro-semestre-cresce-17-projecao-dos-proximos-seis-meses-e-otimista\/#webpage\",\"url\":\"https:\/\/blog.panrotas.com.br\/espacoabracorp\/2023\/07\/31\/faturamento-do-primeiro-semestre-cresce-17-projecao-dos-proximos-seis-meses-e-otimista\/\",\"name\":\"FATURAMENTO DO PRIMEIRO SEMESTRE CRESCE 17%; PROJE\\u00c7\\u00c3O DOS PR\\u00d3XIMOS SEIS MESES \\u00c9 OTIMISTA - Espa\\u00e7o Abracorp\",\"isPartOf\":{\"@id\":\"https:\/\/blog.panrotas.com.br\/espacoabracorp\/#website\"},\"datePublished\":\"2023-07-31T12:50:29+00:00\",\"dateModified\":\"2023-08-01T11:17:23+00:00\",\"author\":{\"@id\":\"https:\/\/blog.panrotas.com.br\/espacoabracorp\/#\/schema\/person\/d6986bd17d86bdac13a8aa3a31675046\"},\"breadcrumb\":{\"@id\":\"https:\/\/blog.panrotas.com.br\/espacoabracorp\/2023\/07\/31\/faturamento-do-primeiro-semestre-cresce-17-projecao-dos-proximos-seis-meses-e-otimista\/#breadcrumb\"},\"inLanguage\":\"pt-BR\",\"potentialAction\":[{\"@type\":\"ReadAction\",\"target\":[\"https:\/\/blog.panrotas.com.br\/espacoabracorp\/2023\/07\/31\/faturamento-do-primeiro-semestre-cresce-17-projecao-dos-proximos-seis-meses-e-otimista\/\"]}]},{\"@type\":\"BreadcrumbList\",\"@id\":\"https:\/\/blog.panrotas.com.br\/espacoabracorp\/2023\/07\/31\/faturamento-do-primeiro-semestre-cresce-17-projecao-dos-proximos-seis-meses-e-otimista\/#breadcrumb\",\"itemListElement\":[{\"@type\":\"ListItem\",\"position\":1,\"name\":\"In\\u00edcio\",\"item\":\"https:\/\/blog.panrotas.com.br\/espacoabracorp\/\"},{\"@type\":\"ListItem\",\"position\":2,\"name\":\"FATURAMENTO DO PRIMEIRO SEMESTRE CRESCE 17%; PROJE\\u00c7\\u00c3O DOS PR\\u00d3XIMOS SEIS MESES \\u00c9 OTIMISTA\"}]},{\"@type\":\"Person\",\"@id\":\"https:\/\/blog.panrotas.com.br\/espacoabracorp\/#\/schema\/person\/d6986bd17d86bdac13a8aa3a31675046\",\"name\":\"Abracorp\",\"image\":{\"@type\":\"ImageObject\",\"@id\":\"https:\/\/blog.panrotas.com.br\/espacoabracorp\/#personlogo\",\"inLanguage\":\"pt-BR\",\"url\":\"https:\/\/secure.gravatar.com\/avatar\/99bbe21a9dbf2d47aa359523dbe05fc0?s=96&d=mm&r=g\",\"contentUrl\":\"https:\/\/secure.gravatar.com\/avatar\/99bbe21a9dbf2d47aa359523dbe05fc0?s=96&d=mm&r=g\",\"caption\":\"Abracorp\"},\"url\":\"https:\/\/blog.panrotas.com.br\/espacoabracorp\/author\/tanabeabracorp\/\"}]}<\/script>\n<!-- \/ Yoast SEO plugin. -->","yoast_head_json":{"title":"FATURAMENTO DO PRIMEIRO SEMESTRE CRESCE 17%; PROJE\u00c7\u00c3O DOS PR\u00d3XIMOS SEIS MESES \u00c9 OTIMISTA - Espa\u00e7o Abracorp","robots":{"index":"index","follow":"follow","max-snippet":"max-snippet:-1","max-image-preview":"max-image-preview:large","max-video-preview":"max-video-preview:-1"},"canonical":"https:\/\/blog.panrotas.com.br\/espacoabracorp\/2023\/07\/31\/faturamento-do-primeiro-semestre-cresce-17-projecao-dos-proximos-seis-meses-e-otimista\/","og_locale":"pt_BR","og_type":"article","og_title":"FATURAMENTO DO PRIMEIRO SEMESTRE CRESCE 17%; PROJE\u00c7\u00c3O DOS PR\u00d3XIMOS SEIS MESES \u00c9 OTIMISTA - Espa\u00e7o Abracorp","og_description":"by Gerv\u00e1sio Tanabe, presidente executivo O faturamento do setor de viagens corporativas alcan\u00e7ou R$ 6,526 bilh\u00f5es no primeiro semestre no ano, 17% acima do mesmo per\u00edodo de 2109, quando registrou R$ 5,570 bilh\u00f5es, antes da pandemia da Covid-19. Com tudo isso, nossa previs\u00e3o \u00e9 que o ano dever\u00e1 ter faturamento melhor do que 2019. Por\u00e9m,&hellip; Continue reading &rarr;","og_url":"https:\/\/blog.panrotas.com.br\/espacoabracorp\/2023\/07\/31\/faturamento-do-primeiro-semestre-cresce-17-projecao-dos-proximos-seis-meses-e-otimista\/","og_site_name":"Espa\u00e7o Abracorp","article_published_time":"2023-07-31T12:50:29+00:00","article_modified_time":"2023-08-01T11:17:23+00:00","twitter_card":"summary_large_image","twitter_misc":{"Escrito por":"Abracorp","Est. tempo de leitura":"2 minutos"},"schema":{"@context":"https:\/\/schema.org","@graph":[{"@type":"WebSite","@id":"https:\/\/blog.panrotas.com.br\/espacoabracorp\/#website","url":"https:\/\/blog.panrotas.com.br\/espacoabracorp\/","name":"Espa\u00e7o Abracorp","description":"Blogosfera PANROTAS","potentialAction":[{"@type":"SearchAction","target":{"@type":"EntryPoint","urlTemplate":"https:\/\/blog.panrotas.com.br\/espacoabracorp\/?s={search_term_string}"},"query-input":"required name=search_term_string"}],"inLanguage":"pt-BR"},{"@type":"WebPage","@id":"https:\/\/blog.panrotas.com.br\/espacoabracorp\/2023\/07\/31\/faturamento-do-primeiro-semestre-cresce-17-projecao-dos-proximos-seis-meses-e-otimista\/#webpage","url":"https:\/\/blog.panrotas.com.br\/espacoabracorp\/2023\/07\/31\/faturamento-do-primeiro-semestre-cresce-17-projecao-dos-proximos-seis-meses-e-otimista\/","name":"FATURAMENTO DO PRIMEIRO SEMESTRE CRESCE 17%; PROJE\u00c7\u00c3O DOS PR\u00d3XIMOS SEIS MESES \u00c9 OTIMISTA - Espa\u00e7o Abracorp","isPartOf":{"@id":"https:\/\/blog.panrotas.com.br\/espacoabracorp\/#website"},"datePublished":"2023-07-31T12:50:29+00:00","dateModified":"2023-08-01T11:17:23+00:00","author":{"@id":"https:\/\/blog.panrotas.com.br\/espacoabracorp\/#\/schema\/person\/d6986bd17d86bdac13a8aa3a31675046"},"breadcrumb":{"@id":"https:\/\/blog.panrotas.com.br\/espacoabracorp\/2023\/07\/31\/faturamento-do-primeiro-semestre-cresce-17-projecao-dos-proximos-seis-meses-e-otimista\/#breadcrumb"},"inLanguage":"pt-BR","potentialAction":[{"@type":"ReadAction","target":["https:\/\/blog.panrotas.com.br\/espacoabracorp\/2023\/07\/31\/faturamento-do-primeiro-semestre-cresce-17-projecao-dos-proximos-seis-meses-e-otimista\/"]}]},{"@type":"BreadcrumbList","@id":"https:\/\/blog.panrotas.com.br\/espacoabracorp\/2023\/07\/31\/faturamento-do-primeiro-semestre-cresce-17-projecao-dos-proximos-seis-meses-e-otimista\/#breadcrumb","itemListElement":[{"@type":"ListItem","position":1,"name":"In\u00edcio","item":"https:\/\/blog.panrotas.com.br\/espacoabracorp\/"},{"@type":"ListItem","position":2,"name":"FATURAMENTO DO PRIMEIRO SEMESTRE CRESCE 17%; PROJE\u00c7\u00c3O DOS PR\u00d3XIMOS SEIS MESES \u00c9 OTIMISTA"}]},{"@type":"Person","@id":"https:\/\/blog.panrotas.com.br\/espacoabracorp\/#\/schema\/person\/d6986bd17d86bdac13a8aa3a31675046","name":"Abracorp","image":{"@type":"ImageObject","@id":"https:\/\/blog.panrotas.com.br\/espacoabracorp\/#personlogo","inLanguage":"pt-BR","url":"https:\/\/secure.gravatar.com\/avatar\/99bbe21a9dbf2d47aa359523dbe05fc0?s=96&d=mm&r=g","contentUrl":"https:\/\/secure.gravatar.com\/avatar\/99bbe21a9dbf2d47aa359523dbe05fc0?s=96&d=mm&r=g","caption":"Abracorp"},"url":"https:\/\/blog.panrotas.com.br\/espacoabracorp\/author\/tanabeabracorp\/"}]}},"jetpack_featured_media_url":"","_links":{"self":[{"href":"https:\/\/blog.panrotas.com.br\/espacoabracorp\/wp-json\/wp\/v2\/posts\/1513"}],"collection":[{"href":"https:\/\/blog.panrotas.com.br\/espacoabracorp\/wp-json\/wp\/v2\/posts"}],"about":[{"href":"https:\/\/blog.panrotas.com.br\/espacoabracorp\/wp-json\/wp\/v2\/types\/post"}],"author":[{"embeddable":true,"href":"https:\/\/blog.panrotas.com.br\/espacoabracorp\/wp-json\/wp\/v2\/users\/45"}],"replies":[{"embeddable":true,"href":"https:\/\/blog.panrotas.com.br\/espacoabracorp\/wp-json\/wp\/v2\/comments?post=1513"}],"version-history":[{"count":2,"href":"https:\/\/blog.panrotas.com.br\/espacoabracorp\/wp-json\/wp\/v2\/posts\/1513\/revisions"}],"predecessor-version":[{"id":1517,"href":"https:\/\/blog.panrotas.com.br\/espacoabracorp\/wp-json\/wp\/v2\/posts\/1513\/revisions\/1517"}],"wp:attachment":[{"href":"https:\/\/blog.panrotas.com.br\/espacoabracorp\/wp-json\/wp\/v2\/media?parent=1513"}],"wp:term":[{"taxonomy":"category","embeddable":true,"href":"https:\/\/blog.panrotas.com.br\/espacoabracorp\/wp-json\/wp\/v2\/categories?post=1513"},{"taxonomy":"post_tag","embeddable":true,"href":"https:\/\/blog.panrotas.com.br\/espacoabracorp\/wp-json\/wp\/v2\/tags?post=1513"}],"curies":[{"name":"wp","href":"https:\/\/api.w.org\/{rel}","templated":true}]}}