{"id":1519,"date":"2023-08-18T15:53:32","date_gmt":"2023-08-18T18:53:32","guid":{"rendered":"https:\/\/blog.panrotas.com.br\/espacoabracorp\/?p=1519"},"modified":"2023-08-21T11:45:14","modified_gmt":"2023-08-21T14:45:14","slug":"turismo-e-eventos-reforma-tributariia-e-uma-ameaca-para-o-setor","status":"publish","type":"post","link":"https:\/\/blog.panrotas.com.br\/espacoabracorp\/2023\/08\/18\/turismo-e-eventos-reforma-tributariia-e-uma-ameaca-para-o-setor\/","title":{"rendered":"TURISMO E EVENTOS: REFORMA TRIBUT\u00c1RIA \u00c9 UM RISCO PARA O SETOR"},"content":{"rendered":"\n<p>by Gerv\u00e1sio Tanabe, presidente executivo Abracorp<br><br>O texto da Reforma Tribut\u00e1ria que est\u00e1 tramitando no Senado \u00e9 uma amea\u00e7a para o setor de Turismo e Eventos. Essa \u00e9 uma das conclus\u00f5es do estudo realizado pela Fecom\u00e9rcio SP, que foi apresentado por Sarina Manata, assessora jur\u00eddica da entidade, em reuni\u00e3o entre as lideran\u00e7as da Associa\u00e7\u00e3o Brasileira das Associa\u00e7\u00e3o Brasileira de Ag\u00eancias de Viagens Corporativas.<br><br>Mais do que isso, o estudo lembra que parte desta distor\u00e7\u00e3o se deve ao fato de que o setor ainda n\u00e3o est\u00e1 na lista de poss\u00edveis Regimes Especiais, que j\u00e1 inclui combust\u00edveis e lubrificantes; servi\u00e7os financeiros; opera\u00e7\u00f5es com bens im\u00f3veis; planos de assist\u00eancia \u00e0 sa\u00fade; concursos de progn\u00f3sticos; opera\u00e7\u00f5es contratadas pela administra\u00e7\u00e3o p\u00fablica direta, por autarquias e por funda\u00e7\u00f5es p\u00fablicas; sociedade cooperativas (optativo); servi\u00e7os de hotelaria, parques de divers\u00e3o e parques tem\u00e1ticos, restaurantes, bares e avia\u00e7\u00e3o regional.<br><br>N\u00e3o considerar esse regime especial para o setor \u00e9 ignorar que o setor de turismo e eventos representa cerca de 10,5% do PIB brasileiro, com R$ 1,041 trilha\u0303o de receita bruta, sendo tambe\u0301m um dos maiores empregadores da economia, com 13,6 milho\u0303es de empregos diretos. Tudo isto com reduzido impacto ambiental, promovendo nossa cultura e patrimo\u0302nio e apoiando a preservac\u0327a\u0303o do meio ambiente. \u00c9 ignorar tamb\u00e9m que o setor de servi\u00e7os representa 58% da m\u00e3o de obra nesse Pa\u00eds, sendo, portanto, o setor que mais emprega e onde menos a tecnologia substitui o ser humano. Enfim, gera\u00e7\u00e3o de emprego e renda na veia, bin\u00f4mio mais s\u00f3lido para um crescimento econ\u00f4mico sustentado.<br><br>O impacto das al\u00edquotas dos novos tributos realizado pela Fecom\u00e9rcio SP levou em considera\u00e7\u00e3o tr\u00eas cen\u00e1rios, de acordo com o regime de tributa\u00e7\u00e3o: Simples Nacional, lucro presumido e lucro real. <br><br>No exemplo apresentado, uma empresa optante pelo Simples Nacional, com receita anual de 1,8 milh\u00e3o e receita mensal de R$ 100.000,00, hoje paga R$ 13.030,00. Pela proposta, a empresa que decidir excluir o IBS e a CBS do regime \u00fanico, dever\u00e1 arcar com o Simples Nacional de R$ 6.632,00 (relativo IRPJ, CSLL e CPP), acrescido de R$ 25.000,00 de IBS\/CBS. \u201cApesar de a proposta garantir o tratamento diferenciado e favorecido a micro e pequena empresa, restringe o cr\u00e9dito do IBS e da CBS ao valor cobrado no regime \u00fanico, o que \u00e9 um retrocesso com rela\u00e7\u00e3o a sistem\u00e1tica atual, que permite a transfer\u00eancia de cr\u00e9dito integral de PIS e COFINS. A empresa optante do Simples Nacional dever\u00e1 escolher em manter integralmente no regime diferenciado e perder competitividade ou excluir os novos tributos do regime e arcar com significativo aumento dos tributos pagos\u201d diz Manata.<br><br>As simula\u00e7\u00f5es em detalhes.<\/p>\n\n\n\n<figure class=\"wp-block-image size-large\"><img loading=\"lazy\" width=\"350\" height=\"276\" src=\"https:\/\/blog.panrotas.com.br\/espacoabracorp\/wp-content\/uploads\/sites\/16\/2023\/08\/image-3.png\" alt=\"\" class=\"wp-image-1527\" srcset=\"https:\/\/blog.panrotas.com.br\/espacoabracorp\/wp-content\/uploads\/sites\/16\/2023\/08\/image-3.png 350w, https:\/\/blog.panrotas.com.br\/espacoabracorp\/wp-content\/uploads\/sites\/16\/2023\/08\/image-3-300x237.png 300w\" sizes=\"(max-width: 350px) 100vw, 350px\" \/><\/figure>\n\n\n\n<figure class=\"wp-block-image size-large\"><img loading=\"lazy\" width=\"362\" height=\"296\" src=\"https:\/\/blog.panrotas.com.br\/espacoabracorp\/wp-content\/uploads\/sites\/16\/2023\/08\/image-4.png\" alt=\"\" class=\"wp-image-1528\" srcset=\"https:\/\/blog.panrotas.com.br\/espacoabracorp\/wp-content\/uploads\/sites\/16\/2023\/08\/image-4.png 362w, https:\/\/blog.panrotas.com.br\/espacoabracorp\/wp-content\/uploads\/sites\/16\/2023\/08\/image-4-300x245.png 300w\" sizes=\"(max-width: 362px) 100vw, 362px\" \/><\/figure>\n\n\n\n<figure class=\"wp-block-image size-large\"><img loading=\"lazy\" width=\"366\" height=\"290\" src=\"https:\/\/blog.panrotas.com.br\/espacoabracorp\/wp-content\/uploads\/sites\/16\/2023\/08\/image-5.png\" alt=\"\" class=\"wp-image-1529\" srcset=\"https:\/\/blog.panrotas.com.br\/espacoabracorp\/wp-content\/uploads\/sites\/16\/2023\/08\/image-5.png 366w, https:\/\/blog.panrotas.com.br\/espacoabracorp\/wp-content\/uploads\/sites\/16\/2023\/08\/image-5-300x238.png 300w\" sizes=\"(max-width: 366px) 100vw, 366px\" \/><\/figure>\n\n\n\n<p><br><br> <br><br> <br><\/p>\n\n\n\n<p><br> <br><br> <br><\/p>\n","protected":false},"excerpt":{"rendered":"<p>by Gerv\u00e1sio Tanabe, presidente executivo Abracorp O texto da Reforma Tribut\u00e1ria que est\u00e1 tramitando no Senado \u00e9 uma amea\u00e7a para o setor de Turismo e Eventos. Essa \u00e9 uma das conclus\u00f5es do estudo realizado pela Fecom\u00e9rcio SP, que foi apresentado por Sarina Manata, assessora jur\u00eddica da entidade, em reuni\u00e3o entre as lideran\u00e7as da Associa\u00e7\u00e3o Brasileira&hellip; <a class=\"more-link\" href=\"https:\/\/blog.panrotas.com.br\/espacoabracorp\/2023\/08\/18\/turismo-e-eventos-reforma-tributariia-e-uma-ameaca-para-o-setor\/\">Continue reading &rarr;<\/a><\/p>\n","protected":false},"author":45,"featured_media":0,"comment_status":"open","ping_status":"open","sticky":false,"template":"","format":"standard","meta":{"spay_email":""},"categories":[1],"tags":[],"yoast_head":"<!-- This site is optimized with the Yoast SEO plugin v17.3 - https:\/\/yoast.com\/wordpress\/plugins\/seo\/ -->\n<title>TURISMO E EVENTOS: REFORMA TRIBUT\u00c1RIA \u00c9 UM RISCO PARA O SETOR - Espa\u00e7o Abracorp<\/title>\n<meta name=\"robots\" content=\"index, follow, max-snippet:-1, max-image-preview:large, max-video-preview:-1\" \/>\n<link rel=\"canonical\" href=\"https:\/\/blog.panrotas.com.br\/espacoabracorp\/2023\/08\/18\/turismo-e-eventos-reforma-tributariia-e-uma-ameaca-para-o-setor\/\" \/>\n<meta property=\"og:locale\" content=\"pt_BR\" \/>\n<meta property=\"og:type\" content=\"article\" \/>\n<meta property=\"og:title\" content=\"TURISMO E EVENTOS: REFORMA TRIBUT\u00c1RIA \u00c9 UM RISCO PARA O SETOR - Espa\u00e7o Abracorp\" \/>\n<meta property=\"og:description\" content=\"by Gerv\u00e1sio Tanabe, presidente executivo Abracorp O texto da Reforma Tribut\u00e1ria que est\u00e1 tramitando no Senado \u00e9 uma amea\u00e7a para o setor de Turismo e Eventos. Essa \u00e9 uma das conclus\u00f5es do estudo realizado pela Fecom\u00e9rcio SP, que foi apresentado por Sarina Manata, assessora jur\u00eddica da entidade, em reuni\u00e3o entre as lideran\u00e7as da Associa\u00e7\u00e3o Brasileira&hellip; Continue reading &rarr;\" \/>\n<meta property=\"og:url\" content=\"https:\/\/blog.panrotas.com.br\/espacoabracorp\/2023\/08\/18\/turismo-e-eventos-reforma-tributariia-e-uma-ameaca-para-o-setor\/\" \/>\n<meta property=\"og:site_name\" content=\"Espa\u00e7o Abracorp\" \/>\n<meta property=\"article:published_time\" content=\"2023-08-18T18:53:32+00:00\" \/>\n<meta property=\"article:modified_time\" content=\"2023-08-21T14:45:14+00:00\" \/>\n<meta property=\"og:image\" content=\"https:\/\/blog.panrotas.com.br\/espacoabracorp\/wp-content\/uploads\/sites\/16\/2023\/08\/image-3.png\" \/>\n<meta name=\"twitter:card\" content=\"summary_large_image\" \/>\n<meta name=\"twitter:label1\" content=\"Escrito por\" \/>\n\t<meta name=\"twitter:data1\" content=\"Abracorp\" \/>\n\t<meta name=\"twitter:label2\" content=\"Est. tempo de leitura\" \/>\n\t<meta name=\"twitter:data2\" content=\"3 minutos\" \/>\n<script type=\"application\/ld+json\" class=\"yoast-schema-graph\">{\"@context\":\"https:\/\/schema.org\",\"@graph\":[{\"@type\":\"WebSite\",\"@id\":\"https:\/\/blog.panrotas.com.br\/espacoabracorp\/#website\",\"url\":\"https:\/\/blog.panrotas.com.br\/espacoabracorp\/\",\"name\":\"Espa\\u00e7o Abracorp\",\"description\":\"Blogosfera PANROTAS\",\"potentialAction\":[{\"@type\":\"SearchAction\",\"target\":{\"@type\":\"EntryPoint\",\"urlTemplate\":\"https:\/\/blog.panrotas.com.br\/espacoabracorp\/?s={search_term_string}\"},\"query-input\":\"required name=search_term_string\"}],\"inLanguage\":\"pt-BR\"},{\"@type\":\"ImageObject\",\"@id\":\"https:\/\/blog.panrotas.com.br\/espacoabracorp\/2023\/08\/18\/turismo-e-eventos-reforma-tributariia-e-uma-ameaca-para-o-setor\/#primaryimage\",\"inLanguage\":\"pt-BR\",\"url\":\"https:\/\/blog.panrotas.com.br\/espacoabracorp\/wp-content\/uploads\/sites\/16\/2023\/08\/image-3.png\",\"contentUrl\":\"https:\/\/blog.panrotas.com.br\/espacoabracorp\/wp-content\/uploads\/sites\/16\/2023\/08\/image-3.png\",\"width\":350,\"height\":276},{\"@type\":\"WebPage\",\"@id\":\"https:\/\/blog.panrotas.com.br\/espacoabracorp\/2023\/08\/18\/turismo-e-eventos-reforma-tributariia-e-uma-ameaca-para-o-setor\/#webpage\",\"url\":\"https:\/\/blog.panrotas.com.br\/espacoabracorp\/2023\/08\/18\/turismo-e-eventos-reforma-tributariia-e-uma-ameaca-para-o-setor\/\",\"name\":\"TURISMO E EVENTOS: REFORMA TRIBUT\\u00c1RIA \\u00c9 UM RISCO PARA O SETOR - Espa\\u00e7o Abracorp\",\"isPartOf\":{\"@id\":\"https:\/\/blog.panrotas.com.br\/espacoabracorp\/#website\"},\"primaryImageOfPage\":{\"@id\":\"https:\/\/blog.panrotas.com.br\/espacoabracorp\/2023\/08\/18\/turismo-e-eventos-reforma-tributariia-e-uma-ameaca-para-o-setor\/#primaryimage\"},\"datePublished\":\"2023-08-18T18:53:32+00:00\",\"dateModified\":\"2023-08-21T14:45:14+00:00\",\"author\":{\"@id\":\"https:\/\/blog.panrotas.com.br\/espacoabracorp\/#\/schema\/person\/d6986bd17d86bdac13a8aa3a31675046\"},\"breadcrumb\":{\"@id\":\"https:\/\/blog.panrotas.com.br\/espacoabracorp\/2023\/08\/18\/turismo-e-eventos-reforma-tributariia-e-uma-ameaca-para-o-setor\/#breadcrumb\"},\"inLanguage\":\"pt-BR\",\"potentialAction\":[{\"@type\":\"ReadAction\",\"target\":[\"https:\/\/blog.panrotas.com.br\/espacoabracorp\/2023\/08\/18\/turismo-e-eventos-reforma-tributariia-e-uma-ameaca-para-o-setor\/\"]}]},{\"@type\":\"BreadcrumbList\",\"@id\":\"https:\/\/blog.panrotas.com.br\/espacoabracorp\/2023\/08\/18\/turismo-e-eventos-reforma-tributariia-e-uma-ameaca-para-o-setor\/#breadcrumb\",\"itemListElement\":[{\"@type\":\"ListItem\",\"position\":1,\"name\":\"In\\u00edcio\",\"item\":\"https:\/\/blog.panrotas.com.br\/espacoabracorp\/\"},{\"@type\":\"ListItem\",\"position\":2,\"name\":\"TURISMO E EVENTOS: REFORMA TRIBUT\\u00c1RIA \\u00c9 UM RISCO PARA O SETOR\"}]},{\"@type\":\"Person\",\"@id\":\"https:\/\/blog.panrotas.com.br\/espacoabracorp\/#\/schema\/person\/d6986bd17d86bdac13a8aa3a31675046\",\"name\":\"Abracorp\",\"image\":{\"@type\":\"ImageObject\",\"@id\":\"https:\/\/blog.panrotas.com.br\/espacoabracorp\/#personlogo\",\"inLanguage\":\"pt-BR\",\"url\":\"https:\/\/secure.gravatar.com\/avatar\/99bbe21a9dbf2d47aa359523dbe05fc0?s=96&d=mm&r=g\",\"contentUrl\":\"https:\/\/secure.gravatar.com\/avatar\/99bbe21a9dbf2d47aa359523dbe05fc0?s=96&d=mm&r=g\",\"caption\":\"Abracorp\"},\"url\":\"https:\/\/blog.panrotas.com.br\/espacoabracorp\/author\/tanabeabracorp\/\"}]}<\/script>\n<!-- \/ Yoast SEO plugin. -->","yoast_head_json":{"title":"TURISMO E EVENTOS: REFORMA TRIBUT\u00c1RIA \u00c9 UM RISCO PARA O SETOR - Espa\u00e7o Abracorp","robots":{"index":"index","follow":"follow","max-snippet":"max-snippet:-1","max-image-preview":"max-image-preview:large","max-video-preview":"max-video-preview:-1"},"canonical":"https:\/\/blog.panrotas.com.br\/espacoabracorp\/2023\/08\/18\/turismo-e-eventos-reforma-tributariia-e-uma-ameaca-para-o-setor\/","og_locale":"pt_BR","og_type":"article","og_title":"TURISMO E EVENTOS: REFORMA TRIBUT\u00c1RIA \u00c9 UM RISCO PARA O SETOR - Espa\u00e7o Abracorp","og_description":"by Gerv\u00e1sio Tanabe, presidente executivo Abracorp O texto da Reforma Tribut\u00e1ria que est\u00e1 tramitando no Senado \u00e9 uma amea\u00e7a para o setor de Turismo e Eventos. Essa \u00e9 uma das conclus\u00f5es do estudo realizado pela Fecom\u00e9rcio SP, que foi apresentado por Sarina Manata, assessora jur\u00eddica da entidade, em reuni\u00e3o entre as lideran\u00e7as da Associa\u00e7\u00e3o Brasileira&hellip; Continue reading &rarr;","og_url":"https:\/\/blog.panrotas.com.br\/espacoabracorp\/2023\/08\/18\/turismo-e-eventos-reforma-tributariia-e-uma-ameaca-para-o-setor\/","og_site_name":"Espa\u00e7o Abracorp","article_published_time":"2023-08-18T18:53:32+00:00","article_modified_time":"2023-08-21T14:45:14+00:00","og_image":[{"url":"https:\/\/blog.panrotas.com.br\/espacoabracorp\/wp-content\/uploads\/sites\/16\/2023\/08\/image-3.png"}],"twitter_card":"summary_large_image","twitter_misc":{"Escrito por":"Abracorp","Est. tempo de leitura":"3 minutos"},"schema":{"@context":"https:\/\/schema.org","@graph":[{"@type":"WebSite","@id":"https:\/\/blog.panrotas.com.br\/espacoabracorp\/#website","url":"https:\/\/blog.panrotas.com.br\/espacoabracorp\/","name":"Espa\u00e7o Abracorp","description":"Blogosfera PANROTAS","potentialAction":[{"@type":"SearchAction","target":{"@type":"EntryPoint","urlTemplate":"https:\/\/blog.panrotas.com.br\/espacoabracorp\/?s={search_term_string}"},"query-input":"required name=search_term_string"}],"inLanguage":"pt-BR"},{"@type":"ImageObject","@id":"https:\/\/blog.panrotas.com.br\/espacoabracorp\/2023\/08\/18\/turismo-e-eventos-reforma-tributariia-e-uma-ameaca-para-o-setor\/#primaryimage","inLanguage":"pt-BR","url":"https:\/\/blog.panrotas.com.br\/espacoabracorp\/wp-content\/uploads\/sites\/16\/2023\/08\/image-3.png","contentUrl":"https:\/\/blog.panrotas.com.br\/espacoabracorp\/wp-content\/uploads\/sites\/16\/2023\/08\/image-3.png","width":350,"height":276},{"@type":"WebPage","@id":"https:\/\/blog.panrotas.com.br\/espacoabracorp\/2023\/08\/18\/turismo-e-eventos-reforma-tributariia-e-uma-ameaca-para-o-setor\/#webpage","url":"https:\/\/blog.panrotas.com.br\/espacoabracorp\/2023\/08\/18\/turismo-e-eventos-reforma-tributariia-e-uma-ameaca-para-o-setor\/","name":"TURISMO E EVENTOS: REFORMA TRIBUT\u00c1RIA \u00c9 UM RISCO PARA O SETOR - Espa\u00e7o Abracorp","isPartOf":{"@id":"https:\/\/blog.panrotas.com.br\/espacoabracorp\/#website"},"primaryImageOfPage":{"@id":"https:\/\/blog.panrotas.com.br\/espacoabracorp\/2023\/08\/18\/turismo-e-eventos-reforma-tributariia-e-uma-ameaca-para-o-setor\/#primaryimage"},"datePublished":"2023-08-18T18:53:32+00:00","dateModified":"2023-08-21T14:45:14+00:00","author":{"@id":"https:\/\/blog.panrotas.com.br\/espacoabracorp\/#\/schema\/person\/d6986bd17d86bdac13a8aa3a31675046"},"breadcrumb":{"@id":"https:\/\/blog.panrotas.com.br\/espacoabracorp\/2023\/08\/18\/turismo-e-eventos-reforma-tributariia-e-uma-ameaca-para-o-setor\/#breadcrumb"},"inLanguage":"pt-BR","potentialAction":[{"@type":"ReadAction","target":["https:\/\/blog.panrotas.com.br\/espacoabracorp\/2023\/08\/18\/turismo-e-eventos-reforma-tributariia-e-uma-ameaca-para-o-setor\/"]}]},{"@type":"BreadcrumbList","@id":"https:\/\/blog.panrotas.com.br\/espacoabracorp\/2023\/08\/18\/turismo-e-eventos-reforma-tributariia-e-uma-ameaca-para-o-setor\/#breadcrumb","itemListElement":[{"@type":"ListItem","position":1,"name":"In\u00edcio","item":"https:\/\/blog.panrotas.com.br\/espacoabracorp\/"},{"@type":"ListItem","position":2,"name":"TURISMO E EVENTOS: REFORMA TRIBUT\u00c1RIA \u00c9 UM RISCO PARA O SETOR"}]},{"@type":"Person","@id":"https:\/\/blog.panrotas.com.br\/espacoabracorp\/#\/schema\/person\/d6986bd17d86bdac13a8aa3a31675046","name":"Abracorp","image":{"@type":"ImageObject","@id":"https:\/\/blog.panrotas.com.br\/espacoabracorp\/#personlogo","inLanguage":"pt-BR","url":"https:\/\/secure.gravatar.com\/avatar\/99bbe21a9dbf2d47aa359523dbe05fc0?s=96&d=mm&r=g","contentUrl":"https:\/\/secure.gravatar.com\/avatar\/99bbe21a9dbf2d47aa359523dbe05fc0?s=96&d=mm&r=g","caption":"Abracorp"},"url":"https:\/\/blog.panrotas.com.br\/espacoabracorp\/author\/tanabeabracorp\/"}]}},"jetpack_featured_media_url":"","_links":{"self":[{"href":"https:\/\/blog.panrotas.com.br\/espacoabracorp\/wp-json\/wp\/v2\/posts\/1519"}],"collection":[{"href":"https:\/\/blog.panrotas.com.br\/espacoabracorp\/wp-json\/wp\/v2\/posts"}],"about":[{"href":"https:\/\/blog.panrotas.com.br\/espacoabracorp\/wp-json\/wp\/v2\/types\/post"}],"author":[{"embeddable":true,"href":"https:\/\/blog.panrotas.com.br\/espacoabracorp\/wp-json\/wp\/v2\/users\/45"}],"replies":[{"embeddable":true,"href":"https:\/\/blog.panrotas.com.br\/espacoabracorp\/wp-json\/wp\/v2\/comments?post=1519"}],"version-history":[{"count":7,"href":"https:\/\/blog.panrotas.com.br\/espacoabracorp\/wp-json\/wp\/v2\/posts\/1519\/revisions"}],"predecessor-version":[{"id":1535,"href":"https:\/\/blog.panrotas.com.br\/espacoabracorp\/wp-json\/wp\/v2\/posts\/1519\/revisions\/1535"}],"wp:attachment":[{"href":"https:\/\/blog.panrotas.com.br\/espacoabracorp\/wp-json\/wp\/v2\/media?parent=1519"}],"wp:term":[{"taxonomy":"category","embeddable":true,"href":"https:\/\/blog.panrotas.com.br\/espacoabracorp\/wp-json\/wp\/v2\/categories?post=1519"},{"taxonomy":"post_tag","embeddable":true,"href":"https:\/\/blog.panrotas.com.br\/espacoabracorp\/wp-json\/wp\/v2\/tags?post=1519"}],"curies":[{"name":"wp","href":"https:\/\/api.w.org\/{rel}","templated":true}]}}