{"id":1537,"date":"2023-09-04T14:06:09","date_gmt":"2023-09-04T17:06:09","guid":{"rendered":"https:\/\/blog.panrotas.com.br\/espacoabracorp\/?p=1537"},"modified":"2023-09-04T14:24:31","modified_gmt":"2023-09-04T17:24:31","slug":"abracorp-considera-caso-123milhas-pontual-e-destaca-trabalho-etico-e-responsavel-do-setor","status":"publish","type":"post","link":"https:\/\/blog.panrotas.com.br\/espacoabracorp\/2023\/09\/04\/abracorp-considera-caso-123milhas-pontual-e-destaca-trabalho-etico-e-responsavel-do-setor\/","title":{"rendered":"Abracorp considera caso 123Milhas pontual e destaca trabalho \u00e9tico e respons\u00e1vel do setor"},"content":{"rendered":"\n<p>Nesta semana, o mercado de turismo de lazer e neg\u00f3cios acompanhou mais um desdobramento no caso da 123Milhas, que entrou com o pedido de Recupera\u00e7\u00e3o Judicial. Esse \u00e9 o segundo abalo vis\u00edvel enfrentado pelo setor que j\u00e1 vinha acomodando os efeitos negativos de sua reputa\u00e7\u00e3o ap\u00f3s o caso da Hurb. E que sofreu duramente no per\u00edodo do auge da pandemia da Covid-19 e vem agora experimentado forte recupera\u00e7\u00e3o.<\/p>\n\n\n\n<p>Por isso, a Associa\u00e7\u00e3o Brasileira de Ag\u00eancias de Viagens Corporativas \u2013 Abracorp, que une os interesses de 24 associados, respons\u00e1veis por quase 80% das viagens corporativas gerenciadas no Brasil, entende ser importante estabelecer uma r\u00e9gua comparativa que separe os modelos de neg\u00f3cios eficientes e sustent\u00e1veis dos que apresentam solu\u00e7\u00f5es que coloquem em risco os sonhos dos consumidores finais.<\/p>\n\n\n\n<p>Importante destacar que as dificuldades enfrentadas pela 123Milhas e Hurb s\u00e3o pontuais e de forma alguma prejudicam as empresas que operam com \u00e9tica e respeito aos clientes.<\/p>\n\n\n\n<p>Os associados da Abracorp est\u00e3o nesse grupo, fornecendo aos seus clientes seguran\u00e7a e plataformas tecnol\u00f3gicas reconhecidos pelos seus clientes finais. Al\u00e9m disso, possuem em comum um modelo de Governan\u00e7a baseada nas melhores pr\u00e1ticas nacionais e internacionais, o que garantem o sucesso de cada movimento que fazem.<\/p>\n\n\n\n<p>A Abracorp espera que os acontecimentos de Hurb e 123Milhas n\u00e3o abalem o caminho positivo que o mercado est\u00e1 seguindo. O faturamento de julho do setor de viagens corporativas alcan\u00e7ou R$ 1,101 bilh\u00e3o, 13,59% acima do mesmo per\u00edodo de 2109, quando registrou R$ 969 milh\u00f5es, antes da pandemia da Covid-19. O segmento a\u00e9reo dom\u00e9stico deste m\u00eas ficou apenas 11% abaixo do mesmo per\u00edodo de 2019, que, segundos previs\u00f5es da Associa\u00e7\u00e3o, ter\u00e1 recupera\u00e7\u00e3o completa ao longo do 2\u00ba semestre. Outro ponto de destaque \u00e9 o setor de Hotelaria, que manteve um crescimento de 22,76% em rela\u00e7\u00e3o a julho de 19.<\/p>\n\n\n\n<p>Quando visto em um \u00e2ngulo ainda maior, o setor de turismo e eventos representa cerca de 10,5% do PIB brasileiro, com R$ 1,041 trilh\u00e3o de receita bruta, sendo tamb\u00e9m um dos maiores empregadores da economia, com 13,6 milh\u00f5es de empregos diretos. Tudo isto com reduzido impacto ambiental, promovendo nossa cultura e patrim\u00f4nio e apoiando a preserva\u00e7\u00e3o do meio ambiente.<\/p>\n\n\n\n<p>Tudo isso conquistado com muito suor, compet\u00eancia e respeito ao consumidor, ingredientes genu\u00ednos de quem quer construir uma reputa\u00e7\u00e3o sustent\u00e1vel.<\/p>\n","protected":false},"excerpt":{"rendered":"<p>Nesta semana, o mercado de turismo de lazer e neg\u00f3cios acompanhou mais um desdobramento no caso da 123Milhas, que entrou com o pedido de Recupera\u00e7\u00e3o Judicial. Esse \u00e9 o segundo abalo vis\u00edvel enfrentado pelo setor que j\u00e1 vinha acomodando os efeitos negativos de sua reputa\u00e7\u00e3o ap\u00f3s o caso da Hurb. E que sofreu duramente no&hellip; <a class=\"more-link\" href=\"https:\/\/blog.panrotas.com.br\/espacoabracorp\/2023\/09\/04\/abracorp-considera-caso-123milhas-pontual-e-destaca-trabalho-etico-e-responsavel-do-setor\/\">Continue reading &rarr;<\/a><\/p>\n","protected":false},"author":50,"featured_media":0,"comment_status":"open","ping_status":"open","sticky":false,"template":"","format":"standard","meta":{"spay_email":""},"categories":[1],"tags":[],"yoast_head":"<!-- This site is optimized with the Yoast SEO plugin v17.3 - https:\/\/yoast.com\/wordpress\/plugins\/seo\/ -->\n<title>Abracorp considera caso 123Milhas pontual e destaca trabalho \u00e9tico e respons\u00e1vel do setor - Espa\u00e7o Abracorp<\/title>\n<meta name=\"robots\" content=\"index, follow, max-snippet:-1, max-image-preview:large, max-video-preview:-1\" \/>\n<link rel=\"canonical\" href=\"https:\/\/blog.panrotas.com.br\/espacoabracorp\/2023\/09\/04\/abracorp-considera-caso-123milhas-pontual-e-destaca-trabalho-etico-e-responsavel-do-setor\/\" \/>\n<meta property=\"og:locale\" content=\"pt_BR\" \/>\n<meta property=\"og:type\" content=\"article\" \/>\n<meta property=\"og:title\" content=\"Abracorp considera caso 123Milhas pontual e destaca trabalho \u00e9tico e respons\u00e1vel do setor - Espa\u00e7o Abracorp\" \/>\n<meta property=\"og:description\" content=\"Nesta semana, o mercado de turismo de lazer e neg\u00f3cios acompanhou mais um desdobramento no caso da 123Milhas, que entrou com o pedido de Recupera\u00e7\u00e3o Judicial. Esse \u00e9 o segundo abalo vis\u00edvel enfrentado pelo setor que j\u00e1 vinha acomodando os efeitos negativos de sua reputa\u00e7\u00e3o ap\u00f3s o caso da Hurb. E que sofreu duramente no&hellip; Continue reading &rarr;\" \/>\n<meta property=\"og:url\" content=\"https:\/\/blog.panrotas.com.br\/espacoabracorp\/2023\/09\/04\/abracorp-considera-caso-123milhas-pontual-e-destaca-trabalho-etico-e-responsavel-do-setor\/\" \/>\n<meta property=\"og:site_name\" content=\"Espa\u00e7o Abracorp\" \/>\n<meta property=\"article:published_time\" content=\"2023-09-04T17:06:09+00:00\" \/>\n<meta property=\"article:modified_time\" content=\"2023-09-04T17:24:31+00:00\" \/>\n<meta name=\"twitter:card\" content=\"summary_large_image\" \/>\n<meta name=\"twitter:label1\" content=\"Escrito por\" \/>\n\t<meta name=\"twitter:data1\" content=\"Eduardo Vasconcellos Neto\" \/>\n\t<meta name=\"twitter:label2\" content=\"Est. tempo de leitura\" \/>\n\t<meta name=\"twitter:data2\" content=\"2 minutos\" \/>\n<script type=\"application\/ld+json\" class=\"yoast-schema-graph\">{\"@context\":\"https:\/\/schema.org\",\"@graph\":[{\"@type\":\"WebSite\",\"@id\":\"https:\/\/blog.panrotas.com.br\/espacoabracorp\/#website\",\"url\":\"https:\/\/blog.panrotas.com.br\/espacoabracorp\/\",\"name\":\"Espa\\u00e7o Abracorp\",\"description\":\"Blogosfera PANROTAS\",\"potentialAction\":[{\"@type\":\"SearchAction\",\"target\":{\"@type\":\"EntryPoint\",\"urlTemplate\":\"https:\/\/blog.panrotas.com.br\/espacoabracorp\/?s={search_term_string}\"},\"query-input\":\"required name=search_term_string\"}],\"inLanguage\":\"pt-BR\"},{\"@type\":\"WebPage\",\"@id\":\"https:\/\/blog.panrotas.com.br\/espacoabracorp\/2023\/09\/04\/abracorp-considera-caso-123milhas-pontual-e-destaca-trabalho-etico-e-responsavel-do-setor\/#webpage\",\"url\":\"https:\/\/blog.panrotas.com.br\/espacoabracorp\/2023\/09\/04\/abracorp-considera-caso-123milhas-pontual-e-destaca-trabalho-etico-e-responsavel-do-setor\/\",\"name\":\"Abracorp considera caso 123Milhas pontual e destaca trabalho \\u00e9tico e respons\\u00e1vel do setor - Espa\\u00e7o Abracorp\",\"isPartOf\":{\"@id\":\"https:\/\/blog.panrotas.com.br\/espacoabracorp\/#website\"},\"datePublished\":\"2023-09-04T17:06:09+00:00\",\"dateModified\":\"2023-09-04T17:24:31+00:00\",\"author\":{\"@id\":\"https:\/\/blog.panrotas.com.br\/espacoabracorp\/#\/schema\/person\/b0a660043d27dbf03071f1a41165523b\"},\"breadcrumb\":{\"@id\":\"https:\/\/blog.panrotas.com.br\/espacoabracorp\/2023\/09\/04\/abracorp-considera-caso-123milhas-pontual-e-destaca-trabalho-etico-e-responsavel-do-setor\/#breadcrumb\"},\"inLanguage\":\"pt-BR\",\"potentialAction\":[{\"@type\":\"ReadAction\",\"target\":[\"https:\/\/blog.panrotas.com.br\/espacoabracorp\/2023\/09\/04\/abracorp-considera-caso-123milhas-pontual-e-destaca-trabalho-etico-e-responsavel-do-setor\/\"]}]},{\"@type\":\"BreadcrumbList\",\"@id\":\"https:\/\/blog.panrotas.com.br\/espacoabracorp\/2023\/09\/04\/abracorp-considera-caso-123milhas-pontual-e-destaca-trabalho-etico-e-responsavel-do-setor\/#breadcrumb\",\"itemListElement\":[{\"@type\":\"ListItem\",\"position\":1,\"name\":\"In\\u00edcio\",\"item\":\"https:\/\/blog.panrotas.com.br\/espacoabracorp\/\"},{\"@type\":\"ListItem\",\"position\":2,\"name\":\"Abracorp considera caso 123Milhas pontual e destaca trabalho \\u00e9tico e respons\\u00e1vel do setor\"}]},{\"@type\":\"Person\",\"@id\":\"https:\/\/blog.panrotas.com.br\/espacoabracorp\/#\/schema\/person\/b0a660043d27dbf03071f1a41165523b\",\"name\":\"Eduardo Vasconcellos Neto\",\"image\":{\"@type\":\"ImageObject\",\"@id\":\"https:\/\/blog.panrotas.com.br\/espacoabracorp\/#personlogo\",\"inLanguage\":\"pt-BR\",\"url\":\"https:\/\/secure.gravatar.com\/avatar\/0388a130b7840c474b6ed4a520e25624?s=96&d=mm&r=g\",\"contentUrl\":\"https:\/\/secure.gravatar.com\/avatar\/0388a130b7840c474b6ed4a520e25624?s=96&d=mm&r=g\",\"caption\":\"Eduardo Vasconcellos Neto\"},\"url\":\"https:\/\/blog.panrotas.com.br\/espacoabracorp\/author\/eduardo\/\"}]}<\/script>\n<!-- \/ Yoast SEO plugin. -->","yoast_head_json":{"title":"Abracorp considera caso 123Milhas pontual e destaca trabalho \u00e9tico e respons\u00e1vel do setor - Espa\u00e7o Abracorp","robots":{"index":"index","follow":"follow","max-snippet":"max-snippet:-1","max-image-preview":"max-image-preview:large","max-video-preview":"max-video-preview:-1"},"canonical":"https:\/\/blog.panrotas.com.br\/espacoabracorp\/2023\/09\/04\/abracorp-considera-caso-123milhas-pontual-e-destaca-trabalho-etico-e-responsavel-do-setor\/","og_locale":"pt_BR","og_type":"article","og_title":"Abracorp considera caso 123Milhas pontual e destaca trabalho \u00e9tico e respons\u00e1vel do setor - Espa\u00e7o Abracorp","og_description":"Nesta semana, o mercado de turismo de lazer e neg\u00f3cios acompanhou mais um desdobramento no caso da 123Milhas, que entrou com o pedido de Recupera\u00e7\u00e3o Judicial. Esse \u00e9 o segundo abalo vis\u00edvel enfrentado pelo setor que j\u00e1 vinha acomodando os efeitos negativos de sua reputa\u00e7\u00e3o ap\u00f3s o caso da Hurb. E que sofreu duramente no&hellip; Continue reading &rarr;","og_url":"https:\/\/blog.panrotas.com.br\/espacoabracorp\/2023\/09\/04\/abracorp-considera-caso-123milhas-pontual-e-destaca-trabalho-etico-e-responsavel-do-setor\/","og_site_name":"Espa\u00e7o Abracorp","article_published_time":"2023-09-04T17:06:09+00:00","article_modified_time":"2023-09-04T17:24:31+00:00","twitter_card":"summary_large_image","twitter_misc":{"Escrito por":"Eduardo Vasconcellos Neto","Est. tempo de leitura":"2 minutos"},"schema":{"@context":"https:\/\/schema.org","@graph":[{"@type":"WebSite","@id":"https:\/\/blog.panrotas.com.br\/espacoabracorp\/#website","url":"https:\/\/blog.panrotas.com.br\/espacoabracorp\/","name":"Espa\u00e7o Abracorp","description":"Blogosfera PANROTAS","potentialAction":[{"@type":"SearchAction","target":{"@type":"EntryPoint","urlTemplate":"https:\/\/blog.panrotas.com.br\/espacoabracorp\/?s={search_term_string}"},"query-input":"required name=search_term_string"}],"inLanguage":"pt-BR"},{"@type":"WebPage","@id":"https:\/\/blog.panrotas.com.br\/espacoabracorp\/2023\/09\/04\/abracorp-considera-caso-123milhas-pontual-e-destaca-trabalho-etico-e-responsavel-do-setor\/#webpage","url":"https:\/\/blog.panrotas.com.br\/espacoabracorp\/2023\/09\/04\/abracorp-considera-caso-123milhas-pontual-e-destaca-trabalho-etico-e-responsavel-do-setor\/","name":"Abracorp considera caso 123Milhas pontual e destaca trabalho \u00e9tico e respons\u00e1vel do setor - Espa\u00e7o Abracorp","isPartOf":{"@id":"https:\/\/blog.panrotas.com.br\/espacoabracorp\/#website"},"datePublished":"2023-09-04T17:06:09+00:00","dateModified":"2023-09-04T17:24:31+00:00","author":{"@id":"https:\/\/blog.panrotas.com.br\/espacoabracorp\/#\/schema\/person\/b0a660043d27dbf03071f1a41165523b"},"breadcrumb":{"@id":"https:\/\/blog.panrotas.com.br\/espacoabracorp\/2023\/09\/04\/abracorp-considera-caso-123milhas-pontual-e-destaca-trabalho-etico-e-responsavel-do-setor\/#breadcrumb"},"inLanguage":"pt-BR","potentialAction":[{"@type":"ReadAction","target":["https:\/\/blog.panrotas.com.br\/espacoabracorp\/2023\/09\/04\/abracorp-considera-caso-123milhas-pontual-e-destaca-trabalho-etico-e-responsavel-do-setor\/"]}]},{"@type":"BreadcrumbList","@id":"https:\/\/blog.panrotas.com.br\/espacoabracorp\/2023\/09\/04\/abracorp-considera-caso-123milhas-pontual-e-destaca-trabalho-etico-e-responsavel-do-setor\/#breadcrumb","itemListElement":[{"@type":"ListItem","position":1,"name":"In\u00edcio","item":"https:\/\/blog.panrotas.com.br\/espacoabracorp\/"},{"@type":"ListItem","position":2,"name":"Abracorp considera caso 123Milhas pontual e destaca trabalho \u00e9tico e respons\u00e1vel do setor"}]},{"@type":"Person","@id":"https:\/\/blog.panrotas.com.br\/espacoabracorp\/#\/schema\/person\/b0a660043d27dbf03071f1a41165523b","name":"Eduardo Vasconcellos Neto","image":{"@type":"ImageObject","@id":"https:\/\/blog.panrotas.com.br\/espacoabracorp\/#personlogo","inLanguage":"pt-BR","url":"https:\/\/secure.gravatar.com\/avatar\/0388a130b7840c474b6ed4a520e25624?s=96&d=mm&r=g","contentUrl":"https:\/\/secure.gravatar.com\/avatar\/0388a130b7840c474b6ed4a520e25624?s=96&d=mm&r=g","caption":"Eduardo Vasconcellos Neto"},"url":"https:\/\/blog.panrotas.com.br\/espacoabracorp\/author\/eduardo\/"}]}},"jetpack_featured_media_url":"","_links":{"self":[{"href":"https:\/\/blog.panrotas.com.br\/espacoabracorp\/wp-json\/wp\/v2\/posts\/1537"}],"collection":[{"href":"https:\/\/blog.panrotas.com.br\/espacoabracorp\/wp-json\/wp\/v2\/posts"}],"about":[{"href":"https:\/\/blog.panrotas.com.br\/espacoabracorp\/wp-json\/wp\/v2\/types\/post"}],"author":[{"embeddable":true,"href":"https:\/\/blog.panrotas.com.br\/espacoabracorp\/wp-json\/wp\/v2\/users\/50"}],"replies":[{"embeddable":true,"href":"https:\/\/blog.panrotas.com.br\/espacoabracorp\/wp-json\/wp\/v2\/comments?post=1537"}],"version-history":[{"count":2,"href":"https:\/\/blog.panrotas.com.br\/espacoabracorp\/wp-json\/wp\/v2\/posts\/1537\/revisions"}],"predecessor-version":[{"id":1539,"href":"https:\/\/blog.panrotas.com.br\/espacoabracorp\/wp-json\/wp\/v2\/posts\/1537\/revisions\/1539"}],"wp:attachment":[{"href":"https:\/\/blog.panrotas.com.br\/espacoabracorp\/wp-json\/wp\/v2\/media?parent=1537"}],"wp:term":[{"taxonomy":"category","embeddable":true,"href":"https:\/\/blog.panrotas.com.br\/espacoabracorp\/wp-json\/wp\/v2\/categories?post=1537"},{"taxonomy":"post_tag","embeddable":true,"href":"https:\/\/blog.panrotas.com.br\/espacoabracorp\/wp-json\/wp\/v2\/tags?post=1537"}],"curies":[{"name":"wp","href":"https:\/\/api.w.org\/{rel}","templated":true}]}}