{"id":1547,"date":"2024-02-06T09:24:02","date_gmt":"2024-02-06T11:24:02","guid":{"rendered":"https:\/\/blog.panrotas.com.br\/espacoabracorp\/?p=1547"},"modified":"2024-02-06T09:28:25","modified_gmt":"2024-02-06T11:28:25","slug":"chegou-a-vez-do-perse","status":"publish","type":"post","link":"https:\/\/blog.panrotas.com.br\/espacoabracorp\/2024\/02\/06\/chegou-a-vez-do-perse\/","title":{"rendered":"CHEGOU A VEZ DO PERSE"},"content":{"rendered":"\n<p>por Humberto Machado, diretor-executivo Abracorp<br><br>No final da semana passada, realizamos a Reuni\u00e3o de Associados da Abracorp, parte relevante do nosso processo de Governan\u00e7a. \u00c9 nesse momento que alinhamos a agenda do Conselho de Administra\u00e7\u00e3o com o grupo, ao mesmo tempo que abrimos espa\u00e7os para parceiros falarem diretamente com os agentes de mercado sobre suas perspectivas e estrat\u00e9gias.<br><br>Nessa primeira reuni\u00e3o do ano contamos com a participa\u00e7\u00e3o da Latam, nossa parceiro de valor, e com a Rede Atlantica, patrocinadora do encontro.<br><br>Foi uma abertura de agenda e o tema que centralizou nossas aten\u00e7\u00f5es foi a Medida Provis\u00f3ria (MP) 1.202 que trata do conjunto a\u00e7\u00f5es com o objetivo de promover o aumento de tributa\u00e7\u00e3o. Nessa iniciativa est\u00e1 a revoga\u00e7\u00e3o do PERSE e a reonera\u00e7\u00e3o da folha de sal\u00e1rios\/pagamentos das empresas.<br><br>A avalia\u00e7\u00e3o dos participantes foi un\u00e2nime: a queda do Programa Emergencial de Retomada do Setor de Eventos \u00e9 um risco que pode gerar uma quebradeira geral no setor. Lembro que estamos falando de postos de trabalho, de investimentos e de crescimento, que ser\u00e3o interrompidos sumariamente, com essa simples canetada.<br><br>Dados do IBGE e do Minist\u00e9rio da Previd\u00eancia e do Trabalho que mostram que os setores de eventos culturais, entretenimento e turismo emergiram como os maiores geradores de empregos do Brasil em 2023. No saldo acumulado entre janeiro e outubro do ano passado, testemunhamos um not\u00e1vel crescimento de 46,6%, um feito verdadeiramente extraordin\u00e1rio, muito superior a outras categorias, como a agropecu\u00e1ria e a constru\u00e7\u00e3o civil que registraram decr\u00e9scimo de 9,1% e 12,4%, respectivamente.<br><br>O Governo est\u00e1 mexendo em um setor que representa 6,4% do PIB. Isso demonstra um preocupante desconhecimento sobre a import\u00e2ncia do setor para a economia brasileira. Para quem n\u00e3o sabe, movimentamos mais de R$ 550 bilh\u00f5es (WTTC,2022), fomentando uma cadeia com 571 atividades econ\u00f4micas.<br><br>Sendo assim, este tema \u00e9 claramente relevante e merece mais cuidado e aten\u00e7\u00e3o, principalmente quando comparamos o volume de transa\u00e7\u00f5es ocorridas no setor de eventos. Segundos nosso estudos, 2023 encolheu 32% quando comparado a 2019. <br><\/p>\n","protected":false},"excerpt":{"rendered":"<p>por Humberto Machado, diretor-executivo Abracorp No final da semana passada, realizamos a Reuni\u00e3o de Associados da Abracorp, parte relevante do nosso processo de Governan\u00e7a. \u00c9 nesse momento que alinhamos a agenda do Conselho de Administra\u00e7\u00e3o com o grupo, ao mesmo tempo que abrimos espa\u00e7os para parceiros falarem diretamente com os agentes de mercado sobre suas&hellip; <a class=\"more-link\" href=\"https:\/\/blog.panrotas.com.br\/espacoabracorp\/2024\/02\/06\/chegou-a-vez-do-perse\/\">Continue reading &rarr;<\/a><\/p>\n","protected":false},"author":45,"featured_media":0,"comment_status":"open","ping_status":"open","sticky":false,"template":"","format":"standard","meta":{"spay_email":""},"categories":[1],"tags":[],"yoast_head":"<!-- This site is optimized with the Yoast SEO plugin v17.3 - https:\/\/yoast.com\/wordpress\/plugins\/seo\/ -->\n<title>CHEGOU A VEZ DO PERSE - Espa\u00e7o Abracorp<\/title>\n<meta name=\"robots\" content=\"index, follow, max-snippet:-1, max-image-preview:large, max-video-preview:-1\" \/>\n<link rel=\"canonical\" href=\"https:\/\/blog.panrotas.com.br\/espacoabracorp\/2024\/02\/06\/chegou-a-vez-do-perse\/\" \/>\n<meta property=\"og:locale\" content=\"pt_BR\" \/>\n<meta property=\"og:type\" content=\"article\" \/>\n<meta property=\"og:title\" content=\"CHEGOU A VEZ DO PERSE - Espa\u00e7o Abracorp\" \/>\n<meta property=\"og:description\" content=\"por Humberto Machado, diretor-executivo Abracorp No final da semana passada, realizamos a Reuni\u00e3o de Associados da Abracorp, parte relevante do nosso processo de Governan\u00e7a. \u00c9 nesse momento que alinhamos a agenda do Conselho de Administra\u00e7\u00e3o com o grupo, ao mesmo tempo que abrimos espa\u00e7os para parceiros falarem diretamente com os agentes de mercado sobre suas&hellip; Continue reading &rarr;\" \/>\n<meta property=\"og:url\" content=\"https:\/\/blog.panrotas.com.br\/espacoabracorp\/2024\/02\/06\/chegou-a-vez-do-perse\/\" \/>\n<meta property=\"og:site_name\" content=\"Espa\u00e7o Abracorp\" \/>\n<meta property=\"article:published_time\" content=\"2024-02-06T11:24:02+00:00\" \/>\n<meta property=\"article:modified_time\" content=\"2024-02-06T11:28:25+00:00\" \/>\n<meta name=\"twitter:card\" content=\"summary_large_image\" \/>\n<meta name=\"twitter:label1\" content=\"Escrito por\" \/>\n\t<meta name=\"twitter:data1\" content=\"Abracorp\" \/>\n\t<meta name=\"twitter:label2\" content=\"Est. tempo de leitura\" \/>\n\t<meta name=\"twitter:data2\" content=\"2 minutos\" \/>\n<script type=\"application\/ld+json\" class=\"yoast-schema-graph\">{\"@context\":\"https:\/\/schema.org\",\"@graph\":[{\"@type\":\"WebSite\",\"@id\":\"https:\/\/blog.panrotas.com.br\/espacoabracorp\/#website\",\"url\":\"https:\/\/blog.panrotas.com.br\/espacoabracorp\/\",\"name\":\"Espa\\u00e7o Abracorp\",\"description\":\"Blogosfera PANROTAS\",\"potentialAction\":[{\"@type\":\"SearchAction\",\"target\":{\"@type\":\"EntryPoint\",\"urlTemplate\":\"https:\/\/blog.panrotas.com.br\/espacoabracorp\/?s={search_term_string}\"},\"query-input\":\"required name=search_term_string\"}],\"inLanguage\":\"pt-BR\"},{\"@type\":\"WebPage\",\"@id\":\"https:\/\/blog.panrotas.com.br\/espacoabracorp\/2024\/02\/06\/chegou-a-vez-do-perse\/#webpage\",\"url\":\"https:\/\/blog.panrotas.com.br\/espacoabracorp\/2024\/02\/06\/chegou-a-vez-do-perse\/\",\"name\":\"CHEGOU A VEZ DO PERSE - Espa\\u00e7o Abracorp\",\"isPartOf\":{\"@id\":\"https:\/\/blog.panrotas.com.br\/espacoabracorp\/#website\"},\"datePublished\":\"2024-02-06T11:24:02+00:00\",\"dateModified\":\"2024-02-06T11:28:25+00:00\",\"author\":{\"@id\":\"https:\/\/blog.panrotas.com.br\/espacoabracorp\/#\/schema\/person\/d6986bd17d86bdac13a8aa3a31675046\"},\"breadcrumb\":{\"@id\":\"https:\/\/blog.panrotas.com.br\/espacoabracorp\/2024\/02\/06\/chegou-a-vez-do-perse\/#breadcrumb\"},\"inLanguage\":\"pt-BR\",\"potentialAction\":[{\"@type\":\"ReadAction\",\"target\":[\"https:\/\/blog.panrotas.com.br\/espacoabracorp\/2024\/02\/06\/chegou-a-vez-do-perse\/\"]}]},{\"@type\":\"BreadcrumbList\",\"@id\":\"https:\/\/blog.panrotas.com.br\/espacoabracorp\/2024\/02\/06\/chegou-a-vez-do-perse\/#breadcrumb\",\"itemListElement\":[{\"@type\":\"ListItem\",\"position\":1,\"name\":\"In\\u00edcio\",\"item\":\"https:\/\/blog.panrotas.com.br\/espacoabracorp\/\"},{\"@type\":\"ListItem\",\"position\":2,\"name\":\"CHEGOU A VEZ DO PERSE\"}]},{\"@type\":\"Person\",\"@id\":\"https:\/\/blog.panrotas.com.br\/espacoabracorp\/#\/schema\/person\/d6986bd17d86bdac13a8aa3a31675046\",\"name\":\"Abracorp\",\"image\":{\"@type\":\"ImageObject\",\"@id\":\"https:\/\/blog.panrotas.com.br\/espacoabracorp\/#personlogo\",\"inLanguage\":\"pt-BR\",\"url\":\"https:\/\/secure.gravatar.com\/avatar\/99bbe21a9dbf2d47aa359523dbe05fc0?s=96&d=mm&r=g\",\"contentUrl\":\"https:\/\/secure.gravatar.com\/avatar\/99bbe21a9dbf2d47aa359523dbe05fc0?s=96&d=mm&r=g\",\"caption\":\"Abracorp\"},\"url\":\"https:\/\/blog.panrotas.com.br\/espacoabracorp\/author\/tanabeabracorp\/\"}]}<\/script>\n<!-- \/ Yoast SEO plugin. -->","yoast_head_json":{"title":"CHEGOU A VEZ DO PERSE - Espa\u00e7o Abracorp","robots":{"index":"index","follow":"follow","max-snippet":"max-snippet:-1","max-image-preview":"max-image-preview:large","max-video-preview":"max-video-preview:-1"},"canonical":"https:\/\/blog.panrotas.com.br\/espacoabracorp\/2024\/02\/06\/chegou-a-vez-do-perse\/","og_locale":"pt_BR","og_type":"article","og_title":"CHEGOU A VEZ DO PERSE - Espa\u00e7o Abracorp","og_description":"por Humberto Machado, diretor-executivo Abracorp No final da semana passada, realizamos a Reuni\u00e3o de Associados da Abracorp, parte relevante do nosso processo de Governan\u00e7a. \u00c9 nesse momento que alinhamos a agenda do Conselho de Administra\u00e7\u00e3o com o grupo, ao mesmo tempo que abrimos espa\u00e7os para parceiros falarem diretamente com os agentes de mercado sobre suas&hellip; Continue reading &rarr;","og_url":"https:\/\/blog.panrotas.com.br\/espacoabracorp\/2024\/02\/06\/chegou-a-vez-do-perse\/","og_site_name":"Espa\u00e7o Abracorp","article_published_time":"2024-02-06T11:24:02+00:00","article_modified_time":"2024-02-06T11:28:25+00:00","twitter_card":"summary_large_image","twitter_misc":{"Escrito por":"Abracorp","Est. tempo de leitura":"2 minutos"},"schema":{"@context":"https:\/\/schema.org","@graph":[{"@type":"WebSite","@id":"https:\/\/blog.panrotas.com.br\/espacoabracorp\/#website","url":"https:\/\/blog.panrotas.com.br\/espacoabracorp\/","name":"Espa\u00e7o Abracorp","description":"Blogosfera PANROTAS","potentialAction":[{"@type":"SearchAction","target":{"@type":"EntryPoint","urlTemplate":"https:\/\/blog.panrotas.com.br\/espacoabracorp\/?s={search_term_string}"},"query-input":"required name=search_term_string"}],"inLanguage":"pt-BR"},{"@type":"WebPage","@id":"https:\/\/blog.panrotas.com.br\/espacoabracorp\/2024\/02\/06\/chegou-a-vez-do-perse\/#webpage","url":"https:\/\/blog.panrotas.com.br\/espacoabracorp\/2024\/02\/06\/chegou-a-vez-do-perse\/","name":"CHEGOU A VEZ DO PERSE - Espa\u00e7o Abracorp","isPartOf":{"@id":"https:\/\/blog.panrotas.com.br\/espacoabracorp\/#website"},"datePublished":"2024-02-06T11:24:02+00:00","dateModified":"2024-02-06T11:28:25+00:00","author":{"@id":"https:\/\/blog.panrotas.com.br\/espacoabracorp\/#\/schema\/person\/d6986bd17d86bdac13a8aa3a31675046"},"breadcrumb":{"@id":"https:\/\/blog.panrotas.com.br\/espacoabracorp\/2024\/02\/06\/chegou-a-vez-do-perse\/#breadcrumb"},"inLanguage":"pt-BR","potentialAction":[{"@type":"ReadAction","target":["https:\/\/blog.panrotas.com.br\/espacoabracorp\/2024\/02\/06\/chegou-a-vez-do-perse\/"]}]},{"@type":"BreadcrumbList","@id":"https:\/\/blog.panrotas.com.br\/espacoabracorp\/2024\/02\/06\/chegou-a-vez-do-perse\/#breadcrumb","itemListElement":[{"@type":"ListItem","position":1,"name":"In\u00edcio","item":"https:\/\/blog.panrotas.com.br\/espacoabracorp\/"},{"@type":"ListItem","position":2,"name":"CHEGOU A VEZ DO PERSE"}]},{"@type":"Person","@id":"https:\/\/blog.panrotas.com.br\/espacoabracorp\/#\/schema\/person\/d6986bd17d86bdac13a8aa3a31675046","name":"Abracorp","image":{"@type":"ImageObject","@id":"https:\/\/blog.panrotas.com.br\/espacoabracorp\/#personlogo","inLanguage":"pt-BR","url":"https:\/\/secure.gravatar.com\/avatar\/99bbe21a9dbf2d47aa359523dbe05fc0?s=96&d=mm&r=g","contentUrl":"https:\/\/secure.gravatar.com\/avatar\/99bbe21a9dbf2d47aa359523dbe05fc0?s=96&d=mm&r=g","caption":"Abracorp"},"url":"https:\/\/blog.panrotas.com.br\/espacoabracorp\/author\/tanabeabracorp\/"}]}},"jetpack_featured_media_url":"","_links":{"self":[{"href":"https:\/\/blog.panrotas.com.br\/espacoabracorp\/wp-json\/wp\/v2\/posts\/1547"}],"collection":[{"href":"https:\/\/blog.panrotas.com.br\/espacoabracorp\/wp-json\/wp\/v2\/posts"}],"about":[{"href":"https:\/\/blog.panrotas.com.br\/espacoabracorp\/wp-json\/wp\/v2\/types\/post"}],"author":[{"embeddable":true,"href":"https:\/\/blog.panrotas.com.br\/espacoabracorp\/wp-json\/wp\/v2\/users\/45"}],"replies":[{"embeddable":true,"href":"https:\/\/blog.panrotas.com.br\/espacoabracorp\/wp-json\/wp\/v2\/comments?post=1547"}],"version-history":[{"count":2,"href":"https:\/\/blog.panrotas.com.br\/espacoabracorp\/wp-json\/wp\/v2\/posts\/1547\/revisions"}],"predecessor-version":[{"id":1553,"href":"https:\/\/blog.panrotas.com.br\/espacoabracorp\/wp-json\/wp\/v2\/posts\/1547\/revisions\/1553"}],"wp:attachment":[{"href":"https:\/\/blog.panrotas.com.br\/espacoabracorp\/wp-json\/wp\/v2\/media?parent=1547"}],"wp:term":[{"taxonomy":"category","embeddable":true,"href":"https:\/\/blog.panrotas.com.br\/espacoabracorp\/wp-json\/wp\/v2\/categories?post=1547"},{"taxonomy":"post_tag","embeddable":true,"href":"https:\/\/blog.panrotas.com.br\/espacoabracorp\/wp-json\/wp\/v2\/tags?post=1547"}],"curies":[{"name":"wp","href":"https:\/\/api.w.org\/{rel}","templated":true}]}}