{"id":1573,"date":"2024-07-16T10:50:22","date_gmt":"2024-07-16T13:50:22","guid":{"rendered":"https:\/\/blog.panrotas.com.br\/espacoabracorp\/?p=1573"},"modified":"2024-07-16T11:02:34","modified_gmt":"2024-07-16T14:02:34","slug":"10o-forum-abracorp-inovacao-sustentavel-transformando-modelos-de-negocios-no-mercado-de-viagens-corporativas","status":"publish","type":"post","link":"https:\/\/blog.panrotas.com.br\/espacoabracorp\/2024\/07\/16\/10o-forum-abracorp-inovacao-sustentavel-transformando-modelos-de-negocios-no-mercado-de-viagens-corporativas\/","title":{"rendered":"10\u00ba F\u00f3rum Abracorp: Inova\u00e7\u00e3o Sustent\u00e1vel &#8211; Transformando modelos de neg\u00f3cios no mercado de Viagens Corporativas"},"content":{"rendered":"\n<p><\/p>\n\n\n\n<p><em>by Humberto Machado, diretor-executivo da Abracorp.<\/em><\/p>\n\n\n\n<p><strong>Data: <\/strong>8 de agosto de 2024&nbsp;<\/p>\n\n\n\n<p><strong>Local: <\/strong>Hotel Grand Mercure Ibirapuera, S\u00e3o Paulo<strong>&nbsp;<\/strong><\/p>\n\n\n\n<p>Convidamos gestores de viagens, compradores e associados para o <strong>10\u00ba F\u00f3rum Abracorp<\/strong>, em parceria com a <strong>ALAGEV<\/strong> (Associa\u00e7\u00e3o Latino Americana de Gest\u00e3o de Eventos e Viagens Corporativas) e o <strong>TMG<\/strong> (Travel Managers Group). O evento ser\u00e1 uma oportunidade \u00fanica para explorar a inova\u00e7\u00e3o sustent\u00e1vel no setor de viagens corporativas.<\/p>\n\n\n\n<p>Para uma boa reflex\u00e3o, dividimos o encontro em tr\u00eas momentos. A abertura, que ter\u00e1 uma palestra de <strong>Jo\u00e3o Doria Jr. <\/strong>sobre o tema<em>Encantamento do Cliente: a excel\u00eancia como diferencial no mercado de viagens corporativas<\/em>.<\/p>\n\n\n\n<p>Ap\u00f3s sua apresenta\u00e7\u00e3o, abriremos um espa\u00e7o para um painel focado em <em>O Futuro do Turismo Corporativo<\/em> <em>e a<\/em> <em>Import\u00e2ncia das Rela\u00e7\u00f5es Sustent\u00e1veis<\/em>. Neste painel, contaremos com a participa\u00e7\u00e3o do Artur Andrade, do Panrotas, Ana Prado (Syngenta), Marina Shimada (Honda), Rafael Lanza (General Motors) e <strong>Siderley Santos<\/strong>, presidente do Conselho de Administra\u00e7\u00e3o Abracorp.<\/p>\n\n\n\n<p>Em seguida, teremos o segundo painel <em>Desafios e solu\u00e7\u00f5es: alinhando expectativas e realidade no processo RFP<\/em><strong>. <\/strong>Eu estarei nesse momento e contaremos com a participa\u00e7\u00e3o de Luana Nogueira (Alagev), Joyce Negreli (Minerva Foods), Jos\u00e9 Roberto Fonseca (MSD), Sheila Rodrigues (TMG) e Viviane Lucena (PWC)<strong>.<\/strong><\/p>\n\n\n\n<p>Com o mercado em constante transforma\u00e7\u00e3o, este evento \u00e9 essencial para refletir e alinhar pr\u00e1ticas entre todos os envolvidos. O <em>Client Advisory Board<\/em> <em>(CAB),<\/em> um grupo de di\u00e1logo crucial na nossa governan\u00e7a, \u00e9 um exemplo desse compromisso. Contamos com executivos de grandes empresas como BUNGE, KPMG, IT&#8217;S INFORMOV e PETROBRAS, que desde 2022 definem agendas, planos de a\u00e7\u00e3o e metas para acompanhar e compartilhar resultados com nossos associados.<\/p>\n\n\n\n<p>A demanda para este encontro veio diretamente do CAB, que identificou a necessidade de discutir rela\u00e7\u00f5es comerciais entre ag\u00eancias e operadores de compras. Este ser\u00e1 um momento valioso para trocar experi\u00eancias e criar processos mais lucrativos e eficientes.<\/p>\n\n\n\n<p><strong>Programa\u00e7\u00e3o completa:<\/strong><\/p>\n\n\n\n<p>8h30: Welcome Coffee e credenciamento<\/p>\n\n\n\n<p>9h15: Abertura<\/p>\n\n\n\n<p>9h30: Palestra com Jo\u00e3o Doria Jr.<\/p>\n\n\n\n<p>10h30: Painel 1<\/p>\n\n\n\n<p>11h15: Painel 2<\/p>\n\n\n\n<p>12h00: Encerramento<\/p>\n\n\n\n<p>12h15: Almo\u00e7o<\/p>\n\n\n\n<p><strong>Local:<\/strong><\/p>\n\n\n\n<p>Hotel Grand Mercure Ibirapuera&nbsp;<\/p>\n\n\n\n<p>Rua Sena Madureira, 1355, S\u00e3o Paulo<\/p>\n","protected":false},"excerpt":{"rendered":"<p>by Humberto Machado, diretor-executivo da Abracorp. Data: 8 de agosto de 2024&nbsp; Local: Hotel Grand Mercure Ibirapuera, S\u00e3o Paulo&nbsp; Convidamos gestores de viagens, compradores e associados para o 10\u00ba F\u00f3rum Abracorp, em parceria com a ALAGEV (Associa\u00e7\u00e3o Latino Americana de Gest\u00e3o de Eventos e Viagens Corporativas) e o TMG (Travel Managers Group). O evento ser\u00e1&hellip; <a class=\"more-link\" href=\"https:\/\/blog.panrotas.com.br\/espacoabracorp\/2024\/07\/16\/10o-forum-abracorp-inovacao-sustentavel-transformando-modelos-de-negocios-no-mercado-de-viagens-corporativas\/\">Continue reading &rarr;<\/a><\/p>\n","protected":false},"author":57,"featured_media":0,"comment_status":"open","ping_status":"open","sticky":false,"template":"","format":"standard","meta":{"spay_email":""},"categories":[1],"tags":[],"yoast_head":"<!-- This site is optimized with the Yoast SEO plugin v17.3 - https:\/\/yoast.com\/wordpress\/plugins\/seo\/ -->\n<title>10\u00ba F\u00f3rum Abracorp: Inova\u00e7\u00e3o Sustent\u00e1vel - Transformando modelos de neg\u00f3cios no mercado de Viagens Corporativas - Espa\u00e7o Abracorp<\/title>\n<meta name=\"robots\" content=\"index, follow, max-snippet:-1, max-image-preview:large, max-video-preview:-1\" \/>\n<link rel=\"canonical\" href=\"https:\/\/blog.panrotas.com.br\/espacoabracorp\/2024\/07\/16\/10o-forum-abracorp-inovacao-sustentavel-transformando-modelos-de-negocios-no-mercado-de-viagens-corporativas\/\" \/>\n<meta property=\"og:locale\" content=\"pt_BR\" \/>\n<meta property=\"og:type\" content=\"article\" \/>\n<meta property=\"og:title\" content=\"10\u00ba F\u00f3rum Abracorp: Inova\u00e7\u00e3o Sustent\u00e1vel - Transformando modelos de neg\u00f3cios no mercado de Viagens Corporativas - Espa\u00e7o Abracorp\" \/>\n<meta property=\"og:description\" content=\"by Humberto Machado, diretor-executivo da Abracorp. Data: 8 de agosto de 2024&nbsp; Local: Hotel Grand Mercure Ibirapuera, S\u00e3o Paulo&nbsp; Convidamos gestores de viagens, compradores e associados para o 10\u00ba F\u00f3rum Abracorp, em parceria com a ALAGEV (Associa\u00e7\u00e3o Latino Americana de Gest\u00e3o de Eventos e Viagens Corporativas) e o TMG (Travel Managers Group). O evento ser\u00e1&hellip; Continue reading &rarr;\" \/>\n<meta property=\"og:url\" content=\"https:\/\/blog.panrotas.com.br\/espacoabracorp\/2024\/07\/16\/10o-forum-abracorp-inovacao-sustentavel-transformando-modelos-de-negocios-no-mercado-de-viagens-corporativas\/\" \/>\n<meta property=\"og:site_name\" content=\"Espa\u00e7o Abracorp\" \/>\n<meta property=\"article:published_time\" content=\"2024-07-16T13:50:22+00:00\" \/>\n<meta property=\"article:modified_time\" content=\"2024-07-16T14:02:34+00:00\" \/>\n<meta name=\"twitter:card\" content=\"summary_large_image\" \/>\n<meta name=\"twitter:label1\" content=\"Escrito por\" \/>\n\t<meta name=\"twitter:data1\" content=\"abracorp\" \/>\n\t<meta name=\"twitter:label2\" content=\"Est. tempo de leitura\" \/>\n\t<meta name=\"twitter:data2\" content=\"2 minutos\" \/>\n<script type=\"application\/ld+json\" class=\"yoast-schema-graph\">{\"@context\":\"https:\/\/schema.org\",\"@graph\":[{\"@type\":\"WebSite\",\"@id\":\"https:\/\/blog.panrotas.com.br\/espacoabracorp\/#website\",\"url\":\"https:\/\/blog.panrotas.com.br\/espacoabracorp\/\",\"name\":\"Espa\\u00e7o Abracorp\",\"description\":\"Blogosfera PANROTAS\",\"potentialAction\":[{\"@type\":\"SearchAction\",\"target\":{\"@type\":\"EntryPoint\",\"urlTemplate\":\"https:\/\/blog.panrotas.com.br\/espacoabracorp\/?s={search_term_string}\"},\"query-input\":\"required name=search_term_string\"}],\"inLanguage\":\"pt-BR\"},{\"@type\":\"WebPage\",\"@id\":\"https:\/\/blog.panrotas.com.br\/espacoabracorp\/2024\/07\/16\/10o-forum-abracorp-inovacao-sustentavel-transformando-modelos-de-negocios-no-mercado-de-viagens-corporativas\/#webpage\",\"url\":\"https:\/\/blog.panrotas.com.br\/espacoabracorp\/2024\/07\/16\/10o-forum-abracorp-inovacao-sustentavel-transformando-modelos-de-negocios-no-mercado-de-viagens-corporativas\/\",\"name\":\"10\\u00ba F\\u00f3rum Abracorp: Inova\\u00e7\\u00e3o Sustent\\u00e1vel - Transformando modelos de neg\\u00f3cios no mercado de Viagens Corporativas - Espa\\u00e7o Abracorp\",\"isPartOf\":{\"@id\":\"https:\/\/blog.panrotas.com.br\/espacoabracorp\/#website\"},\"datePublished\":\"2024-07-16T13:50:22+00:00\",\"dateModified\":\"2024-07-16T14:02:34+00:00\",\"author\":{\"@id\":\"https:\/\/blog.panrotas.com.br\/espacoabracorp\/#\/schema\/person\/3564d9ddd42ee5725703d72c91f65ecc\"},\"breadcrumb\":{\"@id\":\"https:\/\/blog.panrotas.com.br\/espacoabracorp\/2024\/07\/16\/10o-forum-abracorp-inovacao-sustentavel-transformando-modelos-de-negocios-no-mercado-de-viagens-corporativas\/#breadcrumb\"},\"inLanguage\":\"pt-BR\",\"potentialAction\":[{\"@type\":\"ReadAction\",\"target\":[\"https:\/\/blog.panrotas.com.br\/espacoabracorp\/2024\/07\/16\/10o-forum-abracorp-inovacao-sustentavel-transformando-modelos-de-negocios-no-mercado-de-viagens-corporativas\/\"]}]},{\"@type\":\"BreadcrumbList\",\"@id\":\"https:\/\/blog.panrotas.com.br\/espacoabracorp\/2024\/07\/16\/10o-forum-abracorp-inovacao-sustentavel-transformando-modelos-de-negocios-no-mercado-de-viagens-corporativas\/#breadcrumb\",\"itemListElement\":[{\"@type\":\"ListItem\",\"position\":1,\"name\":\"In\\u00edcio\",\"item\":\"https:\/\/blog.panrotas.com.br\/espacoabracorp\/\"},{\"@type\":\"ListItem\",\"position\":2,\"name\":\"10\\u00ba F\\u00f3rum Abracorp: Inova\\u00e7\\u00e3o Sustent\\u00e1vel &#8211; Transformando modelos de neg\\u00f3cios no mercado de Viagens Corporativas\"}]},{\"@type\":\"Person\",\"@id\":\"https:\/\/blog.panrotas.com.br\/espacoabracorp\/#\/schema\/person\/3564d9ddd42ee5725703d72c91f65ecc\",\"name\":\"abracorp\",\"image\":{\"@type\":\"ImageObject\",\"@id\":\"https:\/\/blog.panrotas.com.br\/espacoabracorp\/#personlogo\",\"inLanguage\":\"pt-BR\",\"url\":\"https:\/\/secure.gravatar.com\/avatar\/bb9230d6c885c7cc0401c59c0c0288c7?s=96&d=mm&r=g\",\"contentUrl\":\"https:\/\/secure.gravatar.com\/avatar\/bb9230d6c885c7cc0401c59c0c0288c7?s=96&d=mm&r=g\",\"caption\":\"abracorp\"},\"url\":\"https:\/\/blog.panrotas.com.br\/espacoabracorp\/author\/abracorp\/\"}]}<\/script>\n<!-- \/ Yoast SEO plugin. -->","yoast_head_json":{"title":"10\u00ba F\u00f3rum Abracorp: Inova\u00e7\u00e3o Sustent\u00e1vel - Transformando modelos de neg\u00f3cios no mercado de Viagens Corporativas - Espa\u00e7o Abracorp","robots":{"index":"index","follow":"follow","max-snippet":"max-snippet:-1","max-image-preview":"max-image-preview:large","max-video-preview":"max-video-preview:-1"},"canonical":"https:\/\/blog.panrotas.com.br\/espacoabracorp\/2024\/07\/16\/10o-forum-abracorp-inovacao-sustentavel-transformando-modelos-de-negocios-no-mercado-de-viagens-corporativas\/","og_locale":"pt_BR","og_type":"article","og_title":"10\u00ba F\u00f3rum Abracorp: Inova\u00e7\u00e3o Sustent\u00e1vel - Transformando modelos de neg\u00f3cios no mercado de Viagens Corporativas - Espa\u00e7o Abracorp","og_description":"by Humberto Machado, diretor-executivo da Abracorp. Data: 8 de agosto de 2024&nbsp; Local: Hotel Grand Mercure Ibirapuera, S\u00e3o Paulo&nbsp; Convidamos gestores de viagens, compradores e associados para o 10\u00ba F\u00f3rum Abracorp, em parceria com a ALAGEV (Associa\u00e7\u00e3o Latino Americana de Gest\u00e3o de Eventos e Viagens Corporativas) e o TMG (Travel Managers Group). O evento ser\u00e1&hellip; Continue reading &rarr;","og_url":"https:\/\/blog.panrotas.com.br\/espacoabracorp\/2024\/07\/16\/10o-forum-abracorp-inovacao-sustentavel-transformando-modelos-de-negocios-no-mercado-de-viagens-corporativas\/","og_site_name":"Espa\u00e7o Abracorp","article_published_time":"2024-07-16T13:50:22+00:00","article_modified_time":"2024-07-16T14:02:34+00:00","twitter_card":"summary_large_image","twitter_misc":{"Escrito por":"abracorp","Est. tempo de leitura":"2 minutos"},"schema":{"@context":"https:\/\/schema.org","@graph":[{"@type":"WebSite","@id":"https:\/\/blog.panrotas.com.br\/espacoabracorp\/#website","url":"https:\/\/blog.panrotas.com.br\/espacoabracorp\/","name":"Espa\u00e7o Abracorp","description":"Blogosfera PANROTAS","potentialAction":[{"@type":"SearchAction","target":{"@type":"EntryPoint","urlTemplate":"https:\/\/blog.panrotas.com.br\/espacoabracorp\/?s={search_term_string}"},"query-input":"required name=search_term_string"}],"inLanguage":"pt-BR"},{"@type":"WebPage","@id":"https:\/\/blog.panrotas.com.br\/espacoabracorp\/2024\/07\/16\/10o-forum-abracorp-inovacao-sustentavel-transformando-modelos-de-negocios-no-mercado-de-viagens-corporativas\/#webpage","url":"https:\/\/blog.panrotas.com.br\/espacoabracorp\/2024\/07\/16\/10o-forum-abracorp-inovacao-sustentavel-transformando-modelos-de-negocios-no-mercado-de-viagens-corporativas\/","name":"10\u00ba F\u00f3rum Abracorp: Inova\u00e7\u00e3o Sustent\u00e1vel - Transformando modelos de neg\u00f3cios no mercado de Viagens Corporativas - Espa\u00e7o Abracorp","isPartOf":{"@id":"https:\/\/blog.panrotas.com.br\/espacoabracorp\/#website"},"datePublished":"2024-07-16T13:50:22+00:00","dateModified":"2024-07-16T14:02:34+00:00","author":{"@id":"https:\/\/blog.panrotas.com.br\/espacoabracorp\/#\/schema\/person\/3564d9ddd42ee5725703d72c91f65ecc"},"breadcrumb":{"@id":"https:\/\/blog.panrotas.com.br\/espacoabracorp\/2024\/07\/16\/10o-forum-abracorp-inovacao-sustentavel-transformando-modelos-de-negocios-no-mercado-de-viagens-corporativas\/#breadcrumb"},"inLanguage":"pt-BR","potentialAction":[{"@type":"ReadAction","target":["https:\/\/blog.panrotas.com.br\/espacoabracorp\/2024\/07\/16\/10o-forum-abracorp-inovacao-sustentavel-transformando-modelos-de-negocios-no-mercado-de-viagens-corporativas\/"]}]},{"@type":"BreadcrumbList","@id":"https:\/\/blog.panrotas.com.br\/espacoabracorp\/2024\/07\/16\/10o-forum-abracorp-inovacao-sustentavel-transformando-modelos-de-negocios-no-mercado-de-viagens-corporativas\/#breadcrumb","itemListElement":[{"@type":"ListItem","position":1,"name":"In\u00edcio","item":"https:\/\/blog.panrotas.com.br\/espacoabracorp\/"},{"@type":"ListItem","position":2,"name":"10\u00ba F\u00f3rum Abracorp: Inova\u00e7\u00e3o Sustent\u00e1vel &#8211; Transformando modelos de neg\u00f3cios no mercado de Viagens Corporativas"}]},{"@type":"Person","@id":"https:\/\/blog.panrotas.com.br\/espacoabracorp\/#\/schema\/person\/3564d9ddd42ee5725703d72c91f65ecc","name":"abracorp","image":{"@type":"ImageObject","@id":"https:\/\/blog.panrotas.com.br\/espacoabracorp\/#personlogo","inLanguage":"pt-BR","url":"https:\/\/secure.gravatar.com\/avatar\/bb9230d6c885c7cc0401c59c0c0288c7?s=96&d=mm&r=g","contentUrl":"https:\/\/secure.gravatar.com\/avatar\/bb9230d6c885c7cc0401c59c0c0288c7?s=96&d=mm&r=g","caption":"abracorp"},"url":"https:\/\/blog.panrotas.com.br\/espacoabracorp\/author\/abracorp\/"}]}},"jetpack_featured_media_url":"","_links":{"self":[{"href":"https:\/\/blog.panrotas.com.br\/espacoabracorp\/wp-json\/wp\/v2\/posts\/1573"}],"collection":[{"href":"https:\/\/blog.panrotas.com.br\/espacoabracorp\/wp-json\/wp\/v2\/posts"}],"about":[{"href":"https:\/\/blog.panrotas.com.br\/espacoabracorp\/wp-json\/wp\/v2\/types\/post"}],"author":[{"embeddable":true,"href":"https:\/\/blog.panrotas.com.br\/espacoabracorp\/wp-json\/wp\/v2\/users\/57"}],"replies":[{"embeddable":true,"href":"https:\/\/blog.panrotas.com.br\/espacoabracorp\/wp-json\/wp\/v2\/comments?post=1573"}],"version-history":[{"count":4,"href":"https:\/\/blog.panrotas.com.br\/espacoabracorp\/wp-json\/wp\/v2\/posts\/1573\/revisions"}],"predecessor-version":[{"id":1578,"href":"https:\/\/blog.panrotas.com.br\/espacoabracorp\/wp-json\/wp\/v2\/posts\/1573\/revisions\/1578"}],"wp:attachment":[{"href":"https:\/\/blog.panrotas.com.br\/espacoabracorp\/wp-json\/wp\/v2\/media?parent=1573"}],"wp:term":[{"taxonomy":"category","embeddable":true,"href":"https:\/\/blog.panrotas.com.br\/espacoabracorp\/wp-json\/wp\/v2\/categories?post=1573"},{"taxonomy":"post_tag","embeddable":true,"href":"https:\/\/blog.panrotas.com.br\/espacoabracorp\/wp-json\/wp\/v2\/tags?post=1573"}],"curies":[{"name":"wp","href":"https:\/\/api.w.org\/{rel}","templated":true}]}}