{"id":1583,"date":"2024-10-16T14:04:40","date_gmt":"2024-10-16T17:04:40","guid":{"rendered":"https:\/\/blog.panrotas.com.br\/espacoabracorp\/?p=1583"},"modified":"2024-10-16T14:04:42","modified_gmt":"2024-10-16T17:04:42","slug":"o-ontem-o-hoje-e-o-amanha","status":"publish","type":"post","link":"https:\/\/blog.panrotas.com.br\/espacoabracorp\/2024\/10\/16\/o-ontem-o-hoje-e-o-amanha\/","title":{"rendered":"O ONTEM, O HOJE E O AMANH\u00c3"},"content":{"rendered":"\n<p>by Siderley Santos, presidente do CONSELHO DE ADMINISTRA\u00c7\u00c3O ABRACORP<br><br>Realizamos a nossa Reuni\u00e3o de Associados Abracorp, na semana passada. \u00c9 uma importante inst\u00e2ncia de nossa governan\u00e7a, que amplia os horizontes de nossas pautas e alertas.<br><br>Essa edi\u00e7\u00e3o, al\u00e9m de uma pauta robusta, foi marcada por uma importante renova\u00e7\u00e3o, que notamos nos novos rostos que representavam associados tradicionais.<br><br>Estamos em um momento muito importante da Abracorp, avaliando temas profundos de nossa agenda. N\u00e3o explorarei esses temas nesse espa\u00e7o. Vou dedic\u00e1-lo \u00e0 participa\u00e7\u00e3o do Guilherme Dietze, Presidente do Conselho de Turismo da Fecomercio-SP no nosso encontro.<br><br>Duas mensagens importantes que destaco: a primeira \u00e9 que os principais indicadores da economia, no curto prazo, est\u00e3o performando muito bem, por\u00e9m por um tempo limitado, segundo esses mesmos indicadores; o outro tema importante \u00e9 o hist\u00f3rico registrado de como o turismo corporativo contribui para o mercado como um todo. Guilherme apresentou um estudo demonstrando que, em 2011, o nosso share em faturamento era de 53% e hoje \u00e9 de 62%. Grande parte desse volume atual se deve ao aumento dos pre\u00e7os das passagens a\u00e9reas.<br><br>Ele falou ainda que tivemos uma queda vertiginosa em 2020 e 2021 quando ca\u00edmos para 29% e 31%, respectivamente. Foram os fat\u00eddicos anos da pandemia.<br><br>Este ano, nossas proje\u00e7\u00f5es apontam para um faturamento do setor corporativo de R$ 15 bilh\u00f5es. As margens ainda s\u00e3o pequenas, de toda a forma.<br><br>Para 2025, entendemos que o mercado manter\u00e1 o crescimento, e a not\u00edcia boa \u00e9 que o setor de eventos tem demonstrado bastante vigor.<br><br>Esta foi a nossa reuni\u00e3o. Agora, estamos nos preparando para o encontro de final de ano, que acontecer\u00e1 em novembro, em Campinas (SP). Vamos ver o que nos espera.<br><\/p>\n","protected":false},"excerpt":{"rendered":"<p>by Siderley Santos, presidente do CONSELHO DE ADMINISTRA\u00c7\u00c3O ABRACORP Realizamos a nossa Reuni\u00e3o de Associados Abracorp, na semana passada. \u00c9 uma importante inst\u00e2ncia de nossa governan\u00e7a, que amplia os horizontes de nossas pautas e alertas. Essa edi\u00e7\u00e3o, al\u00e9m de uma pauta robusta, foi marcada por uma importante renova\u00e7\u00e3o, que notamos nos novos rostos que representavam&hellip; <a class=\"more-link\" href=\"https:\/\/blog.panrotas.com.br\/espacoabracorp\/2024\/10\/16\/o-ontem-o-hoje-e-o-amanha\/\">Continue reading &rarr;<\/a><\/p>\n","protected":false},"author":57,"featured_media":0,"comment_status":"open","ping_status":"open","sticky":false,"template":"","format":"standard","meta":{"spay_email":""},"categories":[1],"tags":[],"yoast_head":"<!-- This site is optimized with the Yoast SEO plugin v17.3 - https:\/\/yoast.com\/wordpress\/plugins\/seo\/ -->\n<title>O ONTEM, O HOJE E O AMANH\u00c3 - Espa\u00e7o Abracorp<\/title>\n<meta name=\"robots\" content=\"index, follow, max-snippet:-1, max-image-preview:large, max-video-preview:-1\" \/>\n<link rel=\"canonical\" href=\"https:\/\/blog.panrotas.com.br\/espacoabracorp\/2024\/10\/16\/o-ontem-o-hoje-e-o-amanha\/\" \/>\n<meta property=\"og:locale\" content=\"pt_BR\" \/>\n<meta property=\"og:type\" content=\"article\" \/>\n<meta property=\"og:title\" content=\"O ONTEM, O HOJE E O AMANH\u00c3 - Espa\u00e7o Abracorp\" \/>\n<meta property=\"og:description\" content=\"by Siderley Santos, presidente do CONSELHO DE ADMINISTRA\u00c7\u00c3O ABRACORP Realizamos a nossa Reuni\u00e3o de Associados Abracorp, na semana passada. \u00c9 uma importante inst\u00e2ncia de nossa governan\u00e7a, que amplia os horizontes de nossas pautas e alertas. Essa edi\u00e7\u00e3o, al\u00e9m de uma pauta robusta, foi marcada por uma importante renova\u00e7\u00e3o, que notamos nos novos rostos que representavam&hellip; Continue reading &rarr;\" \/>\n<meta property=\"og:url\" content=\"https:\/\/blog.panrotas.com.br\/espacoabracorp\/2024\/10\/16\/o-ontem-o-hoje-e-o-amanha\/\" \/>\n<meta property=\"og:site_name\" content=\"Espa\u00e7o Abracorp\" \/>\n<meta property=\"article:published_time\" content=\"2024-10-16T17:04:40+00:00\" \/>\n<meta property=\"article:modified_time\" content=\"2024-10-16T17:04:42+00:00\" \/>\n<meta name=\"twitter:card\" content=\"summary_large_image\" \/>\n<meta name=\"twitter:label1\" content=\"Escrito por\" \/>\n\t<meta name=\"twitter:data1\" content=\"abracorp\" \/>\n\t<meta name=\"twitter:label2\" content=\"Est. tempo de leitura\" \/>\n\t<meta name=\"twitter:data2\" content=\"2 minutos\" \/>\n<script type=\"application\/ld+json\" class=\"yoast-schema-graph\">{\"@context\":\"https:\/\/schema.org\",\"@graph\":[{\"@type\":\"WebSite\",\"@id\":\"https:\/\/blog.panrotas.com.br\/espacoabracorp\/#website\",\"url\":\"https:\/\/blog.panrotas.com.br\/espacoabracorp\/\",\"name\":\"Espa\\u00e7o Abracorp\",\"description\":\"Blogosfera PANROTAS\",\"potentialAction\":[{\"@type\":\"SearchAction\",\"target\":{\"@type\":\"EntryPoint\",\"urlTemplate\":\"https:\/\/blog.panrotas.com.br\/espacoabracorp\/?s={search_term_string}\"},\"query-input\":\"required name=search_term_string\"}],\"inLanguage\":\"pt-BR\"},{\"@type\":\"WebPage\",\"@id\":\"https:\/\/blog.panrotas.com.br\/espacoabracorp\/2024\/10\/16\/o-ontem-o-hoje-e-o-amanha\/#webpage\",\"url\":\"https:\/\/blog.panrotas.com.br\/espacoabracorp\/2024\/10\/16\/o-ontem-o-hoje-e-o-amanha\/\",\"name\":\"O ONTEM, O HOJE E O AMANH\\u00c3 - Espa\\u00e7o Abracorp\",\"isPartOf\":{\"@id\":\"https:\/\/blog.panrotas.com.br\/espacoabracorp\/#website\"},\"datePublished\":\"2024-10-16T17:04:40+00:00\",\"dateModified\":\"2024-10-16T17:04:42+00:00\",\"author\":{\"@id\":\"https:\/\/blog.panrotas.com.br\/espacoabracorp\/#\/schema\/person\/3564d9ddd42ee5725703d72c91f65ecc\"},\"breadcrumb\":{\"@id\":\"https:\/\/blog.panrotas.com.br\/espacoabracorp\/2024\/10\/16\/o-ontem-o-hoje-e-o-amanha\/#breadcrumb\"},\"inLanguage\":\"pt-BR\",\"potentialAction\":[{\"@type\":\"ReadAction\",\"target\":[\"https:\/\/blog.panrotas.com.br\/espacoabracorp\/2024\/10\/16\/o-ontem-o-hoje-e-o-amanha\/\"]}]},{\"@type\":\"BreadcrumbList\",\"@id\":\"https:\/\/blog.panrotas.com.br\/espacoabracorp\/2024\/10\/16\/o-ontem-o-hoje-e-o-amanha\/#breadcrumb\",\"itemListElement\":[{\"@type\":\"ListItem\",\"position\":1,\"name\":\"In\\u00edcio\",\"item\":\"https:\/\/blog.panrotas.com.br\/espacoabracorp\/\"},{\"@type\":\"ListItem\",\"position\":2,\"name\":\"O ONTEM, O HOJE E O AMANH\\u00c3\"}]},{\"@type\":\"Person\",\"@id\":\"https:\/\/blog.panrotas.com.br\/espacoabracorp\/#\/schema\/person\/3564d9ddd42ee5725703d72c91f65ecc\",\"name\":\"abracorp\",\"image\":{\"@type\":\"ImageObject\",\"@id\":\"https:\/\/blog.panrotas.com.br\/espacoabracorp\/#personlogo\",\"inLanguage\":\"pt-BR\",\"url\":\"https:\/\/secure.gravatar.com\/avatar\/bb9230d6c885c7cc0401c59c0c0288c7?s=96&d=mm&r=g\",\"contentUrl\":\"https:\/\/secure.gravatar.com\/avatar\/bb9230d6c885c7cc0401c59c0c0288c7?s=96&d=mm&r=g\",\"caption\":\"abracorp\"},\"url\":\"https:\/\/blog.panrotas.com.br\/espacoabracorp\/author\/abracorp\/\"}]}<\/script>\n<!-- \/ Yoast SEO plugin. -->","yoast_head_json":{"title":"O ONTEM, O HOJE E O AMANH\u00c3 - Espa\u00e7o Abracorp","robots":{"index":"index","follow":"follow","max-snippet":"max-snippet:-1","max-image-preview":"max-image-preview:large","max-video-preview":"max-video-preview:-1"},"canonical":"https:\/\/blog.panrotas.com.br\/espacoabracorp\/2024\/10\/16\/o-ontem-o-hoje-e-o-amanha\/","og_locale":"pt_BR","og_type":"article","og_title":"O ONTEM, O HOJE E O AMANH\u00c3 - Espa\u00e7o Abracorp","og_description":"by Siderley Santos, presidente do CONSELHO DE ADMINISTRA\u00c7\u00c3O ABRACORP Realizamos a nossa Reuni\u00e3o de Associados Abracorp, na semana passada. \u00c9 uma importante inst\u00e2ncia de nossa governan\u00e7a, que amplia os horizontes de nossas pautas e alertas. Essa edi\u00e7\u00e3o, al\u00e9m de uma pauta robusta, foi marcada por uma importante renova\u00e7\u00e3o, que notamos nos novos rostos que representavam&hellip; Continue reading &rarr;","og_url":"https:\/\/blog.panrotas.com.br\/espacoabracorp\/2024\/10\/16\/o-ontem-o-hoje-e-o-amanha\/","og_site_name":"Espa\u00e7o Abracorp","article_published_time":"2024-10-16T17:04:40+00:00","article_modified_time":"2024-10-16T17:04:42+00:00","twitter_card":"summary_large_image","twitter_misc":{"Escrito por":"abracorp","Est. tempo de leitura":"2 minutos"},"schema":{"@context":"https:\/\/schema.org","@graph":[{"@type":"WebSite","@id":"https:\/\/blog.panrotas.com.br\/espacoabracorp\/#website","url":"https:\/\/blog.panrotas.com.br\/espacoabracorp\/","name":"Espa\u00e7o Abracorp","description":"Blogosfera PANROTAS","potentialAction":[{"@type":"SearchAction","target":{"@type":"EntryPoint","urlTemplate":"https:\/\/blog.panrotas.com.br\/espacoabracorp\/?s={search_term_string}"},"query-input":"required name=search_term_string"}],"inLanguage":"pt-BR"},{"@type":"WebPage","@id":"https:\/\/blog.panrotas.com.br\/espacoabracorp\/2024\/10\/16\/o-ontem-o-hoje-e-o-amanha\/#webpage","url":"https:\/\/blog.panrotas.com.br\/espacoabracorp\/2024\/10\/16\/o-ontem-o-hoje-e-o-amanha\/","name":"O ONTEM, O HOJE E O AMANH\u00c3 - Espa\u00e7o Abracorp","isPartOf":{"@id":"https:\/\/blog.panrotas.com.br\/espacoabracorp\/#website"},"datePublished":"2024-10-16T17:04:40+00:00","dateModified":"2024-10-16T17:04:42+00:00","author":{"@id":"https:\/\/blog.panrotas.com.br\/espacoabracorp\/#\/schema\/person\/3564d9ddd42ee5725703d72c91f65ecc"},"breadcrumb":{"@id":"https:\/\/blog.panrotas.com.br\/espacoabracorp\/2024\/10\/16\/o-ontem-o-hoje-e-o-amanha\/#breadcrumb"},"inLanguage":"pt-BR","potentialAction":[{"@type":"ReadAction","target":["https:\/\/blog.panrotas.com.br\/espacoabracorp\/2024\/10\/16\/o-ontem-o-hoje-e-o-amanha\/"]}]},{"@type":"BreadcrumbList","@id":"https:\/\/blog.panrotas.com.br\/espacoabracorp\/2024\/10\/16\/o-ontem-o-hoje-e-o-amanha\/#breadcrumb","itemListElement":[{"@type":"ListItem","position":1,"name":"In\u00edcio","item":"https:\/\/blog.panrotas.com.br\/espacoabracorp\/"},{"@type":"ListItem","position":2,"name":"O ONTEM, O HOJE E O AMANH\u00c3"}]},{"@type":"Person","@id":"https:\/\/blog.panrotas.com.br\/espacoabracorp\/#\/schema\/person\/3564d9ddd42ee5725703d72c91f65ecc","name":"abracorp","image":{"@type":"ImageObject","@id":"https:\/\/blog.panrotas.com.br\/espacoabracorp\/#personlogo","inLanguage":"pt-BR","url":"https:\/\/secure.gravatar.com\/avatar\/bb9230d6c885c7cc0401c59c0c0288c7?s=96&d=mm&r=g","contentUrl":"https:\/\/secure.gravatar.com\/avatar\/bb9230d6c885c7cc0401c59c0c0288c7?s=96&d=mm&r=g","caption":"abracorp"},"url":"https:\/\/blog.panrotas.com.br\/espacoabracorp\/author\/abracorp\/"}]}},"jetpack_featured_media_url":"","_links":{"self":[{"href":"https:\/\/blog.panrotas.com.br\/espacoabracorp\/wp-json\/wp\/v2\/posts\/1583"}],"collection":[{"href":"https:\/\/blog.panrotas.com.br\/espacoabracorp\/wp-json\/wp\/v2\/posts"}],"about":[{"href":"https:\/\/blog.panrotas.com.br\/espacoabracorp\/wp-json\/wp\/v2\/types\/post"}],"author":[{"embeddable":true,"href":"https:\/\/blog.panrotas.com.br\/espacoabracorp\/wp-json\/wp\/v2\/users\/57"}],"replies":[{"embeddable":true,"href":"https:\/\/blog.panrotas.com.br\/espacoabracorp\/wp-json\/wp\/v2\/comments?post=1583"}],"version-history":[{"count":2,"href":"https:\/\/blog.panrotas.com.br\/espacoabracorp\/wp-json\/wp\/v2\/posts\/1583\/revisions"}],"predecessor-version":[{"id":1587,"href":"https:\/\/blog.panrotas.com.br\/espacoabracorp\/wp-json\/wp\/v2\/posts\/1583\/revisions\/1587"}],"wp:attachment":[{"href":"https:\/\/blog.panrotas.com.br\/espacoabracorp\/wp-json\/wp\/v2\/media?parent=1583"}],"wp:term":[{"taxonomy":"category","embeddable":true,"href":"https:\/\/blog.panrotas.com.br\/espacoabracorp\/wp-json\/wp\/v2\/categories?post=1583"},{"taxonomy":"post_tag","embeddable":true,"href":"https:\/\/blog.panrotas.com.br\/espacoabracorp\/wp-json\/wp\/v2\/tags?post=1583"}],"curies":[{"name":"wp","href":"https:\/\/api.w.org\/{rel}","templated":true}]}}