{"id":1586,"date":"2024-11-28T09:15:09","date_gmt":"2024-11-28T11:15:09","guid":{"rendered":"https:\/\/blog.panrotas.com.br\/espacoabracorp\/?p=1586"},"modified":"2024-11-28T09:15:11","modified_gmt":"2024-11-28T11:15:11","slug":"convencao-anual-abracorp-2024","status":"publish","type":"post","link":"https:\/\/blog.panrotas.com.br\/espacoabracorp\/2024\/11\/28\/convencao-anual-abracorp-2024\/","title":{"rendered":"Conven\u00e7\u00e3o Anual Abracorp 2024"},"content":{"rendered":"\n<p>No pr\u00f3ximo dia 29 estaremos todos reunidos na Conven\u00e7\u00e3o Anual Abracorp, no Royal Palm Plaza Resort, em Campinas (SP). Trata-se de uma inst\u00e2ncia de nossa governan\u00e7a, onde fazemos nossa avalia\u00e7\u00e3o interna do que foi este ano e do que enfrentaremos em 25.  \u00c9 o momento em que discutimos e reafirmamos o planejamento estrat\u00e9gico da associa\u00e7\u00e3o.<br><br>Contamos com a parceria da Assist Card, Atlantica, Bradesco, Gol, Movida e Omnibees.<br><br>Teremos como convidado especial para palestrar na nossa conven\u00e7\u00e3o o Tiago Pessoa de Mello, CEO no Banco Mercantil Marketplace, que falar\u00e1 sobre a Transforma\u00e7\u00e3o Digital no Setor de Viagens: Como a Nova Economia Redefine a Experi\u00eancia do Cliente. Elegemos esse tema para ilustrar nossas discuss\u00f5es internas. Ele ainda \u00e9 cercado por muitas d\u00favidas no setor, mesmo tendo nossos associados pr\u00e1ticas importantes de como utilizar as ferramentas digitais na medida certa de atendimento aos clientes.<br><br>Se estamos falando de trabalho, h\u00e1 um longa agenda entre os nossos Comit\u00eas, que s\u00e3o quatro: TI, MICE, RECURSOS HUMANOS e OPERACIONAL. Somam-se a eles, os grupos de trabalho que se dedicam a uma agenda espec\u00edfica, por sua relev\u00e2ncia. Enfim, todos juntos t\u00eam o objetivo promover discuss\u00f5es, desenvolver a\u00e7\u00f5es estrat\u00e9gicas e propor solu\u00e7\u00f5es para temas relevantes ao setor de turismo corporativo, alinhados \u00e0s diretrizes da entidade, contribuindo para a inova\u00e7\u00e3o, sustentabilidade e desenvolvimento do mercado.<br><br>Os integrantes est\u00e3o bastante engajados, trazendo uma lista de prioridades que ser\u00e3o incorporadas ao planejamento estrat\u00e9gico de 2025.<br><br>Embalando todas essas frentes, temos a iniciativa de ESG, que busca estabelecer pr\u00e1ticas m\u00ednimas de mercado para as tr\u00eas dimens\u00f5es do trabalho.<br><br>Estamos construindo um material robusto, enriquecido pelas pr\u00e1ticas exemplares j\u00e1 adotadas pelos associados, que podem servir como refer\u00eancia.<br><br>Esse ser\u00e1 o nosso dia 29, dia em que j\u00e1 iniciaremos 2025.<br><\/p>\n","protected":false},"excerpt":{"rendered":"<p>No pr\u00f3ximo dia 29 estaremos todos reunidos na Conven\u00e7\u00e3o Anual Abracorp, no Royal Palm Plaza Resort, em Campinas (SP). Trata-se de uma inst\u00e2ncia de nossa governan\u00e7a, onde fazemos nossa avalia\u00e7\u00e3o interna do que foi este ano e do que enfrentaremos em 25. \u00c9 o momento em que discutimos e reafirmamos o planejamento estrat\u00e9gico da associa\u00e7\u00e3o.&hellip; <a class=\"more-link\" href=\"https:\/\/blog.panrotas.com.br\/espacoabracorp\/2024\/11\/28\/convencao-anual-abracorp-2024\/\">Continue reading &rarr;<\/a><\/p>\n","protected":false},"author":57,"featured_media":0,"comment_status":"open","ping_status":"open","sticky":false,"template":"","format":"standard","meta":{"spay_email":""},"categories":[1],"tags":[],"yoast_head":"<!-- This site is optimized with the Yoast SEO plugin v17.3 - https:\/\/yoast.com\/wordpress\/plugins\/seo\/ -->\n<title>Conven\u00e7\u00e3o Anual Abracorp 2024 - Espa\u00e7o Abracorp<\/title>\n<meta name=\"robots\" content=\"index, follow, max-snippet:-1, max-image-preview:large, max-video-preview:-1\" \/>\n<link rel=\"canonical\" href=\"https:\/\/blog.panrotas.com.br\/espacoabracorp\/2024\/11\/28\/convencao-anual-abracorp-2024\/\" \/>\n<meta property=\"og:locale\" content=\"pt_BR\" \/>\n<meta property=\"og:type\" content=\"article\" \/>\n<meta property=\"og:title\" content=\"Conven\u00e7\u00e3o Anual Abracorp 2024 - Espa\u00e7o Abracorp\" \/>\n<meta property=\"og:description\" content=\"No pr\u00f3ximo dia 29 estaremos todos reunidos na Conven\u00e7\u00e3o Anual Abracorp, no Royal Palm Plaza Resort, em Campinas (SP). Trata-se de uma inst\u00e2ncia de nossa governan\u00e7a, onde fazemos nossa avalia\u00e7\u00e3o interna do que foi este ano e do que enfrentaremos em 25. \u00c9 o momento em que discutimos e reafirmamos o planejamento estrat\u00e9gico da associa\u00e7\u00e3o.&hellip; Continue reading &rarr;\" \/>\n<meta property=\"og:url\" content=\"https:\/\/blog.panrotas.com.br\/espacoabracorp\/2024\/11\/28\/convencao-anual-abracorp-2024\/\" \/>\n<meta property=\"og:site_name\" content=\"Espa\u00e7o Abracorp\" \/>\n<meta property=\"article:published_time\" content=\"2024-11-28T11:15:09+00:00\" \/>\n<meta property=\"article:modified_time\" content=\"2024-11-28T11:15:11+00:00\" \/>\n<meta name=\"twitter:card\" content=\"summary_large_image\" \/>\n<meta name=\"twitter:label1\" content=\"Escrito por\" \/>\n\t<meta name=\"twitter:data1\" content=\"abracorp\" \/>\n\t<meta name=\"twitter:label2\" content=\"Est. tempo de leitura\" \/>\n\t<meta name=\"twitter:data2\" content=\"2 minutos\" \/>\n<script type=\"application\/ld+json\" class=\"yoast-schema-graph\">{\"@context\":\"https:\/\/schema.org\",\"@graph\":[{\"@type\":\"WebSite\",\"@id\":\"https:\/\/blog.panrotas.com.br\/espacoabracorp\/#website\",\"url\":\"https:\/\/blog.panrotas.com.br\/espacoabracorp\/\",\"name\":\"Espa\\u00e7o Abracorp\",\"description\":\"Blogosfera PANROTAS\",\"potentialAction\":[{\"@type\":\"SearchAction\",\"target\":{\"@type\":\"EntryPoint\",\"urlTemplate\":\"https:\/\/blog.panrotas.com.br\/espacoabracorp\/?s={search_term_string}\"},\"query-input\":\"required name=search_term_string\"}],\"inLanguage\":\"pt-BR\"},{\"@type\":\"WebPage\",\"@id\":\"https:\/\/blog.panrotas.com.br\/espacoabracorp\/2024\/11\/28\/convencao-anual-abracorp-2024\/#webpage\",\"url\":\"https:\/\/blog.panrotas.com.br\/espacoabracorp\/2024\/11\/28\/convencao-anual-abracorp-2024\/\",\"name\":\"Conven\\u00e7\\u00e3o Anual Abracorp 2024 - Espa\\u00e7o Abracorp\",\"isPartOf\":{\"@id\":\"https:\/\/blog.panrotas.com.br\/espacoabracorp\/#website\"},\"datePublished\":\"2024-11-28T11:15:09+00:00\",\"dateModified\":\"2024-11-28T11:15:11+00:00\",\"author\":{\"@id\":\"https:\/\/blog.panrotas.com.br\/espacoabracorp\/#\/schema\/person\/3564d9ddd42ee5725703d72c91f65ecc\"},\"breadcrumb\":{\"@id\":\"https:\/\/blog.panrotas.com.br\/espacoabracorp\/2024\/11\/28\/convencao-anual-abracorp-2024\/#breadcrumb\"},\"inLanguage\":\"pt-BR\",\"potentialAction\":[{\"@type\":\"ReadAction\",\"target\":[\"https:\/\/blog.panrotas.com.br\/espacoabracorp\/2024\/11\/28\/convencao-anual-abracorp-2024\/\"]}]},{\"@type\":\"BreadcrumbList\",\"@id\":\"https:\/\/blog.panrotas.com.br\/espacoabracorp\/2024\/11\/28\/convencao-anual-abracorp-2024\/#breadcrumb\",\"itemListElement\":[{\"@type\":\"ListItem\",\"position\":1,\"name\":\"In\\u00edcio\",\"item\":\"https:\/\/blog.panrotas.com.br\/espacoabracorp\/\"},{\"@type\":\"ListItem\",\"position\":2,\"name\":\"Conven\\u00e7\\u00e3o Anual Abracorp 2024\"}]},{\"@type\":\"Person\",\"@id\":\"https:\/\/blog.panrotas.com.br\/espacoabracorp\/#\/schema\/person\/3564d9ddd42ee5725703d72c91f65ecc\",\"name\":\"abracorp\",\"image\":{\"@type\":\"ImageObject\",\"@id\":\"https:\/\/blog.panrotas.com.br\/espacoabracorp\/#personlogo\",\"inLanguage\":\"pt-BR\",\"url\":\"https:\/\/secure.gravatar.com\/avatar\/bb9230d6c885c7cc0401c59c0c0288c7?s=96&d=mm&r=g\",\"contentUrl\":\"https:\/\/secure.gravatar.com\/avatar\/bb9230d6c885c7cc0401c59c0c0288c7?s=96&d=mm&r=g\",\"caption\":\"abracorp\"},\"url\":\"https:\/\/blog.panrotas.com.br\/espacoabracorp\/author\/abracorp\/\"}]}<\/script>\n<!-- \/ Yoast SEO plugin. -->","yoast_head_json":{"title":"Conven\u00e7\u00e3o Anual Abracorp 2024 - Espa\u00e7o Abracorp","robots":{"index":"index","follow":"follow","max-snippet":"max-snippet:-1","max-image-preview":"max-image-preview:large","max-video-preview":"max-video-preview:-1"},"canonical":"https:\/\/blog.panrotas.com.br\/espacoabracorp\/2024\/11\/28\/convencao-anual-abracorp-2024\/","og_locale":"pt_BR","og_type":"article","og_title":"Conven\u00e7\u00e3o Anual Abracorp 2024 - Espa\u00e7o Abracorp","og_description":"No pr\u00f3ximo dia 29 estaremos todos reunidos na Conven\u00e7\u00e3o Anual Abracorp, no Royal Palm Plaza Resort, em Campinas (SP). Trata-se de uma inst\u00e2ncia de nossa governan\u00e7a, onde fazemos nossa avalia\u00e7\u00e3o interna do que foi este ano e do que enfrentaremos em 25. \u00c9 o momento em que discutimos e reafirmamos o planejamento estrat\u00e9gico da associa\u00e7\u00e3o.&hellip; Continue reading &rarr;","og_url":"https:\/\/blog.panrotas.com.br\/espacoabracorp\/2024\/11\/28\/convencao-anual-abracorp-2024\/","og_site_name":"Espa\u00e7o Abracorp","article_published_time":"2024-11-28T11:15:09+00:00","article_modified_time":"2024-11-28T11:15:11+00:00","twitter_card":"summary_large_image","twitter_misc":{"Escrito por":"abracorp","Est. tempo de leitura":"2 minutos"},"schema":{"@context":"https:\/\/schema.org","@graph":[{"@type":"WebSite","@id":"https:\/\/blog.panrotas.com.br\/espacoabracorp\/#website","url":"https:\/\/blog.panrotas.com.br\/espacoabracorp\/","name":"Espa\u00e7o Abracorp","description":"Blogosfera PANROTAS","potentialAction":[{"@type":"SearchAction","target":{"@type":"EntryPoint","urlTemplate":"https:\/\/blog.panrotas.com.br\/espacoabracorp\/?s={search_term_string}"},"query-input":"required name=search_term_string"}],"inLanguage":"pt-BR"},{"@type":"WebPage","@id":"https:\/\/blog.panrotas.com.br\/espacoabracorp\/2024\/11\/28\/convencao-anual-abracorp-2024\/#webpage","url":"https:\/\/blog.panrotas.com.br\/espacoabracorp\/2024\/11\/28\/convencao-anual-abracorp-2024\/","name":"Conven\u00e7\u00e3o Anual Abracorp 2024 - Espa\u00e7o Abracorp","isPartOf":{"@id":"https:\/\/blog.panrotas.com.br\/espacoabracorp\/#website"},"datePublished":"2024-11-28T11:15:09+00:00","dateModified":"2024-11-28T11:15:11+00:00","author":{"@id":"https:\/\/blog.panrotas.com.br\/espacoabracorp\/#\/schema\/person\/3564d9ddd42ee5725703d72c91f65ecc"},"breadcrumb":{"@id":"https:\/\/blog.panrotas.com.br\/espacoabracorp\/2024\/11\/28\/convencao-anual-abracorp-2024\/#breadcrumb"},"inLanguage":"pt-BR","potentialAction":[{"@type":"ReadAction","target":["https:\/\/blog.panrotas.com.br\/espacoabracorp\/2024\/11\/28\/convencao-anual-abracorp-2024\/"]}]},{"@type":"BreadcrumbList","@id":"https:\/\/blog.panrotas.com.br\/espacoabracorp\/2024\/11\/28\/convencao-anual-abracorp-2024\/#breadcrumb","itemListElement":[{"@type":"ListItem","position":1,"name":"In\u00edcio","item":"https:\/\/blog.panrotas.com.br\/espacoabracorp\/"},{"@type":"ListItem","position":2,"name":"Conven\u00e7\u00e3o Anual Abracorp 2024"}]},{"@type":"Person","@id":"https:\/\/blog.panrotas.com.br\/espacoabracorp\/#\/schema\/person\/3564d9ddd42ee5725703d72c91f65ecc","name":"abracorp","image":{"@type":"ImageObject","@id":"https:\/\/blog.panrotas.com.br\/espacoabracorp\/#personlogo","inLanguage":"pt-BR","url":"https:\/\/secure.gravatar.com\/avatar\/bb9230d6c885c7cc0401c59c0c0288c7?s=96&d=mm&r=g","contentUrl":"https:\/\/secure.gravatar.com\/avatar\/bb9230d6c885c7cc0401c59c0c0288c7?s=96&d=mm&r=g","caption":"abracorp"},"url":"https:\/\/blog.panrotas.com.br\/espacoabracorp\/author\/abracorp\/"}]}},"jetpack_featured_media_url":"","_links":{"self":[{"href":"https:\/\/blog.panrotas.com.br\/espacoabracorp\/wp-json\/wp\/v2\/posts\/1586"}],"collection":[{"href":"https:\/\/blog.panrotas.com.br\/espacoabracorp\/wp-json\/wp\/v2\/posts"}],"about":[{"href":"https:\/\/blog.panrotas.com.br\/espacoabracorp\/wp-json\/wp\/v2\/types\/post"}],"author":[{"embeddable":true,"href":"https:\/\/blog.panrotas.com.br\/espacoabracorp\/wp-json\/wp\/v2\/users\/57"}],"replies":[{"embeddable":true,"href":"https:\/\/blog.panrotas.com.br\/espacoabracorp\/wp-json\/wp\/v2\/comments?post=1586"}],"version-history":[{"count":2,"href":"https:\/\/blog.panrotas.com.br\/espacoabracorp\/wp-json\/wp\/v2\/posts\/1586\/revisions"}],"predecessor-version":[{"id":1590,"href":"https:\/\/blog.panrotas.com.br\/espacoabracorp\/wp-json\/wp\/v2\/posts\/1586\/revisions\/1590"}],"wp:attachment":[{"href":"https:\/\/blog.panrotas.com.br\/espacoabracorp\/wp-json\/wp\/v2\/media?parent=1586"}],"wp:term":[{"taxonomy":"category","embeddable":true,"href":"https:\/\/blog.panrotas.com.br\/espacoabracorp\/wp-json\/wp\/v2\/categories?post=1586"},{"taxonomy":"post_tag","embeddable":true,"href":"https:\/\/blog.panrotas.com.br\/espacoabracorp\/wp-json\/wp\/v2\/tags?post=1586"}],"curies":[{"name":"wp","href":"https:\/\/api.w.org\/{rel}","templated":true}]}}