{"id":1598,"date":"2025-02-27T07:50:25","date_gmt":"2025-02-27T10:50:25","guid":{"rendered":"https:\/\/blog.panrotas.com.br\/espacoabracorp\/?p=1598"},"modified":"2025-02-27T07:50:28","modified_gmt":"2025-02-27T10:50:28","slug":"um-encontro-para-celebrar","status":"publish","type":"post","link":"https:\/\/blog.panrotas.com.br\/espacoabracorp\/2025\/02\/27\/um-encontro-para-celebrar\/","title":{"rendered":"UM ENCONTRO PARA CELEBRAR"},"content":{"rendered":"\n<p>No dia 20, no Grand Mercure S\u00e3o Paulo, realizamos a Reuni\u00e3o dos Associados Abracor, uma inst\u00e2ncia de nossa governan\u00e7a. Nesses encontros apresentamos a agenda do Conselho de Administra\u00e7\u00e3o, incluindo a\u00e7\u00f5es em andamento dos nossos grupos de trabalho, levantamos as aspira\u00e7\u00f5es do mercado e aproximamos parceiros estrat\u00e9gicos aos Associados.<br><br>Essa Reuni\u00e3o foi especial para todos n\u00f3s, pois tivemos a oportunidade de celebrar, momento quase raro no meio de dias desafiadores para os nossos neg\u00f3cios. O tema em destaque foi o desempenho da Latam, que, pelo segundo ano consecutivo, tem o maior share em faturamento entre as companhias a\u00e9reas. Essa \u00e9 uma parceria vitoriosa e demonstra toda a nossa for\u00e7a nessa cadeia.<br><br>Tivemos tamb\u00e9m a apresenta\u00e7\u00e3o Guilherme Dietze, economista da Fecom\u00e9rcio-SP, que al\u00e9m de uma vis\u00e3o sobre a economia brasileira, apresentou um gr\u00e1fico sobre as proje\u00e7\u00f5es do Perse, as perspectivas do setor de turismo e a do setor de viagens corporativas.<br><br>Ele prev\u00ea um crescimento do setor de turismo que no ano passado faturou R$ 206 bilh\u00f5es, contra R$ 195 bilh\u00f5es em 2023. Representamos 63% desse volume. Dietze refor\u00e7ou o que apontei no texto anterior: faturamento n\u00e3o \u00e9 resultado.<br><br>Mas um dos pontos que mais gosto de acompanhar \u00e9 a atividade dos nossos quatro comit\u00eas. Temos o de TI, RH, MICE e Operacional. H\u00e1 uma vitalidade na agenda e propostas importantes para a nossa gest\u00e3o.<br><br>Essa foi a nossa primeira reuni\u00e3o, no ano que completamos 15 anos de atividades. Estrada dura e desafiadora.<br><br><\/p>\n","protected":false},"excerpt":{"rendered":"<p>No dia 20, no Grand Mercure S\u00e3o Paulo, realizamos a Reuni\u00e3o dos Associados Abracor, uma inst\u00e2ncia de nossa governan\u00e7a. Nesses encontros apresentamos a agenda do Conselho de Administra\u00e7\u00e3o, incluindo a\u00e7\u00f5es em andamento dos nossos grupos de trabalho, levantamos as aspira\u00e7\u00f5es do mercado e aproximamos parceiros estrat\u00e9gicos aos Associados. Essa Reuni\u00e3o foi especial para todos n\u00f3s,&hellip; <a class=\"more-link\" href=\"https:\/\/blog.panrotas.com.br\/espacoabracorp\/2025\/02\/27\/um-encontro-para-celebrar\/\">Continue reading &rarr;<\/a><\/p>\n","protected":false},"author":57,"featured_media":0,"comment_status":"open","ping_status":"open","sticky":false,"template":"","format":"standard","meta":{"spay_email":""},"categories":[1],"tags":[],"yoast_head":"<!-- This site is optimized with the Yoast SEO plugin v17.3 - https:\/\/yoast.com\/wordpress\/plugins\/seo\/ -->\n<title>UM ENCONTRO PARA CELEBRAR - Espa\u00e7o Abracorp<\/title>\n<meta name=\"robots\" content=\"index, follow, max-snippet:-1, max-image-preview:large, max-video-preview:-1\" \/>\n<link rel=\"canonical\" href=\"https:\/\/blog.panrotas.com.br\/espacoabracorp\/2025\/02\/27\/um-encontro-para-celebrar\/\" \/>\n<meta property=\"og:locale\" content=\"pt_BR\" \/>\n<meta property=\"og:type\" content=\"article\" \/>\n<meta property=\"og:title\" content=\"UM ENCONTRO PARA CELEBRAR - Espa\u00e7o Abracorp\" \/>\n<meta property=\"og:description\" content=\"No dia 20, no Grand Mercure S\u00e3o Paulo, realizamos a Reuni\u00e3o dos Associados Abracor, uma inst\u00e2ncia de nossa governan\u00e7a. Nesses encontros apresentamos a agenda do Conselho de Administra\u00e7\u00e3o, incluindo a\u00e7\u00f5es em andamento dos nossos grupos de trabalho, levantamos as aspira\u00e7\u00f5es do mercado e aproximamos parceiros estrat\u00e9gicos aos Associados. Essa Reuni\u00e3o foi especial para todos n\u00f3s,&hellip; Continue reading &rarr;\" \/>\n<meta property=\"og:url\" content=\"https:\/\/blog.panrotas.com.br\/espacoabracorp\/2025\/02\/27\/um-encontro-para-celebrar\/\" \/>\n<meta property=\"og:site_name\" content=\"Espa\u00e7o Abracorp\" \/>\n<meta property=\"article:published_time\" content=\"2025-02-27T10:50:25+00:00\" \/>\n<meta property=\"article:modified_time\" content=\"2025-02-27T10:50:28+00:00\" \/>\n<meta name=\"twitter:card\" content=\"summary_large_image\" \/>\n<meta name=\"twitter:label1\" content=\"Escrito por\" \/>\n\t<meta name=\"twitter:data1\" content=\"abracorp\" \/>\n\t<meta name=\"twitter:label2\" content=\"Est. tempo de leitura\" \/>\n\t<meta name=\"twitter:data2\" content=\"2 minutos\" \/>\n<script type=\"application\/ld+json\" class=\"yoast-schema-graph\">{\"@context\":\"https:\/\/schema.org\",\"@graph\":[{\"@type\":\"WebSite\",\"@id\":\"https:\/\/blog.panrotas.com.br\/espacoabracorp\/#website\",\"url\":\"https:\/\/blog.panrotas.com.br\/espacoabracorp\/\",\"name\":\"Espa\\u00e7o Abracorp\",\"description\":\"Blogosfera PANROTAS\",\"potentialAction\":[{\"@type\":\"SearchAction\",\"target\":{\"@type\":\"EntryPoint\",\"urlTemplate\":\"https:\/\/blog.panrotas.com.br\/espacoabracorp\/?s={search_term_string}\"},\"query-input\":\"required name=search_term_string\"}],\"inLanguage\":\"pt-BR\"},{\"@type\":\"WebPage\",\"@id\":\"https:\/\/blog.panrotas.com.br\/espacoabracorp\/2025\/02\/27\/um-encontro-para-celebrar\/#webpage\",\"url\":\"https:\/\/blog.panrotas.com.br\/espacoabracorp\/2025\/02\/27\/um-encontro-para-celebrar\/\",\"name\":\"UM ENCONTRO PARA CELEBRAR - Espa\\u00e7o Abracorp\",\"isPartOf\":{\"@id\":\"https:\/\/blog.panrotas.com.br\/espacoabracorp\/#website\"},\"datePublished\":\"2025-02-27T10:50:25+00:00\",\"dateModified\":\"2025-02-27T10:50:28+00:00\",\"author\":{\"@id\":\"https:\/\/blog.panrotas.com.br\/espacoabracorp\/#\/schema\/person\/3564d9ddd42ee5725703d72c91f65ecc\"},\"breadcrumb\":{\"@id\":\"https:\/\/blog.panrotas.com.br\/espacoabracorp\/2025\/02\/27\/um-encontro-para-celebrar\/#breadcrumb\"},\"inLanguage\":\"pt-BR\",\"potentialAction\":[{\"@type\":\"ReadAction\",\"target\":[\"https:\/\/blog.panrotas.com.br\/espacoabracorp\/2025\/02\/27\/um-encontro-para-celebrar\/\"]}]},{\"@type\":\"BreadcrumbList\",\"@id\":\"https:\/\/blog.panrotas.com.br\/espacoabracorp\/2025\/02\/27\/um-encontro-para-celebrar\/#breadcrumb\",\"itemListElement\":[{\"@type\":\"ListItem\",\"position\":1,\"name\":\"In\\u00edcio\",\"item\":\"https:\/\/blog.panrotas.com.br\/espacoabracorp\/\"},{\"@type\":\"ListItem\",\"position\":2,\"name\":\"UM ENCONTRO PARA CELEBRAR\"}]},{\"@type\":\"Person\",\"@id\":\"https:\/\/blog.panrotas.com.br\/espacoabracorp\/#\/schema\/person\/3564d9ddd42ee5725703d72c91f65ecc\",\"name\":\"abracorp\",\"image\":{\"@type\":\"ImageObject\",\"@id\":\"https:\/\/blog.panrotas.com.br\/espacoabracorp\/#personlogo\",\"inLanguage\":\"pt-BR\",\"url\":\"https:\/\/secure.gravatar.com\/avatar\/bb9230d6c885c7cc0401c59c0c0288c7?s=96&d=mm&r=g\",\"contentUrl\":\"https:\/\/secure.gravatar.com\/avatar\/bb9230d6c885c7cc0401c59c0c0288c7?s=96&d=mm&r=g\",\"caption\":\"abracorp\"},\"url\":\"https:\/\/blog.panrotas.com.br\/espacoabracorp\/author\/abracorp\/\"}]}<\/script>\n<!-- \/ Yoast SEO plugin. -->","yoast_head_json":{"title":"UM ENCONTRO PARA CELEBRAR - Espa\u00e7o Abracorp","robots":{"index":"index","follow":"follow","max-snippet":"max-snippet:-1","max-image-preview":"max-image-preview:large","max-video-preview":"max-video-preview:-1"},"canonical":"https:\/\/blog.panrotas.com.br\/espacoabracorp\/2025\/02\/27\/um-encontro-para-celebrar\/","og_locale":"pt_BR","og_type":"article","og_title":"UM ENCONTRO PARA CELEBRAR - Espa\u00e7o Abracorp","og_description":"No dia 20, no Grand Mercure S\u00e3o Paulo, realizamos a Reuni\u00e3o dos Associados Abracor, uma inst\u00e2ncia de nossa governan\u00e7a. Nesses encontros apresentamos a agenda do Conselho de Administra\u00e7\u00e3o, incluindo a\u00e7\u00f5es em andamento dos nossos grupos de trabalho, levantamos as aspira\u00e7\u00f5es do mercado e aproximamos parceiros estrat\u00e9gicos aos Associados. Essa Reuni\u00e3o foi especial para todos n\u00f3s,&hellip; Continue reading &rarr;","og_url":"https:\/\/blog.panrotas.com.br\/espacoabracorp\/2025\/02\/27\/um-encontro-para-celebrar\/","og_site_name":"Espa\u00e7o Abracorp","article_published_time":"2025-02-27T10:50:25+00:00","article_modified_time":"2025-02-27T10:50:28+00:00","twitter_card":"summary_large_image","twitter_misc":{"Escrito por":"abracorp","Est. tempo de leitura":"2 minutos"},"schema":{"@context":"https:\/\/schema.org","@graph":[{"@type":"WebSite","@id":"https:\/\/blog.panrotas.com.br\/espacoabracorp\/#website","url":"https:\/\/blog.panrotas.com.br\/espacoabracorp\/","name":"Espa\u00e7o Abracorp","description":"Blogosfera PANROTAS","potentialAction":[{"@type":"SearchAction","target":{"@type":"EntryPoint","urlTemplate":"https:\/\/blog.panrotas.com.br\/espacoabracorp\/?s={search_term_string}"},"query-input":"required name=search_term_string"}],"inLanguage":"pt-BR"},{"@type":"WebPage","@id":"https:\/\/blog.panrotas.com.br\/espacoabracorp\/2025\/02\/27\/um-encontro-para-celebrar\/#webpage","url":"https:\/\/blog.panrotas.com.br\/espacoabracorp\/2025\/02\/27\/um-encontro-para-celebrar\/","name":"UM ENCONTRO PARA CELEBRAR - Espa\u00e7o Abracorp","isPartOf":{"@id":"https:\/\/blog.panrotas.com.br\/espacoabracorp\/#website"},"datePublished":"2025-02-27T10:50:25+00:00","dateModified":"2025-02-27T10:50:28+00:00","author":{"@id":"https:\/\/blog.panrotas.com.br\/espacoabracorp\/#\/schema\/person\/3564d9ddd42ee5725703d72c91f65ecc"},"breadcrumb":{"@id":"https:\/\/blog.panrotas.com.br\/espacoabracorp\/2025\/02\/27\/um-encontro-para-celebrar\/#breadcrumb"},"inLanguage":"pt-BR","potentialAction":[{"@type":"ReadAction","target":["https:\/\/blog.panrotas.com.br\/espacoabracorp\/2025\/02\/27\/um-encontro-para-celebrar\/"]}]},{"@type":"BreadcrumbList","@id":"https:\/\/blog.panrotas.com.br\/espacoabracorp\/2025\/02\/27\/um-encontro-para-celebrar\/#breadcrumb","itemListElement":[{"@type":"ListItem","position":1,"name":"In\u00edcio","item":"https:\/\/blog.panrotas.com.br\/espacoabracorp\/"},{"@type":"ListItem","position":2,"name":"UM ENCONTRO PARA CELEBRAR"}]},{"@type":"Person","@id":"https:\/\/blog.panrotas.com.br\/espacoabracorp\/#\/schema\/person\/3564d9ddd42ee5725703d72c91f65ecc","name":"abracorp","image":{"@type":"ImageObject","@id":"https:\/\/blog.panrotas.com.br\/espacoabracorp\/#personlogo","inLanguage":"pt-BR","url":"https:\/\/secure.gravatar.com\/avatar\/bb9230d6c885c7cc0401c59c0c0288c7?s=96&d=mm&r=g","contentUrl":"https:\/\/secure.gravatar.com\/avatar\/bb9230d6c885c7cc0401c59c0c0288c7?s=96&d=mm&r=g","caption":"abracorp"},"url":"https:\/\/blog.panrotas.com.br\/espacoabracorp\/author\/abracorp\/"}]}},"jetpack_featured_media_url":"","_links":{"self":[{"href":"https:\/\/blog.panrotas.com.br\/espacoabracorp\/wp-json\/wp\/v2\/posts\/1598"}],"collection":[{"href":"https:\/\/blog.panrotas.com.br\/espacoabracorp\/wp-json\/wp\/v2\/posts"}],"about":[{"href":"https:\/\/blog.panrotas.com.br\/espacoabracorp\/wp-json\/wp\/v2\/types\/post"}],"author":[{"embeddable":true,"href":"https:\/\/blog.panrotas.com.br\/espacoabracorp\/wp-json\/wp\/v2\/users\/57"}],"replies":[{"embeddable":true,"href":"https:\/\/blog.panrotas.com.br\/espacoabracorp\/wp-json\/wp\/v2\/comments?post=1598"}],"version-history":[{"count":2,"href":"https:\/\/blog.panrotas.com.br\/espacoabracorp\/wp-json\/wp\/v2\/posts\/1598\/revisions"}],"predecessor-version":[{"id":1602,"href":"https:\/\/blog.panrotas.com.br\/espacoabracorp\/wp-json\/wp\/v2\/posts\/1598\/revisions\/1602"}],"wp:attachment":[{"href":"https:\/\/blog.panrotas.com.br\/espacoabracorp\/wp-json\/wp\/v2\/media?parent=1598"}],"wp:term":[{"taxonomy":"category","embeddable":true,"href":"https:\/\/blog.panrotas.com.br\/espacoabracorp\/wp-json\/wp\/v2\/categories?post=1598"},{"taxonomy":"post_tag","embeddable":true,"href":"https:\/\/blog.panrotas.com.br\/espacoabracorp\/wp-json\/wp\/v2\/tags?post=1598"}],"curies":[{"name":"wp","href":"https:\/\/api.w.org\/{rel}","templated":true}]}}