{"id":1616,"date":"2025-08-12T08:47:03","date_gmt":"2025-08-12T11:47:03","guid":{"rendered":"https:\/\/blog.panrotas.com.br\/espacoabracorp\/?p=1616"},"modified":"2025-08-12T08:47:05","modified_gmt":"2025-08-12T11:47:05","slug":"faltam-poucos-dias-para-nosso-forum","status":"publish","type":"post","link":"https:\/\/blog.panrotas.com.br\/espacoabracorp\/2025\/08\/12\/faltam-poucos-dias-para-nosso-forum\/","title":{"rendered":"FALTAM POUCOS DIAS PARA NOSSO F\u00d3RUM"},"content":{"rendered":"\n<p>Finalizamos nossa grade de temas e palestrantes da 11\u00ba. Edi\u00e7\u00e3o do F\u00f3rum Abracorp, que, neste ano, acontece em 28 de agosto. Nosso tema \u00e9 O Futuro das Viagens Corporativas: Gest\u00e3o com Intelig\u00eancia e Responsabilidade.<br><br>Nesse link voc\u00ea pode fazer sua inscri\u00e7\u00e3o https:\/\/abracorp.sistemasinteegra.com.br\/<br><br>Ser\u00e3o nove temas, liderados pelos mais variados perfis de palestrantes. Para quem quer se atualizar, esse \u00e9 um bom momento. Principalmente porque come\u00e7amos a agenda econ\u00f4mica com novas medidas tarif\u00e1rias impostas ao Brasil. Nossa primeira an\u00e1lise \u00e9 conservadora. Acreditamos que o impacto nos nossos neg\u00f3cios n\u00e3o foi alto. Vamos analisar como reagem os setores mais atingidos, caf\u00e9 e carne bovina. De toda a forma, com o resultado do primeiro semestre, mantemos nossas proje\u00e7\u00f5es de crescimento.<br><br>Lembro que o faturamento do setor de viagens corporativas alcan\u00e7ou R$ 6,5 bilh\u00f5es no primeiro semestre de 2025, apenas 2,8% abaixo ao valor atingido no mesmo per\u00edodo do ano passado, que fechou com R$ 6,7 bilh\u00f5es. Em 2024, no primeiro semestre, o setor j\u00e1 havia tido um \u00f3timo desempenho em rela\u00e7\u00e3o ao ano anterior.<br><br>At\u00e9 o momento, mantemos nossas proje\u00e7\u00f5es para o final do ano, que est\u00e1 em torno de R$ 14 bilh\u00f5es.<br><br>Esse e outros temas estar\u00e3o no nosso encontro.<br><br>At\u00e9 l\u00e1.<br><\/p>\n","protected":false},"excerpt":{"rendered":"<p>Finalizamos nossa grade de temas e palestrantes da 11\u00ba. Edi\u00e7\u00e3o do F\u00f3rum Abracorp, que, neste ano, acontece em 28 de agosto. Nosso tema \u00e9 O Futuro das Viagens Corporativas: Gest\u00e3o com Intelig\u00eancia e Responsabilidade. Nesse link voc\u00ea pode fazer sua inscri\u00e7\u00e3o https:\/\/abracorp.sistemasinteegra.com.br\/ Ser\u00e3o nove temas, liderados pelos mais variados perfis de palestrantes. Para quem quer&hellip; <a class=\"more-link\" href=\"https:\/\/blog.panrotas.com.br\/espacoabracorp\/2025\/08\/12\/faltam-poucos-dias-para-nosso-forum\/\">Continue reading &rarr;<\/a><\/p>\n","protected":false},"author":57,"featured_media":0,"comment_status":"open","ping_status":"open","sticky":false,"template":"","format":"standard","meta":{"spay_email":""},"categories":[1],"tags":[],"yoast_head":"<!-- This site is optimized with the Yoast SEO plugin v17.3 - https:\/\/yoast.com\/wordpress\/plugins\/seo\/ -->\n<title>FALTAM POUCOS DIAS PARA NOSSO F\u00d3RUM - Espa\u00e7o Abracorp<\/title>\n<meta name=\"robots\" content=\"index, follow, max-snippet:-1, max-image-preview:large, max-video-preview:-1\" \/>\n<link rel=\"canonical\" href=\"https:\/\/blog.panrotas.com.br\/espacoabracorp\/2025\/08\/12\/faltam-poucos-dias-para-nosso-forum\/\" \/>\n<meta property=\"og:locale\" content=\"pt_BR\" \/>\n<meta property=\"og:type\" content=\"article\" \/>\n<meta property=\"og:title\" content=\"FALTAM POUCOS DIAS PARA NOSSO F\u00d3RUM - Espa\u00e7o Abracorp\" \/>\n<meta property=\"og:description\" content=\"Finalizamos nossa grade de temas e palestrantes da 11\u00ba. Edi\u00e7\u00e3o do F\u00f3rum Abracorp, que, neste ano, acontece em 28 de agosto. Nosso tema \u00e9 O Futuro das Viagens Corporativas: Gest\u00e3o com Intelig\u00eancia e Responsabilidade. Nesse link voc\u00ea pode fazer sua inscri\u00e7\u00e3o https:\/\/abracorp.sistemasinteegra.com.br\/ Ser\u00e3o nove temas, liderados pelos mais variados perfis de palestrantes. Para quem quer&hellip; Continue reading &rarr;\" \/>\n<meta property=\"og:url\" content=\"https:\/\/blog.panrotas.com.br\/espacoabracorp\/2025\/08\/12\/faltam-poucos-dias-para-nosso-forum\/\" \/>\n<meta property=\"og:site_name\" content=\"Espa\u00e7o Abracorp\" \/>\n<meta property=\"article:published_time\" content=\"2025-08-12T11:47:03+00:00\" \/>\n<meta property=\"article:modified_time\" content=\"2025-08-12T11:47:05+00:00\" \/>\n<meta name=\"twitter:card\" content=\"summary_large_image\" \/>\n<meta name=\"twitter:label1\" content=\"Escrito por\" \/>\n\t<meta name=\"twitter:data1\" content=\"abracorp\" \/>\n\t<meta name=\"twitter:label2\" content=\"Est. tempo de leitura\" \/>\n\t<meta name=\"twitter:data2\" content=\"1 minuto\" \/>\n<script type=\"application\/ld+json\" class=\"yoast-schema-graph\">{\"@context\":\"https:\/\/schema.org\",\"@graph\":[{\"@type\":\"WebSite\",\"@id\":\"https:\/\/blog.panrotas.com.br\/espacoabracorp\/#website\",\"url\":\"https:\/\/blog.panrotas.com.br\/espacoabracorp\/\",\"name\":\"Espa\\u00e7o Abracorp\",\"description\":\"Blogosfera PANROTAS\",\"potentialAction\":[{\"@type\":\"SearchAction\",\"target\":{\"@type\":\"EntryPoint\",\"urlTemplate\":\"https:\/\/blog.panrotas.com.br\/espacoabracorp\/?s={search_term_string}\"},\"query-input\":\"required name=search_term_string\"}],\"inLanguage\":\"pt-BR\"},{\"@type\":\"WebPage\",\"@id\":\"https:\/\/blog.panrotas.com.br\/espacoabracorp\/2025\/08\/12\/faltam-poucos-dias-para-nosso-forum\/#webpage\",\"url\":\"https:\/\/blog.panrotas.com.br\/espacoabracorp\/2025\/08\/12\/faltam-poucos-dias-para-nosso-forum\/\",\"name\":\"FALTAM POUCOS DIAS PARA NOSSO F\\u00d3RUM - Espa\\u00e7o Abracorp\",\"isPartOf\":{\"@id\":\"https:\/\/blog.panrotas.com.br\/espacoabracorp\/#website\"},\"datePublished\":\"2025-08-12T11:47:03+00:00\",\"dateModified\":\"2025-08-12T11:47:05+00:00\",\"author\":{\"@id\":\"https:\/\/blog.panrotas.com.br\/espacoabracorp\/#\/schema\/person\/3564d9ddd42ee5725703d72c91f65ecc\"},\"breadcrumb\":{\"@id\":\"https:\/\/blog.panrotas.com.br\/espacoabracorp\/2025\/08\/12\/faltam-poucos-dias-para-nosso-forum\/#breadcrumb\"},\"inLanguage\":\"pt-BR\",\"potentialAction\":[{\"@type\":\"ReadAction\",\"target\":[\"https:\/\/blog.panrotas.com.br\/espacoabracorp\/2025\/08\/12\/faltam-poucos-dias-para-nosso-forum\/\"]}]},{\"@type\":\"BreadcrumbList\",\"@id\":\"https:\/\/blog.panrotas.com.br\/espacoabracorp\/2025\/08\/12\/faltam-poucos-dias-para-nosso-forum\/#breadcrumb\",\"itemListElement\":[{\"@type\":\"ListItem\",\"position\":1,\"name\":\"In\\u00edcio\",\"item\":\"https:\/\/blog.panrotas.com.br\/espacoabracorp\/\"},{\"@type\":\"ListItem\",\"position\":2,\"name\":\"FALTAM POUCOS DIAS PARA NOSSO F\\u00d3RUM\"}]},{\"@type\":\"Person\",\"@id\":\"https:\/\/blog.panrotas.com.br\/espacoabracorp\/#\/schema\/person\/3564d9ddd42ee5725703d72c91f65ecc\",\"name\":\"abracorp\",\"image\":{\"@type\":\"ImageObject\",\"@id\":\"https:\/\/blog.panrotas.com.br\/espacoabracorp\/#personlogo\",\"inLanguage\":\"pt-BR\",\"url\":\"https:\/\/secure.gravatar.com\/avatar\/bb9230d6c885c7cc0401c59c0c0288c7?s=96&d=mm&r=g\",\"contentUrl\":\"https:\/\/secure.gravatar.com\/avatar\/bb9230d6c885c7cc0401c59c0c0288c7?s=96&d=mm&r=g\",\"caption\":\"abracorp\"},\"url\":\"https:\/\/blog.panrotas.com.br\/espacoabracorp\/author\/abracorp\/\"}]}<\/script>\n<!-- \/ Yoast SEO plugin. -->","yoast_head_json":{"title":"FALTAM POUCOS DIAS PARA NOSSO F\u00d3RUM - Espa\u00e7o Abracorp","robots":{"index":"index","follow":"follow","max-snippet":"max-snippet:-1","max-image-preview":"max-image-preview:large","max-video-preview":"max-video-preview:-1"},"canonical":"https:\/\/blog.panrotas.com.br\/espacoabracorp\/2025\/08\/12\/faltam-poucos-dias-para-nosso-forum\/","og_locale":"pt_BR","og_type":"article","og_title":"FALTAM POUCOS DIAS PARA NOSSO F\u00d3RUM - Espa\u00e7o Abracorp","og_description":"Finalizamos nossa grade de temas e palestrantes da 11\u00ba. Edi\u00e7\u00e3o do F\u00f3rum Abracorp, que, neste ano, acontece em 28 de agosto. Nosso tema \u00e9 O Futuro das Viagens Corporativas: Gest\u00e3o com Intelig\u00eancia e Responsabilidade. Nesse link voc\u00ea pode fazer sua inscri\u00e7\u00e3o https:\/\/abracorp.sistemasinteegra.com.br\/ Ser\u00e3o nove temas, liderados pelos mais variados perfis de palestrantes. Para quem quer&hellip; Continue reading &rarr;","og_url":"https:\/\/blog.panrotas.com.br\/espacoabracorp\/2025\/08\/12\/faltam-poucos-dias-para-nosso-forum\/","og_site_name":"Espa\u00e7o Abracorp","article_published_time":"2025-08-12T11:47:03+00:00","article_modified_time":"2025-08-12T11:47:05+00:00","twitter_card":"summary_large_image","twitter_misc":{"Escrito por":"abracorp","Est. tempo de leitura":"1 minuto"},"schema":{"@context":"https:\/\/schema.org","@graph":[{"@type":"WebSite","@id":"https:\/\/blog.panrotas.com.br\/espacoabracorp\/#website","url":"https:\/\/blog.panrotas.com.br\/espacoabracorp\/","name":"Espa\u00e7o Abracorp","description":"Blogosfera PANROTAS","potentialAction":[{"@type":"SearchAction","target":{"@type":"EntryPoint","urlTemplate":"https:\/\/blog.panrotas.com.br\/espacoabracorp\/?s={search_term_string}"},"query-input":"required name=search_term_string"}],"inLanguage":"pt-BR"},{"@type":"WebPage","@id":"https:\/\/blog.panrotas.com.br\/espacoabracorp\/2025\/08\/12\/faltam-poucos-dias-para-nosso-forum\/#webpage","url":"https:\/\/blog.panrotas.com.br\/espacoabracorp\/2025\/08\/12\/faltam-poucos-dias-para-nosso-forum\/","name":"FALTAM POUCOS DIAS PARA NOSSO F\u00d3RUM - Espa\u00e7o Abracorp","isPartOf":{"@id":"https:\/\/blog.panrotas.com.br\/espacoabracorp\/#website"},"datePublished":"2025-08-12T11:47:03+00:00","dateModified":"2025-08-12T11:47:05+00:00","author":{"@id":"https:\/\/blog.panrotas.com.br\/espacoabracorp\/#\/schema\/person\/3564d9ddd42ee5725703d72c91f65ecc"},"breadcrumb":{"@id":"https:\/\/blog.panrotas.com.br\/espacoabracorp\/2025\/08\/12\/faltam-poucos-dias-para-nosso-forum\/#breadcrumb"},"inLanguage":"pt-BR","potentialAction":[{"@type":"ReadAction","target":["https:\/\/blog.panrotas.com.br\/espacoabracorp\/2025\/08\/12\/faltam-poucos-dias-para-nosso-forum\/"]}]},{"@type":"BreadcrumbList","@id":"https:\/\/blog.panrotas.com.br\/espacoabracorp\/2025\/08\/12\/faltam-poucos-dias-para-nosso-forum\/#breadcrumb","itemListElement":[{"@type":"ListItem","position":1,"name":"In\u00edcio","item":"https:\/\/blog.panrotas.com.br\/espacoabracorp\/"},{"@type":"ListItem","position":2,"name":"FALTAM POUCOS DIAS PARA NOSSO F\u00d3RUM"}]},{"@type":"Person","@id":"https:\/\/blog.panrotas.com.br\/espacoabracorp\/#\/schema\/person\/3564d9ddd42ee5725703d72c91f65ecc","name":"abracorp","image":{"@type":"ImageObject","@id":"https:\/\/blog.panrotas.com.br\/espacoabracorp\/#personlogo","inLanguage":"pt-BR","url":"https:\/\/secure.gravatar.com\/avatar\/bb9230d6c885c7cc0401c59c0c0288c7?s=96&d=mm&r=g","contentUrl":"https:\/\/secure.gravatar.com\/avatar\/bb9230d6c885c7cc0401c59c0c0288c7?s=96&d=mm&r=g","caption":"abracorp"},"url":"https:\/\/blog.panrotas.com.br\/espacoabracorp\/author\/abracorp\/"}]}},"jetpack_featured_media_url":"","_links":{"self":[{"href":"https:\/\/blog.panrotas.com.br\/espacoabracorp\/wp-json\/wp\/v2\/posts\/1616"}],"collection":[{"href":"https:\/\/blog.panrotas.com.br\/espacoabracorp\/wp-json\/wp\/v2\/posts"}],"about":[{"href":"https:\/\/blog.panrotas.com.br\/espacoabracorp\/wp-json\/wp\/v2\/types\/post"}],"author":[{"embeddable":true,"href":"https:\/\/blog.panrotas.com.br\/espacoabracorp\/wp-json\/wp\/v2\/users\/57"}],"replies":[{"embeddable":true,"href":"https:\/\/blog.panrotas.com.br\/espacoabracorp\/wp-json\/wp\/v2\/comments?post=1616"}],"version-history":[{"count":2,"href":"https:\/\/blog.panrotas.com.br\/espacoabracorp\/wp-json\/wp\/v2\/posts\/1616\/revisions"}],"predecessor-version":[{"id":1622,"href":"https:\/\/blog.panrotas.com.br\/espacoabracorp\/wp-json\/wp\/v2\/posts\/1616\/revisions\/1622"}],"wp:attachment":[{"href":"https:\/\/blog.panrotas.com.br\/espacoabracorp\/wp-json\/wp\/v2\/media?parent=1616"}],"wp:term":[{"taxonomy":"category","embeddable":true,"href":"https:\/\/blog.panrotas.com.br\/espacoabracorp\/wp-json\/wp\/v2\/categories?post=1616"},{"taxonomy":"post_tag","embeddable":true,"href":"https:\/\/blog.panrotas.com.br\/espacoabracorp\/wp-json\/wp\/v2\/tags?post=1616"}],"curies":[{"name":"wp","href":"https:\/\/api.w.org\/{rel}","templated":true}]}}