{"id":1621,"date":"2025-09-02T08:13:32","date_gmt":"2025-09-02T11:13:32","guid":{"rendered":"https:\/\/blog.panrotas.com.br\/espacoabracorp\/?p=1621"},"modified":"2025-09-02T08:13:35","modified_gmt":"2025-09-02T11:13:35","slug":"forum-da-abracorp-discute-estrategias-para-o-setor-e-tendencias-e-transformacoes-do-setor-aereo","status":"publish","type":"post","link":"https:\/\/blog.panrotas.com.br\/espacoabracorp\/2025\/09\/02\/forum-da-abracorp-discute-estrategias-para-o-setor-e-tendencias-e-transformacoes-do-setor-aereo\/","title":{"rendered":"F\u00f3rum da Abracorp discute estrat\u00e9gias para o setor e tend\u00eancias e transforma\u00e7\u00f5es do setor a\u00e9reo"},"content":{"rendered":"\n<p>Latam, Gol e Azul afirmam que travel tecs n\u00e3o t\u00eam tarifas melhores que as TCMs<br><br>Na semana passada, realizamos a 11a. Edi\u00e7\u00e3o do F\u00f3rum Abracorp, dedicado ao Futuro das Viagens Corporativas, com foco em Gest\u00e3o com Intelig\u00eancia e Responsabilidade. Foi um evento rico e com v\u00e1rios momentos de destaque. Recebemos 250 profissionais, entre associados Abracorp, clientes e e imprensa, destacando que destes 160 eram empresas clientes.<br><br>O Panrotas acompanhou de perto cada detalhe, mas gostaria de contribuir com o olhar de organizador. Um dos pontos altos foi o posicionamento dos participantes da Latam, Gol e Azul no Painel Tend\u00eancias e Transforma\u00e7\u00f5es no setor a\u00e9reo. Segundo eles, as travel techs n\u00e3o t\u00eam condi\u00e7\u00f5es melhores de pre\u00e7os em rela\u00e7\u00e3o \u00e0s TMCs. Recomendo a leitura da mat\u00e9ria: <br>https:\/\/www.panrotas.com.br\/aviacao\/eventos\/2025\/08\/abracorp-questiona-e-aereas-dizem-que-travel-techs-nao-tem-tarifas-menores-que-tmcs_220886.html O texto \u00e9 esclarecedor e coloca um ponto final nessa pol\u00eamica.<br><br>Agora, volto para a cronologia do encontro. A abertura foi feita por Siderley Santos, nosso presidente do Conselho de Administra\u00e7\u00e3o. Ele abriu o evento com a grande quest\u00e3o do dia: o desafio de ter intelig\u00eancia e responsabilidade andando juntos. Mais precisamente, seu desafio estava na quest\u00e3o sobre se as solu\u00e7\u00f5es que estamos buscando s\u00e3o, de fato, sustent\u00e1veis e tornam nosso mercado ainda mais forte e robusto. <br><br>De toda a forma, as respostas vieram com o passar dos temas na primeira parte do dia. A pergunta de Siderley foi refor\u00e7ada logo na colabora\u00e7\u00e3o de Julio Dami\u00e3o, que falou sobre Conex\u00f5es Globais: O Cen\u00e1rio Econ\u00f4mico e Geopol\u00edtico das Viagens Corporativa. Logo de cara J\u00falio lan\u00e7ou uma provoca\u00e7\u00e3o: como nossos produtos e servi\u00e7os se encaixam na realidade estrat\u00e9gica de nosso cliente? <br><br>Parte dessa resposta veio logo em seguida com o case da Ford, apresentado por Ant\u00f4nio Baltar Junior, diretor comercial da Ford Am\u00e9rica do Sul. Ele apresentou o processo de transforma\u00e7\u00e3o da montadora iniciado em 2020. O ponto de partida foi uma an\u00e1lise profunda do mercado e suas transforma\u00e7\u00f5es geradas pela pelas marcas chinesas. De l\u00e1 para c\u00e1, a empresa vem entregando resultados expressivos, e ainda tem um longo caminho a percorrer. <br><br>No terceiro momento, tivemos o Painel Mobilidade e Hospitalidade em movimento. Contamos com a participa\u00e7\u00e3o de Andr\u00e9 Sena, da Accor, Guilherme Martini, da Atl\u00e2ntica, e Jamyl Jarrus, da Movida. Duas boas not\u00edcias deles. A primeira \u00e9 que o mercado continua crescendo e que o viajante corporativo \u00e9 o grande propulsor desse movimento. <br><br>Ainda nesse primeiro bloco, tivemos a palestra de Izabella Camargo, que falou sobre Produtividade Sustent\u00e1vel. Ela trouxe uma perspectiva importante no nosso encontro: as pessoas. Curioso \u00e9 que sempre falamos em como ajudar nossos clientes e n\u00e3o pensamos em n\u00f3s mesmos. Izabella nos ajudou a falar tamb\u00e9m sobre nossos profissionais. <br><br>Se falamos de estrat\u00e9gia, de cases e de n\u00f3s mesmo, terminamos esse bloco com um destino. Elegemos o Paran\u00e1, que teve o secret\u00e1rio de Turismo do Estado, Eduy Azevedo, apresentando as op\u00e7\u00f5es que a regi\u00e3o oferece em oportunidades de neg\u00f3cios e lazer. <br><br>Tend\u00eancias do setor a\u00e9reo<br><br>Na parte da tarde iniciamos com o Painel Tend\u00eancias e Transforma\u00e7\u00f5es no setor a\u00e9reo, que contou com a participa\u00e7\u00e3o Camila Belinelli, da Latam, Daniel Bicudo, da Azul, e Danilo Barbizan, da Gol. Al\u00e9m do destaque que fiz, falaram tamb\u00e9m de suas estrat\u00e9gias e apresentaram um olhar sobre o mercado e resultados para esse ano.<br><br>Depois deles tivemos a palestra de Cristiano Kruel, Chief Innovation Officer da StartSe, sobre O Impacto da Intelig\u00eancia Artificial na Gest\u00e3o das Viagens Corporativas. Ele fez v\u00e1rias provoca\u00e7\u00f5es, apontou caminhos e, depois de tudo isso, disse que n\u00e3o tinha respostas. Sem d\u00favida, o futuro ainda \u00e9 incerto.<br><br>Depois dessa \u201cviagem\u201d, voltamos ao modelo operacional com o painel Desafios e Oportunidades na Gest\u00e3o de Viagens Corporativas, com a participa\u00e7\u00e3o dos integrantes de nosso grupo Cliente Advisory Board Abracorp. Participaram Ana Prado, da Syngenta, Felipe Mendon\u00e7a, da Petrobras, Jamile Martins, da Braskem, Marina Shimada, da Honda, Shela Karama, da KPMG, e Vivian Le\u00e3o, da Uni\u00e3o Qu\u00edmica. A grande quest\u00e3o foi o quanto o componente pre\u00e7o \u00e9 relevante na consolida\u00e7\u00e3o de parcerias com TMCs.<br><br>E parta fechar esse dia, contamos com a palestra Tocando em Frente, um dos seis sobreviventes da queda do voo LaMia 2933, em novembro de 2016, que transportava o time da Chapecoense. Esse foi um momento tamb\u00e9m muito especial. \u00c9 uma hist\u00f3ria de vida e de sua reconstru\u00e7\u00e3o. Quem puder conhecer melhor os trabalhos dele, recomendo.<br><br>Foi isso. At\u00e9 o pr\u00f3ximo F\u00f3rum.<br><\/p>\n","protected":false},"excerpt":{"rendered":"<p>Latam, Gol e Azul afirmam que travel tecs n\u00e3o t\u00eam tarifas melhores que as TCMs Na semana passada, realizamos a 11a. Edi\u00e7\u00e3o do F\u00f3rum Abracorp, dedicado ao Futuro das Viagens Corporativas, com foco em Gest\u00e3o com Intelig\u00eancia e Responsabilidade. Foi um evento rico e com v\u00e1rios momentos de destaque. Recebemos 250 profissionais, entre associados Abracorp,&hellip; <a class=\"more-link\" href=\"https:\/\/blog.panrotas.com.br\/espacoabracorp\/2025\/09\/02\/forum-da-abracorp-discute-estrategias-para-o-setor-e-tendencias-e-transformacoes-do-setor-aereo\/\">Continue reading &rarr;<\/a><\/p>\n","protected":false},"author":57,"featured_media":0,"comment_status":"open","ping_status":"open","sticky":false,"template":"","format":"standard","meta":{"spay_email":""},"categories":[1],"tags":[],"yoast_head":"<!-- This site is optimized with the Yoast SEO plugin v17.3 - https:\/\/yoast.com\/wordpress\/plugins\/seo\/ -->\n<title>F\u00f3rum da Abracorp discute estrat\u00e9gias para o setor e tend\u00eancias e transforma\u00e7\u00f5es do setor a\u00e9reo - Espa\u00e7o Abracorp<\/title>\n<meta name=\"robots\" content=\"index, follow, max-snippet:-1, max-image-preview:large, max-video-preview:-1\" \/>\n<link rel=\"canonical\" href=\"https:\/\/blog.panrotas.com.br\/espacoabracorp\/2025\/09\/02\/forum-da-abracorp-discute-estrategias-para-o-setor-e-tendencias-e-transformacoes-do-setor-aereo\/\" \/>\n<meta property=\"og:locale\" content=\"pt_BR\" \/>\n<meta property=\"og:type\" content=\"article\" \/>\n<meta property=\"og:title\" content=\"F\u00f3rum da Abracorp discute estrat\u00e9gias para o setor e tend\u00eancias e transforma\u00e7\u00f5es do setor a\u00e9reo - Espa\u00e7o Abracorp\" \/>\n<meta property=\"og:description\" content=\"Latam, Gol e Azul afirmam que travel tecs n\u00e3o t\u00eam tarifas melhores que as TCMs Na semana passada, realizamos a 11a. Edi\u00e7\u00e3o do F\u00f3rum Abracorp, dedicado ao Futuro das Viagens Corporativas, com foco em Gest\u00e3o com Intelig\u00eancia e Responsabilidade. Foi um evento rico e com v\u00e1rios momentos de destaque. Recebemos 250 profissionais, entre associados Abracorp,&hellip; Continue reading &rarr;\" \/>\n<meta property=\"og:url\" content=\"https:\/\/blog.panrotas.com.br\/espacoabracorp\/2025\/09\/02\/forum-da-abracorp-discute-estrategias-para-o-setor-e-tendencias-e-transformacoes-do-setor-aereo\/\" \/>\n<meta property=\"og:site_name\" content=\"Espa\u00e7o Abracorp\" \/>\n<meta property=\"article:published_time\" content=\"2025-09-02T11:13:32+00:00\" \/>\n<meta property=\"article:modified_time\" content=\"2025-09-02T11:13:35+00:00\" \/>\n<meta name=\"twitter:card\" content=\"summary_large_image\" \/>\n<meta name=\"twitter:label1\" content=\"Escrito por\" \/>\n\t<meta name=\"twitter:data1\" content=\"abracorp\" \/>\n\t<meta name=\"twitter:label2\" content=\"Est. tempo de leitura\" \/>\n\t<meta name=\"twitter:data2\" content=\"4 minutos\" \/>\n<script type=\"application\/ld+json\" class=\"yoast-schema-graph\">{\"@context\":\"https:\/\/schema.org\",\"@graph\":[{\"@type\":\"WebSite\",\"@id\":\"https:\/\/blog.panrotas.com.br\/espacoabracorp\/#website\",\"url\":\"https:\/\/blog.panrotas.com.br\/espacoabracorp\/\",\"name\":\"Espa\\u00e7o Abracorp\",\"description\":\"Blogosfera PANROTAS\",\"potentialAction\":[{\"@type\":\"SearchAction\",\"target\":{\"@type\":\"EntryPoint\",\"urlTemplate\":\"https:\/\/blog.panrotas.com.br\/espacoabracorp\/?s={search_term_string}\"},\"query-input\":\"required name=search_term_string\"}],\"inLanguage\":\"pt-BR\"},{\"@type\":\"WebPage\",\"@id\":\"https:\/\/blog.panrotas.com.br\/espacoabracorp\/2025\/09\/02\/forum-da-abracorp-discute-estrategias-para-o-setor-e-tendencias-e-transformacoes-do-setor-aereo\/#webpage\",\"url\":\"https:\/\/blog.panrotas.com.br\/espacoabracorp\/2025\/09\/02\/forum-da-abracorp-discute-estrategias-para-o-setor-e-tendencias-e-transformacoes-do-setor-aereo\/\",\"name\":\"F\\u00f3rum da Abracorp discute estrat\\u00e9gias para o setor e tend\\u00eancias e transforma\\u00e7\\u00f5es do setor a\\u00e9reo - Espa\\u00e7o Abracorp\",\"isPartOf\":{\"@id\":\"https:\/\/blog.panrotas.com.br\/espacoabracorp\/#website\"},\"datePublished\":\"2025-09-02T11:13:32+00:00\",\"dateModified\":\"2025-09-02T11:13:35+00:00\",\"author\":{\"@id\":\"https:\/\/blog.panrotas.com.br\/espacoabracorp\/#\/schema\/person\/3564d9ddd42ee5725703d72c91f65ecc\"},\"breadcrumb\":{\"@id\":\"https:\/\/blog.panrotas.com.br\/espacoabracorp\/2025\/09\/02\/forum-da-abracorp-discute-estrategias-para-o-setor-e-tendencias-e-transformacoes-do-setor-aereo\/#breadcrumb\"},\"inLanguage\":\"pt-BR\",\"potentialAction\":[{\"@type\":\"ReadAction\",\"target\":[\"https:\/\/blog.panrotas.com.br\/espacoabracorp\/2025\/09\/02\/forum-da-abracorp-discute-estrategias-para-o-setor-e-tendencias-e-transformacoes-do-setor-aereo\/\"]}]},{\"@type\":\"BreadcrumbList\",\"@id\":\"https:\/\/blog.panrotas.com.br\/espacoabracorp\/2025\/09\/02\/forum-da-abracorp-discute-estrategias-para-o-setor-e-tendencias-e-transformacoes-do-setor-aereo\/#breadcrumb\",\"itemListElement\":[{\"@type\":\"ListItem\",\"position\":1,\"name\":\"In\\u00edcio\",\"item\":\"https:\/\/blog.panrotas.com.br\/espacoabracorp\/\"},{\"@type\":\"ListItem\",\"position\":2,\"name\":\"F\\u00f3rum da Abracorp discute estrat\\u00e9gias para o setor e tend\\u00eancias e transforma\\u00e7\\u00f5es do setor a\\u00e9reo\"}]},{\"@type\":\"Person\",\"@id\":\"https:\/\/blog.panrotas.com.br\/espacoabracorp\/#\/schema\/person\/3564d9ddd42ee5725703d72c91f65ecc\",\"name\":\"abracorp\",\"image\":{\"@type\":\"ImageObject\",\"@id\":\"https:\/\/blog.panrotas.com.br\/espacoabracorp\/#personlogo\",\"inLanguage\":\"pt-BR\",\"url\":\"https:\/\/secure.gravatar.com\/avatar\/bb9230d6c885c7cc0401c59c0c0288c7?s=96&d=mm&r=g\",\"contentUrl\":\"https:\/\/secure.gravatar.com\/avatar\/bb9230d6c885c7cc0401c59c0c0288c7?s=96&d=mm&r=g\",\"caption\":\"abracorp\"},\"url\":\"https:\/\/blog.panrotas.com.br\/espacoabracorp\/author\/abracorp\/\"}]}<\/script>\n<!-- \/ Yoast SEO plugin. -->","yoast_head_json":{"title":"F\u00f3rum da Abracorp discute estrat\u00e9gias para o setor e tend\u00eancias e transforma\u00e7\u00f5es do setor a\u00e9reo - Espa\u00e7o Abracorp","robots":{"index":"index","follow":"follow","max-snippet":"max-snippet:-1","max-image-preview":"max-image-preview:large","max-video-preview":"max-video-preview:-1"},"canonical":"https:\/\/blog.panrotas.com.br\/espacoabracorp\/2025\/09\/02\/forum-da-abracorp-discute-estrategias-para-o-setor-e-tendencias-e-transformacoes-do-setor-aereo\/","og_locale":"pt_BR","og_type":"article","og_title":"F\u00f3rum da Abracorp discute estrat\u00e9gias para o setor e tend\u00eancias e transforma\u00e7\u00f5es do setor a\u00e9reo - Espa\u00e7o Abracorp","og_description":"Latam, Gol e Azul afirmam que travel tecs n\u00e3o t\u00eam tarifas melhores que as TCMs Na semana passada, realizamos a 11a. Edi\u00e7\u00e3o do F\u00f3rum Abracorp, dedicado ao Futuro das Viagens Corporativas, com foco em Gest\u00e3o com Intelig\u00eancia e Responsabilidade. Foi um evento rico e com v\u00e1rios momentos de destaque. Recebemos 250 profissionais, entre associados Abracorp,&hellip; Continue reading &rarr;","og_url":"https:\/\/blog.panrotas.com.br\/espacoabracorp\/2025\/09\/02\/forum-da-abracorp-discute-estrategias-para-o-setor-e-tendencias-e-transformacoes-do-setor-aereo\/","og_site_name":"Espa\u00e7o Abracorp","article_published_time":"2025-09-02T11:13:32+00:00","article_modified_time":"2025-09-02T11:13:35+00:00","twitter_card":"summary_large_image","twitter_misc":{"Escrito por":"abracorp","Est. tempo de leitura":"4 minutos"},"schema":{"@context":"https:\/\/schema.org","@graph":[{"@type":"WebSite","@id":"https:\/\/blog.panrotas.com.br\/espacoabracorp\/#website","url":"https:\/\/blog.panrotas.com.br\/espacoabracorp\/","name":"Espa\u00e7o Abracorp","description":"Blogosfera PANROTAS","potentialAction":[{"@type":"SearchAction","target":{"@type":"EntryPoint","urlTemplate":"https:\/\/blog.panrotas.com.br\/espacoabracorp\/?s={search_term_string}"},"query-input":"required name=search_term_string"}],"inLanguage":"pt-BR"},{"@type":"WebPage","@id":"https:\/\/blog.panrotas.com.br\/espacoabracorp\/2025\/09\/02\/forum-da-abracorp-discute-estrategias-para-o-setor-e-tendencias-e-transformacoes-do-setor-aereo\/#webpage","url":"https:\/\/blog.panrotas.com.br\/espacoabracorp\/2025\/09\/02\/forum-da-abracorp-discute-estrategias-para-o-setor-e-tendencias-e-transformacoes-do-setor-aereo\/","name":"F\u00f3rum da Abracorp discute estrat\u00e9gias para o setor e tend\u00eancias e transforma\u00e7\u00f5es do setor a\u00e9reo - Espa\u00e7o Abracorp","isPartOf":{"@id":"https:\/\/blog.panrotas.com.br\/espacoabracorp\/#website"},"datePublished":"2025-09-02T11:13:32+00:00","dateModified":"2025-09-02T11:13:35+00:00","author":{"@id":"https:\/\/blog.panrotas.com.br\/espacoabracorp\/#\/schema\/person\/3564d9ddd42ee5725703d72c91f65ecc"},"breadcrumb":{"@id":"https:\/\/blog.panrotas.com.br\/espacoabracorp\/2025\/09\/02\/forum-da-abracorp-discute-estrategias-para-o-setor-e-tendencias-e-transformacoes-do-setor-aereo\/#breadcrumb"},"inLanguage":"pt-BR","potentialAction":[{"@type":"ReadAction","target":["https:\/\/blog.panrotas.com.br\/espacoabracorp\/2025\/09\/02\/forum-da-abracorp-discute-estrategias-para-o-setor-e-tendencias-e-transformacoes-do-setor-aereo\/"]}]},{"@type":"BreadcrumbList","@id":"https:\/\/blog.panrotas.com.br\/espacoabracorp\/2025\/09\/02\/forum-da-abracorp-discute-estrategias-para-o-setor-e-tendencias-e-transformacoes-do-setor-aereo\/#breadcrumb","itemListElement":[{"@type":"ListItem","position":1,"name":"In\u00edcio","item":"https:\/\/blog.panrotas.com.br\/espacoabracorp\/"},{"@type":"ListItem","position":2,"name":"F\u00f3rum da Abracorp discute estrat\u00e9gias para o setor e tend\u00eancias e transforma\u00e7\u00f5es do setor a\u00e9reo"}]},{"@type":"Person","@id":"https:\/\/blog.panrotas.com.br\/espacoabracorp\/#\/schema\/person\/3564d9ddd42ee5725703d72c91f65ecc","name":"abracorp","image":{"@type":"ImageObject","@id":"https:\/\/blog.panrotas.com.br\/espacoabracorp\/#personlogo","inLanguage":"pt-BR","url":"https:\/\/secure.gravatar.com\/avatar\/bb9230d6c885c7cc0401c59c0c0288c7?s=96&d=mm&r=g","contentUrl":"https:\/\/secure.gravatar.com\/avatar\/bb9230d6c885c7cc0401c59c0c0288c7?s=96&d=mm&r=g","caption":"abracorp"},"url":"https:\/\/blog.panrotas.com.br\/espacoabracorp\/author\/abracorp\/"}]}},"jetpack_featured_media_url":"","_links":{"self":[{"href":"https:\/\/blog.panrotas.com.br\/espacoabracorp\/wp-json\/wp\/v2\/posts\/1621"}],"collection":[{"href":"https:\/\/blog.panrotas.com.br\/espacoabracorp\/wp-json\/wp\/v2\/posts"}],"about":[{"href":"https:\/\/blog.panrotas.com.br\/espacoabracorp\/wp-json\/wp\/v2\/types\/post"}],"author":[{"embeddable":true,"href":"https:\/\/blog.panrotas.com.br\/espacoabracorp\/wp-json\/wp\/v2\/users\/57"}],"replies":[{"embeddable":true,"href":"https:\/\/blog.panrotas.com.br\/espacoabracorp\/wp-json\/wp\/v2\/comments?post=1621"}],"version-history":[{"count":2,"href":"https:\/\/blog.panrotas.com.br\/espacoabracorp\/wp-json\/wp\/v2\/posts\/1621\/revisions"}],"predecessor-version":[{"id":1626,"href":"https:\/\/blog.panrotas.com.br\/espacoabracorp\/wp-json\/wp\/v2\/posts\/1621\/revisions\/1626"}],"wp:attachment":[{"href":"https:\/\/blog.panrotas.com.br\/espacoabracorp\/wp-json\/wp\/v2\/media?parent=1621"}],"wp:term":[{"taxonomy":"category","embeddable":true,"href":"https:\/\/blog.panrotas.com.br\/espacoabracorp\/wp-json\/wp\/v2\/categories?post=1621"},{"taxonomy":"post_tag","embeddable":true,"href":"https:\/\/blog.panrotas.com.br\/espacoabracorp\/wp-json\/wp\/v2\/tags?post=1621"}],"curies":[{"name":"wp","href":"https:\/\/api.w.org\/{rel}","templated":true}]}}