{"id":1625,"date":"2025-10-01T12:38:30","date_gmt":"2025-10-01T15:38:30","guid":{"rendered":"https:\/\/blog.panrotas.com.br\/espacoabracorp\/?p=1625"},"modified":"2025-10-01T12:38:33","modified_gmt":"2025-10-01T15:38:33","slug":"bi-da-abracorp-consolida-boas-noticias-no-mes-de-agosto","status":"publish","type":"post","link":"https:\/\/blog.panrotas.com.br\/espacoabracorp\/2025\/10\/01\/bi-da-abracorp-consolida-boas-noticias-no-mes-de-agosto\/","title":{"rendered":"BI DA ABRACORP CONSOLIDA BOAS NOT\u00cdCIAS NO M\u00caS DE AGOSTO"},"content":{"rendered":"\n<p>Os n\u00fameros do nosso BI acabam de ser divulgamos. Nossos associados faturaram no m\u00eas de agosto R$ 1,21, um aumento de 2,41% em rela\u00e7\u00e3o ao mesmo m\u00eas de 2024, quando alcan\u00e7aram R$ 1,18 bilh\u00e3o. Esse desempenho mant\u00e9m a curva de crescimento do faturamento no setor.<br><br>Hot\u00e9is, que representa 30% de todo o faturamento, no per\u00edodo registrou R$ 368 milh\u00f5es, 4,11% acima do ano passado, que ficou com R$ 353 milh\u00f5es. <br><br>Rodovi\u00e1rio mant\u00e9m seu crescimento. Faturou R$ 5,4 milh\u00f5es contra R$ 4,6 milh\u00f5es no mesmo per\u00edodo do ano passado.<br><br>Servi\u00e7os A\u00e9reos, que representa quase 60% do faturamento total, apresentou \u00f3timo resultado faturando R$ 722 milh\u00f5es, 1,43% acima de agosto do ano passado, que registrou R$ 712 milh\u00f5es. <br><br>A Loca\u00e7\u00e3o de Ve\u00edculos faturou R$ 29 milh\u00f5es no m\u00eas passado. Olhando o n\u00famero, notamos que houve um outro movimento importante internamente em loca\u00e7\u00e3o. Movida cresceu 6,29% no faturamento de vendas. Com certeza tem rela\u00e7\u00e3o com a parceria que fizemos.<br><br>Al\u00e9m desses n\u00fameros, o nosso est\u00e1 passando por uma reformula\u00e7\u00e3o. As novidades s\u00e3o dashboards interativos com filtros personalizados; dados atualizados mensalmente por categoria, destino e fornecedor; comparativos hist\u00f3ricos e proje\u00e7\u00f5es de mercado e interface intuitiva e navega\u00e7\u00e3o simplificada.<br><br>Um m\u00eas repleto de boas not\u00edcias no nosso BI.<br><\/p>\n","protected":false},"excerpt":{"rendered":"<p>Os n\u00fameros do nosso BI acabam de ser divulgamos. Nossos associados faturaram no m\u00eas de agosto R$ 1,21, um aumento de 2,41% em rela\u00e7\u00e3o ao mesmo m\u00eas de 2024, quando alcan\u00e7aram R$ 1,18 bilh\u00e3o. Esse desempenho mant\u00e9m a curva de crescimento do faturamento no setor. Hot\u00e9is, que representa 30% de todo o faturamento, no per\u00edodo&hellip; <a class=\"more-link\" href=\"https:\/\/blog.panrotas.com.br\/espacoabracorp\/2025\/10\/01\/bi-da-abracorp-consolida-boas-noticias-no-mes-de-agosto\/\">Continue reading &rarr;<\/a><\/p>\n","protected":false},"author":57,"featured_media":0,"comment_status":"open","ping_status":"open","sticky":false,"template":"","format":"standard","meta":{"spay_email":""},"categories":[1],"tags":[],"yoast_head":"<!-- This site is optimized with the Yoast SEO plugin v17.3 - https:\/\/yoast.com\/wordpress\/plugins\/seo\/ -->\n<title>BI DA ABRACORP CONSOLIDA BOAS NOT\u00cdCIAS NO M\u00caS DE AGOSTO - Espa\u00e7o Abracorp<\/title>\n<meta name=\"robots\" content=\"index, follow, max-snippet:-1, max-image-preview:large, max-video-preview:-1\" \/>\n<link rel=\"canonical\" href=\"https:\/\/blog.panrotas.com.br\/espacoabracorp\/2025\/10\/01\/bi-da-abracorp-consolida-boas-noticias-no-mes-de-agosto\/\" \/>\n<meta property=\"og:locale\" content=\"pt_BR\" \/>\n<meta property=\"og:type\" content=\"article\" \/>\n<meta property=\"og:title\" content=\"BI DA ABRACORP CONSOLIDA BOAS NOT\u00cdCIAS NO M\u00caS DE AGOSTO - Espa\u00e7o Abracorp\" \/>\n<meta property=\"og:description\" content=\"Os n\u00fameros do nosso BI acabam de ser divulgamos. Nossos associados faturaram no m\u00eas de agosto R$ 1,21, um aumento de 2,41% em rela\u00e7\u00e3o ao mesmo m\u00eas de 2024, quando alcan\u00e7aram R$ 1,18 bilh\u00e3o. Esse desempenho mant\u00e9m a curva de crescimento do faturamento no setor. Hot\u00e9is, que representa 30% de todo o faturamento, no per\u00edodo&hellip; Continue reading &rarr;\" \/>\n<meta property=\"og:url\" content=\"https:\/\/blog.panrotas.com.br\/espacoabracorp\/2025\/10\/01\/bi-da-abracorp-consolida-boas-noticias-no-mes-de-agosto\/\" \/>\n<meta property=\"og:site_name\" content=\"Espa\u00e7o Abracorp\" \/>\n<meta property=\"article:published_time\" content=\"2025-10-01T15:38:30+00:00\" \/>\n<meta property=\"article:modified_time\" content=\"2025-10-01T15:38:33+00:00\" \/>\n<meta name=\"twitter:card\" content=\"summary_large_image\" \/>\n<meta name=\"twitter:label1\" content=\"Escrito por\" \/>\n\t<meta name=\"twitter:data1\" content=\"abracorp\" \/>\n\t<meta name=\"twitter:label2\" content=\"Est. tempo de leitura\" \/>\n\t<meta name=\"twitter:data2\" content=\"1 minuto\" \/>\n<script type=\"application\/ld+json\" class=\"yoast-schema-graph\">{\"@context\":\"https:\/\/schema.org\",\"@graph\":[{\"@type\":\"WebSite\",\"@id\":\"https:\/\/blog.panrotas.com.br\/espacoabracorp\/#website\",\"url\":\"https:\/\/blog.panrotas.com.br\/espacoabracorp\/\",\"name\":\"Espa\\u00e7o Abracorp\",\"description\":\"Blogosfera PANROTAS\",\"potentialAction\":[{\"@type\":\"SearchAction\",\"target\":{\"@type\":\"EntryPoint\",\"urlTemplate\":\"https:\/\/blog.panrotas.com.br\/espacoabracorp\/?s={search_term_string}\"},\"query-input\":\"required name=search_term_string\"}],\"inLanguage\":\"pt-BR\"},{\"@type\":\"WebPage\",\"@id\":\"https:\/\/blog.panrotas.com.br\/espacoabracorp\/2025\/10\/01\/bi-da-abracorp-consolida-boas-noticias-no-mes-de-agosto\/#webpage\",\"url\":\"https:\/\/blog.panrotas.com.br\/espacoabracorp\/2025\/10\/01\/bi-da-abracorp-consolida-boas-noticias-no-mes-de-agosto\/\",\"name\":\"BI DA ABRACORP CONSOLIDA BOAS NOT\\u00cdCIAS NO M\\u00caS DE AGOSTO - Espa\\u00e7o Abracorp\",\"isPartOf\":{\"@id\":\"https:\/\/blog.panrotas.com.br\/espacoabracorp\/#website\"},\"datePublished\":\"2025-10-01T15:38:30+00:00\",\"dateModified\":\"2025-10-01T15:38:33+00:00\",\"author\":{\"@id\":\"https:\/\/blog.panrotas.com.br\/espacoabracorp\/#\/schema\/person\/3564d9ddd42ee5725703d72c91f65ecc\"},\"breadcrumb\":{\"@id\":\"https:\/\/blog.panrotas.com.br\/espacoabracorp\/2025\/10\/01\/bi-da-abracorp-consolida-boas-noticias-no-mes-de-agosto\/#breadcrumb\"},\"inLanguage\":\"pt-BR\",\"potentialAction\":[{\"@type\":\"ReadAction\",\"target\":[\"https:\/\/blog.panrotas.com.br\/espacoabracorp\/2025\/10\/01\/bi-da-abracorp-consolida-boas-noticias-no-mes-de-agosto\/\"]}]},{\"@type\":\"BreadcrumbList\",\"@id\":\"https:\/\/blog.panrotas.com.br\/espacoabracorp\/2025\/10\/01\/bi-da-abracorp-consolida-boas-noticias-no-mes-de-agosto\/#breadcrumb\",\"itemListElement\":[{\"@type\":\"ListItem\",\"position\":1,\"name\":\"In\\u00edcio\",\"item\":\"https:\/\/blog.panrotas.com.br\/espacoabracorp\/\"},{\"@type\":\"ListItem\",\"position\":2,\"name\":\"BI DA ABRACORP CONSOLIDA BOAS NOT\\u00cdCIAS NO M\\u00caS DE AGOSTO\"}]},{\"@type\":\"Person\",\"@id\":\"https:\/\/blog.panrotas.com.br\/espacoabracorp\/#\/schema\/person\/3564d9ddd42ee5725703d72c91f65ecc\",\"name\":\"abracorp\",\"image\":{\"@type\":\"ImageObject\",\"@id\":\"https:\/\/blog.panrotas.com.br\/espacoabracorp\/#personlogo\",\"inLanguage\":\"pt-BR\",\"url\":\"https:\/\/secure.gravatar.com\/avatar\/bb9230d6c885c7cc0401c59c0c0288c7?s=96&d=mm&r=g\",\"contentUrl\":\"https:\/\/secure.gravatar.com\/avatar\/bb9230d6c885c7cc0401c59c0c0288c7?s=96&d=mm&r=g\",\"caption\":\"abracorp\"},\"url\":\"https:\/\/blog.panrotas.com.br\/espacoabracorp\/author\/abracorp\/\"}]}<\/script>\n<!-- \/ Yoast SEO plugin. -->","yoast_head_json":{"title":"BI DA ABRACORP CONSOLIDA BOAS NOT\u00cdCIAS NO M\u00caS DE AGOSTO - Espa\u00e7o Abracorp","robots":{"index":"index","follow":"follow","max-snippet":"max-snippet:-1","max-image-preview":"max-image-preview:large","max-video-preview":"max-video-preview:-1"},"canonical":"https:\/\/blog.panrotas.com.br\/espacoabracorp\/2025\/10\/01\/bi-da-abracorp-consolida-boas-noticias-no-mes-de-agosto\/","og_locale":"pt_BR","og_type":"article","og_title":"BI DA ABRACORP CONSOLIDA BOAS NOT\u00cdCIAS NO M\u00caS DE AGOSTO - Espa\u00e7o Abracorp","og_description":"Os n\u00fameros do nosso BI acabam de ser divulgamos. Nossos associados faturaram no m\u00eas de agosto R$ 1,21, um aumento de 2,41% em rela\u00e7\u00e3o ao mesmo m\u00eas de 2024, quando alcan\u00e7aram R$ 1,18 bilh\u00e3o. Esse desempenho mant\u00e9m a curva de crescimento do faturamento no setor. Hot\u00e9is, que representa 30% de todo o faturamento, no per\u00edodo&hellip; Continue reading &rarr;","og_url":"https:\/\/blog.panrotas.com.br\/espacoabracorp\/2025\/10\/01\/bi-da-abracorp-consolida-boas-noticias-no-mes-de-agosto\/","og_site_name":"Espa\u00e7o Abracorp","article_published_time":"2025-10-01T15:38:30+00:00","article_modified_time":"2025-10-01T15:38:33+00:00","twitter_card":"summary_large_image","twitter_misc":{"Escrito por":"abracorp","Est. tempo de leitura":"1 minuto"},"schema":{"@context":"https:\/\/schema.org","@graph":[{"@type":"WebSite","@id":"https:\/\/blog.panrotas.com.br\/espacoabracorp\/#website","url":"https:\/\/blog.panrotas.com.br\/espacoabracorp\/","name":"Espa\u00e7o Abracorp","description":"Blogosfera PANROTAS","potentialAction":[{"@type":"SearchAction","target":{"@type":"EntryPoint","urlTemplate":"https:\/\/blog.panrotas.com.br\/espacoabracorp\/?s={search_term_string}"},"query-input":"required name=search_term_string"}],"inLanguage":"pt-BR"},{"@type":"WebPage","@id":"https:\/\/blog.panrotas.com.br\/espacoabracorp\/2025\/10\/01\/bi-da-abracorp-consolida-boas-noticias-no-mes-de-agosto\/#webpage","url":"https:\/\/blog.panrotas.com.br\/espacoabracorp\/2025\/10\/01\/bi-da-abracorp-consolida-boas-noticias-no-mes-de-agosto\/","name":"BI DA ABRACORP CONSOLIDA BOAS NOT\u00cdCIAS NO M\u00caS DE AGOSTO - Espa\u00e7o Abracorp","isPartOf":{"@id":"https:\/\/blog.panrotas.com.br\/espacoabracorp\/#website"},"datePublished":"2025-10-01T15:38:30+00:00","dateModified":"2025-10-01T15:38:33+00:00","author":{"@id":"https:\/\/blog.panrotas.com.br\/espacoabracorp\/#\/schema\/person\/3564d9ddd42ee5725703d72c91f65ecc"},"breadcrumb":{"@id":"https:\/\/blog.panrotas.com.br\/espacoabracorp\/2025\/10\/01\/bi-da-abracorp-consolida-boas-noticias-no-mes-de-agosto\/#breadcrumb"},"inLanguage":"pt-BR","potentialAction":[{"@type":"ReadAction","target":["https:\/\/blog.panrotas.com.br\/espacoabracorp\/2025\/10\/01\/bi-da-abracorp-consolida-boas-noticias-no-mes-de-agosto\/"]}]},{"@type":"BreadcrumbList","@id":"https:\/\/blog.panrotas.com.br\/espacoabracorp\/2025\/10\/01\/bi-da-abracorp-consolida-boas-noticias-no-mes-de-agosto\/#breadcrumb","itemListElement":[{"@type":"ListItem","position":1,"name":"In\u00edcio","item":"https:\/\/blog.panrotas.com.br\/espacoabracorp\/"},{"@type":"ListItem","position":2,"name":"BI DA ABRACORP CONSOLIDA BOAS NOT\u00cdCIAS NO M\u00caS DE AGOSTO"}]},{"@type":"Person","@id":"https:\/\/blog.panrotas.com.br\/espacoabracorp\/#\/schema\/person\/3564d9ddd42ee5725703d72c91f65ecc","name":"abracorp","image":{"@type":"ImageObject","@id":"https:\/\/blog.panrotas.com.br\/espacoabracorp\/#personlogo","inLanguage":"pt-BR","url":"https:\/\/secure.gravatar.com\/avatar\/bb9230d6c885c7cc0401c59c0c0288c7?s=96&d=mm&r=g","contentUrl":"https:\/\/secure.gravatar.com\/avatar\/bb9230d6c885c7cc0401c59c0c0288c7?s=96&d=mm&r=g","caption":"abracorp"},"url":"https:\/\/blog.panrotas.com.br\/espacoabracorp\/author\/abracorp\/"}]}},"jetpack_featured_media_url":"","_links":{"self":[{"href":"https:\/\/blog.panrotas.com.br\/espacoabracorp\/wp-json\/wp\/v2\/posts\/1625"}],"collection":[{"href":"https:\/\/blog.panrotas.com.br\/espacoabracorp\/wp-json\/wp\/v2\/posts"}],"about":[{"href":"https:\/\/blog.panrotas.com.br\/espacoabracorp\/wp-json\/wp\/v2\/types\/post"}],"author":[{"embeddable":true,"href":"https:\/\/blog.panrotas.com.br\/espacoabracorp\/wp-json\/wp\/v2\/users\/57"}],"replies":[{"embeddable":true,"href":"https:\/\/blog.panrotas.com.br\/espacoabracorp\/wp-json\/wp\/v2\/comments?post=1625"}],"version-history":[{"count":2,"href":"https:\/\/blog.panrotas.com.br\/espacoabracorp\/wp-json\/wp\/v2\/posts\/1625\/revisions"}],"predecessor-version":[{"id":1631,"href":"https:\/\/blog.panrotas.com.br\/espacoabracorp\/wp-json\/wp\/v2\/posts\/1625\/revisions\/1631"}],"wp:attachment":[{"href":"https:\/\/blog.panrotas.com.br\/espacoabracorp\/wp-json\/wp\/v2\/media?parent=1625"}],"wp:term":[{"taxonomy":"category","embeddable":true,"href":"https:\/\/blog.panrotas.com.br\/espacoabracorp\/wp-json\/wp\/v2\/categories?post=1625"},{"taxonomy":"post_tag","embeddable":true,"href":"https:\/\/blog.panrotas.com.br\/espacoabracorp\/wp-json\/wp\/v2\/tags?post=1625"}],"curies":[{"name":"wp","href":"https:\/\/api.w.org\/{rel}","templated":true}]}}