{"id":1633,"date":"2025-10-08T07:52:32","date_gmt":"2025-10-08T10:52:32","guid":{"rendered":"https:\/\/blog.panrotas.com.br\/espacoabracorp\/?p=1633"},"modified":"2025-10-08T07:52:35","modified_gmt":"2025-10-08T10:52:35","slug":"movida-cresce-no-mercado-de-viagens-corporativas","status":"publish","type":"post","link":"https:\/\/blog.panrotas.com.br\/espacoabracorp\/2025\/10\/08\/movida-cresce-no-mercado-de-viagens-corporativas\/","title":{"rendered":"MOVIDA CRESCE NO MERCADO DE VIAGENS CORPORATIVAS"},"content":{"rendered":"\n<p>No \u00faltimo post (https:\/\/blog.panrotas.com.br\/espacoabracorp\/2025\/10\/01\/bi-da-abracorp-consolida-boas-noticias-no-mes-de-agosto\/), foi feito um registro sobre o desempenho dos associados da ABRACORP no m\u00eas de agosto conforme nosso BI, que analisa 11 setores de atividades do mercado de viagens corporativas.<br><br>Foram feitos alguns destaques, entre os quais gostaria de refor\u00e7ar atua\u00e7\u00e3o  da Movida, que vem gerando frutos para todos os envolvidos. Esse tema volta porque foi uma de nossa pauta da Reuni\u00e3o com Associados, uma importante inst\u00e2ncia da govern\u00e2ncia da Associa\u00e7\u00e3o. Ela aconteceu em 25 de setembro, no Staybridge Su\u00edtes (SP).<br><br>Contamos com a participa\u00e7\u00e3o de Jamyl Jarrus e Cristiane Yumi, da Movida. Ele destacou o crescimento no faturamento e no market share no semestre, sendo a \u00fanica locadora com crescimento em agosto (11,2%). Foram propostas campanhas para o \u00faltimo trimestre, incentivos via plataforma de pontos e a\u00e7\u00f5es t\u00e1ticas. Al\u00e9m de tudo isso, mantivemos canais de comunica\u00e7\u00e3o para novas estrat\u00e9gias para o final do ano e levantamos para termos um refinamento ainda maior na parte operacional.<br><br>Esse destaque faz sentido. Demonstra que parcerias saud\u00e1veis geram resultados e fortalece o nosso mercado. Todos ganham.<br><\/p>\n","protected":false},"excerpt":{"rendered":"<p>No \u00faltimo post (https:\/\/blog.panrotas.com.br\/espacoabracorp\/2025\/10\/01\/bi-da-abracorp-consolida-boas-noticias-no-mes-de-agosto\/), foi feito um registro sobre o desempenho dos associados da ABRACORP no m\u00eas de agosto conforme nosso BI, que analisa 11 setores de atividades do mercado de viagens corporativas. Foram feitos alguns destaques, entre os quais gostaria de refor\u00e7ar atua\u00e7\u00e3o da Movida, que vem gerando frutos para todos os envolvidos. Esse&hellip; <a class=\"more-link\" href=\"https:\/\/blog.panrotas.com.br\/espacoabracorp\/2025\/10\/08\/movida-cresce-no-mercado-de-viagens-corporativas\/\">Continue reading &rarr;<\/a><\/p>\n","protected":false},"author":57,"featured_media":0,"comment_status":"open","ping_status":"open","sticky":false,"template":"","format":"standard","meta":{"spay_email":""},"categories":[1],"tags":[],"yoast_head":"<!-- This site is optimized with the Yoast SEO plugin v17.3 - https:\/\/yoast.com\/wordpress\/plugins\/seo\/ -->\n<title>MOVIDA CRESCE NO MERCADO DE VIAGENS CORPORATIVAS - Espa\u00e7o Abracorp<\/title>\n<meta name=\"robots\" content=\"index, follow, max-snippet:-1, max-image-preview:large, max-video-preview:-1\" \/>\n<link rel=\"canonical\" href=\"https:\/\/blog.panrotas.com.br\/espacoabracorp\/2025\/10\/08\/movida-cresce-no-mercado-de-viagens-corporativas\/\" \/>\n<meta property=\"og:locale\" content=\"pt_BR\" \/>\n<meta property=\"og:type\" content=\"article\" \/>\n<meta property=\"og:title\" content=\"MOVIDA CRESCE NO MERCADO DE VIAGENS CORPORATIVAS - Espa\u00e7o Abracorp\" \/>\n<meta property=\"og:description\" content=\"No \u00faltimo post (https:\/\/blog.panrotas.com.br\/espacoabracorp\/2025\/10\/01\/bi-da-abracorp-consolida-boas-noticias-no-mes-de-agosto\/), foi feito um registro sobre o desempenho dos associados da ABRACORP no m\u00eas de agosto conforme nosso BI, que analisa 11 setores de atividades do mercado de viagens corporativas. Foram feitos alguns destaques, entre os quais gostaria de refor\u00e7ar atua\u00e7\u00e3o da Movida, que vem gerando frutos para todos os envolvidos. Esse&hellip; Continue reading &rarr;\" \/>\n<meta property=\"og:url\" content=\"https:\/\/blog.panrotas.com.br\/espacoabracorp\/2025\/10\/08\/movida-cresce-no-mercado-de-viagens-corporativas\/\" \/>\n<meta property=\"og:site_name\" content=\"Espa\u00e7o Abracorp\" \/>\n<meta property=\"article:published_time\" content=\"2025-10-08T10:52:32+00:00\" \/>\n<meta property=\"article:modified_time\" content=\"2025-10-08T10:52:35+00:00\" \/>\n<meta name=\"twitter:card\" content=\"summary_large_image\" \/>\n<meta name=\"twitter:label1\" content=\"Escrito por\" \/>\n\t<meta name=\"twitter:data1\" content=\"abracorp\" \/>\n\t<meta name=\"twitter:label2\" content=\"Est. tempo de leitura\" \/>\n\t<meta name=\"twitter:data2\" content=\"1 minuto\" \/>\n<script type=\"application\/ld+json\" class=\"yoast-schema-graph\">{\"@context\":\"https:\/\/schema.org\",\"@graph\":[{\"@type\":\"WebSite\",\"@id\":\"https:\/\/blog.panrotas.com.br\/espacoabracorp\/#website\",\"url\":\"https:\/\/blog.panrotas.com.br\/espacoabracorp\/\",\"name\":\"Espa\\u00e7o Abracorp\",\"description\":\"Blogosfera PANROTAS\",\"potentialAction\":[{\"@type\":\"SearchAction\",\"target\":{\"@type\":\"EntryPoint\",\"urlTemplate\":\"https:\/\/blog.panrotas.com.br\/espacoabracorp\/?s={search_term_string}\"},\"query-input\":\"required name=search_term_string\"}],\"inLanguage\":\"pt-BR\"},{\"@type\":\"WebPage\",\"@id\":\"https:\/\/blog.panrotas.com.br\/espacoabracorp\/2025\/10\/08\/movida-cresce-no-mercado-de-viagens-corporativas\/#webpage\",\"url\":\"https:\/\/blog.panrotas.com.br\/espacoabracorp\/2025\/10\/08\/movida-cresce-no-mercado-de-viagens-corporativas\/\",\"name\":\"MOVIDA CRESCE NO MERCADO DE VIAGENS CORPORATIVAS - Espa\\u00e7o Abracorp\",\"isPartOf\":{\"@id\":\"https:\/\/blog.panrotas.com.br\/espacoabracorp\/#website\"},\"datePublished\":\"2025-10-08T10:52:32+00:00\",\"dateModified\":\"2025-10-08T10:52:35+00:00\",\"author\":{\"@id\":\"https:\/\/blog.panrotas.com.br\/espacoabracorp\/#\/schema\/person\/3564d9ddd42ee5725703d72c91f65ecc\"},\"breadcrumb\":{\"@id\":\"https:\/\/blog.panrotas.com.br\/espacoabracorp\/2025\/10\/08\/movida-cresce-no-mercado-de-viagens-corporativas\/#breadcrumb\"},\"inLanguage\":\"pt-BR\",\"potentialAction\":[{\"@type\":\"ReadAction\",\"target\":[\"https:\/\/blog.panrotas.com.br\/espacoabracorp\/2025\/10\/08\/movida-cresce-no-mercado-de-viagens-corporativas\/\"]}]},{\"@type\":\"BreadcrumbList\",\"@id\":\"https:\/\/blog.panrotas.com.br\/espacoabracorp\/2025\/10\/08\/movida-cresce-no-mercado-de-viagens-corporativas\/#breadcrumb\",\"itemListElement\":[{\"@type\":\"ListItem\",\"position\":1,\"name\":\"In\\u00edcio\",\"item\":\"https:\/\/blog.panrotas.com.br\/espacoabracorp\/\"},{\"@type\":\"ListItem\",\"position\":2,\"name\":\"MOVIDA CRESCE NO MERCADO DE VIAGENS CORPORATIVAS\"}]},{\"@type\":\"Person\",\"@id\":\"https:\/\/blog.panrotas.com.br\/espacoabracorp\/#\/schema\/person\/3564d9ddd42ee5725703d72c91f65ecc\",\"name\":\"abracorp\",\"image\":{\"@type\":\"ImageObject\",\"@id\":\"https:\/\/blog.panrotas.com.br\/espacoabracorp\/#personlogo\",\"inLanguage\":\"pt-BR\",\"url\":\"https:\/\/secure.gravatar.com\/avatar\/bb9230d6c885c7cc0401c59c0c0288c7?s=96&d=mm&r=g\",\"contentUrl\":\"https:\/\/secure.gravatar.com\/avatar\/bb9230d6c885c7cc0401c59c0c0288c7?s=96&d=mm&r=g\",\"caption\":\"abracorp\"},\"url\":\"https:\/\/blog.panrotas.com.br\/espacoabracorp\/author\/abracorp\/\"}]}<\/script>\n<!-- \/ Yoast SEO plugin. -->","yoast_head_json":{"title":"MOVIDA CRESCE NO MERCADO DE VIAGENS CORPORATIVAS - Espa\u00e7o Abracorp","robots":{"index":"index","follow":"follow","max-snippet":"max-snippet:-1","max-image-preview":"max-image-preview:large","max-video-preview":"max-video-preview:-1"},"canonical":"https:\/\/blog.panrotas.com.br\/espacoabracorp\/2025\/10\/08\/movida-cresce-no-mercado-de-viagens-corporativas\/","og_locale":"pt_BR","og_type":"article","og_title":"MOVIDA CRESCE NO MERCADO DE VIAGENS CORPORATIVAS - Espa\u00e7o Abracorp","og_description":"No \u00faltimo post (https:\/\/blog.panrotas.com.br\/espacoabracorp\/2025\/10\/01\/bi-da-abracorp-consolida-boas-noticias-no-mes-de-agosto\/), foi feito um registro sobre o desempenho dos associados da ABRACORP no m\u00eas de agosto conforme nosso BI, que analisa 11 setores de atividades do mercado de viagens corporativas. Foram feitos alguns destaques, entre os quais gostaria de refor\u00e7ar atua\u00e7\u00e3o da Movida, que vem gerando frutos para todos os envolvidos. Esse&hellip; Continue reading &rarr;","og_url":"https:\/\/blog.panrotas.com.br\/espacoabracorp\/2025\/10\/08\/movida-cresce-no-mercado-de-viagens-corporativas\/","og_site_name":"Espa\u00e7o Abracorp","article_published_time":"2025-10-08T10:52:32+00:00","article_modified_time":"2025-10-08T10:52:35+00:00","twitter_card":"summary_large_image","twitter_misc":{"Escrito por":"abracorp","Est. tempo de leitura":"1 minuto"},"schema":{"@context":"https:\/\/schema.org","@graph":[{"@type":"WebSite","@id":"https:\/\/blog.panrotas.com.br\/espacoabracorp\/#website","url":"https:\/\/blog.panrotas.com.br\/espacoabracorp\/","name":"Espa\u00e7o Abracorp","description":"Blogosfera PANROTAS","potentialAction":[{"@type":"SearchAction","target":{"@type":"EntryPoint","urlTemplate":"https:\/\/blog.panrotas.com.br\/espacoabracorp\/?s={search_term_string}"},"query-input":"required name=search_term_string"}],"inLanguage":"pt-BR"},{"@type":"WebPage","@id":"https:\/\/blog.panrotas.com.br\/espacoabracorp\/2025\/10\/08\/movida-cresce-no-mercado-de-viagens-corporativas\/#webpage","url":"https:\/\/blog.panrotas.com.br\/espacoabracorp\/2025\/10\/08\/movida-cresce-no-mercado-de-viagens-corporativas\/","name":"MOVIDA CRESCE NO MERCADO DE VIAGENS CORPORATIVAS - Espa\u00e7o Abracorp","isPartOf":{"@id":"https:\/\/blog.panrotas.com.br\/espacoabracorp\/#website"},"datePublished":"2025-10-08T10:52:32+00:00","dateModified":"2025-10-08T10:52:35+00:00","author":{"@id":"https:\/\/blog.panrotas.com.br\/espacoabracorp\/#\/schema\/person\/3564d9ddd42ee5725703d72c91f65ecc"},"breadcrumb":{"@id":"https:\/\/blog.panrotas.com.br\/espacoabracorp\/2025\/10\/08\/movida-cresce-no-mercado-de-viagens-corporativas\/#breadcrumb"},"inLanguage":"pt-BR","potentialAction":[{"@type":"ReadAction","target":["https:\/\/blog.panrotas.com.br\/espacoabracorp\/2025\/10\/08\/movida-cresce-no-mercado-de-viagens-corporativas\/"]}]},{"@type":"BreadcrumbList","@id":"https:\/\/blog.panrotas.com.br\/espacoabracorp\/2025\/10\/08\/movida-cresce-no-mercado-de-viagens-corporativas\/#breadcrumb","itemListElement":[{"@type":"ListItem","position":1,"name":"In\u00edcio","item":"https:\/\/blog.panrotas.com.br\/espacoabracorp\/"},{"@type":"ListItem","position":2,"name":"MOVIDA CRESCE NO MERCADO DE VIAGENS CORPORATIVAS"}]},{"@type":"Person","@id":"https:\/\/blog.panrotas.com.br\/espacoabracorp\/#\/schema\/person\/3564d9ddd42ee5725703d72c91f65ecc","name":"abracorp","image":{"@type":"ImageObject","@id":"https:\/\/blog.panrotas.com.br\/espacoabracorp\/#personlogo","inLanguage":"pt-BR","url":"https:\/\/secure.gravatar.com\/avatar\/bb9230d6c885c7cc0401c59c0c0288c7?s=96&d=mm&r=g","contentUrl":"https:\/\/secure.gravatar.com\/avatar\/bb9230d6c885c7cc0401c59c0c0288c7?s=96&d=mm&r=g","caption":"abracorp"},"url":"https:\/\/blog.panrotas.com.br\/espacoabracorp\/author\/abracorp\/"}]}},"jetpack_featured_media_url":"","_links":{"self":[{"href":"https:\/\/blog.panrotas.com.br\/espacoabracorp\/wp-json\/wp\/v2\/posts\/1633"}],"collection":[{"href":"https:\/\/blog.panrotas.com.br\/espacoabracorp\/wp-json\/wp\/v2\/posts"}],"about":[{"href":"https:\/\/blog.panrotas.com.br\/espacoabracorp\/wp-json\/wp\/v2\/types\/post"}],"author":[{"embeddable":true,"href":"https:\/\/blog.panrotas.com.br\/espacoabracorp\/wp-json\/wp\/v2\/users\/57"}],"replies":[{"embeddable":true,"href":"https:\/\/blog.panrotas.com.br\/espacoabracorp\/wp-json\/wp\/v2\/comments?post=1633"}],"version-history":[{"count":2,"href":"https:\/\/blog.panrotas.com.br\/espacoabracorp\/wp-json\/wp\/v2\/posts\/1633\/revisions"}],"predecessor-version":[{"id":1637,"href":"https:\/\/blog.panrotas.com.br\/espacoabracorp\/wp-json\/wp\/v2\/posts\/1633\/revisions\/1637"}],"wp:attachment":[{"href":"https:\/\/blog.panrotas.com.br\/espacoabracorp\/wp-json\/wp\/v2\/media?parent=1633"}],"wp:term":[{"taxonomy":"category","embeddable":true,"href":"https:\/\/blog.panrotas.com.br\/espacoabracorp\/wp-json\/wp\/v2\/categories?post=1633"},{"taxonomy":"post_tag","embeddable":true,"href":"https:\/\/blog.panrotas.com.br\/espacoabracorp\/wp-json\/wp\/v2\/tags?post=1633"}],"curies":[{"name":"wp","href":"https:\/\/api.w.org\/{rel}","templated":true}]}}