{"id":1636,"date":"2025-10-09T07:51:08","date_gmt":"2025-10-09T10:51:08","guid":{"rendered":"https:\/\/blog.panrotas.com.br\/espacoabracorp\/?p=1636"},"modified":"2025-10-09T07:51:12","modified_gmt":"2025-10-09T10:51:12","slug":"abracorp-e-solucoes-para-o-mercado-corporativo","status":"publish","type":"post","link":"https:\/\/blog.panrotas.com.br\/espacoabracorp\/2025\/10\/09\/abracorp-e-solucoes-para-o-mercado-corporativo\/","title":{"rendered":"ABRACORP E SOLU\u00c7\u00d5ES PARA O MERCADO CORPORATIVO"},"content":{"rendered":"\n<p>No \u00faltimo post (https:\/\/blog.panrotas.com.br\/espacoabracorp\/2025\/10\/08\/movida-cresce-no-mercado-de-viagens-corporativas\/), destaquei dois pontos da pauta da da Reuni\u00e3o com Associados, uma importante inst\u00e2ncia da govern\u00e2ncia da Associa\u00e7\u00e3o. Ela aconteceu em 25 de setembro, no Staybridge Su\u00edtes (SP).<br><br>O primeiro deles foi o desempenho dos associados da ABRACORP no m\u00eas de agosto conforme nosso BI, que analisa 11 setores de atividades do mercado de viagens corporativas. O segundo foi a nossa parceria com a Movida, que vem gerando frutos para todos os envolvidos. S\u00f3 paa termos uma ideia, Movida, em agosto cresceu 8% em faturamento e 10% em market share no semestre, sendo a \u00fanica locadora com crescimento em agosto (11,2%).<br><br>Outro tema interessante para fechar essa s\u00e9rie de tr\u00eas posts, destaco a participa\u00e7\u00e3o da B2e Group. Contamos com a visita de Luis Matos, CEO da empresa, e equipe, que apresentaram um panorama das solu\u00e7\u00f5es que oferece nas \u00e1reas de preven\u00e7\u00e3o de fraudes e compliance digital.<br><br>Foram demonstradas ferramentas voltadas \u00e0 valida\u00e7\u00e3o de identidade, prote\u00e7\u00e3o de dados sens\u00edveis e seguran\u00e7a transacional, especialmente aplicadas em ambientes de reservas e processos comerciais com m\u00faltiplos intermedi\u00e1rios. A proposta da B2e \u00e9 atuar como parceira das ag\u00eancias associadas, oferecendo tecnologia e intelig\u00eancia para mitigar riscos operacionais, evitar fraudes e garantir maior integridade nos fluxos de informa\u00e7\u00e3o. <br><br>A agenda ficou aberta para novos entendimentos e poss\u00edveis projetos relevantes.<br><\/p>\n","protected":false},"excerpt":{"rendered":"<p>No \u00faltimo post (https:\/\/blog.panrotas.com.br\/espacoabracorp\/2025\/10\/08\/movida-cresce-no-mercado-de-viagens-corporativas\/), destaquei dois pontos da pauta da da Reuni\u00e3o com Associados, uma importante inst\u00e2ncia da govern\u00e2ncia da Associa\u00e7\u00e3o. Ela aconteceu em 25 de setembro, no Staybridge Su\u00edtes (SP). O primeiro deles foi o desempenho dos associados da ABRACORP no m\u00eas de agosto conforme nosso BI, que analisa 11 setores de atividades do&hellip; <a class=\"more-link\" href=\"https:\/\/blog.panrotas.com.br\/espacoabracorp\/2025\/10\/09\/abracorp-e-solucoes-para-o-mercado-corporativo\/\">Continue reading &rarr;<\/a><\/p>\n","protected":false},"author":57,"featured_media":0,"comment_status":"open","ping_status":"open","sticky":false,"template":"","format":"standard","meta":{"spay_email":""},"categories":[1],"tags":[],"yoast_head":"<!-- This site is optimized with the Yoast SEO plugin v17.3 - https:\/\/yoast.com\/wordpress\/plugins\/seo\/ -->\n<title>ABRACORP E SOLU\u00c7\u00d5ES PARA O MERCADO CORPORATIVO - Espa\u00e7o Abracorp<\/title>\n<meta name=\"robots\" content=\"index, follow, max-snippet:-1, max-image-preview:large, max-video-preview:-1\" \/>\n<link rel=\"canonical\" href=\"https:\/\/blog.panrotas.com.br\/espacoabracorp\/2025\/10\/09\/abracorp-e-solucoes-para-o-mercado-corporativo\/\" \/>\n<meta property=\"og:locale\" content=\"pt_BR\" \/>\n<meta property=\"og:type\" content=\"article\" \/>\n<meta property=\"og:title\" content=\"ABRACORP E SOLU\u00c7\u00d5ES PARA O MERCADO CORPORATIVO - Espa\u00e7o Abracorp\" \/>\n<meta property=\"og:description\" content=\"No \u00faltimo post (https:\/\/blog.panrotas.com.br\/espacoabracorp\/2025\/10\/08\/movida-cresce-no-mercado-de-viagens-corporativas\/), destaquei dois pontos da pauta da da Reuni\u00e3o com Associados, uma importante inst\u00e2ncia da govern\u00e2ncia da Associa\u00e7\u00e3o. Ela aconteceu em 25 de setembro, no Staybridge Su\u00edtes (SP). O primeiro deles foi o desempenho dos associados da ABRACORP no m\u00eas de agosto conforme nosso BI, que analisa 11 setores de atividades do&hellip; Continue reading &rarr;\" \/>\n<meta property=\"og:url\" content=\"https:\/\/blog.panrotas.com.br\/espacoabracorp\/2025\/10\/09\/abracorp-e-solucoes-para-o-mercado-corporativo\/\" \/>\n<meta property=\"og:site_name\" content=\"Espa\u00e7o Abracorp\" \/>\n<meta property=\"article:published_time\" content=\"2025-10-09T10:51:08+00:00\" \/>\n<meta property=\"article:modified_time\" content=\"2025-10-09T10:51:12+00:00\" \/>\n<meta name=\"twitter:card\" content=\"summary_large_image\" \/>\n<meta name=\"twitter:label1\" content=\"Escrito por\" \/>\n\t<meta name=\"twitter:data1\" content=\"abracorp\" \/>\n\t<meta name=\"twitter:label2\" content=\"Est. tempo de leitura\" \/>\n\t<meta name=\"twitter:data2\" content=\"1 minuto\" \/>\n<script type=\"application\/ld+json\" class=\"yoast-schema-graph\">{\"@context\":\"https:\/\/schema.org\",\"@graph\":[{\"@type\":\"WebSite\",\"@id\":\"https:\/\/blog.panrotas.com.br\/espacoabracorp\/#website\",\"url\":\"https:\/\/blog.panrotas.com.br\/espacoabracorp\/\",\"name\":\"Espa\\u00e7o Abracorp\",\"description\":\"Blogosfera PANROTAS\",\"potentialAction\":[{\"@type\":\"SearchAction\",\"target\":{\"@type\":\"EntryPoint\",\"urlTemplate\":\"https:\/\/blog.panrotas.com.br\/espacoabracorp\/?s={search_term_string}\"},\"query-input\":\"required name=search_term_string\"}],\"inLanguage\":\"pt-BR\"},{\"@type\":\"WebPage\",\"@id\":\"https:\/\/blog.panrotas.com.br\/espacoabracorp\/2025\/10\/09\/abracorp-e-solucoes-para-o-mercado-corporativo\/#webpage\",\"url\":\"https:\/\/blog.panrotas.com.br\/espacoabracorp\/2025\/10\/09\/abracorp-e-solucoes-para-o-mercado-corporativo\/\",\"name\":\"ABRACORP E SOLU\\u00c7\\u00d5ES PARA O MERCADO CORPORATIVO - Espa\\u00e7o Abracorp\",\"isPartOf\":{\"@id\":\"https:\/\/blog.panrotas.com.br\/espacoabracorp\/#website\"},\"datePublished\":\"2025-10-09T10:51:08+00:00\",\"dateModified\":\"2025-10-09T10:51:12+00:00\",\"author\":{\"@id\":\"https:\/\/blog.panrotas.com.br\/espacoabracorp\/#\/schema\/person\/3564d9ddd42ee5725703d72c91f65ecc\"},\"breadcrumb\":{\"@id\":\"https:\/\/blog.panrotas.com.br\/espacoabracorp\/2025\/10\/09\/abracorp-e-solucoes-para-o-mercado-corporativo\/#breadcrumb\"},\"inLanguage\":\"pt-BR\",\"potentialAction\":[{\"@type\":\"ReadAction\",\"target\":[\"https:\/\/blog.panrotas.com.br\/espacoabracorp\/2025\/10\/09\/abracorp-e-solucoes-para-o-mercado-corporativo\/\"]}]},{\"@type\":\"BreadcrumbList\",\"@id\":\"https:\/\/blog.panrotas.com.br\/espacoabracorp\/2025\/10\/09\/abracorp-e-solucoes-para-o-mercado-corporativo\/#breadcrumb\",\"itemListElement\":[{\"@type\":\"ListItem\",\"position\":1,\"name\":\"In\\u00edcio\",\"item\":\"https:\/\/blog.panrotas.com.br\/espacoabracorp\/\"},{\"@type\":\"ListItem\",\"position\":2,\"name\":\"ABRACORP E SOLU\\u00c7\\u00d5ES PARA O MERCADO CORPORATIVO\"}]},{\"@type\":\"Person\",\"@id\":\"https:\/\/blog.panrotas.com.br\/espacoabracorp\/#\/schema\/person\/3564d9ddd42ee5725703d72c91f65ecc\",\"name\":\"abracorp\",\"image\":{\"@type\":\"ImageObject\",\"@id\":\"https:\/\/blog.panrotas.com.br\/espacoabracorp\/#personlogo\",\"inLanguage\":\"pt-BR\",\"url\":\"https:\/\/secure.gravatar.com\/avatar\/bb9230d6c885c7cc0401c59c0c0288c7?s=96&d=mm&r=g\",\"contentUrl\":\"https:\/\/secure.gravatar.com\/avatar\/bb9230d6c885c7cc0401c59c0c0288c7?s=96&d=mm&r=g\",\"caption\":\"abracorp\"},\"url\":\"https:\/\/blog.panrotas.com.br\/espacoabracorp\/author\/abracorp\/\"}]}<\/script>\n<!-- \/ Yoast SEO plugin. -->","yoast_head_json":{"title":"ABRACORP E SOLU\u00c7\u00d5ES PARA O MERCADO CORPORATIVO - Espa\u00e7o Abracorp","robots":{"index":"index","follow":"follow","max-snippet":"max-snippet:-1","max-image-preview":"max-image-preview:large","max-video-preview":"max-video-preview:-1"},"canonical":"https:\/\/blog.panrotas.com.br\/espacoabracorp\/2025\/10\/09\/abracorp-e-solucoes-para-o-mercado-corporativo\/","og_locale":"pt_BR","og_type":"article","og_title":"ABRACORP E SOLU\u00c7\u00d5ES PARA O MERCADO CORPORATIVO - Espa\u00e7o Abracorp","og_description":"No \u00faltimo post (https:\/\/blog.panrotas.com.br\/espacoabracorp\/2025\/10\/08\/movida-cresce-no-mercado-de-viagens-corporativas\/), destaquei dois pontos da pauta da da Reuni\u00e3o com Associados, uma importante inst\u00e2ncia da govern\u00e2ncia da Associa\u00e7\u00e3o. Ela aconteceu em 25 de setembro, no Staybridge Su\u00edtes (SP). O primeiro deles foi o desempenho dos associados da ABRACORP no m\u00eas de agosto conforme nosso BI, que analisa 11 setores de atividades do&hellip; Continue reading &rarr;","og_url":"https:\/\/blog.panrotas.com.br\/espacoabracorp\/2025\/10\/09\/abracorp-e-solucoes-para-o-mercado-corporativo\/","og_site_name":"Espa\u00e7o Abracorp","article_published_time":"2025-10-09T10:51:08+00:00","article_modified_time":"2025-10-09T10:51:12+00:00","twitter_card":"summary_large_image","twitter_misc":{"Escrito por":"abracorp","Est. tempo de leitura":"1 minuto"},"schema":{"@context":"https:\/\/schema.org","@graph":[{"@type":"WebSite","@id":"https:\/\/blog.panrotas.com.br\/espacoabracorp\/#website","url":"https:\/\/blog.panrotas.com.br\/espacoabracorp\/","name":"Espa\u00e7o Abracorp","description":"Blogosfera PANROTAS","potentialAction":[{"@type":"SearchAction","target":{"@type":"EntryPoint","urlTemplate":"https:\/\/blog.panrotas.com.br\/espacoabracorp\/?s={search_term_string}"},"query-input":"required name=search_term_string"}],"inLanguage":"pt-BR"},{"@type":"WebPage","@id":"https:\/\/blog.panrotas.com.br\/espacoabracorp\/2025\/10\/09\/abracorp-e-solucoes-para-o-mercado-corporativo\/#webpage","url":"https:\/\/blog.panrotas.com.br\/espacoabracorp\/2025\/10\/09\/abracorp-e-solucoes-para-o-mercado-corporativo\/","name":"ABRACORP E SOLU\u00c7\u00d5ES PARA O MERCADO CORPORATIVO - Espa\u00e7o Abracorp","isPartOf":{"@id":"https:\/\/blog.panrotas.com.br\/espacoabracorp\/#website"},"datePublished":"2025-10-09T10:51:08+00:00","dateModified":"2025-10-09T10:51:12+00:00","author":{"@id":"https:\/\/blog.panrotas.com.br\/espacoabracorp\/#\/schema\/person\/3564d9ddd42ee5725703d72c91f65ecc"},"breadcrumb":{"@id":"https:\/\/blog.panrotas.com.br\/espacoabracorp\/2025\/10\/09\/abracorp-e-solucoes-para-o-mercado-corporativo\/#breadcrumb"},"inLanguage":"pt-BR","potentialAction":[{"@type":"ReadAction","target":["https:\/\/blog.panrotas.com.br\/espacoabracorp\/2025\/10\/09\/abracorp-e-solucoes-para-o-mercado-corporativo\/"]}]},{"@type":"BreadcrumbList","@id":"https:\/\/blog.panrotas.com.br\/espacoabracorp\/2025\/10\/09\/abracorp-e-solucoes-para-o-mercado-corporativo\/#breadcrumb","itemListElement":[{"@type":"ListItem","position":1,"name":"In\u00edcio","item":"https:\/\/blog.panrotas.com.br\/espacoabracorp\/"},{"@type":"ListItem","position":2,"name":"ABRACORP E SOLU\u00c7\u00d5ES PARA O MERCADO CORPORATIVO"}]},{"@type":"Person","@id":"https:\/\/blog.panrotas.com.br\/espacoabracorp\/#\/schema\/person\/3564d9ddd42ee5725703d72c91f65ecc","name":"abracorp","image":{"@type":"ImageObject","@id":"https:\/\/blog.panrotas.com.br\/espacoabracorp\/#personlogo","inLanguage":"pt-BR","url":"https:\/\/secure.gravatar.com\/avatar\/bb9230d6c885c7cc0401c59c0c0288c7?s=96&d=mm&r=g","contentUrl":"https:\/\/secure.gravatar.com\/avatar\/bb9230d6c885c7cc0401c59c0c0288c7?s=96&d=mm&r=g","caption":"abracorp"},"url":"https:\/\/blog.panrotas.com.br\/espacoabracorp\/author\/abracorp\/"}]}},"jetpack_featured_media_url":"","_links":{"self":[{"href":"https:\/\/blog.panrotas.com.br\/espacoabracorp\/wp-json\/wp\/v2\/posts\/1636"}],"collection":[{"href":"https:\/\/blog.panrotas.com.br\/espacoabracorp\/wp-json\/wp\/v2\/posts"}],"about":[{"href":"https:\/\/blog.panrotas.com.br\/espacoabracorp\/wp-json\/wp\/v2\/types\/post"}],"author":[{"embeddable":true,"href":"https:\/\/blog.panrotas.com.br\/espacoabracorp\/wp-json\/wp\/v2\/users\/57"}],"replies":[{"embeddable":true,"href":"https:\/\/blog.panrotas.com.br\/espacoabracorp\/wp-json\/wp\/v2\/comments?post=1636"}],"version-history":[{"count":2,"href":"https:\/\/blog.panrotas.com.br\/espacoabracorp\/wp-json\/wp\/v2\/posts\/1636\/revisions"}],"predecessor-version":[{"id":1640,"href":"https:\/\/blog.panrotas.com.br\/espacoabracorp\/wp-json\/wp\/v2\/posts\/1636\/revisions\/1640"}],"wp:attachment":[{"href":"https:\/\/blog.panrotas.com.br\/espacoabracorp\/wp-json\/wp\/v2\/media?parent=1636"}],"wp:term":[{"taxonomy":"category","embeddable":true,"href":"https:\/\/blog.panrotas.com.br\/espacoabracorp\/wp-json\/wp\/v2\/categories?post=1636"},{"taxonomy":"post_tag","embeddable":true,"href":"https:\/\/blog.panrotas.com.br\/espacoabracorp\/wp-json\/wp\/v2\/tags?post=1636"}],"curies":[{"name":"wp","href":"https:\/\/api.w.org\/{rel}","templated":true}]}}