{"id":904,"date":"2015-07-10T16:24:00","date_gmt":"2015-07-10T19:24:00","guid":{"rendered":"http:\/\/blog.panrotas.com.br\/espacoabracorp\/?p=904"},"modified":"2015-07-10T16:24:00","modified_gmt":"2015-07-10T19:24:00","slug":"mais-altos-mais-fortes-e-mais-rapidos","status":"publish","type":"post","link":"https:\/\/blog.panrotas.com.br\/espacoabracorp\/2015\/07\/10\/mais-altos-mais-fortes-e-mais-rapidos\/","title":{"rendered":"Mais altos, mais fortes e mais r\u00e1pidos"},"content":{"rendered":"<p>Estamos em contagem regressiva para os Jogos Ol\u00edmpicos Rio 2016, que acontecer\u00e3o a partir de agosto do pr\u00f3ximo ano. Mais do que um mega evento que trar\u00e1 visitantes de in\u00fameras nacionalidades e oportunidades ao Pa\u00eds, as Olimp\u00edadas carregam consigo o t\u00e3o difundido esp\u00edrito ol\u00edmpico, que acompanha as competi\u00e7\u00f5es desde sua g\u00eanese, na Gr\u00e9cia antiga. Destacamos entre os ideais: o m\u00e9rito pelo esfor\u00e7o, a supera\u00e7\u00e3o, a busca pela quebra de recordes, a \u00e9tica presente no esporte por meio do\u00a0<em>fair play\u00a0<\/em>e a uni\u00e3o de todos os continentes em um ideal \u00fanico.<\/p>\n<p align=\"JUSTIFY\">Precisamos aproveitar este momento n\u00e3o s\u00f3 para pensarmos nos lucros e na expans\u00e3o de nossos neg\u00f3cios durante o per\u00edodo do evento. Claro que isso \u00e9 o que nos mant\u00e9m vivos, mas que procuremos estar imbu\u00eddos deste esp\u00edrito de competi\u00e7\u00e3o para juntar for\u00e7as em todos os segmentos do turismo para que os resultados sejam um legado da competi\u00e7\u00e3o. Que cada um, na sua modalidade, busque o melhor e que sempre possamos crescer juntos com o objetivo de atingirmos n\u00edveis mais altos, mais fortes e mais r\u00e1pidos.<\/p>\n<p align=\"JUSTIFY\">Assim como os atletas competem entre si, n\u00f3s travamos uma disputa em nosso dia a dia. Acreditamos que a competitividade faz parte do jogo e pode ser feita de forma leal para que o resultado possa sempre ser positivo a todos que fazem parte do setor de viagens e neg\u00f3cios. Que este momento que antecede o evento seja motivador para a obten\u00e7\u00e3o de dias melhores para toda nossa sociedade e para nossa economia. O que mais queremos \u00e9 que o legado destes jogos sejam positivos para nosso Pa\u00eds e para nossos neg\u00f3cios. Ent\u00e3o, vamos \u00e0 luta!<\/p>\n<p align=\"JUSTIFY\"><strong>Edmar Bull<\/strong><\/p>\n<p align=\"JUSTIFY\"><strong>Presidente do Conselho de Administra\u00e7\u00e3o da Abracorp<\/strong><\/p>\n","protected":false},"excerpt":{"rendered":"<p>Estamos em contagem regressiva para os Jogos Ol\u00edmpicos Rio 2016, que acontecer\u00e3o a partir de agosto do pr\u00f3ximo ano. Mais do que um mega evento que trar\u00e1 visitantes de in\u00fameras nacionalidades e oportunidades ao Pa\u00eds, as Olimp\u00edadas carregam consigo o t\u00e3o difundido esp\u00edrito ol\u00edmpico, que acompanha as competi\u00e7\u00f5es desde sua g\u00eanese, na Gr\u00e9cia antiga. Destacamos&hellip; <a class=\"more-link\" href=\"https:\/\/blog.panrotas.com.br\/espacoabracorp\/2015\/07\/10\/mais-altos-mais-fortes-e-mais-rapidos\/\">Continue reading &rarr;<\/a><\/p>\n","protected":false},"author":27,"featured_media":0,"comment_status":"open","ping_status":"open","sticky":false,"template":"","format":"standard","meta":{"spay_email":""},"categories":[3],"tags":[],"yoast_head":"<!-- This site is optimized with the Yoast SEO plugin v17.3 - https:\/\/yoast.com\/wordpress\/plugins\/seo\/ -->\n<title>Mais altos, mais fortes e mais r\u00e1pidos - Espa\u00e7o Abracorp<\/title>\n<meta name=\"robots\" content=\"index, follow, max-snippet:-1, max-image-preview:large, max-video-preview:-1\" \/>\n<link rel=\"canonical\" href=\"https:\/\/blog.panrotas.com.br\/espacoabracorp\/2015\/07\/10\/mais-altos-mais-fortes-e-mais-rapidos\/\" \/>\n<meta property=\"og:locale\" content=\"pt_BR\" \/>\n<meta property=\"og:type\" content=\"article\" \/>\n<meta property=\"og:title\" content=\"Mais altos, mais fortes e mais r\u00e1pidos - Espa\u00e7o Abracorp\" \/>\n<meta property=\"og:description\" content=\"Estamos em contagem regressiva para os Jogos Ol\u00edmpicos Rio 2016, que acontecer\u00e3o a partir de agosto do pr\u00f3ximo ano. Mais do que um mega evento que trar\u00e1 visitantes de in\u00fameras nacionalidades e oportunidades ao Pa\u00eds, as Olimp\u00edadas carregam consigo o t\u00e3o difundido esp\u00edrito ol\u00edmpico, que acompanha as competi\u00e7\u00f5es desde sua g\u00eanese, na Gr\u00e9cia antiga. Destacamos&hellip; Continue reading &rarr;\" \/>\n<meta property=\"og:url\" content=\"https:\/\/blog.panrotas.com.br\/espacoabracorp\/2015\/07\/10\/mais-altos-mais-fortes-e-mais-rapidos\/\" \/>\n<meta property=\"og:site_name\" content=\"Espa\u00e7o Abracorp\" \/>\n<meta property=\"article:published_time\" content=\"2015-07-10T19:24:00+00:00\" \/>\n<meta name=\"twitter:card\" content=\"summary_large_image\" \/>\n<meta name=\"twitter:label1\" content=\"Escrito por\" \/>\n\t<meta name=\"twitter:data1\" content=\"Abracorp\" \/>\n\t<meta name=\"twitter:label2\" content=\"Est. tempo de leitura\" \/>\n\t<meta name=\"twitter:data2\" content=\"2 minutos\" \/>\n<script type=\"application\/ld+json\" class=\"yoast-schema-graph\">{\"@context\":\"https:\/\/schema.org\",\"@graph\":[{\"@type\":\"WebSite\",\"@id\":\"https:\/\/blog.panrotas.com.br\/espacoabracorp\/#website\",\"url\":\"https:\/\/blog.panrotas.com.br\/espacoabracorp\/\",\"name\":\"Espa\\u00e7o Abracorp\",\"description\":\"Blogosfera PANROTAS\",\"potentialAction\":[{\"@type\":\"SearchAction\",\"target\":{\"@type\":\"EntryPoint\",\"urlTemplate\":\"https:\/\/blog.panrotas.com.br\/espacoabracorp\/?s={search_term_string}\"},\"query-input\":\"required name=search_term_string\"}],\"inLanguage\":\"pt-BR\"},{\"@type\":\"WebPage\",\"@id\":\"https:\/\/blog.panrotas.com.br\/espacoabracorp\/2015\/07\/10\/mais-altos-mais-fortes-e-mais-rapidos\/#webpage\",\"url\":\"https:\/\/blog.panrotas.com.br\/espacoabracorp\/2015\/07\/10\/mais-altos-mais-fortes-e-mais-rapidos\/\",\"name\":\"Mais altos, mais fortes e mais r\\u00e1pidos - Espa\\u00e7o Abracorp\",\"isPartOf\":{\"@id\":\"https:\/\/blog.panrotas.com.br\/espacoabracorp\/#website\"},\"datePublished\":\"2015-07-10T19:24:00+00:00\",\"dateModified\":\"2015-07-10T19:24:00+00:00\",\"author\":{\"@id\":\"https:\/\/blog.panrotas.com.br\/espacoabracorp\/#\/schema\/person\/c61095cb4ad58385b600360e86edcc70\"},\"breadcrumb\":{\"@id\":\"https:\/\/blog.panrotas.com.br\/espacoabracorp\/2015\/07\/10\/mais-altos-mais-fortes-e-mais-rapidos\/#breadcrumb\"},\"inLanguage\":\"pt-BR\",\"potentialAction\":[{\"@type\":\"ReadAction\",\"target\":[\"https:\/\/blog.panrotas.com.br\/espacoabracorp\/2015\/07\/10\/mais-altos-mais-fortes-e-mais-rapidos\/\"]}]},{\"@type\":\"BreadcrumbList\",\"@id\":\"https:\/\/blog.panrotas.com.br\/espacoabracorp\/2015\/07\/10\/mais-altos-mais-fortes-e-mais-rapidos\/#breadcrumb\",\"itemListElement\":[{\"@type\":\"ListItem\",\"position\":1,\"name\":\"In\\u00edcio\",\"item\":\"https:\/\/blog.panrotas.com.br\/espacoabracorp\/\"},{\"@type\":\"ListItem\",\"position\":2,\"name\":\"Mais altos, mais fortes e mais r\\u00e1pidos\"}]},{\"@type\":\"Person\",\"@id\":\"https:\/\/blog.panrotas.com.br\/espacoabracorp\/#\/schema\/person\/c61095cb4ad58385b600360e86edcc70\",\"name\":\"Abracorp\",\"image\":{\"@type\":\"ImageObject\",\"@id\":\"https:\/\/blog.panrotas.com.br\/espacoabracorp\/#personlogo\",\"inLanguage\":\"pt-BR\",\"url\":\"https:\/\/secure.gravatar.com\/avatar\/7b0b250396075df2cb7378540ccff9ce?s=96&d=mm&r=g\",\"contentUrl\":\"https:\/\/secure.gravatar.com\/avatar\/7b0b250396075df2cb7378540ccff9ce?s=96&d=mm&r=g\",\"caption\":\"Abracorp\"},\"url\":\"https:\/\/blog.panrotas.com.br\/espacoabracorp\/author\/luiz\/\"}]}<\/script>\n<!-- \/ Yoast SEO plugin. -->","yoast_head_json":{"title":"Mais altos, mais fortes e mais r\u00e1pidos - Espa\u00e7o Abracorp","robots":{"index":"index","follow":"follow","max-snippet":"max-snippet:-1","max-image-preview":"max-image-preview:large","max-video-preview":"max-video-preview:-1"},"canonical":"https:\/\/blog.panrotas.com.br\/espacoabracorp\/2015\/07\/10\/mais-altos-mais-fortes-e-mais-rapidos\/","og_locale":"pt_BR","og_type":"article","og_title":"Mais altos, mais fortes e mais r\u00e1pidos - Espa\u00e7o Abracorp","og_description":"Estamos em contagem regressiva para os Jogos Ol\u00edmpicos Rio 2016, que acontecer\u00e3o a partir de agosto do pr\u00f3ximo ano. Mais do que um mega evento que trar\u00e1 visitantes de in\u00fameras nacionalidades e oportunidades ao Pa\u00eds, as Olimp\u00edadas carregam consigo o t\u00e3o difundido esp\u00edrito ol\u00edmpico, que acompanha as competi\u00e7\u00f5es desde sua g\u00eanese, na Gr\u00e9cia antiga. Destacamos&hellip; Continue reading &rarr;","og_url":"https:\/\/blog.panrotas.com.br\/espacoabracorp\/2015\/07\/10\/mais-altos-mais-fortes-e-mais-rapidos\/","og_site_name":"Espa\u00e7o Abracorp","article_published_time":"2015-07-10T19:24:00+00:00","twitter_card":"summary_large_image","twitter_misc":{"Escrito por":"Abracorp","Est. tempo de leitura":"2 minutos"},"schema":{"@context":"https:\/\/schema.org","@graph":[{"@type":"WebSite","@id":"https:\/\/blog.panrotas.com.br\/espacoabracorp\/#website","url":"https:\/\/blog.panrotas.com.br\/espacoabracorp\/","name":"Espa\u00e7o Abracorp","description":"Blogosfera PANROTAS","potentialAction":[{"@type":"SearchAction","target":{"@type":"EntryPoint","urlTemplate":"https:\/\/blog.panrotas.com.br\/espacoabracorp\/?s={search_term_string}"},"query-input":"required name=search_term_string"}],"inLanguage":"pt-BR"},{"@type":"WebPage","@id":"https:\/\/blog.panrotas.com.br\/espacoabracorp\/2015\/07\/10\/mais-altos-mais-fortes-e-mais-rapidos\/#webpage","url":"https:\/\/blog.panrotas.com.br\/espacoabracorp\/2015\/07\/10\/mais-altos-mais-fortes-e-mais-rapidos\/","name":"Mais altos, mais fortes e mais r\u00e1pidos - Espa\u00e7o Abracorp","isPartOf":{"@id":"https:\/\/blog.panrotas.com.br\/espacoabracorp\/#website"},"datePublished":"2015-07-10T19:24:00+00:00","dateModified":"2015-07-10T19:24:00+00:00","author":{"@id":"https:\/\/blog.panrotas.com.br\/espacoabracorp\/#\/schema\/person\/c61095cb4ad58385b600360e86edcc70"},"breadcrumb":{"@id":"https:\/\/blog.panrotas.com.br\/espacoabracorp\/2015\/07\/10\/mais-altos-mais-fortes-e-mais-rapidos\/#breadcrumb"},"inLanguage":"pt-BR","potentialAction":[{"@type":"ReadAction","target":["https:\/\/blog.panrotas.com.br\/espacoabracorp\/2015\/07\/10\/mais-altos-mais-fortes-e-mais-rapidos\/"]}]},{"@type":"BreadcrumbList","@id":"https:\/\/blog.panrotas.com.br\/espacoabracorp\/2015\/07\/10\/mais-altos-mais-fortes-e-mais-rapidos\/#breadcrumb","itemListElement":[{"@type":"ListItem","position":1,"name":"In\u00edcio","item":"https:\/\/blog.panrotas.com.br\/espacoabracorp\/"},{"@type":"ListItem","position":2,"name":"Mais altos, mais fortes e mais r\u00e1pidos"}]},{"@type":"Person","@id":"https:\/\/blog.panrotas.com.br\/espacoabracorp\/#\/schema\/person\/c61095cb4ad58385b600360e86edcc70","name":"Abracorp","image":{"@type":"ImageObject","@id":"https:\/\/blog.panrotas.com.br\/espacoabracorp\/#personlogo","inLanguage":"pt-BR","url":"https:\/\/secure.gravatar.com\/avatar\/7b0b250396075df2cb7378540ccff9ce?s=96&d=mm&r=g","contentUrl":"https:\/\/secure.gravatar.com\/avatar\/7b0b250396075df2cb7378540ccff9ce?s=96&d=mm&r=g","caption":"Abracorp"},"url":"https:\/\/blog.panrotas.com.br\/espacoabracorp\/author\/luiz\/"}]}},"jetpack_featured_media_url":"","_links":{"self":[{"href":"https:\/\/blog.panrotas.com.br\/espacoabracorp\/wp-json\/wp\/v2\/posts\/904"}],"collection":[{"href":"https:\/\/blog.panrotas.com.br\/espacoabracorp\/wp-json\/wp\/v2\/posts"}],"about":[{"href":"https:\/\/blog.panrotas.com.br\/espacoabracorp\/wp-json\/wp\/v2\/types\/post"}],"author":[{"embeddable":true,"href":"https:\/\/blog.panrotas.com.br\/espacoabracorp\/wp-json\/wp\/v2\/users\/27"}],"replies":[{"embeddable":true,"href":"https:\/\/blog.panrotas.com.br\/espacoabracorp\/wp-json\/wp\/v2\/comments?post=904"}],"version-history":[{"count":0,"href":"https:\/\/blog.panrotas.com.br\/espacoabracorp\/wp-json\/wp\/v2\/posts\/904\/revisions"}],"wp:attachment":[{"href":"https:\/\/blog.panrotas.com.br\/espacoabracorp\/wp-json\/wp\/v2\/media?parent=904"}],"wp:term":[{"taxonomy":"category","embeddable":true,"href":"https:\/\/blog.panrotas.com.br\/espacoabracorp\/wp-json\/wp\/v2\/categories?post=904"},{"taxonomy":"post_tag","embeddable":true,"href":"https:\/\/blog.panrotas.com.br\/espacoabracorp\/wp-json\/wp\/v2\/tags?post=904"}],"curies":[{"name":"wp","href":"https:\/\/api.w.org\/{rel}","templated":true}]}}