{"id":933,"date":"2015-08-16T12:58:22","date_gmt":"2015-08-16T15:58:22","guid":{"rendered":"http:\/\/blog.panrotas.com.br\/espacoabracorp\/?p=933"},"modified":"2015-08-16T12:58:22","modified_gmt":"2015-08-16T15:58:22","slug":"dia-de-protesto","status":"publish","type":"post","link":"https:\/\/blog.panrotas.com.br\/espacoabracorp\/2015\/08\/16\/dia-de-protesto\/","title":{"rendered":"Dia de protesto"},"content":{"rendered":"<p><span style=\"color: #000000\">Foram, certamente, v\u00e1rios dias em que protestos justificados prevaleceram em nosso pa\u00eds sob a \u00f3tica das ag\u00eancias de viagens, por iniciativa e com apoio do conjunto das entidades unidas que nos representam .<\/span><br \/>\n<span style=\"color: #000000\">Os motivos para que as tais manifesta\u00e7\u00f5es predominassem e ainda existam encontram justificativa em tr\u00eas fatores. S\u00e3o ele, basicamente: 1-) A falta de reconhecimento; 2-) A falta de valoriza\u00e7\u00e3o e 3-) A falta de incentivo para os profissionais, por parte das empresas que conquistaram e disputam todos os mercados gra\u00e7as \u00e0 dedica\u00e7\u00e3o, compet\u00eancia e for\u00e7a de vendas de todos aqueles que comp\u00f5em a totalidade da rede de distribui\u00e7\u00e3o qualificada de atendimento personalizado aos consumidores em nosso pa\u00eds.<\/span><br \/>\n<span style=\"color: #000000\">Cada vez mais, quem precisa ou deseja viajar reconhece, com raz\u00e3o, o quanto \u00e9 importante consumir com seguran\u00e7a; proporcionada a partir da consultoria e da assist\u00eancia de qualidade. Ou seja: de acordo com as palavras de Luciano Macagno, sabe que \u201c<strong><em>comprar com o agente de viagens \u00e9 confi\u00e1vel; pois al\u00e9m de ser um profissional expert em viagens, ele tamb\u00e9m \u00e9 o principal parceiro da Delta Air Lines<\/em><\/strong>\u201d.<\/span><br \/>\n<span style=\"color: #000000\">O diretor da Delta Air Lines no Brasil, quando decide anunciar e destacar na grande imprensa o seu \u201c<strong><em>Muito obrigado<\/em><\/strong>\u201d para as ag\u00eancias de viagens, vai a p\u00fablico. Resolve veicular na grande imprensa sua campanha publicit\u00e1ria para \u201c<strong><em>comunicar<\/em><\/strong> <strong><em>o consumidor que ele deve acreditar no agente de viagens<\/em><\/strong>\u201d e reitera que sua empresa a\u00e9rea valoriza \u201c<strong><em>muito o papel que ele <\/em><\/strong>(agente de viagens)<strong> <em>desempenha na nossa ind\u00fastria<\/em><\/strong>\u201d, no Brasil e no Mundo, explicitando que \u201c<strong><em>o trade \u00e9 o principal canal de vendas da Delta<\/em><\/strong>\u201d. Assim, Luciano faz bem mais do que apenas prestar uma merecida homenagem. Reconhece perante o mercado como um todo o valor do agente para a conquista das suas metas comerciais.<\/span><br \/>\n<span style=\"color: #000000\">A melhor maneira de protestarmos contra quem ainda n\u00e3o adotou a mesma postura da Delta \u00e9 retribuir a iniciativa, tamb\u00e9m com intelig\u00eancia, ampliando e superando metas!<\/span><br \/>\n<strong><span style=\"color: #000000\">Edmar Bull<\/span><br \/>\n<span style=\"color: #000000\"> Presidente do Conselho de A<\/span>dministra\u00e7\u00e3o da Abracorp<\/strong><\/p>\n","protected":false},"excerpt":{"rendered":"<p>Foram, certamente, v\u00e1rios dias em que protestos justificados prevaleceram em nosso pa\u00eds sob a \u00f3tica das ag\u00eancias de viagens, por iniciativa e com apoio do conjunto das entidades unidas que nos representam . Os motivos para que as tais manifesta\u00e7\u00f5es predominassem e ainda existam encontram justificativa em tr\u00eas fatores. S\u00e3o ele, basicamente: 1-) A falta&hellip; <a class=\"more-link\" href=\"https:\/\/blog.panrotas.com.br\/espacoabracorp\/2015\/08\/16\/dia-de-protesto\/\">Continue reading &rarr;<\/a><\/p>\n","protected":false},"author":27,"featured_media":0,"comment_status":"open","ping_status":"open","sticky":false,"template":"","format":"standard","meta":{"spay_email":""},"categories":[3],"tags":[],"yoast_head":"<!-- This site is optimized with the Yoast SEO plugin v17.3 - https:\/\/yoast.com\/wordpress\/plugins\/seo\/ -->\n<title>Dia de protesto - Espa\u00e7o Abracorp<\/title>\n<meta name=\"robots\" content=\"index, follow, max-snippet:-1, max-image-preview:large, max-video-preview:-1\" \/>\n<link rel=\"canonical\" href=\"https:\/\/blog.panrotas.com.br\/espacoabracorp\/2015\/08\/16\/dia-de-protesto\/\" \/>\n<meta property=\"og:locale\" content=\"pt_BR\" \/>\n<meta property=\"og:type\" content=\"article\" \/>\n<meta property=\"og:title\" content=\"Dia de protesto - Espa\u00e7o Abracorp\" \/>\n<meta property=\"og:description\" content=\"Foram, certamente, v\u00e1rios dias em que protestos justificados prevaleceram em nosso pa\u00eds sob a \u00f3tica das ag\u00eancias de viagens, por iniciativa e com apoio do conjunto das entidades unidas que nos representam . Os motivos para que as tais manifesta\u00e7\u00f5es predominassem e ainda existam encontram justificativa em tr\u00eas fatores. S\u00e3o ele, basicamente: 1-) A falta&hellip; Continue reading &rarr;\" \/>\n<meta property=\"og:url\" content=\"https:\/\/blog.panrotas.com.br\/espacoabracorp\/2015\/08\/16\/dia-de-protesto\/\" \/>\n<meta property=\"og:site_name\" content=\"Espa\u00e7o Abracorp\" \/>\n<meta property=\"article:published_time\" content=\"2015-08-16T15:58:22+00:00\" \/>\n<meta name=\"twitter:card\" content=\"summary_large_image\" \/>\n<meta name=\"twitter:label1\" content=\"Escrito por\" \/>\n\t<meta name=\"twitter:data1\" content=\"Abracorp\" \/>\n\t<meta name=\"twitter:label2\" content=\"Est. tempo de leitura\" \/>\n\t<meta name=\"twitter:data2\" content=\"2 minutos\" \/>\n<script type=\"application\/ld+json\" class=\"yoast-schema-graph\">{\"@context\":\"https:\/\/schema.org\",\"@graph\":[{\"@type\":\"WebSite\",\"@id\":\"https:\/\/blog.panrotas.com.br\/espacoabracorp\/#website\",\"url\":\"https:\/\/blog.panrotas.com.br\/espacoabracorp\/\",\"name\":\"Espa\\u00e7o Abracorp\",\"description\":\"Blogosfera PANROTAS\",\"potentialAction\":[{\"@type\":\"SearchAction\",\"target\":{\"@type\":\"EntryPoint\",\"urlTemplate\":\"https:\/\/blog.panrotas.com.br\/espacoabracorp\/?s={search_term_string}\"},\"query-input\":\"required name=search_term_string\"}],\"inLanguage\":\"pt-BR\"},{\"@type\":\"WebPage\",\"@id\":\"https:\/\/blog.panrotas.com.br\/espacoabracorp\/2015\/08\/16\/dia-de-protesto\/#webpage\",\"url\":\"https:\/\/blog.panrotas.com.br\/espacoabracorp\/2015\/08\/16\/dia-de-protesto\/\",\"name\":\"Dia de protesto - Espa\\u00e7o Abracorp\",\"isPartOf\":{\"@id\":\"https:\/\/blog.panrotas.com.br\/espacoabracorp\/#website\"},\"datePublished\":\"2015-08-16T15:58:22+00:00\",\"dateModified\":\"2015-08-16T15:58:22+00:00\",\"author\":{\"@id\":\"https:\/\/blog.panrotas.com.br\/espacoabracorp\/#\/schema\/person\/c61095cb4ad58385b600360e86edcc70\"},\"breadcrumb\":{\"@id\":\"https:\/\/blog.panrotas.com.br\/espacoabracorp\/2015\/08\/16\/dia-de-protesto\/#breadcrumb\"},\"inLanguage\":\"pt-BR\",\"potentialAction\":[{\"@type\":\"ReadAction\",\"target\":[\"https:\/\/blog.panrotas.com.br\/espacoabracorp\/2015\/08\/16\/dia-de-protesto\/\"]}]},{\"@type\":\"BreadcrumbList\",\"@id\":\"https:\/\/blog.panrotas.com.br\/espacoabracorp\/2015\/08\/16\/dia-de-protesto\/#breadcrumb\",\"itemListElement\":[{\"@type\":\"ListItem\",\"position\":1,\"name\":\"In\\u00edcio\",\"item\":\"https:\/\/blog.panrotas.com.br\/espacoabracorp\/\"},{\"@type\":\"ListItem\",\"position\":2,\"name\":\"Dia de protesto\"}]},{\"@type\":\"Person\",\"@id\":\"https:\/\/blog.panrotas.com.br\/espacoabracorp\/#\/schema\/person\/c61095cb4ad58385b600360e86edcc70\",\"name\":\"Abracorp\",\"image\":{\"@type\":\"ImageObject\",\"@id\":\"https:\/\/blog.panrotas.com.br\/espacoabracorp\/#personlogo\",\"inLanguage\":\"pt-BR\",\"url\":\"https:\/\/secure.gravatar.com\/avatar\/7b0b250396075df2cb7378540ccff9ce?s=96&d=mm&r=g\",\"contentUrl\":\"https:\/\/secure.gravatar.com\/avatar\/7b0b250396075df2cb7378540ccff9ce?s=96&d=mm&r=g\",\"caption\":\"Abracorp\"},\"url\":\"https:\/\/blog.panrotas.com.br\/espacoabracorp\/author\/luiz\/\"}]}<\/script>\n<!-- \/ Yoast SEO plugin. -->","yoast_head_json":{"title":"Dia de protesto - Espa\u00e7o Abracorp","robots":{"index":"index","follow":"follow","max-snippet":"max-snippet:-1","max-image-preview":"max-image-preview:large","max-video-preview":"max-video-preview:-1"},"canonical":"https:\/\/blog.panrotas.com.br\/espacoabracorp\/2015\/08\/16\/dia-de-protesto\/","og_locale":"pt_BR","og_type":"article","og_title":"Dia de protesto - Espa\u00e7o Abracorp","og_description":"Foram, certamente, v\u00e1rios dias em que protestos justificados prevaleceram em nosso pa\u00eds sob a \u00f3tica das ag\u00eancias de viagens, por iniciativa e com apoio do conjunto das entidades unidas que nos representam . Os motivos para que as tais manifesta\u00e7\u00f5es predominassem e ainda existam encontram justificativa em tr\u00eas fatores. S\u00e3o ele, basicamente: 1-) A falta&hellip; Continue reading &rarr;","og_url":"https:\/\/blog.panrotas.com.br\/espacoabracorp\/2015\/08\/16\/dia-de-protesto\/","og_site_name":"Espa\u00e7o Abracorp","article_published_time":"2015-08-16T15:58:22+00:00","twitter_card":"summary_large_image","twitter_misc":{"Escrito por":"Abracorp","Est. tempo de leitura":"2 minutos"},"schema":{"@context":"https:\/\/schema.org","@graph":[{"@type":"WebSite","@id":"https:\/\/blog.panrotas.com.br\/espacoabracorp\/#website","url":"https:\/\/blog.panrotas.com.br\/espacoabracorp\/","name":"Espa\u00e7o Abracorp","description":"Blogosfera PANROTAS","potentialAction":[{"@type":"SearchAction","target":{"@type":"EntryPoint","urlTemplate":"https:\/\/blog.panrotas.com.br\/espacoabracorp\/?s={search_term_string}"},"query-input":"required name=search_term_string"}],"inLanguage":"pt-BR"},{"@type":"WebPage","@id":"https:\/\/blog.panrotas.com.br\/espacoabracorp\/2015\/08\/16\/dia-de-protesto\/#webpage","url":"https:\/\/blog.panrotas.com.br\/espacoabracorp\/2015\/08\/16\/dia-de-protesto\/","name":"Dia de protesto - Espa\u00e7o Abracorp","isPartOf":{"@id":"https:\/\/blog.panrotas.com.br\/espacoabracorp\/#website"},"datePublished":"2015-08-16T15:58:22+00:00","dateModified":"2015-08-16T15:58:22+00:00","author":{"@id":"https:\/\/blog.panrotas.com.br\/espacoabracorp\/#\/schema\/person\/c61095cb4ad58385b600360e86edcc70"},"breadcrumb":{"@id":"https:\/\/blog.panrotas.com.br\/espacoabracorp\/2015\/08\/16\/dia-de-protesto\/#breadcrumb"},"inLanguage":"pt-BR","potentialAction":[{"@type":"ReadAction","target":["https:\/\/blog.panrotas.com.br\/espacoabracorp\/2015\/08\/16\/dia-de-protesto\/"]}]},{"@type":"BreadcrumbList","@id":"https:\/\/blog.panrotas.com.br\/espacoabracorp\/2015\/08\/16\/dia-de-protesto\/#breadcrumb","itemListElement":[{"@type":"ListItem","position":1,"name":"In\u00edcio","item":"https:\/\/blog.panrotas.com.br\/espacoabracorp\/"},{"@type":"ListItem","position":2,"name":"Dia de protesto"}]},{"@type":"Person","@id":"https:\/\/blog.panrotas.com.br\/espacoabracorp\/#\/schema\/person\/c61095cb4ad58385b600360e86edcc70","name":"Abracorp","image":{"@type":"ImageObject","@id":"https:\/\/blog.panrotas.com.br\/espacoabracorp\/#personlogo","inLanguage":"pt-BR","url":"https:\/\/secure.gravatar.com\/avatar\/7b0b250396075df2cb7378540ccff9ce?s=96&d=mm&r=g","contentUrl":"https:\/\/secure.gravatar.com\/avatar\/7b0b250396075df2cb7378540ccff9ce?s=96&d=mm&r=g","caption":"Abracorp"},"url":"https:\/\/blog.panrotas.com.br\/espacoabracorp\/author\/luiz\/"}]}},"jetpack_featured_media_url":"","_links":{"self":[{"href":"https:\/\/blog.panrotas.com.br\/espacoabracorp\/wp-json\/wp\/v2\/posts\/933"}],"collection":[{"href":"https:\/\/blog.panrotas.com.br\/espacoabracorp\/wp-json\/wp\/v2\/posts"}],"about":[{"href":"https:\/\/blog.panrotas.com.br\/espacoabracorp\/wp-json\/wp\/v2\/types\/post"}],"author":[{"embeddable":true,"href":"https:\/\/blog.panrotas.com.br\/espacoabracorp\/wp-json\/wp\/v2\/users\/27"}],"replies":[{"embeddable":true,"href":"https:\/\/blog.panrotas.com.br\/espacoabracorp\/wp-json\/wp\/v2\/comments?post=933"}],"version-history":[{"count":0,"href":"https:\/\/blog.panrotas.com.br\/espacoabracorp\/wp-json\/wp\/v2\/posts\/933\/revisions"}],"wp:attachment":[{"href":"https:\/\/blog.panrotas.com.br\/espacoabracorp\/wp-json\/wp\/v2\/media?parent=933"}],"wp:term":[{"taxonomy":"category","embeddable":true,"href":"https:\/\/blog.panrotas.com.br\/espacoabracorp\/wp-json\/wp\/v2\/categories?post=933"},{"taxonomy":"post_tag","embeddable":true,"href":"https:\/\/blog.panrotas.com.br\/espacoabracorp\/wp-json\/wp\/v2\/tags?post=933"}],"curies":[{"name":"wp","href":"https:\/\/api.w.org\/{rel}","templated":true}]}}