{"id":943,"date":"2015-08-19T12:00:15","date_gmt":"2015-08-19T15:00:15","guid":{"rendered":"http:\/\/blog.panrotas.com.br\/espacoabracorp\/?p=943"},"modified":"2015-08-19T12:00:15","modified_gmt":"2015-08-19T15:00:15","slug":"maioridade","status":"publish","type":"post","link":"https:\/\/blog.panrotas.com.br\/espacoabracorp\/2015\/08\/19\/maioridade\/","title":{"rendered":"Maioridade"},"content":{"rendered":"<p>Hoje, dia 19 de agosto de 2015, o F\u00f3rum das Ag\u00eancias de Viagens Especializadas em Contas Comerciais, entidade fundada por iniciativa de Goiaci Alves Guimar\u00e3es, completa 21 anos.<br \/>\nOs objetivos que deram origem ao Favecc foram alcan\u00e7ados e, na retrospectiva dos fatos e das fotos, que documentam a evolu\u00e7\u00e3o do mercado de viagens corporativas, com merecido \u00eaxito.<br \/>\nOs mesmos valores que promoveram a uni\u00e3o das ag\u00eancias que, atualmente s\u00e3o denominadas TMCs, fortaleceram e promoveram, cada vez mais, a vis\u00e3o e miss\u00e3o que pautam a <a href=\"http:\/\/www.abracorp.org.br\/pt-BR\/associacao\/estatuto\">exist\u00eancia<\/a> da Associa\u00e7\u00e3o Brasileira das Ag\u00eancias de Viagens Corporativas, que foi fundada dia 11 de mar\u00e7o de 2010, com valiosas contribui\u00e7\u00f5es de Francisco Leme da Silva, o nosso primeiro presidente.<br \/>\nEm nome de Andr\u00e9 Carvalhal, egresso da TMC Brasil, cabe aqui reiterar nossa gratid\u00e3o a todos os associados Abracorp, protagonistas de um vigoroso e consistente Projeto Harmonia que nos une e mobiliza in\u00fameras iniciativas e realiza\u00e7\u00f5es que constituem a entidade refer\u00eancia no setor, promovendo o seu desenvolvimento como um todo.<br \/>\n<strong>Edmar Bull<br \/>\nPresidente do Conselho de Administra\u00e7\u00e3o Abracorp<\/strong><\/p>\n","protected":false},"excerpt":{"rendered":"<p>Hoje, dia 19 de agosto de 2015, o F\u00f3rum das Ag\u00eancias de Viagens Especializadas em Contas Comerciais, entidade fundada por iniciativa de Goiaci Alves Guimar\u00e3es, completa 21 anos. Os objetivos que deram origem ao Favecc foram alcan\u00e7ados e, na retrospectiva dos fatos e das fotos, que documentam a evolu\u00e7\u00e3o do mercado de viagens corporativas, com&hellip; <a class=\"more-link\" href=\"https:\/\/blog.panrotas.com.br\/espacoabracorp\/2015\/08\/19\/maioridade\/\">Continue reading &rarr;<\/a><\/p>\n","protected":false},"author":27,"featured_media":0,"comment_status":"open","ping_status":"open","sticky":false,"template":"","format":"standard","meta":{"spay_email":""},"categories":[3],"tags":[],"yoast_head":"<!-- This site is optimized with the Yoast SEO plugin v17.3 - https:\/\/yoast.com\/wordpress\/plugins\/seo\/ -->\n<title>Maioridade - Espa\u00e7o Abracorp<\/title>\n<meta name=\"robots\" content=\"index, follow, max-snippet:-1, max-image-preview:large, max-video-preview:-1\" \/>\n<link rel=\"canonical\" href=\"https:\/\/blog.panrotas.com.br\/espacoabracorp\/2015\/08\/19\/maioridade\/\" \/>\n<meta property=\"og:locale\" content=\"pt_BR\" \/>\n<meta property=\"og:type\" content=\"article\" \/>\n<meta property=\"og:title\" content=\"Maioridade - Espa\u00e7o Abracorp\" \/>\n<meta property=\"og:description\" content=\"Hoje, dia 19 de agosto de 2015, o F\u00f3rum das Ag\u00eancias de Viagens Especializadas em Contas Comerciais, entidade fundada por iniciativa de Goiaci Alves Guimar\u00e3es, completa 21 anos. Os objetivos que deram origem ao Favecc foram alcan\u00e7ados e, na retrospectiva dos fatos e das fotos, que documentam a evolu\u00e7\u00e3o do mercado de viagens corporativas, com&hellip; Continue reading &rarr;\" \/>\n<meta property=\"og:url\" content=\"https:\/\/blog.panrotas.com.br\/espacoabracorp\/2015\/08\/19\/maioridade\/\" \/>\n<meta property=\"og:site_name\" content=\"Espa\u00e7o Abracorp\" \/>\n<meta property=\"article:published_time\" content=\"2015-08-19T15:00:15+00:00\" \/>\n<meta name=\"twitter:card\" content=\"summary_large_image\" \/>\n<meta name=\"twitter:label1\" content=\"Escrito por\" \/>\n\t<meta name=\"twitter:data1\" content=\"Abracorp\" \/>\n\t<meta name=\"twitter:label2\" content=\"Est. tempo de leitura\" \/>\n\t<meta name=\"twitter:data2\" content=\"1 minuto\" \/>\n<script type=\"application\/ld+json\" class=\"yoast-schema-graph\">{\"@context\":\"https:\/\/schema.org\",\"@graph\":[{\"@type\":\"WebSite\",\"@id\":\"https:\/\/blog.panrotas.com.br\/espacoabracorp\/#website\",\"url\":\"https:\/\/blog.panrotas.com.br\/espacoabracorp\/\",\"name\":\"Espa\\u00e7o Abracorp\",\"description\":\"Blogosfera PANROTAS\",\"potentialAction\":[{\"@type\":\"SearchAction\",\"target\":{\"@type\":\"EntryPoint\",\"urlTemplate\":\"https:\/\/blog.panrotas.com.br\/espacoabracorp\/?s={search_term_string}\"},\"query-input\":\"required name=search_term_string\"}],\"inLanguage\":\"pt-BR\"},{\"@type\":\"WebPage\",\"@id\":\"https:\/\/blog.panrotas.com.br\/espacoabracorp\/2015\/08\/19\/maioridade\/#webpage\",\"url\":\"https:\/\/blog.panrotas.com.br\/espacoabracorp\/2015\/08\/19\/maioridade\/\",\"name\":\"Maioridade - Espa\\u00e7o Abracorp\",\"isPartOf\":{\"@id\":\"https:\/\/blog.panrotas.com.br\/espacoabracorp\/#website\"},\"datePublished\":\"2015-08-19T15:00:15+00:00\",\"dateModified\":\"2015-08-19T15:00:15+00:00\",\"author\":{\"@id\":\"https:\/\/blog.panrotas.com.br\/espacoabracorp\/#\/schema\/person\/c61095cb4ad58385b600360e86edcc70\"},\"breadcrumb\":{\"@id\":\"https:\/\/blog.panrotas.com.br\/espacoabracorp\/2015\/08\/19\/maioridade\/#breadcrumb\"},\"inLanguage\":\"pt-BR\",\"potentialAction\":[{\"@type\":\"ReadAction\",\"target\":[\"https:\/\/blog.panrotas.com.br\/espacoabracorp\/2015\/08\/19\/maioridade\/\"]}]},{\"@type\":\"BreadcrumbList\",\"@id\":\"https:\/\/blog.panrotas.com.br\/espacoabracorp\/2015\/08\/19\/maioridade\/#breadcrumb\",\"itemListElement\":[{\"@type\":\"ListItem\",\"position\":1,\"name\":\"In\\u00edcio\",\"item\":\"https:\/\/blog.panrotas.com.br\/espacoabracorp\/\"},{\"@type\":\"ListItem\",\"position\":2,\"name\":\"Maioridade\"}]},{\"@type\":\"Person\",\"@id\":\"https:\/\/blog.panrotas.com.br\/espacoabracorp\/#\/schema\/person\/c61095cb4ad58385b600360e86edcc70\",\"name\":\"Abracorp\",\"image\":{\"@type\":\"ImageObject\",\"@id\":\"https:\/\/blog.panrotas.com.br\/espacoabracorp\/#personlogo\",\"inLanguage\":\"pt-BR\",\"url\":\"https:\/\/secure.gravatar.com\/avatar\/7b0b250396075df2cb7378540ccff9ce?s=96&d=mm&r=g\",\"contentUrl\":\"https:\/\/secure.gravatar.com\/avatar\/7b0b250396075df2cb7378540ccff9ce?s=96&d=mm&r=g\",\"caption\":\"Abracorp\"},\"url\":\"https:\/\/blog.panrotas.com.br\/espacoabracorp\/author\/luiz\/\"}]}<\/script>\n<!-- \/ Yoast SEO plugin. -->","yoast_head_json":{"title":"Maioridade - Espa\u00e7o Abracorp","robots":{"index":"index","follow":"follow","max-snippet":"max-snippet:-1","max-image-preview":"max-image-preview:large","max-video-preview":"max-video-preview:-1"},"canonical":"https:\/\/blog.panrotas.com.br\/espacoabracorp\/2015\/08\/19\/maioridade\/","og_locale":"pt_BR","og_type":"article","og_title":"Maioridade - Espa\u00e7o Abracorp","og_description":"Hoje, dia 19 de agosto de 2015, o F\u00f3rum das Ag\u00eancias de Viagens Especializadas em Contas Comerciais, entidade fundada por iniciativa de Goiaci Alves Guimar\u00e3es, completa 21 anos. Os objetivos que deram origem ao Favecc foram alcan\u00e7ados e, na retrospectiva dos fatos e das fotos, que documentam a evolu\u00e7\u00e3o do mercado de viagens corporativas, com&hellip; Continue reading &rarr;","og_url":"https:\/\/blog.panrotas.com.br\/espacoabracorp\/2015\/08\/19\/maioridade\/","og_site_name":"Espa\u00e7o Abracorp","article_published_time":"2015-08-19T15:00:15+00:00","twitter_card":"summary_large_image","twitter_misc":{"Escrito por":"Abracorp","Est. tempo de leitura":"1 minuto"},"schema":{"@context":"https:\/\/schema.org","@graph":[{"@type":"WebSite","@id":"https:\/\/blog.panrotas.com.br\/espacoabracorp\/#website","url":"https:\/\/blog.panrotas.com.br\/espacoabracorp\/","name":"Espa\u00e7o Abracorp","description":"Blogosfera PANROTAS","potentialAction":[{"@type":"SearchAction","target":{"@type":"EntryPoint","urlTemplate":"https:\/\/blog.panrotas.com.br\/espacoabracorp\/?s={search_term_string}"},"query-input":"required name=search_term_string"}],"inLanguage":"pt-BR"},{"@type":"WebPage","@id":"https:\/\/blog.panrotas.com.br\/espacoabracorp\/2015\/08\/19\/maioridade\/#webpage","url":"https:\/\/blog.panrotas.com.br\/espacoabracorp\/2015\/08\/19\/maioridade\/","name":"Maioridade - Espa\u00e7o Abracorp","isPartOf":{"@id":"https:\/\/blog.panrotas.com.br\/espacoabracorp\/#website"},"datePublished":"2015-08-19T15:00:15+00:00","dateModified":"2015-08-19T15:00:15+00:00","author":{"@id":"https:\/\/blog.panrotas.com.br\/espacoabracorp\/#\/schema\/person\/c61095cb4ad58385b600360e86edcc70"},"breadcrumb":{"@id":"https:\/\/blog.panrotas.com.br\/espacoabracorp\/2015\/08\/19\/maioridade\/#breadcrumb"},"inLanguage":"pt-BR","potentialAction":[{"@type":"ReadAction","target":["https:\/\/blog.panrotas.com.br\/espacoabracorp\/2015\/08\/19\/maioridade\/"]}]},{"@type":"BreadcrumbList","@id":"https:\/\/blog.panrotas.com.br\/espacoabracorp\/2015\/08\/19\/maioridade\/#breadcrumb","itemListElement":[{"@type":"ListItem","position":1,"name":"In\u00edcio","item":"https:\/\/blog.panrotas.com.br\/espacoabracorp\/"},{"@type":"ListItem","position":2,"name":"Maioridade"}]},{"@type":"Person","@id":"https:\/\/blog.panrotas.com.br\/espacoabracorp\/#\/schema\/person\/c61095cb4ad58385b600360e86edcc70","name":"Abracorp","image":{"@type":"ImageObject","@id":"https:\/\/blog.panrotas.com.br\/espacoabracorp\/#personlogo","inLanguage":"pt-BR","url":"https:\/\/secure.gravatar.com\/avatar\/7b0b250396075df2cb7378540ccff9ce?s=96&d=mm&r=g","contentUrl":"https:\/\/secure.gravatar.com\/avatar\/7b0b250396075df2cb7378540ccff9ce?s=96&d=mm&r=g","caption":"Abracorp"},"url":"https:\/\/blog.panrotas.com.br\/espacoabracorp\/author\/luiz\/"}]}},"jetpack_featured_media_url":"","_links":{"self":[{"href":"https:\/\/blog.panrotas.com.br\/espacoabracorp\/wp-json\/wp\/v2\/posts\/943"}],"collection":[{"href":"https:\/\/blog.panrotas.com.br\/espacoabracorp\/wp-json\/wp\/v2\/posts"}],"about":[{"href":"https:\/\/blog.panrotas.com.br\/espacoabracorp\/wp-json\/wp\/v2\/types\/post"}],"author":[{"embeddable":true,"href":"https:\/\/blog.panrotas.com.br\/espacoabracorp\/wp-json\/wp\/v2\/users\/27"}],"replies":[{"embeddable":true,"href":"https:\/\/blog.panrotas.com.br\/espacoabracorp\/wp-json\/wp\/v2\/comments?post=943"}],"version-history":[{"count":0,"href":"https:\/\/blog.panrotas.com.br\/espacoabracorp\/wp-json\/wp\/v2\/posts\/943\/revisions"}],"wp:attachment":[{"href":"https:\/\/blog.panrotas.com.br\/espacoabracorp\/wp-json\/wp\/v2\/media?parent=943"}],"wp:term":[{"taxonomy":"category","embeddable":true,"href":"https:\/\/blog.panrotas.com.br\/espacoabracorp\/wp-json\/wp\/v2\/categories?post=943"},{"taxonomy":"post_tag","embeddable":true,"href":"https:\/\/blog.panrotas.com.br\/espacoabracorp\/wp-json\/wp\/v2\/tags?post=943"}],"curies":[{"name":"wp","href":"https:\/\/api.w.org\/{rel}","templated":true}]}}