{"id":947,"date":"2015-08-25T16:10:10","date_gmt":"2015-08-25T19:10:10","guid":{"rendered":"http:\/\/blog.panrotas.com.br\/espacoabracorp\/?p=947"},"modified":"2015-08-25T16:10:10","modified_gmt":"2015-08-25T19:10:10","slug":"de-maos-dadas-para-o-futuro","status":"publish","type":"post","link":"https:\/\/blog.panrotas.com.br\/espacoabracorp\/2015\/08\/25\/de-maos-dadas-para-o-futuro\/","title":{"rendered":"De m\u00e3os dadas para o futuro"},"content":{"rendered":"<p align=\"JUSTIFY\">J\u00e1 estamos a menos de um m\u00eas da <strong>43\u00aa ABAV Expo Internacional de Turismo. <\/strong>Os empenhos de todas as entidades envolvidas j\u00e1 come\u00e7am a repercutir nos resultados preliminares do evento que marcar\u00e1 a retomada das vendas do setor de viagens e turismo para 2016. Com mais de oito mil inscritos, sentimos que estamos no caminho certo e, com a jun\u00e7\u00e3o dos esfor\u00e7os de cada um dos participantes, come\u00e7amos a vislumbrar um futuro positivo para toda a cadeia tur\u00edstica.<\/p>\n<p align=\"JUSTIFY\">A representatividade das entidades cong\u00eaneres ganhou ainda mais corpo para esta edi\u00e7\u00e3o, com o ingresso da AirTkt e Avirrp. A \u00e1rea cooperada recebe a denomina\u00e7\u00e3o de &#8220;Espa\u00e7o Entidades Associadas&#8221; para refor\u00e7ar o car\u00e1ter de uni\u00e3o e congra\u00e7amento. O estande foi dividido em esta\u00e7\u00f5es de trabalho individuais, para que cada institui\u00e7\u00e3o possa oferecer atendimento personalizado aos seus associados e p\u00fablico visitante.<\/p>\n<p align=\"JUSTIFY\">A Associa\u00e7\u00e3o Brasileira de Ag\u00eancias de Viagens (Abracorp) foca seus esfor\u00e7os em duas frentes: a Ilha Corporativa Gol\/Abracorp \u2013 Encontro de Neg\u00f3cios Abracorp e na sala de Capacita\u00e7\u00e3o Latam\/Abracorp, na Vila do Saber. Dentro da ilha, funcionar\u00e1 o Business Lounge, espa\u00e7o onde o gestor ter\u00e1 a oportunidade de conversar pessoalmente com os executivos das principais empresas que comp\u00f5em o cen\u00e1rio da ind\u00fastria de viagens corporativas e promover reuni\u00f5es de neg\u00f3cios no ambiente.<\/p>\n<p align=\"JUSTIFY\">J\u00e1, a sala de capacita\u00e7\u00e3o contar\u00e1 com palestras e pain\u00e9is sobre temas da atualidade e do dia a dia dos profissionais. Discutir esses temas com \u00eanfase na diversidade e na din\u00e2mica da atividade tur\u00edstica contempor\u00e2nea constitui a base da proposta do congresso.<\/p>\n","protected":false},"excerpt":{"rendered":"<p>J\u00e1 estamos a menos de um m\u00eas da 43\u00aa ABAV Expo Internacional de Turismo. Os empenhos de todas as entidades envolvidas j\u00e1 come\u00e7am a repercutir nos resultados preliminares do evento que marcar\u00e1 a retomada das vendas do setor de viagens e turismo para 2016. Com mais de oito mil inscritos, sentimos que estamos no caminho&hellip; <a class=\"more-link\" href=\"https:\/\/blog.panrotas.com.br\/espacoabracorp\/2015\/08\/25\/de-maos-dadas-para-o-futuro\/\">Continue reading &rarr;<\/a><\/p>\n","protected":false},"author":27,"featured_media":0,"comment_status":"open","ping_status":"open","sticky":false,"template":"","format":"standard","meta":{"spay_email":""},"categories":[3],"tags":[],"yoast_head":"<!-- This site is optimized with the Yoast SEO plugin v17.3 - https:\/\/yoast.com\/wordpress\/plugins\/seo\/ -->\n<title>De m\u00e3os dadas para o futuro - Espa\u00e7o Abracorp<\/title>\n<meta name=\"robots\" content=\"index, follow, max-snippet:-1, max-image-preview:large, max-video-preview:-1\" \/>\n<link rel=\"canonical\" href=\"https:\/\/blog.panrotas.com.br\/espacoabracorp\/2015\/08\/25\/de-maos-dadas-para-o-futuro\/\" \/>\n<meta property=\"og:locale\" content=\"pt_BR\" \/>\n<meta property=\"og:type\" content=\"article\" \/>\n<meta property=\"og:title\" content=\"De m\u00e3os dadas para o futuro - Espa\u00e7o Abracorp\" \/>\n<meta property=\"og:description\" content=\"J\u00e1 estamos a menos de um m\u00eas da 43\u00aa ABAV Expo Internacional de Turismo. Os empenhos de todas as entidades envolvidas j\u00e1 come\u00e7am a repercutir nos resultados preliminares do evento que marcar\u00e1 a retomada das vendas do setor de viagens e turismo para 2016. Com mais de oito mil inscritos, sentimos que estamos no caminho&hellip; Continue reading &rarr;\" \/>\n<meta property=\"og:url\" content=\"https:\/\/blog.panrotas.com.br\/espacoabracorp\/2015\/08\/25\/de-maos-dadas-para-o-futuro\/\" \/>\n<meta property=\"og:site_name\" content=\"Espa\u00e7o Abracorp\" \/>\n<meta property=\"article:published_time\" content=\"2015-08-25T19:10:10+00:00\" \/>\n<meta name=\"twitter:card\" content=\"summary_large_image\" \/>\n<meta name=\"twitter:label1\" content=\"Escrito por\" \/>\n\t<meta name=\"twitter:data1\" content=\"Abracorp\" \/>\n\t<meta name=\"twitter:label2\" content=\"Est. tempo de leitura\" \/>\n\t<meta name=\"twitter:data2\" content=\"1 minuto\" \/>\n<script type=\"application\/ld+json\" class=\"yoast-schema-graph\">{\"@context\":\"https:\/\/schema.org\",\"@graph\":[{\"@type\":\"WebSite\",\"@id\":\"https:\/\/blog.panrotas.com.br\/espacoabracorp\/#website\",\"url\":\"https:\/\/blog.panrotas.com.br\/espacoabracorp\/\",\"name\":\"Espa\\u00e7o Abracorp\",\"description\":\"Blogosfera PANROTAS\",\"potentialAction\":[{\"@type\":\"SearchAction\",\"target\":{\"@type\":\"EntryPoint\",\"urlTemplate\":\"https:\/\/blog.panrotas.com.br\/espacoabracorp\/?s={search_term_string}\"},\"query-input\":\"required name=search_term_string\"}],\"inLanguage\":\"pt-BR\"},{\"@type\":\"WebPage\",\"@id\":\"https:\/\/blog.panrotas.com.br\/espacoabracorp\/2015\/08\/25\/de-maos-dadas-para-o-futuro\/#webpage\",\"url\":\"https:\/\/blog.panrotas.com.br\/espacoabracorp\/2015\/08\/25\/de-maos-dadas-para-o-futuro\/\",\"name\":\"De m\\u00e3os dadas para o futuro - Espa\\u00e7o Abracorp\",\"isPartOf\":{\"@id\":\"https:\/\/blog.panrotas.com.br\/espacoabracorp\/#website\"},\"datePublished\":\"2015-08-25T19:10:10+00:00\",\"dateModified\":\"2015-08-25T19:10:10+00:00\",\"author\":{\"@id\":\"https:\/\/blog.panrotas.com.br\/espacoabracorp\/#\/schema\/person\/c61095cb4ad58385b600360e86edcc70\"},\"breadcrumb\":{\"@id\":\"https:\/\/blog.panrotas.com.br\/espacoabracorp\/2015\/08\/25\/de-maos-dadas-para-o-futuro\/#breadcrumb\"},\"inLanguage\":\"pt-BR\",\"potentialAction\":[{\"@type\":\"ReadAction\",\"target\":[\"https:\/\/blog.panrotas.com.br\/espacoabracorp\/2015\/08\/25\/de-maos-dadas-para-o-futuro\/\"]}]},{\"@type\":\"BreadcrumbList\",\"@id\":\"https:\/\/blog.panrotas.com.br\/espacoabracorp\/2015\/08\/25\/de-maos-dadas-para-o-futuro\/#breadcrumb\",\"itemListElement\":[{\"@type\":\"ListItem\",\"position\":1,\"name\":\"In\\u00edcio\",\"item\":\"https:\/\/blog.panrotas.com.br\/espacoabracorp\/\"},{\"@type\":\"ListItem\",\"position\":2,\"name\":\"De m\\u00e3os dadas para o futuro\"}]},{\"@type\":\"Person\",\"@id\":\"https:\/\/blog.panrotas.com.br\/espacoabracorp\/#\/schema\/person\/c61095cb4ad58385b600360e86edcc70\",\"name\":\"Abracorp\",\"image\":{\"@type\":\"ImageObject\",\"@id\":\"https:\/\/blog.panrotas.com.br\/espacoabracorp\/#personlogo\",\"inLanguage\":\"pt-BR\",\"url\":\"https:\/\/secure.gravatar.com\/avatar\/7b0b250396075df2cb7378540ccff9ce?s=96&d=mm&r=g\",\"contentUrl\":\"https:\/\/secure.gravatar.com\/avatar\/7b0b250396075df2cb7378540ccff9ce?s=96&d=mm&r=g\",\"caption\":\"Abracorp\"},\"url\":\"https:\/\/blog.panrotas.com.br\/espacoabracorp\/author\/luiz\/\"}]}<\/script>\n<!-- \/ Yoast SEO plugin. -->","yoast_head_json":{"title":"De m\u00e3os dadas para o futuro - Espa\u00e7o Abracorp","robots":{"index":"index","follow":"follow","max-snippet":"max-snippet:-1","max-image-preview":"max-image-preview:large","max-video-preview":"max-video-preview:-1"},"canonical":"https:\/\/blog.panrotas.com.br\/espacoabracorp\/2015\/08\/25\/de-maos-dadas-para-o-futuro\/","og_locale":"pt_BR","og_type":"article","og_title":"De m\u00e3os dadas para o futuro - Espa\u00e7o Abracorp","og_description":"J\u00e1 estamos a menos de um m\u00eas da 43\u00aa ABAV Expo Internacional de Turismo. Os empenhos de todas as entidades envolvidas j\u00e1 come\u00e7am a repercutir nos resultados preliminares do evento que marcar\u00e1 a retomada das vendas do setor de viagens e turismo para 2016. Com mais de oito mil inscritos, sentimos que estamos no caminho&hellip; Continue reading &rarr;","og_url":"https:\/\/blog.panrotas.com.br\/espacoabracorp\/2015\/08\/25\/de-maos-dadas-para-o-futuro\/","og_site_name":"Espa\u00e7o Abracorp","article_published_time":"2015-08-25T19:10:10+00:00","twitter_card":"summary_large_image","twitter_misc":{"Escrito por":"Abracorp","Est. tempo de leitura":"1 minuto"},"schema":{"@context":"https:\/\/schema.org","@graph":[{"@type":"WebSite","@id":"https:\/\/blog.panrotas.com.br\/espacoabracorp\/#website","url":"https:\/\/blog.panrotas.com.br\/espacoabracorp\/","name":"Espa\u00e7o Abracorp","description":"Blogosfera PANROTAS","potentialAction":[{"@type":"SearchAction","target":{"@type":"EntryPoint","urlTemplate":"https:\/\/blog.panrotas.com.br\/espacoabracorp\/?s={search_term_string}"},"query-input":"required name=search_term_string"}],"inLanguage":"pt-BR"},{"@type":"WebPage","@id":"https:\/\/blog.panrotas.com.br\/espacoabracorp\/2015\/08\/25\/de-maos-dadas-para-o-futuro\/#webpage","url":"https:\/\/blog.panrotas.com.br\/espacoabracorp\/2015\/08\/25\/de-maos-dadas-para-o-futuro\/","name":"De m\u00e3os dadas para o futuro - Espa\u00e7o Abracorp","isPartOf":{"@id":"https:\/\/blog.panrotas.com.br\/espacoabracorp\/#website"},"datePublished":"2015-08-25T19:10:10+00:00","dateModified":"2015-08-25T19:10:10+00:00","author":{"@id":"https:\/\/blog.panrotas.com.br\/espacoabracorp\/#\/schema\/person\/c61095cb4ad58385b600360e86edcc70"},"breadcrumb":{"@id":"https:\/\/blog.panrotas.com.br\/espacoabracorp\/2015\/08\/25\/de-maos-dadas-para-o-futuro\/#breadcrumb"},"inLanguage":"pt-BR","potentialAction":[{"@type":"ReadAction","target":["https:\/\/blog.panrotas.com.br\/espacoabracorp\/2015\/08\/25\/de-maos-dadas-para-o-futuro\/"]}]},{"@type":"BreadcrumbList","@id":"https:\/\/blog.panrotas.com.br\/espacoabracorp\/2015\/08\/25\/de-maos-dadas-para-o-futuro\/#breadcrumb","itemListElement":[{"@type":"ListItem","position":1,"name":"In\u00edcio","item":"https:\/\/blog.panrotas.com.br\/espacoabracorp\/"},{"@type":"ListItem","position":2,"name":"De m\u00e3os dadas para o futuro"}]},{"@type":"Person","@id":"https:\/\/blog.panrotas.com.br\/espacoabracorp\/#\/schema\/person\/c61095cb4ad58385b600360e86edcc70","name":"Abracorp","image":{"@type":"ImageObject","@id":"https:\/\/blog.panrotas.com.br\/espacoabracorp\/#personlogo","inLanguage":"pt-BR","url":"https:\/\/secure.gravatar.com\/avatar\/7b0b250396075df2cb7378540ccff9ce?s=96&d=mm&r=g","contentUrl":"https:\/\/secure.gravatar.com\/avatar\/7b0b250396075df2cb7378540ccff9ce?s=96&d=mm&r=g","caption":"Abracorp"},"url":"https:\/\/blog.panrotas.com.br\/espacoabracorp\/author\/luiz\/"}]}},"jetpack_featured_media_url":"","_links":{"self":[{"href":"https:\/\/blog.panrotas.com.br\/espacoabracorp\/wp-json\/wp\/v2\/posts\/947"}],"collection":[{"href":"https:\/\/blog.panrotas.com.br\/espacoabracorp\/wp-json\/wp\/v2\/posts"}],"about":[{"href":"https:\/\/blog.panrotas.com.br\/espacoabracorp\/wp-json\/wp\/v2\/types\/post"}],"author":[{"embeddable":true,"href":"https:\/\/blog.panrotas.com.br\/espacoabracorp\/wp-json\/wp\/v2\/users\/27"}],"replies":[{"embeddable":true,"href":"https:\/\/blog.panrotas.com.br\/espacoabracorp\/wp-json\/wp\/v2\/comments?post=947"}],"version-history":[{"count":0,"href":"https:\/\/blog.panrotas.com.br\/espacoabracorp\/wp-json\/wp\/v2\/posts\/947\/revisions"}],"wp:attachment":[{"href":"https:\/\/blog.panrotas.com.br\/espacoabracorp\/wp-json\/wp\/v2\/media?parent=947"}],"wp:term":[{"taxonomy":"category","embeddable":true,"href":"https:\/\/blog.panrotas.com.br\/espacoabracorp\/wp-json\/wp\/v2\/categories?post=947"},{"taxonomy":"post_tag","embeddable":true,"href":"https:\/\/blog.panrotas.com.br\/espacoabracorp\/wp-json\/wp\/v2\/tags?post=947"}],"curies":[{"name":"wp","href":"https:\/\/api.w.org\/{rel}","templated":true}]}}