{"id":951,"date":"2015-09-01T10:56:03","date_gmt":"2015-09-01T13:56:03","guid":{"rendered":"http:\/\/blog.panrotas.com.br\/espacoabracorp\/?p=951"},"modified":"2015-09-01T10:56:03","modified_gmt":"2015-09-01T13:56:03","slug":"seguranca-dos-negocios-em-nossas-maos","status":"publish","type":"post","link":"https:\/\/blog.panrotas.com.br\/espacoabracorp\/2015\/09\/01\/seguranca-dos-negocios-em-nossas-maos\/","title":{"rendered":"Seguran\u00e7a dos neg\u00f3cios em nossas m\u00e3os"},"content":{"rendered":"<p class=\"western\">Na \u00faltima quinta-feira (27), o Comit\u00ea Executivo da Abracorp reuniu-se, como faz mensalmente, para tratar dos principais temas que mobilizam os associados. Al\u00e9m de destacar como ser\u00e1 a participa\u00e7\u00e3o da entidade na <strong>43\u00aa ABAV Expo Internacional de Turismo<\/strong> e do que colocaremos \u00e0 disposi\u00e7\u00e3o dos associados no evento, apresentamos como pensamos o futuro da Abracorp, promovemos um debate com representantes de seis <em>Online Booking Tools<\/em>\u00a0(OBTs) com o tema da seguran\u00e7a da informa\u00e7\u00e3o.<\/p>\n<p class=\"western\" align=\"JUSTIFY\">Em vista \u00e0 inevit\u00e1vel e crescente utiliza\u00e7\u00e3o dos meios eletr\u00f4nicos, uma das maiores preocupa\u00e7\u00f5es das TMCs na atualidade \u00e9 na preven\u00e7\u00e3o de fraudes, que acarretam em preju\u00edzos a praticamente todo o segmento. Sabemos que esse \u00e9 um verdade jogo de \u201cgato e rato\u201d, em que os desenvolvedores de tecnologia buscam solu\u00e7\u00f5es cada vez mais seguras, ao passo que um grande n\u00famero de fraudadores tentam, das mais diferentes e criativas formas, obter vantagens indevidas e ilegais.<\/p>\n<p class=\"western\" align=\"JUSTIFY\">Com a presen\u00e7a dos especialistas, pudemos acompanhar v\u00e1rias dicas de como nos proteger nessa guerra virtual, que traz consequ\u00eancias bem reais \u00e0s nossas opera\u00e7\u00f5es e, se n\u00e3o bem cuidadas, podem at\u00e9 resultar em quebras irrecuper\u00e1veis aos nossos neg\u00f3cios.<\/p>\n<p class=\"western\" align=\"JUSTIFY\">Ficou bem claro que um dos elos mais fracos dentro desse sistema \u00e9 em rela\u00e7\u00e3o \u00e0 opera\u00e7\u00e3o humana, que se mostra como o elo fr\u00e1gil dessa cadeia. Qualquer plataforma, por mais segura que tenha sido desenvolvida, esbarra nesse aspecto. O nosso grande desafio, como TMCs, \u00e9 adotar medidas que padronizem os procedimentos e minimizem os efeitos de uma poss\u00edvel opera\u00e7\u00e3o humana m\u00e1-intencionada. Sentimos que \u00e9 uma \u00e1rdua tarefa, mas que se trabalharmos em uni\u00e3o e com o apoio dos gestores de recursos humanos seremos capazes de obter <em>performances <\/em>mais satisfat\u00f3rias.<\/p>\n","protected":false},"excerpt":{"rendered":"<p>Na \u00faltima quinta-feira (27), o Comit\u00ea Executivo da Abracorp reuniu-se, como faz mensalmente, para tratar dos principais temas que mobilizam os associados. Al\u00e9m de destacar como ser\u00e1 a participa\u00e7\u00e3o da entidade na 43\u00aa ABAV Expo Internacional de Turismo e do que colocaremos \u00e0 disposi\u00e7\u00e3o dos associados no evento, apresentamos como pensamos o futuro da Abracorp,&hellip; <a class=\"more-link\" href=\"https:\/\/blog.panrotas.com.br\/espacoabracorp\/2015\/09\/01\/seguranca-dos-negocios-em-nossas-maos\/\">Continue reading &rarr;<\/a><\/p>\n","protected":false},"author":27,"featured_media":0,"comment_status":"open","ping_status":"open","sticky":false,"template":"","format":"standard","meta":{"spay_email":""},"categories":[3],"tags":[],"yoast_head":"<!-- This site is optimized with the Yoast SEO plugin v17.3 - https:\/\/yoast.com\/wordpress\/plugins\/seo\/ -->\n<title>Seguran\u00e7a dos neg\u00f3cios em nossas m\u00e3os - Espa\u00e7o Abracorp<\/title>\n<meta name=\"robots\" content=\"index, follow, max-snippet:-1, max-image-preview:large, max-video-preview:-1\" \/>\n<link rel=\"canonical\" href=\"https:\/\/blog.panrotas.com.br\/espacoabracorp\/2015\/09\/01\/seguranca-dos-negocios-em-nossas-maos\/\" \/>\n<meta property=\"og:locale\" content=\"pt_BR\" \/>\n<meta property=\"og:type\" content=\"article\" \/>\n<meta property=\"og:title\" content=\"Seguran\u00e7a dos neg\u00f3cios em nossas m\u00e3os - Espa\u00e7o Abracorp\" \/>\n<meta property=\"og:description\" content=\"Na \u00faltima quinta-feira (27), o Comit\u00ea Executivo da Abracorp reuniu-se, como faz mensalmente, para tratar dos principais temas que mobilizam os associados. Al\u00e9m de destacar como ser\u00e1 a participa\u00e7\u00e3o da entidade na 43\u00aa ABAV Expo Internacional de Turismo e do que colocaremos \u00e0 disposi\u00e7\u00e3o dos associados no evento, apresentamos como pensamos o futuro da Abracorp,&hellip; Continue reading &rarr;\" \/>\n<meta property=\"og:url\" content=\"https:\/\/blog.panrotas.com.br\/espacoabracorp\/2015\/09\/01\/seguranca-dos-negocios-em-nossas-maos\/\" \/>\n<meta property=\"og:site_name\" content=\"Espa\u00e7o Abracorp\" \/>\n<meta property=\"article:published_time\" content=\"2015-09-01T13:56:03+00:00\" \/>\n<meta name=\"twitter:card\" content=\"summary_large_image\" \/>\n<meta name=\"twitter:label1\" content=\"Escrito por\" \/>\n\t<meta name=\"twitter:data1\" content=\"Abracorp\" \/>\n\t<meta name=\"twitter:label2\" content=\"Est. tempo de leitura\" \/>\n\t<meta name=\"twitter:data2\" content=\"1 minuto\" \/>\n<script type=\"application\/ld+json\" class=\"yoast-schema-graph\">{\"@context\":\"https:\/\/schema.org\",\"@graph\":[{\"@type\":\"WebSite\",\"@id\":\"https:\/\/blog.panrotas.com.br\/espacoabracorp\/#website\",\"url\":\"https:\/\/blog.panrotas.com.br\/espacoabracorp\/\",\"name\":\"Espa\\u00e7o Abracorp\",\"description\":\"Blogosfera PANROTAS\",\"potentialAction\":[{\"@type\":\"SearchAction\",\"target\":{\"@type\":\"EntryPoint\",\"urlTemplate\":\"https:\/\/blog.panrotas.com.br\/espacoabracorp\/?s={search_term_string}\"},\"query-input\":\"required name=search_term_string\"}],\"inLanguage\":\"pt-BR\"},{\"@type\":\"WebPage\",\"@id\":\"https:\/\/blog.panrotas.com.br\/espacoabracorp\/2015\/09\/01\/seguranca-dos-negocios-em-nossas-maos\/#webpage\",\"url\":\"https:\/\/blog.panrotas.com.br\/espacoabracorp\/2015\/09\/01\/seguranca-dos-negocios-em-nossas-maos\/\",\"name\":\"Seguran\\u00e7a dos neg\\u00f3cios em nossas m\\u00e3os - Espa\\u00e7o Abracorp\",\"isPartOf\":{\"@id\":\"https:\/\/blog.panrotas.com.br\/espacoabracorp\/#website\"},\"datePublished\":\"2015-09-01T13:56:03+00:00\",\"dateModified\":\"2015-09-01T13:56:03+00:00\",\"author\":{\"@id\":\"https:\/\/blog.panrotas.com.br\/espacoabracorp\/#\/schema\/person\/c61095cb4ad58385b600360e86edcc70\"},\"breadcrumb\":{\"@id\":\"https:\/\/blog.panrotas.com.br\/espacoabracorp\/2015\/09\/01\/seguranca-dos-negocios-em-nossas-maos\/#breadcrumb\"},\"inLanguage\":\"pt-BR\",\"potentialAction\":[{\"@type\":\"ReadAction\",\"target\":[\"https:\/\/blog.panrotas.com.br\/espacoabracorp\/2015\/09\/01\/seguranca-dos-negocios-em-nossas-maos\/\"]}]},{\"@type\":\"BreadcrumbList\",\"@id\":\"https:\/\/blog.panrotas.com.br\/espacoabracorp\/2015\/09\/01\/seguranca-dos-negocios-em-nossas-maos\/#breadcrumb\",\"itemListElement\":[{\"@type\":\"ListItem\",\"position\":1,\"name\":\"In\\u00edcio\",\"item\":\"https:\/\/blog.panrotas.com.br\/espacoabracorp\/\"},{\"@type\":\"ListItem\",\"position\":2,\"name\":\"Seguran\\u00e7a dos neg\\u00f3cios em nossas m\\u00e3os\"}]},{\"@type\":\"Person\",\"@id\":\"https:\/\/blog.panrotas.com.br\/espacoabracorp\/#\/schema\/person\/c61095cb4ad58385b600360e86edcc70\",\"name\":\"Abracorp\",\"image\":{\"@type\":\"ImageObject\",\"@id\":\"https:\/\/blog.panrotas.com.br\/espacoabracorp\/#personlogo\",\"inLanguage\":\"pt-BR\",\"url\":\"https:\/\/secure.gravatar.com\/avatar\/7b0b250396075df2cb7378540ccff9ce?s=96&d=mm&r=g\",\"contentUrl\":\"https:\/\/secure.gravatar.com\/avatar\/7b0b250396075df2cb7378540ccff9ce?s=96&d=mm&r=g\",\"caption\":\"Abracorp\"},\"url\":\"https:\/\/blog.panrotas.com.br\/espacoabracorp\/author\/luiz\/\"}]}<\/script>\n<!-- \/ Yoast SEO plugin. -->","yoast_head_json":{"title":"Seguran\u00e7a dos neg\u00f3cios em nossas m\u00e3os - Espa\u00e7o Abracorp","robots":{"index":"index","follow":"follow","max-snippet":"max-snippet:-1","max-image-preview":"max-image-preview:large","max-video-preview":"max-video-preview:-1"},"canonical":"https:\/\/blog.panrotas.com.br\/espacoabracorp\/2015\/09\/01\/seguranca-dos-negocios-em-nossas-maos\/","og_locale":"pt_BR","og_type":"article","og_title":"Seguran\u00e7a dos neg\u00f3cios em nossas m\u00e3os - Espa\u00e7o Abracorp","og_description":"Na \u00faltima quinta-feira (27), o Comit\u00ea Executivo da Abracorp reuniu-se, como faz mensalmente, para tratar dos principais temas que mobilizam os associados. Al\u00e9m de destacar como ser\u00e1 a participa\u00e7\u00e3o da entidade na 43\u00aa ABAV Expo Internacional de Turismo e do que colocaremos \u00e0 disposi\u00e7\u00e3o dos associados no evento, apresentamos como pensamos o futuro da Abracorp,&hellip; Continue reading &rarr;","og_url":"https:\/\/blog.panrotas.com.br\/espacoabracorp\/2015\/09\/01\/seguranca-dos-negocios-em-nossas-maos\/","og_site_name":"Espa\u00e7o Abracorp","article_published_time":"2015-09-01T13:56:03+00:00","twitter_card":"summary_large_image","twitter_misc":{"Escrito por":"Abracorp","Est. tempo de leitura":"1 minuto"},"schema":{"@context":"https:\/\/schema.org","@graph":[{"@type":"WebSite","@id":"https:\/\/blog.panrotas.com.br\/espacoabracorp\/#website","url":"https:\/\/blog.panrotas.com.br\/espacoabracorp\/","name":"Espa\u00e7o Abracorp","description":"Blogosfera PANROTAS","potentialAction":[{"@type":"SearchAction","target":{"@type":"EntryPoint","urlTemplate":"https:\/\/blog.panrotas.com.br\/espacoabracorp\/?s={search_term_string}"},"query-input":"required name=search_term_string"}],"inLanguage":"pt-BR"},{"@type":"WebPage","@id":"https:\/\/blog.panrotas.com.br\/espacoabracorp\/2015\/09\/01\/seguranca-dos-negocios-em-nossas-maos\/#webpage","url":"https:\/\/blog.panrotas.com.br\/espacoabracorp\/2015\/09\/01\/seguranca-dos-negocios-em-nossas-maos\/","name":"Seguran\u00e7a dos neg\u00f3cios em nossas m\u00e3os - Espa\u00e7o Abracorp","isPartOf":{"@id":"https:\/\/blog.panrotas.com.br\/espacoabracorp\/#website"},"datePublished":"2015-09-01T13:56:03+00:00","dateModified":"2015-09-01T13:56:03+00:00","author":{"@id":"https:\/\/blog.panrotas.com.br\/espacoabracorp\/#\/schema\/person\/c61095cb4ad58385b600360e86edcc70"},"breadcrumb":{"@id":"https:\/\/blog.panrotas.com.br\/espacoabracorp\/2015\/09\/01\/seguranca-dos-negocios-em-nossas-maos\/#breadcrumb"},"inLanguage":"pt-BR","potentialAction":[{"@type":"ReadAction","target":["https:\/\/blog.panrotas.com.br\/espacoabracorp\/2015\/09\/01\/seguranca-dos-negocios-em-nossas-maos\/"]}]},{"@type":"BreadcrumbList","@id":"https:\/\/blog.panrotas.com.br\/espacoabracorp\/2015\/09\/01\/seguranca-dos-negocios-em-nossas-maos\/#breadcrumb","itemListElement":[{"@type":"ListItem","position":1,"name":"In\u00edcio","item":"https:\/\/blog.panrotas.com.br\/espacoabracorp\/"},{"@type":"ListItem","position":2,"name":"Seguran\u00e7a dos neg\u00f3cios em nossas m\u00e3os"}]},{"@type":"Person","@id":"https:\/\/blog.panrotas.com.br\/espacoabracorp\/#\/schema\/person\/c61095cb4ad58385b600360e86edcc70","name":"Abracorp","image":{"@type":"ImageObject","@id":"https:\/\/blog.panrotas.com.br\/espacoabracorp\/#personlogo","inLanguage":"pt-BR","url":"https:\/\/secure.gravatar.com\/avatar\/7b0b250396075df2cb7378540ccff9ce?s=96&d=mm&r=g","contentUrl":"https:\/\/secure.gravatar.com\/avatar\/7b0b250396075df2cb7378540ccff9ce?s=96&d=mm&r=g","caption":"Abracorp"},"url":"https:\/\/blog.panrotas.com.br\/espacoabracorp\/author\/luiz\/"}]}},"jetpack_featured_media_url":"","_links":{"self":[{"href":"https:\/\/blog.panrotas.com.br\/espacoabracorp\/wp-json\/wp\/v2\/posts\/951"}],"collection":[{"href":"https:\/\/blog.panrotas.com.br\/espacoabracorp\/wp-json\/wp\/v2\/posts"}],"about":[{"href":"https:\/\/blog.panrotas.com.br\/espacoabracorp\/wp-json\/wp\/v2\/types\/post"}],"author":[{"embeddable":true,"href":"https:\/\/blog.panrotas.com.br\/espacoabracorp\/wp-json\/wp\/v2\/users\/27"}],"replies":[{"embeddable":true,"href":"https:\/\/blog.panrotas.com.br\/espacoabracorp\/wp-json\/wp\/v2\/comments?post=951"}],"version-history":[{"count":0,"href":"https:\/\/blog.panrotas.com.br\/espacoabracorp\/wp-json\/wp\/v2\/posts\/951\/revisions"}],"wp:attachment":[{"href":"https:\/\/blog.panrotas.com.br\/espacoabracorp\/wp-json\/wp\/v2\/media?parent=951"}],"wp:term":[{"taxonomy":"category","embeddable":true,"href":"https:\/\/blog.panrotas.com.br\/espacoabracorp\/wp-json\/wp\/v2\/categories?post=951"},{"taxonomy":"post_tag","embeddable":true,"href":"https:\/\/blog.panrotas.com.br\/espacoabracorp\/wp-json\/wp\/v2\/tags?post=951"}],"curies":[{"name":"wp","href":"https:\/\/api.w.org\/{rel}","templated":true}]}}