{"id":955,"date":"2015-09-04T17:29:46","date_gmt":"2015-09-04T20:29:46","guid":{"rendered":"http:\/\/blog.panrotas.com.br\/espacoabracorp\/?p=955"},"modified":"2015-09-04T17:29:46","modified_gmt":"2015-09-04T20:29:46","slug":"sala-lotada","status":"publish","type":"post","link":"https:\/\/blog.panrotas.com.br\/espacoabracorp\/2015\/09\/04\/sala-lotada\/","title":{"rendered":"Sala lotada"},"content":{"rendered":"<p class=\"western\" style=\"text-align: justify\">Capacitar, treinar, qualificar e, constantemente, atualizar o conhecimento faz toda diferen\u00e7a quando o mercado exige, cada vez mais, resultados. Por isso, certamente, \u00e9 poss\u00edvel compreender a rapidez com que foram esgotadas todas as vagas para participa\u00e7\u00e3o nas palestras programadas pela Abracorp e que comp\u00f5em as atividades da Vila do Saber, dias 24 e 25 de setembro de 2015, no Anhembi &#8211; SP.<\/p>\n<p class=\"western\">Vale conferir os temas, as datas e os hor\u00e1rios programados para a <strong>Sala 6 \u2013 Abracorp\/Latam<\/strong><\/p>\n<p class=\"western\"><strong>Dia 24 de setembro de 2015<\/strong><\/p>\n<p class=\"western\">Hor\u00e1rio: 12h30 \u00e0s 14h00 &#8211; Business Travel Index 2014\/2016<br \/>\nResumo: An\u00e1lise dos n\u00fameros e previs\u00f5es do mercado corporativo brasileiro<br \/>\nPalestrante: Joseph Bates \u2013 GBTA<\/p>\n<p class=\"western\">Hor\u00e1rio: 14h30 \u00e0s 16h00 &#8211; Palestra Francisco Recabarren (Vice Presidente TAM)<br \/>\nResumo: Palestra fechada para convidados<br \/>\nPalestrante: Francisco Recabarren &#8211; Vice Presidente TAM<\/p>\n<p class=\"western\">Hor\u00e1rio: 16h30 \u00e0s 18h00 &#8211; O futuro da experi\u00eancia de viagem do passageiro corporativo<br \/>\nResumo: Discuss\u00e3o sobre as formas que os fornecedores ir\u00e3o se conectar com o viajante<br \/>\nPalestrante: Eduardo Costa<\/p>\n<p class=\"western\">Hor\u00e1rio: 18h30 \u00e0s 19h30 \u2013 A tecnologia nas viagens em 2020<br \/>\nResumo: Discuss\u00e3o das tend\u00eancias da intera\u00e7\u00e3o da tecnologia no dia-a-dia do cliente corporativo<br \/>\nPalestrante: Comit\u00ea de TI da Alagev<\/p>\n<p class=\"western\"><strong>Dia 25 de setembro de 2015<\/strong><\/p>\n<p class=\"western\">Hor\u00e1rio: 12h30 \u00e0s 14h00 \u2013A tecnologia nas viagens em 2020<br \/>\nResumo: Discuss\u00e3o das tend\u00eancias da intera\u00e7\u00e3o da tecnologia no dia-a-dia do cliente corporativo.<br \/>\nPalestrante: Comit\u00ea de TI da Alagev<\/p>\n<p class=\"western\">Hor\u00e1rio: 14h30 \u00e0s 16h00 &#8211; Gest\u00e3o de custos \u00e9 a chave para o sucesso<br \/>\nResumo: An\u00e1lise sobre os impactos da gest\u00e3o de cursos no resultado das empresas<br \/>\nPalestrante: Daniel Levy (VP Financeiro TAM)<\/p>\n<p class=\"western\">Hor\u00e1rio: 16h30 \u00e0s 18h30 &#8211; Longevidade de uma ag\u00eancia n\u00e3o depende de sorte<br \/>\nResumo: O que as ag\u00eancias devem fazer para sobreviver em ciclos longos de exist\u00eancia<br \/>\nPalestrante: Lucio Oliveira (Consultor de gest\u00e3o, vendas e planejamento estrat\u00e9gico)<\/p>\n<p class=\"western\">Hor\u00e1rio: 18h30 \u00e0s 19h00 &#8211; Gest\u00e3o de viagens em ambiente m\u00f3vel multiconte\u00fados<br \/>\nResumo: Em um ambiente de interatividade de varia\u00e7\u00e3o m\u00f3vel e de conte\u00fados, como fazer a gest\u00e3o de viagens?<br \/>\nPalestrante: Gervasio Tanabe (Diretor Executivo Abracorp)<\/p>\n<p class=\"western\">No portal <a href=\"http:\/\/www.abavexpo.com.br\/\" target=\"_blank\" rel=\"noopener noreferrer\">www.abavexpo.com.br<\/a> ainda \u00e9 poss\u00edvel serem solicitadas novas inscri\u00e7\u00f5es, em lista de espera. Mas, tendo em vista a grande quantidade de profissionais inscritos, desde j\u00e1, n\u00f3s assumimos o compromisso de encontrar mais espa\u00e7o ou, ainda, outros meios para atender o maior n\u00famero de interessados.<\/p>\n<p class=\"western\"><strong>Edmar Bull<br \/>\n<\/strong><strong>Presidente do Conselho de Administra\u00e7\u00e3o da Abracorp<\/strong><\/p>\n","protected":false},"excerpt":{"rendered":"<p>Capacitar, treinar, qualificar e, constantemente, atualizar o conhecimento faz toda diferen\u00e7a quando o mercado exige, cada vez mais, resultados. Por isso, certamente, \u00e9 poss\u00edvel compreender a rapidez com que foram esgotadas todas as vagas para participa\u00e7\u00e3o nas palestras programadas pela Abracorp e que comp\u00f5em as atividades da Vila do Saber, dias 24 e 25 de&hellip; <a class=\"more-link\" href=\"https:\/\/blog.panrotas.com.br\/espacoabracorp\/2015\/09\/04\/sala-lotada\/\">Continue reading &rarr;<\/a><\/p>\n","protected":false},"author":27,"featured_media":0,"comment_status":"open","ping_status":"open","sticky":false,"template":"","format":"standard","meta":{"spay_email":""},"categories":[3],"tags":[],"yoast_head":"<!-- This site is optimized with the Yoast SEO plugin v17.3 - https:\/\/yoast.com\/wordpress\/plugins\/seo\/ -->\n<title>Sala lotada - Espa\u00e7o Abracorp<\/title>\n<meta name=\"robots\" content=\"index, follow, max-snippet:-1, max-image-preview:large, max-video-preview:-1\" \/>\n<link rel=\"canonical\" href=\"https:\/\/blog.panrotas.com.br\/espacoabracorp\/2015\/09\/04\/sala-lotada\/\" \/>\n<meta property=\"og:locale\" content=\"pt_BR\" \/>\n<meta property=\"og:type\" content=\"article\" \/>\n<meta property=\"og:title\" content=\"Sala lotada - Espa\u00e7o Abracorp\" \/>\n<meta property=\"og:description\" content=\"Capacitar, treinar, qualificar e, constantemente, atualizar o conhecimento faz toda diferen\u00e7a quando o mercado exige, cada vez mais, resultados. Por isso, certamente, \u00e9 poss\u00edvel compreender a rapidez com que foram esgotadas todas as vagas para participa\u00e7\u00e3o nas palestras programadas pela Abracorp e que comp\u00f5em as atividades da Vila do Saber, dias 24 e 25 de&hellip; Continue reading &rarr;\" \/>\n<meta property=\"og:url\" content=\"https:\/\/blog.panrotas.com.br\/espacoabracorp\/2015\/09\/04\/sala-lotada\/\" \/>\n<meta property=\"og:site_name\" content=\"Espa\u00e7o Abracorp\" \/>\n<meta property=\"article:published_time\" content=\"2015-09-04T20:29:46+00:00\" \/>\n<meta name=\"twitter:card\" content=\"summary_large_image\" \/>\n<meta name=\"twitter:label1\" content=\"Escrito por\" \/>\n\t<meta name=\"twitter:data1\" content=\"Abracorp\" \/>\n\t<meta name=\"twitter:label2\" content=\"Est. tempo de leitura\" \/>\n\t<meta name=\"twitter:data2\" content=\"2 minutos\" \/>\n<script type=\"application\/ld+json\" class=\"yoast-schema-graph\">{\"@context\":\"https:\/\/schema.org\",\"@graph\":[{\"@type\":\"WebSite\",\"@id\":\"https:\/\/blog.panrotas.com.br\/espacoabracorp\/#website\",\"url\":\"https:\/\/blog.panrotas.com.br\/espacoabracorp\/\",\"name\":\"Espa\\u00e7o Abracorp\",\"description\":\"Blogosfera PANROTAS\",\"potentialAction\":[{\"@type\":\"SearchAction\",\"target\":{\"@type\":\"EntryPoint\",\"urlTemplate\":\"https:\/\/blog.panrotas.com.br\/espacoabracorp\/?s={search_term_string}\"},\"query-input\":\"required name=search_term_string\"}],\"inLanguage\":\"pt-BR\"},{\"@type\":\"WebPage\",\"@id\":\"https:\/\/blog.panrotas.com.br\/espacoabracorp\/2015\/09\/04\/sala-lotada\/#webpage\",\"url\":\"https:\/\/blog.panrotas.com.br\/espacoabracorp\/2015\/09\/04\/sala-lotada\/\",\"name\":\"Sala lotada - Espa\\u00e7o Abracorp\",\"isPartOf\":{\"@id\":\"https:\/\/blog.panrotas.com.br\/espacoabracorp\/#website\"},\"datePublished\":\"2015-09-04T20:29:46+00:00\",\"dateModified\":\"2015-09-04T20:29:46+00:00\",\"author\":{\"@id\":\"https:\/\/blog.panrotas.com.br\/espacoabracorp\/#\/schema\/person\/c61095cb4ad58385b600360e86edcc70\"},\"breadcrumb\":{\"@id\":\"https:\/\/blog.panrotas.com.br\/espacoabracorp\/2015\/09\/04\/sala-lotada\/#breadcrumb\"},\"inLanguage\":\"pt-BR\",\"potentialAction\":[{\"@type\":\"ReadAction\",\"target\":[\"https:\/\/blog.panrotas.com.br\/espacoabracorp\/2015\/09\/04\/sala-lotada\/\"]}]},{\"@type\":\"BreadcrumbList\",\"@id\":\"https:\/\/blog.panrotas.com.br\/espacoabracorp\/2015\/09\/04\/sala-lotada\/#breadcrumb\",\"itemListElement\":[{\"@type\":\"ListItem\",\"position\":1,\"name\":\"In\\u00edcio\",\"item\":\"https:\/\/blog.panrotas.com.br\/espacoabracorp\/\"},{\"@type\":\"ListItem\",\"position\":2,\"name\":\"Sala lotada\"}]},{\"@type\":\"Person\",\"@id\":\"https:\/\/blog.panrotas.com.br\/espacoabracorp\/#\/schema\/person\/c61095cb4ad58385b600360e86edcc70\",\"name\":\"Abracorp\",\"image\":{\"@type\":\"ImageObject\",\"@id\":\"https:\/\/blog.panrotas.com.br\/espacoabracorp\/#personlogo\",\"inLanguage\":\"pt-BR\",\"url\":\"https:\/\/secure.gravatar.com\/avatar\/7b0b250396075df2cb7378540ccff9ce?s=96&d=mm&r=g\",\"contentUrl\":\"https:\/\/secure.gravatar.com\/avatar\/7b0b250396075df2cb7378540ccff9ce?s=96&d=mm&r=g\",\"caption\":\"Abracorp\"},\"url\":\"https:\/\/blog.panrotas.com.br\/espacoabracorp\/author\/luiz\/\"}]}<\/script>\n<!-- \/ Yoast SEO plugin. -->","yoast_head_json":{"title":"Sala lotada - Espa\u00e7o Abracorp","robots":{"index":"index","follow":"follow","max-snippet":"max-snippet:-1","max-image-preview":"max-image-preview:large","max-video-preview":"max-video-preview:-1"},"canonical":"https:\/\/blog.panrotas.com.br\/espacoabracorp\/2015\/09\/04\/sala-lotada\/","og_locale":"pt_BR","og_type":"article","og_title":"Sala lotada - Espa\u00e7o Abracorp","og_description":"Capacitar, treinar, qualificar e, constantemente, atualizar o conhecimento faz toda diferen\u00e7a quando o mercado exige, cada vez mais, resultados. Por isso, certamente, \u00e9 poss\u00edvel compreender a rapidez com que foram esgotadas todas as vagas para participa\u00e7\u00e3o nas palestras programadas pela Abracorp e que comp\u00f5em as atividades da Vila do Saber, dias 24 e 25 de&hellip; Continue reading &rarr;","og_url":"https:\/\/blog.panrotas.com.br\/espacoabracorp\/2015\/09\/04\/sala-lotada\/","og_site_name":"Espa\u00e7o Abracorp","article_published_time":"2015-09-04T20:29:46+00:00","twitter_card":"summary_large_image","twitter_misc":{"Escrito por":"Abracorp","Est. tempo de leitura":"2 minutos"},"schema":{"@context":"https:\/\/schema.org","@graph":[{"@type":"WebSite","@id":"https:\/\/blog.panrotas.com.br\/espacoabracorp\/#website","url":"https:\/\/blog.panrotas.com.br\/espacoabracorp\/","name":"Espa\u00e7o Abracorp","description":"Blogosfera PANROTAS","potentialAction":[{"@type":"SearchAction","target":{"@type":"EntryPoint","urlTemplate":"https:\/\/blog.panrotas.com.br\/espacoabracorp\/?s={search_term_string}"},"query-input":"required name=search_term_string"}],"inLanguage":"pt-BR"},{"@type":"WebPage","@id":"https:\/\/blog.panrotas.com.br\/espacoabracorp\/2015\/09\/04\/sala-lotada\/#webpage","url":"https:\/\/blog.panrotas.com.br\/espacoabracorp\/2015\/09\/04\/sala-lotada\/","name":"Sala lotada - Espa\u00e7o Abracorp","isPartOf":{"@id":"https:\/\/blog.panrotas.com.br\/espacoabracorp\/#website"},"datePublished":"2015-09-04T20:29:46+00:00","dateModified":"2015-09-04T20:29:46+00:00","author":{"@id":"https:\/\/blog.panrotas.com.br\/espacoabracorp\/#\/schema\/person\/c61095cb4ad58385b600360e86edcc70"},"breadcrumb":{"@id":"https:\/\/blog.panrotas.com.br\/espacoabracorp\/2015\/09\/04\/sala-lotada\/#breadcrumb"},"inLanguage":"pt-BR","potentialAction":[{"@type":"ReadAction","target":["https:\/\/blog.panrotas.com.br\/espacoabracorp\/2015\/09\/04\/sala-lotada\/"]}]},{"@type":"BreadcrumbList","@id":"https:\/\/blog.panrotas.com.br\/espacoabracorp\/2015\/09\/04\/sala-lotada\/#breadcrumb","itemListElement":[{"@type":"ListItem","position":1,"name":"In\u00edcio","item":"https:\/\/blog.panrotas.com.br\/espacoabracorp\/"},{"@type":"ListItem","position":2,"name":"Sala lotada"}]},{"@type":"Person","@id":"https:\/\/blog.panrotas.com.br\/espacoabracorp\/#\/schema\/person\/c61095cb4ad58385b600360e86edcc70","name":"Abracorp","image":{"@type":"ImageObject","@id":"https:\/\/blog.panrotas.com.br\/espacoabracorp\/#personlogo","inLanguage":"pt-BR","url":"https:\/\/secure.gravatar.com\/avatar\/7b0b250396075df2cb7378540ccff9ce?s=96&d=mm&r=g","contentUrl":"https:\/\/secure.gravatar.com\/avatar\/7b0b250396075df2cb7378540ccff9ce?s=96&d=mm&r=g","caption":"Abracorp"},"url":"https:\/\/blog.panrotas.com.br\/espacoabracorp\/author\/luiz\/"}]}},"jetpack_featured_media_url":"","_links":{"self":[{"href":"https:\/\/blog.panrotas.com.br\/espacoabracorp\/wp-json\/wp\/v2\/posts\/955"}],"collection":[{"href":"https:\/\/blog.panrotas.com.br\/espacoabracorp\/wp-json\/wp\/v2\/posts"}],"about":[{"href":"https:\/\/blog.panrotas.com.br\/espacoabracorp\/wp-json\/wp\/v2\/types\/post"}],"author":[{"embeddable":true,"href":"https:\/\/blog.panrotas.com.br\/espacoabracorp\/wp-json\/wp\/v2\/users\/27"}],"replies":[{"embeddable":true,"href":"https:\/\/blog.panrotas.com.br\/espacoabracorp\/wp-json\/wp\/v2\/comments?post=955"}],"version-history":[{"count":0,"href":"https:\/\/blog.panrotas.com.br\/espacoabracorp\/wp-json\/wp\/v2\/posts\/955\/revisions"}],"wp:attachment":[{"href":"https:\/\/blog.panrotas.com.br\/espacoabracorp\/wp-json\/wp\/v2\/media?parent=955"}],"wp:term":[{"taxonomy":"category","embeddable":true,"href":"https:\/\/blog.panrotas.com.br\/espacoabracorp\/wp-json\/wp\/v2\/categories?post=955"},{"taxonomy":"post_tag","embeddable":true,"href":"https:\/\/blog.panrotas.com.br\/espacoabracorp\/wp-json\/wp\/v2\/tags?post=955"}],"curies":[{"name":"wp","href":"https:\/\/api.w.org\/{rel}","templated":true}]}}