{"id":961,"date":"2015-09-19T22:02:02","date_gmt":"2015-09-20T01:02:02","guid":{"rendered":"http:\/\/blog.panrotas.com.br\/espacoabracorp\/?p=961"},"modified":"2015-09-19T22:02:02","modified_gmt":"2015-09-20T01:02:02","slug":"produtividade","status":"publish","type":"post","link":"https:\/\/blog.panrotas.com.br\/espacoabracorp\/2015\/09\/19\/produtividade\/","title":{"rendered":"Produtividade!"},"content":{"rendered":"<p style=\"text-align: justify\">Na Ilha Corporativa Abracorp, AGI, Air France, B2B, BHG, Blue Tree, Collection Resorts, Delta, G8, Gol, Lemontech, North Tours, Reserve, Sabre, Transam\u00e9rica, Travel Ace, Trend, WTS e as ag\u00eancias de viagens associadas receber\u00e3o gestores de viagens corporativas que concorrer\u00e3o a pr\u00eamios, de 24 a 26 de setembro, no Anhembi, em S\u00e3o Paulo.<\/p>\n<p style=\"text-align: justify\">Todo gestor que visitar a Ilha Corporativa Abracorp em 2015, al\u00e9m de fortalecer a sua rede de relacionamento, com ganho de conhecimento e atualiza\u00e7\u00e3o profissional, ter\u00e1 \u00e0 sua inteira disposi\u00e7\u00e3o uma sala reservada e climatizada, para agendar reuni\u00f5es de neg\u00f3cios. Encontrar meios para vencer desafios, com o m\u00ednimo esfor\u00e7o necess\u00e1rio. Ou seja: com mais produtividade.<\/p>\n<p style=\"text-align: justify\">Esperamos proporcionar o que h\u00e1 de melhor para contribuir com o desempenho do mercado, oferecendo uma atrativa grade de palestras, pain\u00e9is e debates que Abracorp pautou para transcorrerem na Vila do Saber, das 12h30 \u00e0s 19h30, nos primeiros dois dias da 43\u00aa ABAV Expo: na quinta-feira (24\/09) e na sexta-feira (25\/09). Vale conferir a programa\u00e7\u00e3o <a href=\"http:\/\/www.abavexpo.com.br\/wp-content\/uploads\/2013\/12\/programacao-detalhada-comfoto3.pdf\">completa<\/a>.<\/p>\n<p style=\"text-align: justify\">Agrade\u00e7o, desde j\u00e1, a agilidade com que os gestores de viagens, previamente convidados, confirmaram, tamb\u00e9m antecipadamente, presen\u00e7a no\u00a0<em>Brunch Abracorp,<\/em>\u00a0que ser\u00e1 realizado na mesma sexta-feira, das 13h30 \u00e0s 14h30. Planejar e agir com rapidez muito contribui com a conquista do objetivo comum: aprimorar as pol\u00edticas de viagens corporativas para que sejam mais eficazes e sempre executadas com a m\u00e1xima efici\u00eancia.<\/p>\n<p style=\"text-align: justify\">Antecipo ainda nossos agradecimentos a todos que colaboram, contribuem e usufruem cotidianamente com a obten\u00e7\u00e3o dos ganhos de produtividade em nosso setor. Ou seja: a todos aqueles que agregam seguran\u00e7a, qualidade e rentabilidade demandadas por clientes cada vez mais exigentes, expondo as alternativas de solu\u00e7\u00e3o.<\/p>\n<p><strong>Edmar Bull<br \/>\nPresidente do Conselho de Administra\u00e7\u00e3o da Abracorp<\/strong><\/p>\n","protected":false},"excerpt":{"rendered":"<p>Na Ilha Corporativa Abracorp, AGI, Air France, B2B, BHG, Blue Tree, Collection Resorts, Delta, G8, Gol, Lemontech, North Tours, Reserve, Sabre, Transam\u00e9rica, Travel Ace, Trend, WTS e as ag\u00eancias de viagens associadas receber\u00e3o gestores de viagens corporativas que concorrer\u00e3o a pr\u00eamios, de 24 a 26 de setembro, no Anhembi, em S\u00e3o Paulo. Todo gestor que&hellip; <a class=\"more-link\" href=\"https:\/\/blog.panrotas.com.br\/espacoabracorp\/2015\/09\/19\/produtividade\/\">Continue reading &rarr;<\/a><\/p>\n","protected":false},"author":27,"featured_media":0,"comment_status":"open","ping_status":"open","sticky":false,"template":"","format":"standard","meta":{"spay_email":""},"categories":[3],"tags":[],"yoast_head":"<!-- This site is optimized with the Yoast SEO plugin v17.3 - https:\/\/yoast.com\/wordpress\/plugins\/seo\/ -->\n<title>Produtividade! - Espa\u00e7o Abracorp<\/title>\n<meta name=\"robots\" content=\"index, follow, max-snippet:-1, max-image-preview:large, max-video-preview:-1\" \/>\n<link rel=\"canonical\" href=\"https:\/\/blog.panrotas.com.br\/espacoabracorp\/2015\/09\/19\/produtividade\/\" \/>\n<meta property=\"og:locale\" content=\"pt_BR\" \/>\n<meta property=\"og:type\" content=\"article\" \/>\n<meta property=\"og:title\" content=\"Produtividade! - Espa\u00e7o Abracorp\" \/>\n<meta property=\"og:description\" content=\"Na Ilha Corporativa Abracorp, AGI, Air France, B2B, BHG, Blue Tree, Collection Resorts, Delta, G8, Gol, Lemontech, North Tours, Reserve, Sabre, Transam\u00e9rica, Travel Ace, Trend, WTS e as ag\u00eancias de viagens associadas receber\u00e3o gestores de viagens corporativas que concorrer\u00e3o a pr\u00eamios, de 24 a 26 de setembro, no Anhembi, em S\u00e3o Paulo. Todo gestor que&hellip; Continue reading &rarr;\" \/>\n<meta property=\"og:url\" content=\"https:\/\/blog.panrotas.com.br\/espacoabracorp\/2015\/09\/19\/produtividade\/\" \/>\n<meta property=\"og:site_name\" content=\"Espa\u00e7o Abracorp\" \/>\n<meta property=\"article:published_time\" content=\"2015-09-20T01:02:02+00:00\" \/>\n<meta name=\"twitter:card\" content=\"summary_large_image\" \/>\n<meta name=\"twitter:label1\" content=\"Escrito por\" \/>\n\t<meta name=\"twitter:data1\" content=\"Abracorp\" \/>\n\t<meta name=\"twitter:label2\" content=\"Est. tempo de leitura\" \/>\n\t<meta name=\"twitter:data2\" content=\"1 minuto\" \/>\n<script type=\"application\/ld+json\" class=\"yoast-schema-graph\">{\"@context\":\"https:\/\/schema.org\",\"@graph\":[{\"@type\":\"WebSite\",\"@id\":\"https:\/\/blog.panrotas.com.br\/espacoabracorp\/#website\",\"url\":\"https:\/\/blog.panrotas.com.br\/espacoabracorp\/\",\"name\":\"Espa\\u00e7o Abracorp\",\"description\":\"Blogosfera PANROTAS\",\"potentialAction\":[{\"@type\":\"SearchAction\",\"target\":{\"@type\":\"EntryPoint\",\"urlTemplate\":\"https:\/\/blog.panrotas.com.br\/espacoabracorp\/?s={search_term_string}\"},\"query-input\":\"required name=search_term_string\"}],\"inLanguage\":\"pt-BR\"},{\"@type\":\"WebPage\",\"@id\":\"https:\/\/blog.panrotas.com.br\/espacoabracorp\/2015\/09\/19\/produtividade\/#webpage\",\"url\":\"https:\/\/blog.panrotas.com.br\/espacoabracorp\/2015\/09\/19\/produtividade\/\",\"name\":\"Produtividade! - Espa\\u00e7o Abracorp\",\"isPartOf\":{\"@id\":\"https:\/\/blog.panrotas.com.br\/espacoabracorp\/#website\"},\"datePublished\":\"2015-09-20T01:02:02+00:00\",\"dateModified\":\"2015-09-20T01:02:02+00:00\",\"author\":{\"@id\":\"https:\/\/blog.panrotas.com.br\/espacoabracorp\/#\/schema\/person\/c61095cb4ad58385b600360e86edcc70\"},\"breadcrumb\":{\"@id\":\"https:\/\/blog.panrotas.com.br\/espacoabracorp\/2015\/09\/19\/produtividade\/#breadcrumb\"},\"inLanguage\":\"pt-BR\",\"potentialAction\":[{\"@type\":\"ReadAction\",\"target\":[\"https:\/\/blog.panrotas.com.br\/espacoabracorp\/2015\/09\/19\/produtividade\/\"]}]},{\"@type\":\"BreadcrumbList\",\"@id\":\"https:\/\/blog.panrotas.com.br\/espacoabracorp\/2015\/09\/19\/produtividade\/#breadcrumb\",\"itemListElement\":[{\"@type\":\"ListItem\",\"position\":1,\"name\":\"In\\u00edcio\",\"item\":\"https:\/\/blog.panrotas.com.br\/espacoabracorp\/\"},{\"@type\":\"ListItem\",\"position\":2,\"name\":\"Produtividade!\"}]},{\"@type\":\"Person\",\"@id\":\"https:\/\/blog.panrotas.com.br\/espacoabracorp\/#\/schema\/person\/c61095cb4ad58385b600360e86edcc70\",\"name\":\"Abracorp\",\"image\":{\"@type\":\"ImageObject\",\"@id\":\"https:\/\/blog.panrotas.com.br\/espacoabracorp\/#personlogo\",\"inLanguage\":\"pt-BR\",\"url\":\"https:\/\/secure.gravatar.com\/avatar\/7b0b250396075df2cb7378540ccff9ce?s=96&d=mm&r=g\",\"contentUrl\":\"https:\/\/secure.gravatar.com\/avatar\/7b0b250396075df2cb7378540ccff9ce?s=96&d=mm&r=g\",\"caption\":\"Abracorp\"},\"url\":\"https:\/\/blog.panrotas.com.br\/espacoabracorp\/author\/luiz\/\"}]}<\/script>\n<!-- \/ Yoast SEO plugin. -->","yoast_head_json":{"title":"Produtividade! - Espa\u00e7o Abracorp","robots":{"index":"index","follow":"follow","max-snippet":"max-snippet:-1","max-image-preview":"max-image-preview:large","max-video-preview":"max-video-preview:-1"},"canonical":"https:\/\/blog.panrotas.com.br\/espacoabracorp\/2015\/09\/19\/produtividade\/","og_locale":"pt_BR","og_type":"article","og_title":"Produtividade! - Espa\u00e7o Abracorp","og_description":"Na Ilha Corporativa Abracorp, AGI, Air France, B2B, BHG, Blue Tree, Collection Resorts, Delta, G8, Gol, Lemontech, North Tours, Reserve, Sabre, Transam\u00e9rica, Travel Ace, Trend, WTS e as ag\u00eancias de viagens associadas receber\u00e3o gestores de viagens corporativas que concorrer\u00e3o a pr\u00eamios, de 24 a 26 de setembro, no Anhembi, em S\u00e3o Paulo. Todo gestor que&hellip; Continue reading &rarr;","og_url":"https:\/\/blog.panrotas.com.br\/espacoabracorp\/2015\/09\/19\/produtividade\/","og_site_name":"Espa\u00e7o Abracorp","article_published_time":"2015-09-20T01:02:02+00:00","twitter_card":"summary_large_image","twitter_misc":{"Escrito por":"Abracorp","Est. tempo de leitura":"1 minuto"},"schema":{"@context":"https:\/\/schema.org","@graph":[{"@type":"WebSite","@id":"https:\/\/blog.panrotas.com.br\/espacoabracorp\/#website","url":"https:\/\/blog.panrotas.com.br\/espacoabracorp\/","name":"Espa\u00e7o Abracorp","description":"Blogosfera PANROTAS","potentialAction":[{"@type":"SearchAction","target":{"@type":"EntryPoint","urlTemplate":"https:\/\/blog.panrotas.com.br\/espacoabracorp\/?s={search_term_string}"},"query-input":"required name=search_term_string"}],"inLanguage":"pt-BR"},{"@type":"WebPage","@id":"https:\/\/blog.panrotas.com.br\/espacoabracorp\/2015\/09\/19\/produtividade\/#webpage","url":"https:\/\/blog.panrotas.com.br\/espacoabracorp\/2015\/09\/19\/produtividade\/","name":"Produtividade! - Espa\u00e7o Abracorp","isPartOf":{"@id":"https:\/\/blog.panrotas.com.br\/espacoabracorp\/#website"},"datePublished":"2015-09-20T01:02:02+00:00","dateModified":"2015-09-20T01:02:02+00:00","author":{"@id":"https:\/\/blog.panrotas.com.br\/espacoabracorp\/#\/schema\/person\/c61095cb4ad58385b600360e86edcc70"},"breadcrumb":{"@id":"https:\/\/blog.panrotas.com.br\/espacoabracorp\/2015\/09\/19\/produtividade\/#breadcrumb"},"inLanguage":"pt-BR","potentialAction":[{"@type":"ReadAction","target":["https:\/\/blog.panrotas.com.br\/espacoabracorp\/2015\/09\/19\/produtividade\/"]}]},{"@type":"BreadcrumbList","@id":"https:\/\/blog.panrotas.com.br\/espacoabracorp\/2015\/09\/19\/produtividade\/#breadcrumb","itemListElement":[{"@type":"ListItem","position":1,"name":"In\u00edcio","item":"https:\/\/blog.panrotas.com.br\/espacoabracorp\/"},{"@type":"ListItem","position":2,"name":"Produtividade!"}]},{"@type":"Person","@id":"https:\/\/blog.panrotas.com.br\/espacoabracorp\/#\/schema\/person\/c61095cb4ad58385b600360e86edcc70","name":"Abracorp","image":{"@type":"ImageObject","@id":"https:\/\/blog.panrotas.com.br\/espacoabracorp\/#personlogo","inLanguage":"pt-BR","url":"https:\/\/secure.gravatar.com\/avatar\/7b0b250396075df2cb7378540ccff9ce?s=96&d=mm&r=g","contentUrl":"https:\/\/secure.gravatar.com\/avatar\/7b0b250396075df2cb7378540ccff9ce?s=96&d=mm&r=g","caption":"Abracorp"},"url":"https:\/\/blog.panrotas.com.br\/espacoabracorp\/author\/luiz\/"}]}},"jetpack_featured_media_url":"","_links":{"self":[{"href":"https:\/\/blog.panrotas.com.br\/espacoabracorp\/wp-json\/wp\/v2\/posts\/961"}],"collection":[{"href":"https:\/\/blog.panrotas.com.br\/espacoabracorp\/wp-json\/wp\/v2\/posts"}],"about":[{"href":"https:\/\/blog.panrotas.com.br\/espacoabracorp\/wp-json\/wp\/v2\/types\/post"}],"author":[{"embeddable":true,"href":"https:\/\/blog.panrotas.com.br\/espacoabracorp\/wp-json\/wp\/v2\/users\/27"}],"replies":[{"embeddable":true,"href":"https:\/\/blog.panrotas.com.br\/espacoabracorp\/wp-json\/wp\/v2\/comments?post=961"}],"version-history":[{"count":0,"href":"https:\/\/blog.panrotas.com.br\/espacoabracorp\/wp-json\/wp\/v2\/posts\/961\/revisions"}],"wp:attachment":[{"href":"https:\/\/blog.panrotas.com.br\/espacoabracorp\/wp-json\/wp\/v2\/media?parent=961"}],"wp:term":[{"taxonomy":"category","embeddable":true,"href":"https:\/\/blog.panrotas.com.br\/espacoabracorp\/wp-json\/wp\/v2\/categories?post=961"},{"taxonomy":"post_tag","embeddable":true,"href":"https:\/\/blog.panrotas.com.br\/espacoabracorp\/wp-json\/wp\/v2\/tags?post=961"}],"curies":[{"name":"wp","href":"https:\/\/api.w.org\/{rel}","templated":true}]}}