{"id":963,"date":"2015-09-29T14:02:47","date_gmt":"2015-09-29T17:02:47","guid":{"rendered":"http:\/\/blog.panrotas.com.br\/espacoabracorp\/?p=963"},"modified":"2015-09-29T14:02:47","modified_gmt":"2015-09-29T17:02:47","slug":"abracorp-na-abav-expo","status":"publish","type":"post","link":"https:\/\/blog.panrotas.com.br\/espacoabracorp\/2015\/09\/29\/abracorp-na-abav-expo\/","title":{"rendered":"Abracorp na ABAV Expo"},"content":{"rendered":"<p class=\"western\">A participa\u00e7\u00e3o da Associa\u00e7\u00e3o Brasileira de Ag\u00eancias de Viagens Corporativas (Abracorp) na <strong>43\u00aa ABAV &#8211; Expo Internacional de Turismo<\/strong> alcan\u00e7ou suas metas e cumpriu seus objetivos programados para esta edi\u00e7\u00e3o. De uma forma geral, podemos afirmar que superamos nossas expectativas com a Ilha Corporativa \u2013 Encontro de Neg\u00f3cios Abracorp e com a Sala Abracorp \u2013 Vila do Saber.<\/p>\n<p class=\"western\" align=\"JUSTIFY\">No Encontro de Neg\u00f3cios, contamos com a expressiva participa\u00e7\u00e3o de 1.137 <i>hosted buyers<\/i>, sendo 750 deles gestores de viagens corporativas. Mobilizamos a exposi\u00e7\u00e3o dos produtos e servi\u00e7os ofertados por marcas como AGI, Air France, B2B, BHG, Blue Tree Hotels, Collection Resorts, Delta Air Lines, G8, Gol, Lemontech, North Tours, Reserve, Sabre, Hot\u00e9is Transam\u00e9rica, Travel Ace, Trend Operadora, WTS e de todas as demais ag\u00eancias de viagens associadas.<\/p>\n<p class=\"western\" align=\"JUSTIFY\">Al\u00e9m de gerar neg\u00f3cios, cumprimos com nossa fun\u00e7\u00e3o de disseminar <a href=\"http:\/\/blog.panrotas.com.br\/espacoabracorp\/index.php\/page\/2\/\" target=\"_blank\" rel=\"noopener noreferrer\">conhecimento<\/a>\u00a0com a grade de palestras, pain\u00e9is e debates realizados na sala Abracorp da Vila do Saber, na quinta e sexta-feira. Com o apoio da Villa Blue Tree, inovamos com oferecimento do Brunch Abracorp, que proporcionou aos convidados novas oportunidades de relacionamentos e a amplia\u00e7\u00e3o de <i>networking<\/i>.<\/p>\n<figure id=\"attachment_964\" aria-describedby=\"caption-attachment-964\" style=\"width: 300px\" class=\"wp-caption aligncenter\"><a href=\"http:\/\/panrotas.blog.br\/espacoabracorp\/wp-content\/uploads\/sites\/16\/2015\/09\/BrunchAbracorp1.jpg\"><img loading=\"lazy\" class=\"size-medium wp-image-964\" src=\"http:\/\/panrotas.blog.br\/espacoabracorp\/wp-content\/uploads\/sites\/16\/2015\/09\/BrunchAbracorp1-300x225.jpg\" alt=\"Divulga\u00e7\u00e3o\" width=\"300\" height=\"225\" srcset=\"https:\/\/blog.panrotas.com.br\/espacoabracorp\/wp-content\/uploads\/sites\/16\/2015\/09\/BrunchAbracorp1-300x225.jpg 300w, https:\/\/blog.panrotas.com.br\/espacoabracorp\/wp-content\/uploads\/sites\/16\/2015\/09\/BrunchAbracorp1-768x576.jpg 768w, https:\/\/blog.panrotas.com.br\/espacoabracorp\/wp-content\/uploads\/sites\/16\/2015\/09\/BrunchAbracorp1-1024x768.jpg 1024w, https:\/\/blog.panrotas.com.br\/espacoabracorp\/wp-content\/uploads\/sites\/16\/2015\/09\/BrunchAbracorp1.jpg 1280w\" sizes=\"(max-width: 300px) 100vw, 300px\" \/><\/a><figcaption id=\"caption-attachment-964\" class=\"wp-caption-text\">Gerv\u00e1sio Tanabe; C\u00e1ssia Alvarenga, diretora de Vendas e Marketing da Villa Blue Tree; Edmar Bull e Karyn C\u00e1pua, Vendas da Blue Tree Hotels<\/figcaption><\/figure>\n","protected":false},"excerpt":{"rendered":"<p>A participa\u00e7\u00e3o da Associa\u00e7\u00e3o Brasileira de Ag\u00eancias de Viagens Corporativas (Abracorp) na 43\u00aa ABAV &#8211; Expo Internacional de Turismo alcan\u00e7ou suas metas e cumpriu seus objetivos programados para esta edi\u00e7\u00e3o. De uma forma geral, podemos afirmar que superamos nossas expectativas com a Ilha Corporativa \u2013 Encontro de Neg\u00f3cios Abracorp e com a Sala Abracorp \u2013&hellip; <a class=\"more-link\" href=\"https:\/\/blog.panrotas.com.br\/espacoabracorp\/2015\/09\/29\/abracorp-na-abav-expo\/\">Continue reading &rarr;<\/a><\/p>\n","protected":false},"author":27,"featured_media":0,"comment_status":"open","ping_status":"open","sticky":false,"template":"","format":"standard","meta":{"spay_email":""},"categories":[3],"tags":[],"yoast_head":"<!-- This site is optimized with the Yoast SEO plugin v17.3 - https:\/\/yoast.com\/wordpress\/plugins\/seo\/ -->\n<title>Abracorp na ABAV Expo - Espa\u00e7o Abracorp<\/title>\n<meta name=\"robots\" content=\"index, follow, max-snippet:-1, max-image-preview:large, max-video-preview:-1\" \/>\n<link rel=\"canonical\" href=\"https:\/\/blog.panrotas.com.br\/espacoabracorp\/2015\/09\/29\/abracorp-na-abav-expo\/\" \/>\n<meta property=\"og:locale\" content=\"pt_BR\" \/>\n<meta property=\"og:type\" content=\"article\" \/>\n<meta property=\"og:title\" content=\"Abracorp na ABAV Expo - Espa\u00e7o Abracorp\" \/>\n<meta property=\"og:description\" content=\"A participa\u00e7\u00e3o da Associa\u00e7\u00e3o Brasileira de Ag\u00eancias de Viagens Corporativas (Abracorp) na 43\u00aa ABAV &#8211; Expo Internacional de Turismo alcan\u00e7ou suas metas e cumpriu seus objetivos programados para esta edi\u00e7\u00e3o. De uma forma geral, podemos afirmar que superamos nossas expectativas com a Ilha Corporativa \u2013 Encontro de Neg\u00f3cios Abracorp e com a Sala Abracorp \u2013&hellip; Continue reading &rarr;\" \/>\n<meta property=\"og:url\" content=\"https:\/\/blog.panrotas.com.br\/espacoabracorp\/2015\/09\/29\/abracorp-na-abav-expo\/\" \/>\n<meta property=\"og:site_name\" content=\"Espa\u00e7o Abracorp\" \/>\n<meta property=\"article:published_time\" content=\"2015-09-29T17:02:47+00:00\" \/>\n<meta property=\"og:image\" content=\"http:\/\/panrotas.blog.br\/espacoabracorp\/wp-content\/uploads\/sites\/16\/2015\/09\/BrunchAbracorp1-300x225.jpg\" \/>\n<meta name=\"twitter:card\" content=\"summary_large_image\" \/>\n<meta name=\"twitter:label1\" content=\"Escrito por\" \/>\n\t<meta name=\"twitter:data1\" content=\"Abracorp\" \/>\n\t<meta name=\"twitter:label2\" content=\"Est. tempo de leitura\" \/>\n\t<meta name=\"twitter:data2\" content=\"1 minuto\" \/>\n<script type=\"application\/ld+json\" class=\"yoast-schema-graph\">{\"@context\":\"https:\/\/schema.org\",\"@graph\":[{\"@type\":\"WebSite\",\"@id\":\"https:\/\/blog.panrotas.com.br\/espacoabracorp\/#website\",\"url\":\"https:\/\/blog.panrotas.com.br\/espacoabracorp\/\",\"name\":\"Espa\\u00e7o Abracorp\",\"description\":\"Blogosfera PANROTAS\",\"potentialAction\":[{\"@type\":\"SearchAction\",\"target\":{\"@type\":\"EntryPoint\",\"urlTemplate\":\"https:\/\/blog.panrotas.com.br\/espacoabracorp\/?s={search_term_string}\"},\"query-input\":\"required name=search_term_string\"}],\"inLanguage\":\"pt-BR\"},{\"@type\":\"ImageObject\",\"@id\":\"https:\/\/blog.panrotas.com.br\/espacoabracorp\/2015\/09\/29\/abracorp-na-abav-expo\/#primaryimage\",\"inLanguage\":\"pt-BR\",\"url\":\"http:\/\/panrotas.blog.br\/espacoabracorp\/wp-content\/uploads\/sites\/16\/2015\/09\/BrunchAbracorp1-300x225.jpg\",\"contentUrl\":\"http:\/\/panrotas.blog.br\/espacoabracorp\/wp-content\/uploads\/sites\/16\/2015\/09\/BrunchAbracorp1-300x225.jpg\"},{\"@type\":\"WebPage\",\"@id\":\"https:\/\/blog.panrotas.com.br\/espacoabracorp\/2015\/09\/29\/abracorp-na-abav-expo\/#webpage\",\"url\":\"https:\/\/blog.panrotas.com.br\/espacoabracorp\/2015\/09\/29\/abracorp-na-abav-expo\/\",\"name\":\"Abracorp na ABAV Expo - Espa\\u00e7o Abracorp\",\"isPartOf\":{\"@id\":\"https:\/\/blog.panrotas.com.br\/espacoabracorp\/#website\"},\"primaryImageOfPage\":{\"@id\":\"https:\/\/blog.panrotas.com.br\/espacoabracorp\/2015\/09\/29\/abracorp-na-abav-expo\/#primaryimage\"},\"datePublished\":\"2015-09-29T17:02:47+00:00\",\"dateModified\":\"2015-09-29T17:02:47+00:00\",\"author\":{\"@id\":\"https:\/\/blog.panrotas.com.br\/espacoabracorp\/#\/schema\/person\/c61095cb4ad58385b600360e86edcc70\"},\"breadcrumb\":{\"@id\":\"https:\/\/blog.panrotas.com.br\/espacoabracorp\/2015\/09\/29\/abracorp-na-abav-expo\/#breadcrumb\"},\"inLanguage\":\"pt-BR\",\"potentialAction\":[{\"@type\":\"ReadAction\",\"target\":[\"https:\/\/blog.panrotas.com.br\/espacoabracorp\/2015\/09\/29\/abracorp-na-abav-expo\/\"]}]},{\"@type\":\"BreadcrumbList\",\"@id\":\"https:\/\/blog.panrotas.com.br\/espacoabracorp\/2015\/09\/29\/abracorp-na-abav-expo\/#breadcrumb\",\"itemListElement\":[{\"@type\":\"ListItem\",\"position\":1,\"name\":\"In\\u00edcio\",\"item\":\"https:\/\/blog.panrotas.com.br\/espacoabracorp\/\"},{\"@type\":\"ListItem\",\"position\":2,\"name\":\"Abracorp na ABAV Expo\"}]},{\"@type\":\"Person\",\"@id\":\"https:\/\/blog.panrotas.com.br\/espacoabracorp\/#\/schema\/person\/c61095cb4ad58385b600360e86edcc70\",\"name\":\"Abracorp\",\"image\":{\"@type\":\"ImageObject\",\"@id\":\"https:\/\/blog.panrotas.com.br\/espacoabracorp\/#personlogo\",\"inLanguage\":\"pt-BR\",\"url\":\"https:\/\/secure.gravatar.com\/avatar\/7b0b250396075df2cb7378540ccff9ce?s=96&d=mm&r=g\",\"contentUrl\":\"https:\/\/secure.gravatar.com\/avatar\/7b0b250396075df2cb7378540ccff9ce?s=96&d=mm&r=g\",\"caption\":\"Abracorp\"},\"url\":\"https:\/\/blog.panrotas.com.br\/espacoabracorp\/author\/luiz\/\"}]}<\/script>\n<!-- \/ Yoast SEO plugin. -->","yoast_head_json":{"title":"Abracorp na ABAV Expo - Espa\u00e7o Abracorp","robots":{"index":"index","follow":"follow","max-snippet":"max-snippet:-1","max-image-preview":"max-image-preview:large","max-video-preview":"max-video-preview:-1"},"canonical":"https:\/\/blog.panrotas.com.br\/espacoabracorp\/2015\/09\/29\/abracorp-na-abav-expo\/","og_locale":"pt_BR","og_type":"article","og_title":"Abracorp na ABAV Expo - Espa\u00e7o Abracorp","og_description":"A participa\u00e7\u00e3o da Associa\u00e7\u00e3o Brasileira de Ag\u00eancias de Viagens Corporativas (Abracorp) na 43\u00aa ABAV &#8211; Expo Internacional de Turismo alcan\u00e7ou suas metas e cumpriu seus objetivos programados para esta edi\u00e7\u00e3o. De uma forma geral, podemos afirmar que superamos nossas expectativas com a Ilha Corporativa \u2013 Encontro de Neg\u00f3cios Abracorp e com a Sala Abracorp \u2013&hellip; Continue reading &rarr;","og_url":"https:\/\/blog.panrotas.com.br\/espacoabracorp\/2015\/09\/29\/abracorp-na-abav-expo\/","og_site_name":"Espa\u00e7o Abracorp","article_published_time":"2015-09-29T17:02:47+00:00","og_image":[{"url":"http:\/\/panrotas.blog.br\/espacoabracorp\/wp-content\/uploads\/sites\/16\/2015\/09\/BrunchAbracorp1-300x225.jpg"}],"twitter_card":"summary_large_image","twitter_misc":{"Escrito por":"Abracorp","Est. tempo de leitura":"1 minuto"},"schema":{"@context":"https:\/\/schema.org","@graph":[{"@type":"WebSite","@id":"https:\/\/blog.panrotas.com.br\/espacoabracorp\/#website","url":"https:\/\/blog.panrotas.com.br\/espacoabracorp\/","name":"Espa\u00e7o Abracorp","description":"Blogosfera PANROTAS","potentialAction":[{"@type":"SearchAction","target":{"@type":"EntryPoint","urlTemplate":"https:\/\/blog.panrotas.com.br\/espacoabracorp\/?s={search_term_string}"},"query-input":"required name=search_term_string"}],"inLanguage":"pt-BR"},{"@type":"ImageObject","@id":"https:\/\/blog.panrotas.com.br\/espacoabracorp\/2015\/09\/29\/abracorp-na-abav-expo\/#primaryimage","inLanguage":"pt-BR","url":"http:\/\/panrotas.blog.br\/espacoabracorp\/wp-content\/uploads\/sites\/16\/2015\/09\/BrunchAbracorp1-300x225.jpg","contentUrl":"http:\/\/panrotas.blog.br\/espacoabracorp\/wp-content\/uploads\/sites\/16\/2015\/09\/BrunchAbracorp1-300x225.jpg"},{"@type":"WebPage","@id":"https:\/\/blog.panrotas.com.br\/espacoabracorp\/2015\/09\/29\/abracorp-na-abav-expo\/#webpage","url":"https:\/\/blog.panrotas.com.br\/espacoabracorp\/2015\/09\/29\/abracorp-na-abav-expo\/","name":"Abracorp na ABAV Expo - Espa\u00e7o Abracorp","isPartOf":{"@id":"https:\/\/blog.panrotas.com.br\/espacoabracorp\/#website"},"primaryImageOfPage":{"@id":"https:\/\/blog.panrotas.com.br\/espacoabracorp\/2015\/09\/29\/abracorp-na-abav-expo\/#primaryimage"},"datePublished":"2015-09-29T17:02:47+00:00","dateModified":"2015-09-29T17:02:47+00:00","author":{"@id":"https:\/\/blog.panrotas.com.br\/espacoabracorp\/#\/schema\/person\/c61095cb4ad58385b600360e86edcc70"},"breadcrumb":{"@id":"https:\/\/blog.panrotas.com.br\/espacoabracorp\/2015\/09\/29\/abracorp-na-abav-expo\/#breadcrumb"},"inLanguage":"pt-BR","potentialAction":[{"@type":"ReadAction","target":["https:\/\/blog.panrotas.com.br\/espacoabracorp\/2015\/09\/29\/abracorp-na-abav-expo\/"]}]},{"@type":"BreadcrumbList","@id":"https:\/\/blog.panrotas.com.br\/espacoabracorp\/2015\/09\/29\/abracorp-na-abav-expo\/#breadcrumb","itemListElement":[{"@type":"ListItem","position":1,"name":"In\u00edcio","item":"https:\/\/blog.panrotas.com.br\/espacoabracorp\/"},{"@type":"ListItem","position":2,"name":"Abracorp na ABAV Expo"}]},{"@type":"Person","@id":"https:\/\/blog.panrotas.com.br\/espacoabracorp\/#\/schema\/person\/c61095cb4ad58385b600360e86edcc70","name":"Abracorp","image":{"@type":"ImageObject","@id":"https:\/\/blog.panrotas.com.br\/espacoabracorp\/#personlogo","inLanguage":"pt-BR","url":"https:\/\/secure.gravatar.com\/avatar\/7b0b250396075df2cb7378540ccff9ce?s=96&d=mm&r=g","contentUrl":"https:\/\/secure.gravatar.com\/avatar\/7b0b250396075df2cb7378540ccff9ce?s=96&d=mm&r=g","caption":"Abracorp"},"url":"https:\/\/blog.panrotas.com.br\/espacoabracorp\/author\/luiz\/"}]}},"jetpack_featured_media_url":"","_links":{"self":[{"href":"https:\/\/blog.panrotas.com.br\/espacoabracorp\/wp-json\/wp\/v2\/posts\/963"}],"collection":[{"href":"https:\/\/blog.panrotas.com.br\/espacoabracorp\/wp-json\/wp\/v2\/posts"}],"about":[{"href":"https:\/\/blog.panrotas.com.br\/espacoabracorp\/wp-json\/wp\/v2\/types\/post"}],"author":[{"embeddable":true,"href":"https:\/\/blog.panrotas.com.br\/espacoabracorp\/wp-json\/wp\/v2\/users\/27"}],"replies":[{"embeddable":true,"href":"https:\/\/blog.panrotas.com.br\/espacoabracorp\/wp-json\/wp\/v2\/comments?post=963"}],"version-history":[{"count":0,"href":"https:\/\/blog.panrotas.com.br\/espacoabracorp\/wp-json\/wp\/v2\/posts\/963\/revisions"}],"wp:attachment":[{"href":"https:\/\/blog.panrotas.com.br\/espacoabracorp\/wp-json\/wp\/v2\/media?parent=963"}],"wp:term":[{"taxonomy":"category","embeddable":true,"href":"https:\/\/blog.panrotas.com.br\/espacoabracorp\/wp-json\/wp\/v2\/categories?post=963"},{"taxonomy":"post_tag","embeddable":true,"href":"https:\/\/blog.panrotas.com.br\/espacoabracorp\/wp-json\/wp\/v2\/tags?post=963"}],"curies":[{"name":"wp","href":"https:\/\/api.w.org\/{rel}","templated":true}]}}