{"id":969,"date":"2015-10-04T09:44:29","date_gmt":"2015-10-04T12:44:29","guid":{"rendered":"http:\/\/blog.panrotas.com.br\/espacoabracorp\/?p=969"},"modified":"2015-10-04T09:44:29","modified_gmt":"2015-10-04T12:44:29","slug":"coesao-no-discurso","status":"publish","type":"post","link":"https:\/\/blog.panrotas.com.br\/espacoabracorp\/2015\/10\/04\/coesao-no-discurso\/","title":{"rendered":"Coes\u00e3o no discurso"},"content":{"rendered":"<blockquote>\n<p class=\"western\" align=\"JUSTIFY\">O cen\u00e1rio macroecon\u00f4mico nacional requer que o Brasil promova justi\u00e7a social, amplie postos de trabalho, gere o ingresso de divisas e atraia investimentos. Em outras palavras, o nosso pa\u00eds precisa fortalecer e valorizar ag\u00eancias de viagens democraticamente organizadas, presentes em todos os 26 estados do Pa\u00eds e no Distrito Federal, capazes de mobilizarem em \u00e2mbito global diferentes elos produtivos que comp\u00f5em a for\u00e7a do setor de Viagens e Turismo \u2013 o qual ocupa posi\u00e7\u00e3o de lideran\u00e7a no ranking mundial entre os setores que mais geram e distribuem riquezas, lembrando ainda que, com reduzido valor de investimento, o Turismo cria milhares de empregos.<\/p>\n<p class=\"western\" align=\"JUSTIFY\">Em pleno cen\u00e1rio de crise, de 24 a 26 de setembro de 2015, a presen\u00e7a das mais de tr\u00eas mil marcas em exposi\u00e7\u00e3o na 43\u00aa ABAV &#8211; Expo Internacional de Turismo, realizada no Pavilh\u00e3o do Anhembi, na cidade de S\u00e3o Paulo, com a <a href=\"http:\/\/www.abav.com.br\/noticias_detalhe.aspx?id=1524&amp;id_area=20\">participa\u00e7\u00e3o<\/a> recorde de mais de 32 mil profissionais do chamado trade tur\u00edstico (30% superior \u00e0 m\u00e9dia di\u00e1ria registrada no ano anterior), n\u00e3o deixa margem \u00e0 d\u00favidas.<\/p>\n<p class=\"western\" align=\"JUSTIFY\">O evento foi o palco ideal para constatarmos que, de Norte a Sul do pa\u00eds, a alta do d\u00f3lar contribui com o aumento da procura por viagens dom\u00e9sticas e, por isso, a amplia\u00e7\u00e3o da oferta de pacotes tur\u00edsticos lan\u00e7ados, com pre\u00e7os e condi\u00e7\u00f5es comerciais facilitadas (parcelamentos que podem ser feitos em at\u00e9 doze meses, por exemplo), tende a valorizar ainda mais a consultoria das ag\u00eancias de viagens. N\u00e3o faltam op\u00e7\u00f5es atrativas.<\/p>\n<p class=\"western\" align=\"JUSTIFY\">Entretanto, isso n\u00e3o significa que todos os players do nosso setor ser\u00e3o beneficiados, mas a seguran\u00e7a proporcionada para os consumidores; de que \u00e9 poss\u00edvel fazer a melhor compra, mediante o acesso a informa\u00e7\u00f5es claras e objetivas fornecidas por quem \u00e9 do ramo, s\u00f3 faz renovar o valor das ag\u00eancias de viagens devidamente qualificadas para apresentarem op\u00e7\u00f5es dispon\u00edveis e adequadas ao or\u00e7amento de cada cliente atendido sob medida. H\u00e1 quem j\u00e1 projete fechar o ano com crescimento de dois d\u00edgitos.<\/p>\n<p class=\"western\" align=\"JUSTIFY\">Como existem v\u00e1rias promo\u00e7\u00f5es incr\u00edveis para quem deseja ou precisa comprar uma ou mais passagens a\u00e9reas internacionais, n\u00e3o \u00e9 raro observarmos atualmente os clientes nas ag\u00eancias de viagens surpresos por constatarem que, em reais, comparado a igual per\u00edodo do ano passado, tamb\u00e9m est\u00e1 mais barato embarcar em um voo para o exterior.<\/p>\n<p class=\"western\" align=\"JUSTIFY\">Contudo, como viajar envolve gastos com hospedagem, alimenta\u00e7\u00e3o e passeios, as compras deixam de ser a principal motiva\u00e7\u00e3o para os brasileiros que decidem visitar outros pa\u00edses e adotam outras medidas, tais como: reduzir o tempo de perman\u00eancia, optar por hot\u00e9is de padr\u00e3o mais econ\u00f4mico ou pela compra de pacotes completos,\u00a0com c\u00e2mbio congelado, parcelamento em at\u00e9 12 vezes entre outras tantas promo\u00e7\u00f5es, a exemplo de cortesias oferecidas para as crian\u00e7as viajarem acompanhadas por adultos.<\/p>\n<p class=\"western\" align=\"JUSTIFY\">Saibamos aproveitar as oportunidades com criatividade, agilidade, produtividade e manter a coes\u00e3o no discurso voltado \u00e0 <a href=\"http:\/\/www.panrotas.com.br\/noticia-turismo\/politica\/2015\/09\/balsamao-consultar-agentes-deve-se-tornar-um-habito_119430.html?pesquisa\">valoriza\u00e7\u00e3o<\/a> do melhor canal de vendas, a servi\u00e7o do desenvolvimento sustent\u00e1vel.<\/p>\n<p class=\"western\" align=\"JUSTIFY\"><strong>Edmar Bull<br \/>\n<\/strong><strong>Presidente do Conselho de Administra\u00e7\u00e3o da Abracorp<\/strong><\/p>\n<\/blockquote>\n","protected":false},"excerpt":{"rendered":"<p>O cen\u00e1rio macroecon\u00f4mico nacional requer que o Brasil promova justi\u00e7a social, amplie postos de trabalho, gere o ingresso de divisas e atraia investimentos. Em outras palavras, o nosso pa\u00eds precisa fortalecer e valorizar ag\u00eancias de viagens democraticamente organizadas, presentes em todos os 26 estados do Pa\u00eds e no Distrito Federal, capazes de mobilizarem em \u00e2mbito&hellip; <a class=\"more-link\" href=\"https:\/\/blog.panrotas.com.br\/espacoabracorp\/2015\/10\/04\/coesao-no-discurso\/\">Continue reading &rarr;<\/a><\/p>\n","protected":false},"author":27,"featured_media":0,"comment_status":"open","ping_status":"open","sticky":false,"template":"","format":"standard","meta":{"spay_email":""},"categories":[3],"tags":[],"yoast_head":"<!-- This site is optimized with the Yoast SEO plugin v17.3 - https:\/\/yoast.com\/wordpress\/plugins\/seo\/ -->\n<title>Coes\u00e3o no discurso - Espa\u00e7o Abracorp<\/title>\n<meta name=\"robots\" content=\"index, follow, max-snippet:-1, max-image-preview:large, max-video-preview:-1\" \/>\n<link rel=\"canonical\" href=\"https:\/\/blog.panrotas.com.br\/espacoabracorp\/2015\/10\/04\/coesao-no-discurso\/\" \/>\n<meta property=\"og:locale\" content=\"pt_BR\" \/>\n<meta property=\"og:type\" content=\"article\" \/>\n<meta property=\"og:title\" content=\"Coes\u00e3o no discurso - Espa\u00e7o Abracorp\" \/>\n<meta property=\"og:description\" content=\"O cen\u00e1rio macroecon\u00f4mico nacional requer que o Brasil promova justi\u00e7a social, amplie postos de trabalho, gere o ingresso de divisas e atraia investimentos. Em outras palavras, o nosso pa\u00eds precisa fortalecer e valorizar ag\u00eancias de viagens democraticamente organizadas, presentes em todos os 26 estados do Pa\u00eds e no Distrito Federal, capazes de mobilizarem em \u00e2mbito&hellip; Continue reading &rarr;\" \/>\n<meta property=\"og:url\" content=\"https:\/\/blog.panrotas.com.br\/espacoabracorp\/2015\/10\/04\/coesao-no-discurso\/\" \/>\n<meta property=\"og:site_name\" content=\"Espa\u00e7o Abracorp\" \/>\n<meta property=\"article:published_time\" content=\"2015-10-04T12:44:29+00:00\" \/>\n<meta name=\"twitter:card\" content=\"summary_large_image\" \/>\n<meta name=\"twitter:label1\" content=\"Escrito por\" \/>\n\t<meta name=\"twitter:data1\" content=\"Abracorp\" \/>\n\t<meta name=\"twitter:label2\" content=\"Est. tempo de leitura\" \/>\n\t<meta name=\"twitter:data2\" content=\"3 minutos\" \/>\n<script type=\"application\/ld+json\" class=\"yoast-schema-graph\">{\"@context\":\"https:\/\/schema.org\",\"@graph\":[{\"@type\":\"WebSite\",\"@id\":\"https:\/\/blog.panrotas.com.br\/espacoabracorp\/#website\",\"url\":\"https:\/\/blog.panrotas.com.br\/espacoabracorp\/\",\"name\":\"Espa\\u00e7o Abracorp\",\"description\":\"Blogosfera PANROTAS\",\"potentialAction\":[{\"@type\":\"SearchAction\",\"target\":{\"@type\":\"EntryPoint\",\"urlTemplate\":\"https:\/\/blog.panrotas.com.br\/espacoabracorp\/?s={search_term_string}\"},\"query-input\":\"required name=search_term_string\"}],\"inLanguage\":\"pt-BR\"},{\"@type\":\"WebPage\",\"@id\":\"https:\/\/blog.panrotas.com.br\/espacoabracorp\/2015\/10\/04\/coesao-no-discurso\/#webpage\",\"url\":\"https:\/\/blog.panrotas.com.br\/espacoabracorp\/2015\/10\/04\/coesao-no-discurso\/\",\"name\":\"Coes\\u00e3o no discurso - Espa\\u00e7o Abracorp\",\"isPartOf\":{\"@id\":\"https:\/\/blog.panrotas.com.br\/espacoabracorp\/#website\"},\"datePublished\":\"2015-10-04T12:44:29+00:00\",\"dateModified\":\"2015-10-04T12:44:29+00:00\",\"author\":{\"@id\":\"https:\/\/blog.panrotas.com.br\/espacoabracorp\/#\/schema\/person\/c61095cb4ad58385b600360e86edcc70\"},\"breadcrumb\":{\"@id\":\"https:\/\/blog.panrotas.com.br\/espacoabracorp\/2015\/10\/04\/coesao-no-discurso\/#breadcrumb\"},\"inLanguage\":\"pt-BR\",\"potentialAction\":[{\"@type\":\"ReadAction\",\"target\":[\"https:\/\/blog.panrotas.com.br\/espacoabracorp\/2015\/10\/04\/coesao-no-discurso\/\"]}]},{\"@type\":\"BreadcrumbList\",\"@id\":\"https:\/\/blog.panrotas.com.br\/espacoabracorp\/2015\/10\/04\/coesao-no-discurso\/#breadcrumb\",\"itemListElement\":[{\"@type\":\"ListItem\",\"position\":1,\"name\":\"In\\u00edcio\",\"item\":\"https:\/\/blog.panrotas.com.br\/espacoabracorp\/\"},{\"@type\":\"ListItem\",\"position\":2,\"name\":\"Coes\\u00e3o no discurso\"}]},{\"@type\":\"Person\",\"@id\":\"https:\/\/blog.panrotas.com.br\/espacoabracorp\/#\/schema\/person\/c61095cb4ad58385b600360e86edcc70\",\"name\":\"Abracorp\",\"image\":{\"@type\":\"ImageObject\",\"@id\":\"https:\/\/blog.panrotas.com.br\/espacoabracorp\/#personlogo\",\"inLanguage\":\"pt-BR\",\"url\":\"https:\/\/secure.gravatar.com\/avatar\/7b0b250396075df2cb7378540ccff9ce?s=96&d=mm&r=g\",\"contentUrl\":\"https:\/\/secure.gravatar.com\/avatar\/7b0b250396075df2cb7378540ccff9ce?s=96&d=mm&r=g\",\"caption\":\"Abracorp\"},\"url\":\"https:\/\/blog.panrotas.com.br\/espacoabracorp\/author\/luiz\/\"}]}<\/script>\n<!-- \/ Yoast SEO plugin. -->","yoast_head_json":{"title":"Coes\u00e3o no discurso - Espa\u00e7o Abracorp","robots":{"index":"index","follow":"follow","max-snippet":"max-snippet:-1","max-image-preview":"max-image-preview:large","max-video-preview":"max-video-preview:-1"},"canonical":"https:\/\/blog.panrotas.com.br\/espacoabracorp\/2015\/10\/04\/coesao-no-discurso\/","og_locale":"pt_BR","og_type":"article","og_title":"Coes\u00e3o no discurso - Espa\u00e7o Abracorp","og_description":"O cen\u00e1rio macroecon\u00f4mico nacional requer que o Brasil promova justi\u00e7a social, amplie postos de trabalho, gere o ingresso de divisas e atraia investimentos. Em outras palavras, o nosso pa\u00eds precisa fortalecer e valorizar ag\u00eancias de viagens democraticamente organizadas, presentes em todos os 26 estados do Pa\u00eds e no Distrito Federal, capazes de mobilizarem em \u00e2mbito&hellip; Continue reading &rarr;","og_url":"https:\/\/blog.panrotas.com.br\/espacoabracorp\/2015\/10\/04\/coesao-no-discurso\/","og_site_name":"Espa\u00e7o Abracorp","article_published_time":"2015-10-04T12:44:29+00:00","twitter_card":"summary_large_image","twitter_misc":{"Escrito por":"Abracorp","Est. tempo de leitura":"3 minutos"},"schema":{"@context":"https:\/\/schema.org","@graph":[{"@type":"WebSite","@id":"https:\/\/blog.panrotas.com.br\/espacoabracorp\/#website","url":"https:\/\/blog.panrotas.com.br\/espacoabracorp\/","name":"Espa\u00e7o Abracorp","description":"Blogosfera PANROTAS","potentialAction":[{"@type":"SearchAction","target":{"@type":"EntryPoint","urlTemplate":"https:\/\/blog.panrotas.com.br\/espacoabracorp\/?s={search_term_string}"},"query-input":"required name=search_term_string"}],"inLanguage":"pt-BR"},{"@type":"WebPage","@id":"https:\/\/blog.panrotas.com.br\/espacoabracorp\/2015\/10\/04\/coesao-no-discurso\/#webpage","url":"https:\/\/blog.panrotas.com.br\/espacoabracorp\/2015\/10\/04\/coesao-no-discurso\/","name":"Coes\u00e3o no discurso - Espa\u00e7o Abracorp","isPartOf":{"@id":"https:\/\/blog.panrotas.com.br\/espacoabracorp\/#website"},"datePublished":"2015-10-04T12:44:29+00:00","dateModified":"2015-10-04T12:44:29+00:00","author":{"@id":"https:\/\/blog.panrotas.com.br\/espacoabracorp\/#\/schema\/person\/c61095cb4ad58385b600360e86edcc70"},"breadcrumb":{"@id":"https:\/\/blog.panrotas.com.br\/espacoabracorp\/2015\/10\/04\/coesao-no-discurso\/#breadcrumb"},"inLanguage":"pt-BR","potentialAction":[{"@type":"ReadAction","target":["https:\/\/blog.panrotas.com.br\/espacoabracorp\/2015\/10\/04\/coesao-no-discurso\/"]}]},{"@type":"BreadcrumbList","@id":"https:\/\/blog.panrotas.com.br\/espacoabracorp\/2015\/10\/04\/coesao-no-discurso\/#breadcrumb","itemListElement":[{"@type":"ListItem","position":1,"name":"In\u00edcio","item":"https:\/\/blog.panrotas.com.br\/espacoabracorp\/"},{"@type":"ListItem","position":2,"name":"Coes\u00e3o no discurso"}]},{"@type":"Person","@id":"https:\/\/blog.panrotas.com.br\/espacoabracorp\/#\/schema\/person\/c61095cb4ad58385b600360e86edcc70","name":"Abracorp","image":{"@type":"ImageObject","@id":"https:\/\/blog.panrotas.com.br\/espacoabracorp\/#personlogo","inLanguage":"pt-BR","url":"https:\/\/secure.gravatar.com\/avatar\/7b0b250396075df2cb7378540ccff9ce?s=96&d=mm&r=g","contentUrl":"https:\/\/secure.gravatar.com\/avatar\/7b0b250396075df2cb7378540ccff9ce?s=96&d=mm&r=g","caption":"Abracorp"},"url":"https:\/\/blog.panrotas.com.br\/espacoabracorp\/author\/luiz\/"}]}},"jetpack_featured_media_url":"","_links":{"self":[{"href":"https:\/\/blog.panrotas.com.br\/espacoabracorp\/wp-json\/wp\/v2\/posts\/969"}],"collection":[{"href":"https:\/\/blog.panrotas.com.br\/espacoabracorp\/wp-json\/wp\/v2\/posts"}],"about":[{"href":"https:\/\/blog.panrotas.com.br\/espacoabracorp\/wp-json\/wp\/v2\/types\/post"}],"author":[{"embeddable":true,"href":"https:\/\/blog.panrotas.com.br\/espacoabracorp\/wp-json\/wp\/v2\/users\/27"}],"replies":[{"embeddable":true,"href":"https:\/\/blog.panrotas.com.br\/espacoabracorp\/wp-json\/wp\/v2\/comments?post=969"}],"version-history":[{"count":0,"href":"https:\/\/blog.panrotas.com.br\/espacoabracorp\/wp-json\/wp\/v2\/posts\/969\/revisions"}],"wp:attachment":[{"href":"https:\/\/blog.panrotas.com.br\/espacoabracorp\/wp-json\/wp\/v2\/media?parent=969"}],"wp:term":[{"taxonomy":"category","embeddable":true,"href":"https:\/\/blog.panrotas.com.br\/espacoabracorp\/wp-json\/wp\/v2\/categories?post=969"},{"taxonomy":"post_tag","embeddable":true,"href":"https:\/\/blog.panrotas.com.br\/espacoabracorp\/wp-json\/wp\/v2\/tags?post=969"}],"curies":[{"name":"wp","href":"https:\/\/api.w.org\/{rel}","templated":true}]}}