{"id":975,"date":"2015-10-11T11:32:18","date_gmt":"2015-10-11T14:32:18","guid":{"rendered":"http:\/\/blog.panrotas.com.br\/espacoabracorp\/?p=975"},"modified":"2015-10-11T11:32:18","modified_gmt":"2015-10-11T14:32:18","slug":"a-troca-do-discurso-pela-acao","status":"publish","type":"post","link":"https:\/\/blog.panrotas.com.br\/espacoabracorp\/2015\/10\/11\/a-troca-do-discurso-pela-acao\/","title":{"rendered":"A troca do discurso pela a\u00e7\u00e3o"},"content":{"rendered":"<p class=\"western\" align=\"JUSTIFY\">Estamos acostumados a ouvir as cobran\u00e7as dos profissionais de turismo, sejam elas nas redes sociais ou em encontros pessoais. N\u00e3o podemos simplesmente tapar os ouvidos e fingir que tudo funciona com a precis\u00e3o de um rel\u00f3gio su\u00ed\u00e7o no turismo nacional. H\u00e1 muito o que trabalhar, muito para construir e muito a se fazer. Da mesma maneira, n\u00e3o adianta nos mantermos na linha dos discursos e da teoria, propondo solu\u00e7\u00f5es ou discursos do que \u201cvamos fazer\u201d ou que \u201c\u00e9 chegada a hora\u201d. \u00c9 preciso agir e com urg\u00eancia!<\/p>\n<p class=\"western\" align=\"JUSTIFY\">Faz-se necess\u00e1rio destacar que alguns segmentos n\u00e3o est\u00e3o inertes a tudo o que vem ocorrendo. Mais que bons n\u00fameros que comprovam bons resultados, existem a\u00e7\u00f5es concretas que s\u00e3o tomadas na medida que problemas ou dificuldades s\u00e3o detectados.<\/p>\n<p class=\"western\" align=\"JUSTIFY\">Em outubro do ano passado, demos um passo inicial para a resolu\u00e7\u00e3o de um grande problema para toda a cadeia: o descontrole nas reservas hoteleiras. Diferentemente do setor a\u00e9reo, que dispunha de uma infraestrutura tecnol\u00f3gica, os meios de hospedagem estavam dilu\u00eddos em diversas plataformas diferentes e a maior parte (60%), principalmente os independentes, n\u00e3o tinham espa\u00e7o dentro do novo cen\u00e1rio global. Ent\u00e3o, tomamos a iniciativa. Por meio de uma parceria com a B2B <a href=\"mailto:Reserv@s\" target=\"_blank\" rel=\"noopener noreferrer\">Reserv@s<\/a>, a Abracorp desenvolveu uma solu\u00e7\u00e3o integrada de reservas e faturamento para o segmento hoteleiro, inicialmente restrito \u00e0s ag\u00eancias de viagens associadas \u00e0 entidade.<\/p>\n<p class=\"western\" align=\"JUSTIFY\">Com a plataforma, ampliamos o conte\u00fado <em>online<\/em> para reservas de hot\u00e9is, viabilizamos a utiliza\u00e7\u00e3o do cart\u00e3o de cr\u00e9dito como principal meio de pagamento das despesas, automatizamos os processos, ganhamos em produtividade, aumento da efici\u00eancia operacional e redu\u00e7\u00e3o de riscos e custos para todos os envolvidos no processo. Com esse processo, calculamos \u00e0 \u00e9poca uma redu\u00e7\u00e3o de custos de 50% para os hot\u00e9is que aderissem ao B2B Reserv@s, em um investimento inferior \u00e0s despesas referentes \u00e0 utiliza\u00e7\u00e3o de telefone e de correio.<\/p>\n<p class=\"western\" align=\"JUSTIFY\">Ap\u00f3s um ano, j\u00e1 dispomos de mais de 1.850 hot\u00e9is integrados. Em pesquisa recente com usu\u00e1rios, a B2B <a href=\"mailto:Reserv@s\" target=\"_blank\" rel=\"noopener noreferrer\">Reserv@s<\/a> identificou que 96% deles recomendam a utiliza\u00e7\u00e3o da plataforma, 70% reconhecem que ela oferece seguran\u00e7a durante as reservas e 33% admitem que o processo melhorou. Reconhecemos que ainda h\u00e1 muito o que fazer. Trabalhamos hoje para o ingresso das grandes redes, sem perder o foco nos independentes, e no incentivo para que mais ag\u00eancias utilizem o cart\u00e3o virtual para garantir seguran\u00e7a \u00e0s suas transa\u00e7\u00f5es.<\/p>\n<p class=\"western\" align=\"JUSTIFY\">Mas tamb\u00e9m temos o que comemorar. No pr\u00f3ximo dia 20, ganharemos a parceria de um parceiro de peso como o F\u00f3rum de Operadores Hoteleiros do Brasil (Fohb), que anunciar\u00e1 em uma coletiva de imprensa que utilizar\u00e1 a plataforma como preferencial. Isso ser\u00e1 muito positivo e um grande ganho para todos.<\/p>\n<p class=\"western\" align=\"JUSTIFY\"><strong>Edmar Bull<\/strong><br \/>\n<strong>Presidente do Conselho de Administra\u00e7\u00e3o da Abracorp<\/strong><\/p>\n","protected":false},"excerpt":{"rendered":"<p>Estamos acostumados a ouvir as cobran\u00e7as dos profissionais de turismo, sejam elas nas redes sociais ou em encontros pessoais. N\u00e3o podemos simplesmente tapar os ouvidos e fingir que tudo funciona com a precis\u00e3o de um rel\u00f3gio su\u00ed\u00e7o no turismo nacional. H\u00e1 muito o que trabalhar, muito para construir e muito a se fazer. Da mesma&hellip; <a class=\"more-link\" href=\"https:\/\/blog.panrotas.com.br\/espacoabracorp\/2015\/10\/11\/a-troca-do-discurso-pela-acao\/\">Continue reading &rarr;<\/a><\/p>\n","protected":false},"author":27,"featured_media":0,"comment_status":"open","ping_status":"open","sticky":false,"template":"","format":"standard","meta":{"spay_email":""},"categories":[3],"tags":[],"yoast_head":"<!-- This site is optimized with the Yoast SEO plugin v17.3 - https:\/\/yoast.com\/wordpress\/plugins\/seo\/ -->\n<title>A troca do discurso pela a\u00e7\u00e3o - Espa\u00e7o Abracorp<\/title>\n<meta name=\"robots\" content=\"index, follow, max-snippet:-1, max-image-preview:large, max-video-preview:-1\" \/>\n<link rel=\"canonical\" href=\"https:\/\/blog.panrotas.com.br\/espacoabracorp\/2015\/10\/11\/a-troca-do-discurso-pela-acao\/\" \/>\n<meta property=\"og:locale\" content=\"pt_BR\" \/>\n<meta property=\"og:type\" content=\"article\" \/>\n<meta property=\"og:title\" content=\"A troca do discurso pela a\u00e7\u00e3o - Espa\u00e7o Abracorp\" \/>\n<meta property=\"og:description\" content=\"Estamos acostumados a ouvir as cobran\u00e7as dos profissionais de turismo, sejam elas nas redes sociais ou em encontros pessoais. N\u00e3o podemos simplesmente tapar os ouvidos e fingir que tudo funciona com a precis\u00e3o de um rel\u00f3gio su\u00ed\u00e7o no turismo nacional. H\u00e1 muito o que trabalhar, muito para construir e muito a se fazer. Da mesma&hellip; Continue reading &rarr;\" \/>\n<meta property=\"og:url\" content=\"https:\/\/blog.panrotas.com.br\/espacoabracorp\/2015\/10\/11\/a-troca-do-discurso-pela-acao\/\" \/>\n<meta property=\"og:site_name\" content=\"Espa\u00e7o Abracorp\" \/>\n<meta property=\"article:published_time\" content=\"2015-10-11T14:32:18+00:00\" \/>\n<meta name=\"twitter:card\" content=\"summary_large_image\" \/>\n<meta name=\"twitter:label1\" content=\"Escrito por\" \/>\n\t<meta name=\"twitter:data1\" content=\"Abracorp\" \/>\n\t<meta name=\"twitter:label2\" content=\"Est. tempo de leitura\" \/>\n\t<meta name=\"twitter:data2\" content=\"2 minutos\" \/>\n<script type=\"application\/ld+json\" class=\"yoast-schema-graph\">{\"@context\":\"https:\/\/schema.org\",\"@graph\":[{\"@type\":\"WebSite\",\"@id\":\"https:\/\/blog.panrotas.com.br\/espacoabracorp\/#website\",\"url\":\"https:\/\/blog.panrotas.com.br\/espacoabracorp\/\",\"name\":\"Espa\\u00e7o Abracorp\",\"description\":\"Blogosfera PANROTAS\",\"potentialAction\":[{\"@type\":\"SearchAction\",\"target\":{\"@type\":\"EntryPoint\",\"urlTemplate\":\"https:\/\/blog.panrotas.com.br\/espacoabracorp\/?s={search_term_string}\"},\"query-input\":\"required name=search_term_string\"}],\"inLanguage\":\"pt-BR\"},{\"@type\":\"WebPage\",\"@id\":\"https:\/\/blog.panrotas.com.br\/espacoabracorp\/2015\/10\/11\/a-troca-do-discurso-pela-acao\/#webpage\",\"url\":\"https:\/\/blog.panrotas.com.br\/espacoabracorp\/2015\/10\/11\/a-troca-do-discurso-pela-acao\/\",\"name\":\"A troca do discurso pela a\\u00e7\\u00e3o - Espa\\u00e7o Abracorp\",\"isPartOf\":{\"@id\":\"https:\/\/blog.panrotas.com.br\/espacoabracorp\/#website\"},\"datePublished\":\"2015-10-11T14:32:18+00:00\",\"dateModified\":\"2015-10-11T14:32:18+00:00\",\"author\":{\"@id\":\"https:\/\/blog.panrotas.com.br\/espacoabracorp\/#\/schema\/person\/c61095cb4ad58385b600360e86edcc70\"},\"breadcrumb\":{\"@id\":\"https:\/\/blog.panrotas.com.br\/espacoabracorp\/2015\/10\/11\/a-troca-do-discurso-pela-acao\/#breadcrumb\"},\"inLanguage\":\"pt-BR\",\"potentialAction\":[{\"@type\":\"ReadAction\",\"target\":[\"https:\/\/blog.panrotas.com.br\/espacoabracorp\/2015\/10\/11\/a-troca-do-discurso-pela-acao\/\"]}]},{\"@type\":\"BreadcrumbList\",\"@id\":\"https:\/\/blog.panrotas.com.br\/espacoabracorp\/2015\/10\/11\/a-troca-do-discurso-pela-acao\/#breadcrumb\",\"itemListElement\":[{\"@type\":\"ListItem\",\"position\":1,\"name\":\"In\\u00edcio\",\"item\":\"https:\/\/blog.panrotas.com.br\/espacoabracorp\/\"},{\"@type\":\"ListItem\",\"position\":2,\"name\":\"A troca do discurso pela a\\u00e7\\u00e3o\"}]},{\"@type\":\"Person\",\"@id\":\"https:\/\/blog.panrotas.com.br\/espacoabracorp\/#\/schema\/person\/c61095cb4ad58385b600360e86edcc70\",\"name\":\"Abracorp\",\"image\":{\"@type\":\"ImageObject\",\"@id\":\"https:\/\/blog.panrotas.com.br\/espacoabracorp\/#personlogo\",\"inLanguage\":\"pt-BR\",\"url\":\"https:\/\/secure.gravatar.com\/avatar\/7b0b250396075df2cb7378540ccff9ce?s=96&d=mm&r=g\",\"contentUrl\":\"https:\/\/secure.gravatar.com\/avatar\/7b0b250396075df2cb7378540ccff9ce?s=96&d=mm&r=g\",\"caption\":\"Abracorp\"},\"url\":\"https:\/\/blog.panrotas.com.br\/espacoabracorp\/author\/luiz\/\"}]}<\/script>\n<!-- \/ Yoast SEO plugin. -->","yoast_head_json":{"title":"A troca do discurso pela a\u00e7\u00e3o - Espa\u00e7o Abracorp","robots":{"index":"index","follow":"follow","max-snippet":"max-snippet:-1","max-image-preview":"max-image-preview:large","max-video-preview":"max-video-preview:-1"},"canonical":"https:\/\/blog.panrotas.com.br\/espacoabracorp\/2015\/10\/11\/a-troca-do-discurso-pela-acao\/","og_locale":"pt_BR","og_type":"article","og_title":"A troca do discurso pela a\u00e7\u00e3o - Espa\u00e7o Abracorp","og_description":"Estamos acostumados a ouvir as cobran\u00e7as dos profissionais de turismo, sejam elas nas redes sociais ou em encontros pessoais. N\u00e3o podemos simplesmente tapar os ouvidos e fingir que tudo funciona com a precis\u00e3o de um rel\u00f3gio su\u00ed\u00e7o no turismo nacional. H\u00e1 muito o que trabalhar, muito para construir e muito a se fazer. Da mesma&hellip; Continue reading &rarr;","og_url":"https:\/\/blog.panrotas.com.br\/espacoabracorp\/2015\/10\/11\/a-troca-do-discurso-pela-acao\/","og_site_name":"Espa\u00e7o Abracorp","article_published_time":"2015-10-11T14:32:18+00:00","twitter_card":"summary_large_image","twitter_misc":{"Escrito por":"Abracorp","Est. tempo de leitura":"2 minutos"},"schema":{"@context":"https:\/\/schema.org","@graph":[{"@type":"WebSite","@id":"https:\/\/blog.panrotas.com.br\/espacoabracorp\/#website","url":"https:\/\/blog.panrotas.com.br\/espacoabracorp\/","name":"Espa\u00e7o Abracorp","description":"Blogosfera PANROTAS","potentialAction":[{"@type":"SearchAction","target":{"@type":"EntryPoint","urlTemplate":"https:\/\/blog.panrotas.com.br\/espacoabracorp\/?s={search_term_string}"},"query-input":"required name=search_term_string"}],"inLanguage":"pt-BR"},{"@type":"WebPage","@id":"https:\/\/blog.panrotas.com.br\/espacoabracorp\/2015\/10\/11\/a-troca-do-discurso-pela-acao\/#webpage","url":"https:\/\/blog.panrotas.com.br\/espacoabracorp\/2015\/10\/11\/a-troca-do-discurso-pela-acao\/","name":"A troca do discurso pela a\u00e7\u00e3o - Espa\u00e7o Abracorp","isPartOf":{"@id":"https:\/\/blog.panrotas.com.br\/espacoabracorp\/#website"},"datePublished":"2015-10-11T14:32:18+00:00","dateModified":"2015-10-11T14:32:18+00:00","author":{"@id":"https:\/\/blog.panrotas.com.br\/espacoabracorp\/#\/schema\/person\/c61095cb4ad58385b600360e86edcc70"},"breadcrumb":{"@id":"https:\/\/blog.panrotas.com.br\/espacoabracorp\/2015\/10\/11\/a-troca-do-discurso-pela-acao\/#breadcrumb"},"inLanguage":"pt-BR","potentialAction":[{"@type":"ReadAction","target":["https:\/\/blog.panrotas.com.br\/espacoabracorp\/2015\/10\/11\/a-troca-do-discurso-pela-acao\/"]}]},{"@type":"BreadcrumbList","@id":"https:\/\/blog.panrotas.com.br\/espacoabracorp\/2015\/10\/11\/a-troca-do-discurso-pela-acao\/#breadcrumb","itemListElement":[{"@type":"ListItem","position":1,"name":"In\u00edcio","item":"https:\/\/blog.panrotas.com.br\/espacoabracorp\/"},{"@type":"ListItem","position":2,"name":"A troca do discurso pela a\u00e7\u00e3o"}]},{"@type":"Person","@id":"https:\/\/blog.panrotas.com.br\/espacoabracorp\/#\/schema\/person\/c61095cb4ad58385b600360e86edcc70","name":"Abracorp","image":{"@type":"ImageObject","@id":"https:\/\/blog.panrotas.com.br\/espacoabracorp\/#personlogo","inLanguage":"pt-BR","url":"https:\/\/secure.gravatar.com\/avatar\/7b0b250396075df2cb7378540ccff9ce?s=96&d=mm&r=g","contentUrl":"https:\/\/secure.gravatar.com\/avatar\/7b0b250396075df2cb7378540ccff9ce?s=96&d=mm&r=g","caption":"Abracorp"},"url":"https:\/\/blog.panrotas.com.br\/espacoabracorp\/author\/luiz\/"}]}},"jetpack_featured_media_url":"","_links":{"self":[{"href":"https:\/\/blog.panrotas.com.br\/espacoabracorp\/wp-json\/wp\/v2\/posts\/975"}],"collection":[{"href":"https:\/\/blog.panrotas.com.br\/espacoabracorp\/wp-json\/wp\/v2\/posts"}],"about":[{"href":"https:\/\/blog.panrotas.com.br\/espacoabracorp\/wp-json\/wp\/v2\/types\/post"}],"author":[{"embeddable":true,"href":"https:\/\/blog.panrotas.com.br\/espacoabracorp\/wp-json\/wp\/v2\/users\/27"}],"replies":[{"embeddable":true,"href":"https:\/\/blog.panrotas.com.br\/espacoabracorp\/wp-json\/wp\/v2\/comments?post=975"}],"version-history":[{"count":0,"href":"https:\/\/blog.panrotas.com.br\/espacoabracorp\/wp-json\/wp\/v2\/posts\/975\/revisions"}],"wp:attachment":[{"href":"https:\/\/blog.panrotas.com.br\/espacoabracorp\/wp-json\/wp\/v2\/media?parent=975"}],"wp:term":[{"taxonomy":"category","embeddable":true,"href":"https:\/\/blog.panrotas.com.br\/espacoabracorp\/wp-json\/wp\/v2\/categories?post=975"},{"taxonomy":"post_tag","embeddable":true,"href":"https:\/\/blog.panrotas.com.br\/espacoabracorp\/wp-json\/wp\/v2\/tags?post=975"}],"curies":[{"name":"wp","href":"https:\/\/api.w.org\/{rel}","templated":true}]}}