{"id":978,"date":"2015-10-15T22:44:00","date_gmt":"2015-10-16T01:44:00","guid":{"rendered":"http:\/\/blog.panrotas.com.br\/espacoabracorp\/?p=978"},"modified":"2015-10-15T22:44:00","modified_gmt":"2015-10-16T01:44:00","slug":"um-setor-em-evolucao-permanente","status":"publish","type":"post","link":"https:\/\/blog.panrotas.com.br\/espacoabracorp\/2015\/10\/15\/um-setor-em-evolucao-permanente\/","title":{"rendered":"Um setor em evolu\u00e7\u00e3o permanente\u00a0"},"content":{"rendered":"<p class=\"western\" align=\"JUSTIFY\">O setor de viagens e turismo est\u00e1 em movimento constante e busca sempre evoluir e aprimorar suas a\u00e7\u00f5es para ganhar efici\u00eancia, frente \u00e0s adversidades que tamb\u00e9m enfrentamos. Nesta quinta-feira, 15, Marcos Balsam\u00e3o toma posse como novo presidente da Abav-SP, Cristina Fritsch na Abav-RJ e Jo\u00e3o Augusto Machado na Abav-RS.<\/p>\n<p class=\"western\" align=\"JUSTIFY\">N\u00f3s, da Abracorp, saudamos os empossados pela coragem de enfrentar esse novo desafio e n\u00e3o somente desejamos boa sorte aos dirigentes, como apoiamos suas metas e objetivos para constru\u00edrem um novo tempo dentro de suas respectivas associa\u00e7\u00f5es.<\/p>\n<p class=\"western\" align=\"JUSTIFY\">Conhecedor das mais modernas t\u00e9cnicas de gest\u00e3o empresarial e <em>expert<\/em> no atendimento a clientes com elevado grau de exig\u00eancia de qualidade, Balsam\u00e3o dever\u00e1 acrescentar um <em>know-how<\/em> que agregar\u00e1 valor para desenvolver um mandato profissional e inovador. Cristina Fritsch, com mais de quatro d\u00e9cadas de experi\u00eancia no setor, tamb\u00e9m acumula grande conhecimento que poder\u00e1 agora ser potencializado na valoriza\u00e7\u00e3o da categoria. O mesmo avan\u00e7o esperamos com Jo\u00e3o Augusto Machado, que assume o posto no Rio Grande do Sul, ap\u00f3s uma gest\u00e3o como vice-presidente da estadual.<\/p>\n<p class=\"western\" align=\"JUSTIFY\">Aproveitamos a ocasi\u00e3o para saudar Carlos Palmeira Villanova (Abav-AL), Jos\u00e9 Alves Peixoto (Abav-BA), Colombo Ciadini (Abav-CE), Teresina Stange (Abav-ES), Edna Rocha (Abav-PA) e Marcos Teixeira (Abav-PE), que j\u00e1 aceitaram esse desafio e tomaram posse em seus estados anteriormente. Aguardamos agora que os demais executivos que assumir\u00e3o o posto em suas regi\u00f5es o fa\u00e7am com determina\u00e7\u00e3o e amor ao setor.<\/p>\n<p class=\"western\" align=\"JUSTIFY\">Acreditamos que cada um dos elos da cadeia do turismo tem seu valor e sua import\u00e2ncia e quanto mais unidos estiverem, maiores resultados ser\u00e3o obtidos para o setor como um todo. Ficamos na expectativa de a\u00e7\u00f5es inovadoras, voltadas \u00e0 crescente valoriza\u00e7\u00e3o e instrumentaliza\u00e7\u00e3o das ag\u00eancias de viagens associadas, aliadas \u00e0 incessante qualifica\u00e7\u00e3o dos profissionais do setor. Tamb\u00e9m pontuamos os feitos de todos que deixaram suas marcas, como presidentes, diretores e conselheiros que j\u00e1 contribu\u00edram ou continuam colaborando com o fortalecimento do sistema Abav, no qual a Abracorp se posiciona como entidade cong\u00eanere.<\/p>\n<p class=\"western\" align=\"JUSTIFY\">Dignidade profissional; capacidade de realizar atividades associativas relevantes; conquistar reconhecimento; e, proporcionar seguran\u00e7a para quem oferta e consome viagens s\u00e3o alguns dos fatores que acreditamos serem primordiais \u00e0s novas diretorias para o pr\u00f3ximo bi\u00eanio.<\/p>\n<p class=\"western\" align=\"JUSTIFY\">E, no mais, deixamos as portas da Abracorp sempre abertas ao di\u00e1logo, pois sabemos que por meio do interc\u00e2mbio e da sinergia de ideias e a\u00e7\u00f5es \u00e9 que construiremos um futuro promissor para o turismo nacional e todos os segmentos envolvidos.<\/p>\n","protected":false},"excerpt":{"rendered":"<p>O setor de viagens e turismo est\u00e1 em movimento constante e busca sempre evoluir e aprimorar suas a\u00e7\u00f5es para ganhar efici\u00eancia, frente \u00e0s adversidades que tamb\u00e9m enfrentamos. Nesta quinta-feira, 15, Marcos Balsam\u00e3o toma posse como novo presidente da Abav-SP, Cristina Fritsch na Abav-RJ e Jo\u00e3o Augusto Machado na Abav-RS. N\u00f3s, da Abracorp, saudamos os empossados&hellip; <a class=\"more-link\" href=\"https:\/\/blog.panrotas.com.br\/espacoabracorp\/2015\/10\/15\/um-setor-em-evolucao-permanente\/\">Continue reading &rarr;<\/a><\/p>\n","protected":false},"author":27,"featured_media":0,"comment_status":"open","ping_status":"open","sticky":false,"template":"","format":"standard","meta":{"spay_email":""},"categories":[3],"tags":[],"yoast_head":"<!-- This site is optimized with the Yoast SEO plugin v17.3 - https:\/\/yoast.com\/wordpress\/plugins\/seo\/ -->\n<title>Um setor em evolu\u00e7\u00e3o permanente\u00a0 - Espa\u00e7o Abracorp<\/title>\n<meta name=\"robots\" content=\"index, follow, max-snippet:-1, max-image-preview:large, max-video-preview:-1\" \/>\n<link rel=\"canonical\" href=\"https:\/\/blog.panrotas.com.br\/espacoabracorp\/2015\/10\/15\/um-setor-em-evolucao-permanente\/\" \/>\n<meta property=\"og:locale\" content=\"pt_BR\" \/>\n<meta property=\"og:type\" content=\"article\" \/>\n<meta property=\"og:title\" content=\"Um setor em evolu\u00e7\u00e3o permanente\u00a0 - Espa\u00e7o Abracorp\" \/>\n<meta property=\"og:description\" content=\"O setor de viagens e turismo est\u00e1 em movimento constante e busca sempre evoluir e aprimorar suas a\u00e7\u00f5es para ganhar efici\u00eancia, frente \u00e0s adversidades que tamb\u00e9m enfrentamos. Nesta quinta-feira, 15, Marcos Balsam\u00e3o toma posse como novo presidente da Abav-SP, Cristina Fritsch na Abav-RJ e Jo\u00e3o Augusto Machado na Abav-RS. N\u00f3s, da Abracorp, saudamos os empossados&hellip; Continue reading &rarr;\" \/>\n<meta property=\"og:url\" content=\"https:\/\/blog.panrotas.com.br\/espacoabracorp\/2015\/10\/15\/um-setor-em-evolucao-permanente\/\" \/>\n<meta property=\"og:site_name\" content=\"Espa\u00e7o Abracorp\" \/>\n<meta property=\"article:published_time\" content=\"2015-10-16T01:44:00+00:00\" \/>\n<meta name=\"twitter:card\" content=\"summary_large_image\" \/>\n<meta name=\"twitter:label1\" content=\"Escrito por\" \/>\n\t<meta name=\"twitter:data1\" content=\"Abracorp\" \/>\n\t<meta name=\"twitter:label2\" content=\"Est. tempo de leitura\" \/>\n\t<meta name=\"twitter:data2\" content=\"2 minutos\" \/>\n<script type=\"application\/ld+json\" class=\"yoast-schema-graph\">{\"@context\":\"https:\/\/schema.org\",\"@graph\":[{\"@type\":\"WebSite\",\"@id\":\"https:\/\/blog.panrotas.com.br\/espacoabracorp\/#website\",\"url\":\"https:\/\/blog.panrotas.com.br\/espacoabracorp\/\",\"name\":\"Espa\\u00e7o Abracorp\",\"description\":\"Blogosfera PANROTAS\",\"potentialAction\":[{\"@type\":\"SearchAction\",\"target\":{\"@type\":\"EntryPoint\",\"urlTemplate\":\"https:\/\/blog.panrotas.com.br\/espacoabracorp\/?s={search_term_string}\"},\"query-input\":\"required name=search_term_string\"}],\"inLanguage\":\"pt-BR\"},{\"@type\":\"WebPage\",\"@id\":\"https:\/\/blog.panrotas.com.br\/espacoabracorp\/2015\/10\/15\/um-setor-em-evolucao-permanente\/#webpage\",\"url\":\"https:\/\/blog.panrotas.com.br\/espacoabracorp\/2015\/10\/15\/um-setor-em-evolucao-permanente\/\",\"name\":\"Um setor em evolu\\u00e7\\u00e3o permanente\\u00a0 - Espa\\u00e7o Abracorp\",\"isPartOf\":{\"@id\":\"https:\/\/blog.panrotas.com.br\/espacoabracorp\/#website\"},\"datePublished\":\"2015-10-16T01:44:00+00:00\",\"dateModified\":\"2015-10-16T01:44:00+00:00\",\"author\":{\"@id\":\"https:\/\/blog.panrotas.com.br\/espacoabracorp\/#\/schema\/person\/c61095cb4ad58385b600360e86edcc70\"},\"breadcrumb\":{\"@id\":\"https:\/\/blog.panrotas.com.br\/espacoabracorp\/2015\/10\/15\/um-setor-em-evolucao-permanente\/#breadcrumb\"},\"inLanguage\":\"pt-BR\",\"potentialAction\":[{\"@type\":\"ReadAction\",\"target\":[\"https:\/\/blog.panrotas.com.br\/espacoabracorp\/2015\/10\/15\/um-setor-em-evolucao-permanente\/\"]}]},{\"@type\":\"BreadcrumbList\",\"@id\":\"https:\/\/blog.panrotas.com.br\/espacoabracorp\/2015\/10\/15\/um-setor-em-evolucao-permanente\/#breadcrumb\",\"itemListElement\":[{\"@type\":\"ListItem\",\"position\":1,\"name\":\"In\\u00edcio\",\"item\":\"https:\/\/blog.panrotas.com.br\/espacoabracorp\/\"},{\"@type\":\"ListItem\",\"position\":2,\"name\":\"Um setor em evolu\\u00e7\\u00e3o permanente\\u00a0\"}]},{\"@type\":\"Person\",\"@id\":\"https:\/\/blog.panrotas.com.br\/espacoabracorp\/#\/schema\/person\/c61095cb4ad58385b600360e86edcc70\",\"name\":\"Abracorp\",\"image\":{\"@type\":\"ImageObject\",\"@id\":\"https:\/\/blog.panrotas.com.br\/espacoabracorp\/#personlogo\",\"inLanguage\":\"pt-BR\",\"url\":\"https:\/\/secure.gravatar.com\/avatar\/7b0b250396075df2cb7378540ccff9ce?s=96&d=mm&r=g\",\"contentUrl\":\"https:\/\/secure.gravatar.com\/avatar\/7b0b250396075df2cb7378540ccff9ce?s=96&d=mm&r=g\",\"caption\":\"Abracorp\"},\"url\":\"https:\/\/blog.panrotas.com.br\/espacoabracorp\/author\/luiz\/\"}]}<\/script>\n<!-- \/ Yoast SEO plugin. -->","yoast_head_json":{"title":"Um setor em evolu\u00e7\u00e3o permanente\u00a0 - Espa\u00e7o Abracorp","robots":{"index":"index","follow":"follow","max-snippet":"max-snippet:-1","max-image-preview":"max-image-preview:large","max-video-preview":"max-video-preview:-1"},"canonical":"https:\/\/blog.panrotas.com.br\/espacoabracorp\/2015\/10\/15\/um-setor-em-evolucao-permanente\/","og_locale":"pt_BR","og_type":"article","og_title":"Um setor em evolu\u00e7\u00e3o permanente\u00a0 - Espa\u00e7o Abracorp","og_description":"O setor de viagens e turismo est\u00e1 em movimento constante e busca sempre evoluir e aprimorar suas a\u00e7\u00f5es para ganhar efici\u00eancia, frente \u00e0s adversidades que tamb\u00e9m enfrentamos. Nesta quinta-feira, 15, Marcos Balsam\u00e3o toma posse como novo presidente da Abav-SP, Cristina Fritsch na Abav-RJ e Jo\u00e3o Augusto Machado na Abav-RS. N\u00f3s, da Abracorp, saudamos os empossados&hellip; Continue reading &rarr;","og_url":"https:\/\/blog.panrotas.com.br\/espacoabracorp\/2015\/10\/15\/um-setor-em-evolucao-permanente\/","og_site_name":"Espa\u00e7o Abracorp","article_published_time":"2015-10-16T01:44:00+00:00","twitter_card":"summary_large_image","twitter_misc":{"Escrito por":"Abracorp","Est. tempo de leitura":"2 minutos"},"schema":{"@context":"https:\/\/schema.org","@graph":[{"@type":"WebSite","@id":"https:\/\/blog.panrotas.com.br\/espacoabracorp\/#website","url":"https:\/\/blog.panrotas.com.br\/espacoabracorp\/","name":"Espa\u00e7o Abracorp","description":"Blogosfera PANROTAS","potentialAction":[{"@type":"SearchAction","target":{"@type":"EntryPoint","urlTemplate":"https:\/\/blog.panrotas.com.br\/espacoabracorp\/?s={search_term_string}"},"query-input":"required name=search_term_string"}],"inLanguage":"pt-BR"},{"@type":"WebPage","@id":"https:\/\/blog.panrotas.com.br\/espacoabracorp\/2015\/10\/15\/um-setor-em-evolucao-permanente\/#webpage","url":"https:\/\/blog.panrotas.com.br\/espacoabracorp\/2015\/10\/15\/um-setor-em-evolucao-permanente\/","name":"Um setor em evolu\u00e7\u00e3o permanente\u00a0 - Espa\u00e7o Abracorp","isPartOf":{"@id":"https:\/\/blog.panrotas.com.br\/espacoabracorp\/#website"},"datePublished":"2015-10-16T01:44:00+00:00","dateModified":"2015-10-16T01:44:00+00:00","author":{"@id":"https:\/\/blog.panrotas.com.br\/espacoabracorp\/#\/schema\/person\/c61095cb4ad58385b600360e86edcc70"},"breadcrumb":{"@id":"https:\/\/blog.panrotas.com.br\/espacoabracorp\/2015\/10\/15\/um-setor-em-evolucao-permanente\/#breadcrumb"},"inLanguage":"pt-BR","potentialAction":[{"@type":"ReadAction","target":["https:\/\/blog.panrotas.com.br\/espacoabracorp\/2015\/10\/15\/um-setor-em-evolucao-permanente\/"]}]},{"@type":"BreadcrumbList","@id":"https:\/\/blog.panrotas.com.br\/espacoabracorp\/2015\/10\/15\/um-setor-em-evolucao-permanente\/#breadcrumb","itemListElement":[{"@type":"ListItem","position":1,"name":"In\u00edcio","item":"https:\/\/blog.panrotas.com.br\/espacoabracorp\/"},{"@type":"ListItem","position":2,"name":"Um setor em evolu\u00e7\u00e3o permanente\u00a0"}]},{"@type":"Person","@id":"https:\/\/blog.panrotas.com.br\/espacoabracorp\/#\/schema\/person\/c61095cb4ad58385b600360e86edcc70","name":"Abracorp","image":{"@type":"ImageObject","@id":"https:\/\/blog.panrotas.com.br\/espacoabracorp\/#personlogo","inLanguage":"pt-BR","url":"https:\/\/secure.gravatar.com\/avatar\/7b0b250396075df2cb7378540ccff9ce?s=96&d=mm&r=g","contentUrl":"https:\/\/secure.gravatar.com\/avatar\/7b0b250396075df2cb7378540ccff9ce?s=96&d=mm&r=g","caption":"Abracorp"},"url":"https:\/\/blog.panrotas.com.br\/espacoabracorp\/author\/luiz\/"}]}},"jetpack_featured_media_url":"","_links":{"self":[{"href":"https:\/\/blog.panrotas.com.br\/espacoabracorp\/wp-json\/wp\/v2\/posts\/978"}],"collection":[{"href":"https:\/\/blog.panrotas.com.br\/espacoabracorp\/wp-json\/wp\/v2\/posts"}],"about":[{"href":"https:\/\/blog.panrotas.com.br\/espacoabracorp\/wp-json\/wp\/v2\/types\/post"}],"author":[{"embeddable":true,"href":"https:\/\/blog.panrotas.com.br\/espacoabracorp\/wp-json\/wp\/v2\/users\/27"}],"replies":[{"embeddable":true,"href":"https:\/\/blog.panrotas.com.br\/espacoabracorp\/wp-json\/wp\/v2\/comments?post=978"}],"version-history":[{"count":0,"href":"https:\/\/blog.panrotas.com.br\/espacoabracorp\/wp-json\/wp\/v2\/posts\/978\/revisions"}],"wp:attachment":[{"href":"https:\/\/blog.panrotas.com.br\/espacoabracorp\/wp-json\/wp\/v2\/media?parent=978"}],"wp:term":[{"taxonomy":"category","embeddable":true,"href":"https:\/\/blog.panrotas.com.br\/espacoabracorp\/wp-json\/wp\/v2\/categories?post=978"},{"taxonomy":"post_tag","embeddable":true,"href":"https:\/\/blog.panrotas.com.br\/espacoabracorp\/wp-json\/wp\/v2\/tags?post=978"}],"curies":[{"name":"wp","href":"https:\/\/api.w.org\/{rel}","templated":true}]}}