{"id":981,"date":"2015-10-22T10:45:38","date_gmt":"2015-10-22T12:45:38","guid":{"rendered":"http:\/\/blog.panrotas.com.br\/espacoabracorp\/?p=981"},"modified":"2015-10-22T10:45:38","modified_gmt":"2015-10-22T12:45:38","slug":"expectativas-positivas-para-o-final-de-ano","status":"publish","type":"post","link":"https:\/\/blog.panrotas.com.br\/espacoabracorp\/2015\/10\/22\/expectativas-positivas-para-o-final-de-ano\/","title":{"rendered":"Expectativas positivas para o final de ano"},"content":{"rendered":"<blockquote>\n<p class=\"western\" align=\"JUSTIFY\">Diante do pessimismo que parece abater boa parte da economia nacional, causando uma sensa\u00e7\u00e3o de desesperan\u00e7a aos brasileiros, sentimos uma certa incredulidade de alguns segmentos do turismo quando divulgamos o \u00faltimo levantamento semestral da Abracorp, que aponta no primeiro per\u00edodo deste um ano um dado positivo de 7,8% nas vendas do segmento corporativo. Como temos reiterado, esse valor n\u00e3o se refere a todos os <em>players<\/em>, mas sim \u00e0 m\u00e9dia dos associados Abracorp. Eles s\u00e3o um par\u00e2metro fidedigno do cen\u00e1rio atual, que aponta segmentos com retra\u00e7\u00f5es, como <em>transfers<\/em> (-6,8%) e hotelaria nacional (-3,6%), e tamb\u00e9m positividade, como a hotelaria internacional (30,6%), os servi\u00e7os (22,4%) e o a\u00e9reo internacional (18,9%).<\/p>\n<p class=\"western\" align=\"JUSTIFY\">Apesar da desvaloriza\u00e7\u00e3o do real frente ao d\u00f3lar oscilar mais negativamente na segunda metade de 2015, assim como o segmento de lazer, esperamos fechar o ano com um crescimento de at\u00e9 5%. Embora os dados oficiais s\u00f3 come\u00e7aremos a contabilizar em janeiro de 2016, esse \u00e9 o term\u00f4metro que as associadas Abracorp indicam para a pr\u00f3xima temporada, a qual inclui o Natal e R\u00e9veillon.<\/p>\n<p class=\"western\" align=\"JUSTIFY\">N\u00e3o \u00e9 simplesmente uma an\u00e1lise otimista, mas sim uma previs\u00e3o baseada em fatos como o crescimento da oferta de bilhetes a\u00e9reos em 9% e da demanda em 2%. Tamb\u00e9m corrobora o n\u00famero maior de feriados prolongados, que impulsionar\u00e1 decisivamente o segmento de lazer, o fator elei\u00e7\u00f5es, que provocou uma queda de 10% nas vendas de passagens a\u00e9reas em outubro de 2014, em compara\u00e7\u00e3o a igual per\u00edodo do ano anterior, o fraco desempenho com as vendas durante o per\u00edodo da Copa do Mundo 2014 e a queda no pre\u00e7o m\u00e9dio dos bilhetes. Levando em conta o hist\u00f3rico da d\u00e9cada divulgado pela Anac, que monitora um grupo de rotas, observamos uma redu\u00e7\u00e3o de 57,35% entre 2005 e dezembro de 2014. A tarifa m\u00e9dia passou de R$ 622,80 h\u00e1 dez anos para R$ 283,59 no final do ano passado.<\/p>\n<p class=\"western\" align=\"JUSTIFY\">Quanto ao pr\u00f3ximo ano, ainda h\u00e1 muitas incertezas em rela\u00e7\u00e3o \u00e0 economia e \u00e0 pol\u00edtica. Mas acreditamos que o setor como um todo tem um equil\u00edbrio natural. Se as viagens internacionais sofrerem uma refreada em virtude de oscila\u00e7\u00f5es no cambiais, os pre\u00e7os das passagens (indexados pelo d\u00f3lar) caem e o mercado dom\u00e9stico e o receptivo se fortalecem. H\u00e1 ainda outros fatores macroecon\u00f4micos, como o valor do petr\u00f3leo, que interferem quase que em toda a cadeia. Podemos hoje estimar que o ano de 2016 manter\u00e1 a mesma proje\u00e7\u00e3o de crescimento de 5% at\u00e9 o final do pr\u00f3ximo per\u00edodo. Somos um setor que trabalha, de uma forma geral, a m\u00e9dio e longo prazos, o que significa uma esperan\u00e7a para os demais setores da economia nacional.<\/p>\n<\/blockquote>\n","protected":false},"excerpt":{"rendered":"<p>Diante do pessimismo que parece abater boa parte da economia nacional, causando uma sensa\u00e7\u00e3o de desesperan\u00e7a aos brasileiros, sentimos uma certa incredulidade de alguns segmentos do turismo quando divulgamos o \u00faltimo levantamento semestral da Abracorp, que aponta no primeiro per\u00edodo deste um ano um dado positivo de 7,8% nas vendas do segmento corporativo. Como temos&hellip; <a class=\"more-link\" href=\"https:\/\/blog.panrotas.com.br\/espacoabracorp\/2015\/10\/22\/expectativas-positivas-para-o-final-de-ano\/\">Continue reading &rarr;<\/a><\/p>\n","protected":false},"author":27,"featured_media":0,"comment_status":"open","ping_status":"open","sticky":false,"template":"","format":"standard","meta":{"spay_email":""},"categories":[3],"tags":[],"yoast_head":"<!-- This site is optimized with the Yoast SEO plugin v17.3 - https:\/\/yoast.com\/wordpress\/plugins\/seo\/ -->\n<title>Expectativas positivas para o final de ano - Espa\u00e7o Abracorp<\/title>\n<meta name=\"robots\" content=\"index, follow, max-snippet:-1, max-image-preview:large, max-video-preview:-1\" \/>\n<link rel=\"canonical\" href=\"https:\/\/blog.panrotas.com.br\/espacoabracorp\/2015\/10\/22\/expectativas-positivas-para-o-final-de-ano\/\" \/>\n<meta property=\"og:locale\" content=\"pt_BR\" \/>\n<meta property=\"og:type\" content=\"article\" \/>\n<meta property=\"og:title\" content=\"Expectativas positivas para o final de ano - Espa\u00e7o Abracorp\" \/>\n<meta property=\"og:description\" content=\"Diante do pessimismo que parece abater boa parte da economia nacional, causando uma sensa\u00e7\u00e3o de desesperan\u00e7a aos brasileiros, sentimos uma certa incredulidade de alguns segmentos do turismo quando divulgamos o \u00faltimo levantamento semestral da Abracorp, que aponta no primeiro per\u00edodo deste um ano um dado positivo de 7,8% nas vendas do segmento corporativo. Como temos&hellip; Continue reading &rarr;\" \/>\n<meta property=\"og:url\" content=\"https:\/\/blog.panrotas.com.br\/espacoabracorp\/2015\/10\/22\/expectativas-positivas-para-o-final-de-ano\/\" \/>\n<meta property=\"og:site_name\" content=\"Espa\u00e7o Abracorp\" \/>\n<meta property=\"article:published_time\" content=\"2015-10-22T12:45:38+00:00\" \/>\n<meta name=\"twitter:card\" content=\"summary_large_image\" \/>\n<meta name=\"twitter:label1\" content=\"Escrito por\" \/>\n\t<meta name=\"twitter:data1\" content=\"Abracorp\" \/>\n\t<meta name=\"twitter:label2\" content=\"Est. tempo de leitura\" \/>\n\t<meta name=\"twitter:data2\" content=\"2 minutos\" \/>\n<script type=\"application\/ld+json\" class=\"yoast-schema-graph\">{\"@context\":\"https:\/\/schema.org\",\"@graph\":[{\"@type\":\"WebSite\",\"@id\":\"https:\/\/blog.panrotas.com.br\/espacoabracorp\/#website\",\"url\":\"https:\/\/blog.panrotas.com.br\/espacoabracorp\/\",\"name\":\"Espa\\u00e7o Abracorp\",\"description\":\"Blogosfera PANROTAS\",\"potentialAction\":[{\"@type\":\"SearchAction\",\"target\":{\"@type\":\"EntryPoint\",\"urlTemplate\":\"https:\/\/blog.panrotas.com.br\/espacoabracorp\/?s={search_term_string}\"},\"query-input\":\"required name=search_term_string\"}],\"inLanguage\":\"pt-BR\"},{\"@type\":\"WebPage\",\"@id\":\"https:\/\/blog.panrotas.com.br\/espacoabracorp\/2015\/10\/22\/expectativas-positivas-para-o-final-de-ano\/#webpage\",\"url\":\"https:\/\/blog.panrotas.com.br\/espacoabracorp\/2015\/10\/22\/expectativas-positivas-para-o-final-de-ano\/\",\"name\":\"Expectativas positivas para o final de ano - Espa\\u00e7o Abracorp\",\"isPartOf\":{\"@id\":\"https:\/\/blog.panrotas.com.br\/espacoabracorp\/#website\"},\"datePublished\":\"2015-10-22T12:45:38+00:00\",\"dateModified\":\"2015-10-22T12:45:38+00:00\",\"author\":{\"@id\":\"https:\/\/blog.panrotas.com.br\/espacoabracorp\/#\/schema\/person\/c61095cb4ad58385b600360e86edcc70\"},\"breadcrumb\":{\"@id\":\"https:\/\/blog.panrotas.com.br\/espacoabracorp\/2015\/10\/22\/expectativas-positivas-para-o-final-de-ano\/#breadcrumb\"},\"inLanguage\":\"pt-BR\",\"potentialAction\":[{\"@type\":\"ReadAction\",\"target\":[\"https:\/\/blog.panrotas.com.br\/espacoabracorp\/2015\/10\/22\/expectativas-positivas-para-o-final-de-ano\/\"]}]},{\"@type\":\"BreadcrumbList\",\"@id\":\"https:\/\/blog.panrotas.com.br\/espacoabracorp\/2015\/10\/22\/expectativas-positivas-para-o-final-de-ano\/#breadcrumb\",\"itemListElement\":[{\"@type\":\"ListItem\",\"position\":1,\"name\":\"In\\u00edcio\",\"item\":\"https:\/\/blog.panrotas.com.br\/espacoabracorp\/\"},{\"@type\":\"ListItem\",\"position\":2,\"name\":\"Expectativas positivas para o final de ano\"}]},{\"@type\":\"Person\",\"@id\":\"https:\/\/blog.panrotas.com.br\/espacoabracorp\/#\/schema\/person\/c61095cb4ad58385b600360e86edcc70\",\"name\":\"Abracorp\",\"image\":{\"@type\":\"ImageObject\",\"@id\":\"https:\/\/blog.panrotas.com.br\/espacoabracorp\/#personlogo\",\"inLanguage\":\"pt-BR\",\"url\":\"https:\/\/secure.gravatar.com\/avatar\/7b0b250396075df2cb7378540ccff9ce?s=96&d=mm&r=g\",\"contentUrl\":\"https:\/\/secure.gravatar.com\/avatar\/7b0b250396075df2cb7378540ccff9ce?s=96&d=mm&r=g\",\"caption\":\"Abracorp\"},\"url\":\"https:\/\/blog.panrotas.com.br\/espacoabracorp\/author\/luiz\/\"}]}<\/script>\n<!-- \/ Yoast SEO plugin. -->","yoast_head_json":{"title":"Expectativas positivas para o final de ano - Espa\u00e7o Abracorp","robots":{"index":"index","follow":"follow","max-snippet":"max-snippet:-1","max-image-preview":"max-image-preview:large","max-video-preview":"max-video-preview:-1"},"canonical":"https:\/\/blog.panrotas.com.br\/espacoabracorp\/2015\/10\/22\/expectativas-positivas-para-o-final-de-ano\/","og_locale":"pt_BR","og_type":"article","og_title":"Expectativas positivas para o final de ano - Espa\u00e7o Abracorp","og_description":"Diante do pessimismo que parece abater boa parte da economia nacional, causando uma sensa\u00e7\u00e3o de desesperan\u00e7a aos brasileiros, sentimos uma certa incredulidade de alguns segmentos do turismo quando divulgamos o \u00faltimo levantamento semestral da Abracorp, que aponta no primeiro per\u00edodo deste um ano um dado positivo de 7,8% nas vendas do segmento corporativo. Como temos&hellip; Continue reading &rarr;","og_url":"https:\/\/blog.panrotas.com.br\/espacoabracorp\/2015\/10\/22\/expectativas-positivas-para-o-final-de-ano\/","og_site_name":"Espa\u00e7o Abracorp","article_published_time":"2015-10-22T12:45:38+00:00","twitter_card":"summary_large_image","twitter_misc":{"Escrito por":"Abracorp","Est. tempo de leitura":"2 minutos"},"schema":{"@context":"https:\/\/schema.org","@graph":[{"@type":"WebSite","@id":"https:\/\/blog.panrotas.com.br\/espacoabracorp\/#website","url":"https:\/\/blog.panrotas.com.br\/espacoabracorp\/","name":"Espa\u00e7o Abracorp","description":"Blogosfera PANROTAS","potentialAction":[{"@type":"SearchAction","target":{"@type":"EntryPoint","urlTemplate":"https:\/\/blog.panrotas.com.br\/espacoabracorp\/?s={search_term_string}"},"query-input":"required name=search_term_string"}],"inLanguage":"pt-BR"},{"@type":"WebPage","@id":"https:\/\/blog.panrotas.com.br\/espacoabracorp\/2015\/10\/22\/expectativas-positivas-para-o-final-de-ano\/#webpage","url":"https:\/\/blog.panrotas.com.br\/espacoabracorp\/2015\/10\/22\/expectativas-positivas-para-o-final-de-ano\/","name":"Expectativas positivas para o final de ano - Espa\u00e7o Abracorp","isPartOf":{"@id":"https:\/\/blog.panrotas.com.br\/espacoabracorp\/#website"},"datePublished":"2015-10-22T12:45:38+00:00","dateModified":"2015-10-22T12:45:38+00:00","author":{"@id":"https:\/\/blog.panrotas.com.br\/espacoabracorp\/#\/schema\/person\/c61095cb4ad58385b600360e86edcc70"},"breadcrumb":{"@id":"https:\/\/blog.panrotas.com.br\/espacoabracorp\/2015\/10\/22\/expectativas-positivas-para-o-final-de-ano\/#breadcrumb"},"inLanguage":"pt-BR","potentialAction":[{"@type":"ReadAction","target":["https:\/\/blog.panrotas.com.br\/espacoabracorp\/2015\/10\/22\/expectativas-positivas-para-o-final-de-ano\/"]}]},{"@type":"BreadcrumbList","@id":"https:\/\/blog.panrotas.com.br\/espacoabracorp\/2015\/10\/22\/expectativas-positivas-para-o-final-de-ano\/#breadcrumb","itemListElement":[{"@type":"ListItem","position":1,"name":"In\u00edcio","item":"https:\/\/blog.panrotas.com.br\/espacoabracorp\/"},{"@type":"ListItem","position":2,"name":"Expectativas positivas para o final de ano"}]},{"@type":"Person","@id":"https:\/\/blog.panrotas.com.br\/espacoabracorp\/#\/schema\/person\/c61095cb4ad58385b600360e86edcc70","name":"Abracorp","image":{"@type":"ImageObject","@id":"https:\/\/blog.panrotas.com.br\/espacoabracorp\/#personlogo","inLanguage":"pt-BR","url":"https:\/\/secure.gravatar.com\/avatar\/7b0b250396075df2cb7378540ccff9ce?s=96&d=mm&r=g","contentUrl":"https:\/\/secure.gravatar.com\/avatar\/7b0b250396075df2cb7378540ccff9ce?s=96&d=mm&r=g","caption":"Abracorp"},"url":"https:\/\/blog.panrotas.com.br\/espacoabracorp\/author\/luiz\/"}]}},"jetpack_featured_media_url":"","_links":{"self":[{"href":"https:\/\/blog.panrotas.com.br\/espacoabracorp\/wp-json\/wp\/v2\/posts\/981"}],"collection":[{"href":"https:\/\/blog.panrotas.com.br\/espacoabracorp\/wp-json\/wp\/v2\/posts"}],"about":[{"href":"https:\/\/blog.panrotas.com.br\/espacoabracorp\/wp-json\/wp\/v2\/types\/post"}],"author":[{"embeddable":true,"href":"https:\/\/blog.panrotas.com.br\/espacoabracorp\/wp-json\/wp\/v2\/users\/27"}],"replies":[{"embeddable":true,"href":"https:\/\/blog.panrotas.com.br\/espacoabracorp\/wp-json\/wp\/v2\/comments?post=981"}],"version-history":[{"count":0,"href":"https:\/\/blog.panrotas.com.br\/espacoabracorp\/wp-json\/wp\/v2\/posts\/981\/revisions"}],"wp:attachment":[{"href":"https:\/\/blog.panrotas.com.br\/espacoabracorp\/wp-json\/wp\/v2\/media?parent=981"}],"wp:term":[{"taxonomy":"category","embeddable":true,"href":"https:\/\/blog.panrotas.com.br\/espacoabracorp\/wp-json\/wp\/v2\/categories?post=981"},{"taxonomy":"post_tag","embeddable":true,"href":"https:\/\/blog.panrotas.com.br\/espacoabracorp\/wp-json\/wp\/v2\/tags?post=981"}],"curies":[{"name":"wp","href":"https:\/\/api.w.org\/{rel}","templated":true}]}}