{"id":987,"date":"2015-10-27T16:19:55","date_gmt":"2015-10-27T18:19:55","guid":{"rendered":"http:\/\/blog.panrotas.com.br\/espacoabracorp\/?p=987"},"modified":"2015-10-27T16:19:55","modified_gmt":"2015-10-27T18:19:55","slug":"o-que-esperar-do-segmento-de-locacoes-de-veiculos","status":"publish","type":"post","link":"https:\/\/blog.panrotas.com.br\/espacoabracorp\/2015\/10\/27\/o-que-esperar-do-segmento-de-locacoes-de-veiculos\/","title":{"rendered":"O que esperar do segmento de loca\u00e7\u00f5es de ve\u00edculos?"},"content":{"rendered":"<p class=\"western\" align=\"JUSTIFY\">Nesta quinta-feira (29), a reuni\u00e3o mensal da Abracorp debater\u00e1 o segmento de loca\u00e7\u00f5es de ve\u00edculos e contar\u00e1 com a participa\u00e7\u00e3o de um executivo da Localiza, que representou 58,3% das vendas das associadas no primeiro semestre deste ano. Em tempos de reajustes nas contas das empresas e de pol\u00eamicas com o Uber e outras novas tecnologias de economia compartilhada \u00e9 um bom momento para ponderarmos sobre os resultados e os desafios que as TMCs obt\u00eam com este segmento nos cen\u00e1rios nacional e internacional.<\/p>\n<p class=\"western\" align=\"JUSTIFY\">Levantamento com as 30 associadas no primeiro semestre apontam uma ligeira varia\u00e7\u00e3o nas vendas de -2,1%, em compara\u00e7\u00e3o com o mesmo per\u00edodo do ano anterior, em rela\u00e7\u00e3o \u00e0s loca\u00e7\u00f5es nacionais. Tamb\u00e9m observamos disparidades entre as cinco principais empresas, que respondem por quase 90% das vendas e por cerca de 94% da participa\u00e7\u00e3o de mercado em rela\u00e7\u00e3o \u00e0s di\u00e1rias. Verificamos um crescimento espantoso de 288,4% da Movida e de 20,4% da Unidas contra uma varia\u00e7\u00e3o negativa de 2,4% da Localiza, 25,7% da Hertz e -47,9% da Avis.<\/p>\n<p class=\"western\" align=\"JUSTIFY\">J\u00e1, no cen\u00e1rio internacional de loca\u00e7\u00f5es, o movimento foi considerado surpreendente, com um crescimento de 34,5% na compara\u00e7\u00e3o com o primeiro semestre de 2014. As vendas passaram de R$ 12,4 milh\u00f5es para R$ 16,7 milh\u00f5es. Creio que muitos devem se questionar agora sobre o que podemos esperar para o futuro e \u00e9 justamente isso o que pretendemos entender no encontro.<\/p>\n<p class=\"western\" align=\"JUSTIFY\">No f\u00f3rum de debates do m\u00eas de junho, recebemos o CEO da Movida, Renato Franklin, que falou sobre as novidades, os investimentos e as a\u00e7\u00f5es da locadora com o objetivo de enfrentar o momento de crise e sobre a import\u00e2ncia da Abracorp para a empresa. Em novembro do ano passado, reuniram-se representantes das cinco companhias e \u00e0 \u00e9poca chegamos \u00e0 conclus\u00e3o de que o segmento tem muito a crescer no Pa\u00eds e de que ir\u00edamos manter uma discuss\u00e3o constante e cont\u00ednua para alavancarmos esse ramo de neg\u00f3cio.<\/p>\n<p class=\"western\" align=\"JUSTIFY\">Perto de completar um ano deste encontro, poderemos identificar de uma forma mais clara o que vem ocorrendo, assim como apresentar a maneira correta de agirmos e os pontos que podemos melhorar, j\u00e1 que as reuni\u00f5es s\u00e3o sempre marcadas por este esp\u00edrito de supera\u00e7\u00e3o e pela posterior implementa\u00e7\u00e3o das melhores pr\u00e1ticas encontradas. \u00c9, sem d\u00favida, um espa\u00e7o \u00edmpar para que os executivos estejam presentes e apresentem suas opini\u00f5es, pois s\u00f3 assim construiremos um futuro mais promissor para todos os envolvidos.<\/p>\n","protected":false},"excerpt":{"rendered":"<p>Nesta quinta-feira (29), a reuni\u00e3o mensal da Abracorp debater\u00e1 o segmento de loca\u00e7\u00f5es de ve\u00edculos e contar\u00e1 com a participa\u00e7\u00e3o de um executivo da Localiza, que representou 58,3% das vendas das associadas no primeiro semestre deste ano. Em tempos de reajustes nas contas das empresas e de pol\u00eamicas com o Uber e outras novas tecnologias&hellip; <a class=\"more-link\" href=\"https:\/\/blog.panrotas.com.br\/espacoabracorp\/2015\/10\/27\/o-que-esperar-do-segmento-de-locacoes-de-veiculos\/\">Continue reading &rarr;<\/a><\/p>\n","protected":false},"author":27,"featured_media":0,"comment_status":"open","ping_status":"open","sticky":false,"template":"","format":"standard","meta":{"spay_email":""},"categories":[3],"tags":[],"yoast_head":"<!-- This site is optimized with the Yoast SEO plugin v17.3 - https:\/\/yoast.com\/wordpress\/plugins\/seo\/ -->\n<title>O que esperar do segmento de loca\u00e7\u00f5es de ve\u00edculos? - Espa\u00e7o Abracorp<\/title>\n<meta name=\"robots\" content=\"index, follow, max-snippet:-1, max-image-preview:large, max-video-preview:-1\" \/>\n<link rel=\"canonical\" href=\"https:\/\/blog.panrotas.com.br\/espacoabracorp\/2015\/10\/27\/o-que-esperar-do-segmento-de-locacoes-de-veiculos\/\" \/>\n<meta property=\"og:locale\" content=\"pt_BR\" \/>\n<meta property=\"og:type\" content=\"article\" \/>\n<meta property=\"og:title\" content=\"O que esperar do segmento de loca\u00e7\u00f5es de ve\u00edculos? - Espa\u00e7o Abracorp\" \/>\n<meta property=\"og:description\" content=\"Nesta quinta-feira (29), a reuni\u00e3o mensal da Abracorp debater\u00e1 o segmento de loca\u00e7\u00f5es de ve\u00edculos e contar\u00e1 com a participa\u00e7\u00e3o de um executivo da Localiza, que representou 58,3% das vendas das associadas no primeiro semestre deste ano. Em tempos de reajustes nas contas das empresas e de pol\u00eamicas com o Uber e outras novas tecnologias&hellip; Continue reading &rarr;\" \/>\n<meta property=\"og:url\" content=\"https:\/\/blog.panrotas.com.br\/espacoabracorp\/2015\/10\/27\/o-que-esperar-do-segmento-de-locacoes-de-veiculos\/\" \/>\n<meta property=\"og:site_name\" content=\"Espa\u00e7o Abracorp\" \/>\n<meta property=\"article:published_time\" content=\"2015-10-27T18:19:55+00:00\" \/>\n<meta name=\"twitter:card\" content=\"summary_large_image\" \/>\n<meta name=\"twitter:label1\" content=\"Escrito por\" \/>\n\t<meta name=\"twitter:data1\" content=\"Abracorp\" \/>\n\t<meta name=\"twitter:label2\" content=\"Est. tempo de leitura\" \/>\n\t<meta name=\"twitter:data2\" content=\"2 minutos\" \/>\n<script type=\"application\/ld+json\" class=\"yoast-schema-graph\">{\"@context\":\"https:\/\/schema.org\",\"@graph\":[{\"@type\":\"WebSite\",\"@id\":\"https:\/\/blog.panrotas.com.br\/espacoabracorp\/#website\",\"url\":\"https:\/\/blog.panrotas.com.br\/espacoabracorp\/\",\"name\":\"Espa\\u00e7o Abracorp\",\"description\":\"Blogosfera PANROTAS\",\"potentialAction\":[{\"@type\":\"SearchAction\",\"target\":{\"@type\":\"EntryPoint\",\"urlTemplate\":\"https:\/\/blog.panrotas.com.br\/espacoabracorp\/?s={search_term_string}\"},\"query-input\":\"required name=search_term_string\"}],\"inLanguage\":\"pt-BR\"},{\"@type\":\"WebPage\",\"@id\":\"https:\/\/blog.panrotas.com.br\/espacoabracorp\/2015\/10\/27\/o-que-esperar-do-segmento-de-locacoes-de-veiculos\/#webpage\",\"url\":\"https:\/\/blog.panrotas.com.br\/espacoabracorp\/2015\/10\/27\/o-que-esperar-do-segmento-de-locacoes-de-veiculos\/\",\"name\":\"O que esperar do segmento de loca\\u00e7\\u00f5es de ve\\u00edculos? - Espa\\u00e7o Abracorp\",\"isPartOf\":{\"@id\":\"https:\/\/blog.panrotas.com.br\/espacoabracorp\/#website\"},\"datePublished\":\"2015-10-27T18:19:55+00:00\",\"dateModified\":\"2015-10-27T18:19:55+00:00\",\"author\":{\"@id\":\"https:\/\/blog.panrotas.com.br\/espacoabracorp\/#\/schema\/person\/c61095cb4ad58385b600360e86edcc70\"},\"breadcrumb\":{\"@id\":\"https:\/\/blog.panrotas.com.br\/espacoabracorp\/2015\/10\/27\/o-que-esperar-do-segmento-de-locacoes-de-veiculos\/#breadcrumb\"},\"inLanguage\":\"pt-BR\",\"potentialAction\":[{\"@type\":\"ReadAction\",\"target\":[\"https:\/\/blog.panrotas.com.br\/espacoabracorp\/2015\/10\/27\/o-que-esperar-do-segmento-de-locacoes-de-veiculos\/\"]}]},{\"@type\":\"BreadcrumbList\",\"@id\":\"https:\/\/blog.panrotas.com.br\/espacoabracorp\/2015\/10\/27\/o-que-esperar-do-segmento-de-locacoes-de-veiculos\/#breadcrumb\",\"itemListElement\":[{\"@type\":\"ListItem\",\"position\":1,\"name\":\"In\\u00edcio\",\"item\":\"https:\/\/blog.panrotas.com.br\/espacoabracorp\/\"},{\"@type\":\"ListItem\",\"position\":2,\"name\":\"O que esperar do segmento de loca\\u00e7\\u00f5es de ve\\u00edculos?\"}]},{\"@type\":\"Person\",\"@id\":\"https:\/\/blog.panrotas.com.br\/espacoabracorp\/#\/schema\/person\/c61095cb4ad58385b600360e86edcc70\",\"name\":\"Abracorp\",\"image\":{\"@type\":\"ImageObject\",\"@id\":\"https:\/\/blog.panrotas.com.br\/espacoabracorp\/#personlogo\",\"inLanguage\":\"pt-BR\",\"url\":\"https:\/\/secure.gravatar.com\/avatar\/7b0b250396075df2cb7378540ccff9ce?s=96&d=mm&r=g\",\"contentUrl\":\"https:\/\/secure.gravatar.com\/avatar\/7b0b250396075df2cb7378540ccff9ce?s=96&d=mm&r=g\",\"caption\":\"Abracorp\"},\"url\":\"https:\/\/blog.panrotas.com.br\/espacoabracorp\/author\/luiz\/\"}]}<\/script>\n<!-- \/ Yoast SEO plugin. -->","yoast_head_json":{"title":"O que esperar do segmento de loca\u00e7\u00f5es de ve\u00edculos? - Espa\u00e7o Abracorp","robots":{"index":"index","follow":"follow","max-snippet":"max-snippet:-1","max-image-preview":"max-image-preview:large","max-video-preview":"max-video-preview:-1"},"canonical":"https:\/\/blog.panrotas.com.br\/espacoabracorp\/2015\/10\/27\/o-que-esperar-do-segmento-de-locacoes-de-veiculos\/","og_locale":"pt_BR","og_type":"article","og_title":"O que esperar do segmento de loca\u00e7\u00f5es de ve\u00edculos? - Espa\u00e7o Abracorp","og_description":"Nesta quinta-feira (29), a reuni\u00e3o mensal da Abracorp debater\u00e1 o segmento de loca\u00e7\u00f5es de ve\u00edculos e contar\u00e1 com a participa\u00e7\u00e3o de um executivo da Localiza, que representou 58,3% das vendas das associadas no primeiro semestre deste ano. Em tempos de reajustes nas contas das empresas e de pol\u00eamicas com o Uber e outras novas tecnologias&hellip; Continue reading &rarr;","og_url":"https:\/\/blog.panrotas.com.br\/espacoabracorp\/2015\/10\/27\/o-que-esperar-do-segmento-de-locacoes-de-veiculos\/","og_site_name":"Espa\u00e7o Abracorp","article_published_time":"2015-10-27T18:19:55+00:00","twitter_card":"summary_large_image","twitter_misc":{"Escrito por":"Abracorp","Est. tempo de leitura":"2 minutos"},"schema":{"@context":"https:\/\/schema.org","@graph":[{"@type":"WebSite","@id":"https:\/\/blog.panrotas.com.br\/espacoabracorp\/#website","url":"https:\/\/blog.panrotas.com.br\/espacoabracorp\/","name":"Espa\u00e7o Abracorp","description":"Blogosfera PANROTAS","potentialAction":[{"@type":"SearchAction","target":{"@type":"EntryPoint","urlTemplate":"https:\/\/blog.panrotas.com.br\/espacoabracorp\/?s={search_term_string}"},"query-input":"required name=search_term_string"}],"inLanguage":"pt-BR"},{"@type":"WebPage","@id":"https:\/\/blog.panrotas.com.br\/espacoabracorp\/2015\/10\/27\/o-que-esperar-do-segmento-de-locacoes-de-veiculos\/#webpage","url":"https:\/\/blog.panrotas.com.br\/espacoabracorp\/2015\/10\/27\/o-que-esperar-do-segmento-de-locacoes-de-veiculos\/","name":"O que esperar do segmento de loca\u00e7\u00f5es de ve\u00edculos? - Espa\u00e7o Abracorp","isPartOf":{"@id":"https:\/\/blog.panrotas.com.br\/espacoabracorp\/#website"},"datePublished":"2015-10-27T18:19:55+00:00","dateModified":"2015-10-27T18:19:55+00:00","author":{"@id":"https:\/\/blog.panrotas.com.br\/espacoabracorp\/#\/schema\/person\/c61095cb4ad58385b600360e86edcc70"},"breadcrumb":{"@id":"https:\/\/blog.panrotas.com.br\/espacoabracorp\/2015\/10\/27\/o-que-esperar-do-segmento-de-locacoes-de-veiculos\/#breadcrumb"},"inLanguage":"pt-BR","potentialAction":[{"@type":"ReadAction","target":["https:\/\/blog.panrotas.com.br\/espacoabracorp\/2015\/10\/27\/o-que-esperar-do-segmento-de-locacoes-de-veiculos\/"]}]},{"@type":"BreadcrumbList","@id":"https:\/\/blog.panrotas.com.br\/espacoabracorp\/2015\/10\/27\/o-que-esperar-do-segmento-de-locacoes-de-veiculos\/#breadcrumb","itemListElement":[{"@type":"ListItem","position":1,"name":"In\u00edcio","item":"https:\/\/blog.panrotas.com.br\/espacoabracorp\/"},{"@type":"ListItem","position":2,"name":"O que esperar do segmento de loca\u00e7\u00f5es de ve\u00edculos?"}]},{"@type":"Person","@id":"https:\/\/blog.panrotas.com.br\/espacoabracorp\/#\/schema\/person\/c61095cb4ad58385b600360e86edcc70","name":"Abracorp","image":{"@type":"ImageObject","@id":"https:\/\/blog.panrotas.com.br\/espacoabracorp\/#personlogo","inLanguage":"pt-BR","url":"https:\/\/secure.gravatar.com\/avatar\/7b0b250396075df2cb7378540ccff9ce?s=96&d=mm&r=g","contentUrl":"https:\/\/secure.gravatar.com\/avatar\/7b0b250396075df2cb7378540ccff9ce?s=96&d=mm&r=g","caption":"Abracorp"},"url":"https:\/\/blog.panrotas.com.br\/espacoabracorp\/author\/luiz\/"}]}},"jetpack_featured_media_url":"","_links":{"self":[{"href":"https:\/\/blog.panrotas.com.br\/espacoabracorp\/wp-json\/wp\/v2\/posts\/987"}],"collection":[{"href":"https:\/\/blog.panrotas.com.br\/espacoabracorp\/wp-json\/wp\/v2\/posts"}],"about":[{"href":"https:\/\/blog.panrotas.com.br\/espacoabracorp\/wp-json\/wp\/v2\/types\/post"}],"author":[{"embeddable":true,"href":"https:\/\/blog.panrotas.com.br\/espacoabracorp\/wp-json\/wp\/v2\/users\/27"}],"replies":[{"embeddable":true,"href":"https:\/\/blog.panrotas.com.br\/espacoabracorp\/wp-json\/wp\/v2\/comments?post=987"}],"version-history":[{"count":0,"href":"https:\/\/blog.panrotas.com.br\/espacoabracorp\/wp-json\/wp\/v2\/posts\/987\/revisions"}],"wp:attachment":[{"href":"https:\/\/blog.panrotas.com.br\/espacoabracorp\/wp-json\/wp\/v2\/media?parent=987"}],"wp:term":[{"taxonomy":"category","embeddable":true,"href":"https:\/\/blog.panrotas.com.br\/espacoabracorp\/wp-json\/wp\/v2\/categories?post=987"},{"taxonomy":"post_tag","embeddable":true,"href":"https:\/\/blog.panrotas.com.br\/espacoabracorp\/wp-json\/wp\/v2\/tags?post=987"}],"curies":[{"name":"wp","href":"https:\/\/api.w.org\/{rel}","templated":true}]}}