{"id":362,"date":"2018-02-19T19:16:40","date_gmt":"2018-02-19T22:16:40","guid":{"rendered":"http:\/\/blog.panrotas.com.br\/gestordeviagens\/?p=362"},"modified":"2018-02-19T19:16:40","modified_gmt":"2018-02-19T22:16:40","slug":"troca-troca-de-gerentes-account-review-ultrapassado-subida-de-iptu-entrevista-revista-eventos","status":"publish","type":"post","link":"https:\/\/blog.panrotas.com.br\/gestordeviagens\/2018\/02\/19\/troca-troca-de-gerentes-account-review-ultrapassado-subida-de-iptu-entrevista-revista-eventos\/","title":{"rendered":"Troca-troca de Gerentes \/ Account Review ultrapassado? \/ Subida de IPTU \/ Entrevista Revista Eventos"},"content":{"rendered":"<p>Caros Leitores,<\/p>\n<p>Agora \u00e9 pra valer! 2018 realmente come\u00e7ou com o fim do Carnaval semana passada, com o F\u00f3rum Panrotas e o LACTE chegando, e com diversos eventos educacionais independentes e de associa\u00e7\u00f5es programados at\u00e9 o fim deste ciclo.<\/p>\n<p>O mercado volta a contratar, mas a opini\u00e3o que mais ou\u00e7o dos gestores das vagas \u00e9 que falta gente capacitada para as mesmas. Minha d\u00favida \u00e9: falta gente capacitada, ou falta gente com atitude, com garra e capacidade de se colocar no lugar do outro, ter empatia, de fazer coisas al\u00e9m do esperado e do <em>job description<\/em>? Gente que n\u00e3o seja bra\u00e7o-curto, pregui\u00e7osa de ajudar?<\/p>\n<p>Se eu estivesse contratando, buscaria as pessoas mais por suas atitudes, valores, forma\u00e7\u00e3o educacional e postura do que por sua bagagem e experi\u00eancia profissional &#8211; porque a capacidade de adapta\u00e7\u00e3o e aprendizagem destas pessoas costuma ser muito maior, indispens\u00e1ves no mundo insano de hoje. Em geral, elas aprendem r\u00e1pido e s\u00e3o dedicadas, vers\u00e1teis, se doam e absorvem o conhecimento e as habilidades profundamente, incorporam a empresa e sua posi\u00e7\u00e3o.<\/p>\n<p><strong>E essa \u00e9 a cara que nossos viajantes ficam quando os senhores OBTs fazem <em>release<\/em> de ferramenta sem testarem conosco (clientes) antes!\u00a0<\/strong><\/p>\n<p><img loading=\"lazy\" class=\"aligncenter wp-image-364\" src=\"http:\/\/panrotas.blog.br\/gestordeviagens\/wp-content\/uploads\/sites\/19\/2018\/02\/a-compra-nao-foi-autorizada.jpg\" alt=\"\" width=\"297\" height=\"297\" srcset=\"https:\/\/blog.panrotas.com.br\/gestordeviagens\/wp-content\/uploads\/sites\/19\/2018\/02\/a-compra-nao-foi-autorizada.jpg 700w, https:\/\/blog.panrotas.com.br\/gestordeviagens\/wp-content\/uploads\/sites\/19\/2018\/02\/a-compra-nao-foi-autorizada-150x150.jpg 150w, https:\/\/blog.panrotas.com.br\/gestordeviagens\/wp-content\/uploads\/sites\/19\/2018\/02\/a-compra-nao-foi-autorizada-300x300.jpg 300w\" sizes=\"(max-width: 297px) 100vw, 297px\" \/><\/p>\n<p>&nbsp;<\/p>\n<p><strong>Sobre a troca constante de Gerentes de Contas\u00a0<\/strong><\/p>\n<p>\u00c9 certo que muitos Compradores e Gestores de Viagens n\u00e3o respondem a um simples e-mail, Whatsapp, n\u00e3o atendem uma liga\u00e7\u00e3o &#8211; e os colegas fornecedores, principalmente os Hoteleiros, muito reclamam desta falta de aten\u00e7\u00e3o.<\/p>\n<p>No entanto, n\u00e3o posso deixar de chamar a aten\u00e7\u00e3o dos colegas fornecedores para um fato que venho notando nos \u00faltimos 6 meses: uma troca CONSTANTE de gerentes de contas, sendo que TODOS pedem reuni\u00e3o para se apresentar, e pior ainda: pedem para o cliente explicar tudo de novo o que est\u00e1 acontecendo, como pode ajudar, etc. Me pergunto se estas empresas possuem um processo de <em>handover<\/em>, de troca de carteiras de m\u00e3os, porque sinceramente \u00e9 muito chato ter que ficar repetindo as mesmas coisas &#8211; a gente at\u00e9 aceita um novo gerente de contas, mas no m\u00ednimo ele j\u00e1 tem que entrar &#8220;pedalando&#8221; junto com a gente. Por mais que o anterior tenha se desligado ou sido desligado de um dia pro outro, deve haver um sistema interno de CRM (Customer Relationship Management) para que o novo respons\u00e1vel se atualize e n\u00e3o tenha que ficar nos perguntando tudo (para citar apenas um dos benef\u00edcios de se ter um sistema de CRM).<\/p>\n<p>Pensem que n\u00f3s temos centenas de fornecedores para gerenciar, receber, analisar relat\u00f3rios, renegociar &#8211; al\u00e9m de todas as reuni\u00f5es internas (sim, estamos em Procurement, FInan\u00e7as , RH mas temos MUITAS reuni\u00f5es e treinamentos internos). Al\u00e9m disso, muitos de n\u00f3s somos respons\u00e1veis por uma regi\u00e3o inteira (como Am\u00e9rica do Sul, Am\u00e9rica Latina, Am\u00e9ricas), por outras carteiras &#8211; simplesmente n\u00e3o d\u00e1 para receber 3 gerentes de contas de uma mesma rede em 6 meses.<\/p>\n<p>&nbsp;<\/p>\n<p><strong>Client\/Account\/Business Review de TMCs &#8211; um modelo ultrapassado?<\/strong><\/p>\n<p>Outro dia, conversando com uma executiva de uma grande TMC, discut\u00edamos sobre a utilidade atual, e o modelo de Client Review mais adequado para os novos tempos de Gest\u00e3o de Viagens.<\/p>\n<p>Minha opini\u00e3o \u00e9 que este documento \u00e9 muito importante sim, mas o cliente precisa deixar claro a periodicidade mais \u00fatil (trimestral, semestral, anual) e as informa\u00e7\u00f5es realmente necess\u00e1rias para a TMC compilar. Afinal de contas, o que \u00e9 feito com estas informa\u00e7\u00f5es? Para que exigir do seu fornecedor a montagem de um super documento se n\u00e3o \u00e9 compartilhado com ningu\u00e9m, se nenhuma a\u00e7\u00e3o \u00e9 tomada, se voc\u00ea mexe mais no computador e no celular durante a apresenta\u00e7\u00e3o do que presta aten\u00e7\u00e3o no apresentador (uma tremenda falta de respeito com qualquer pessoa, que se dedica a fazer aquilo)?<\/p>\n<p>Receber um Account Review apenas porque est\u00e1 no contrato? Ou apenas por que voc\u00ea \u00e9 o cliente?<\/p>\n<p>Por outro lado, a TMC tem a <strong>obriga\u00e7\u00e3o<\/strong> de cuidar bem dos dados da base que produz o documento, prestar aten\u00e7\u00e3o em detalhes (por exemplo, n\u00e3o chegar com nome de outro cliente na apresenta\u00e7\u00e3o, consist\u00eancia de cores e informa\u00e7\u00f5es, limpeza visual, eliminar remarca\u00e7\u00f5es e reembolsos do c\u00e1lculo do ATP) e torn\u00e1-lo atraente e \u00daTIL.<\/p>\n<p>Cinco slides bem feitos e diretos ao ponto a cada 6 meses geralmente s\u00e3o muito mais valiosos do que apresenta\u00e7\u00f5es de 40 slides a cada 3 meses ( para ingl\u00eas ver ).<\/p>\n<p>&nbsp;<\/p>\n<p><strong>A subida abusiva de IPTU em algumas capitais<\/strong><\/p>\n<p>Para quem n\u00e3o viu, muitas cidades brasileiras sofreram um reajuste vergonhoso no IPTU, incluindo o pobre Rio de Janeiro. <a href=\"http:\/\/agenciabrasil.ebc.com.br\/geral\/noticia\/2018-01\/mp-entra-com-acao-na-justica-pedindo-suspensao-da-cobranca-do-iptu-no-rio\">Leia uma das not\u00edcias aqui<\/a><\/p>\n<p>A bomba chegou em Janeiro 2018, ou seja, depois das RFPs da maioria dos clientes terem sido encerradas &#8211; e vai explodir no colo dos Hoteleiros, infelizmente. Com isso, provavelmente as tarifas p\u00fablicas ser\u00e3o impactadas, j\u00e1 que as Corporativas n\u00e3o podem ser mais revistas (compradores, aten\u00e7\u00e3o \u00e0 aplica\u00e7\u00e3o das tarifas negociadas em cada reserva, para n\u00e3o &#8220;levarem chap\u00e9u&#8221;) e em sua grande maioria s\u00e3o v\u00e1lidas at\u00e9 Dezembro deste ano. Para os que negociaram apenas descontos sobre a BAR, uma m\u00e1 not\u00edcia, visto que a BAR inevitalvemente vai subir para compensar o preju\u00edzo desta subida de imposto predial.<\/p>\n<p>De qualquer forma, \u00e9 importante ressaltar que esta cobran\u00e7a absurda n\u00e3o \u00e9 generalizada, est\u00e1 presente apenas em algumas (relevantes) cidades. Por isto, recomendo aten\u00e7\u00e3o e preparo para lidar com redes que tentem aproveitar a deixa para rever todo o tarif\u00e1rio, quando o problema est\u00e1 isolado em algumas pra\u00e7as.<\/p>\n<p>Para saber mais sobre Hotelaria, leia o blog da minha amiga\u00a0<a href=\"http:\/\/blog.panrotas.com.br\/check-in\/#.WotJRainFPY\">Gabriela Otto<\/a>.<\/p>\n<p>&nbsp;<\/p>\n<p><strong>Entrevista para a Revista Eventos\u00a0<\/strong><\/p>\n<p class=\"wbsite-interna-resumo\">Pela terceira vez, o Portal Eventos entrevistou 42 experts no setor para dividirem um panorama do ano que passou (2017, no caso) e dar seus palpites sobre o ano vindouro (2018). Abaixo compartilho minhas respostas de maneira completa &#8211; a mat\u00e9ria, com a opini\u00e3o dos outros 41 colegas, pode ser lida <a href=\"http:\/\/www.revistaeventos.com.br\/Industria-de-Eventos\/O-Estado-da-Industria-de-Eventos-e-Turismo-no-Brasil---2018\/43914\">aqui<\/a>.<\/p>\n<p>Por Fern\u00e3o Loureiro:<\/p>\n<p><span style=\"font-size: 1rem\">1. O que mais impactou a ind\u00fastria de eventos nos \u00faltimos 12 meses? <\/span><strong style=\"font-size: 1rem\">A depress\u00e3o econ\u00f4mica sem d\u00favida, creio que uma competi\u00e7\u00e3o acirrada por clientes (nunca fui t\u00e3o abordado por ag\u00eancias de marketing e eventos)<\/strong><\/p>\n<p>2. Quais as perspectivas da ind\u00fastria no bi\u00eanio 2018\/19? <strong>Retomada de viagens de incentivos em destinos mais caros, eventos mais grandiosos \u2013 mas a marca da austeridade imposta nos \u00faltimos anos deve influenciar os profissionais, o que \u00e9 bem positivo sob o ponto de vista de um comprador como eu<\/strong><\/p>\n<p>3. Se voc\u00ea pudesse mudar um aspecto\u00a0na ind\u00fastria de eventos e turismo, o que seria? <strong>N\u00e3o mudaria, acrescentaria mais oportunidades de qualifica\u00e7\u00e3o para a base em parceria com o poder p\u00fablico (como quando ocorrem grandes eventos nacionais).<\/strong><\/p>\n<p>4. O que voc\u00ea gosta mais na ind\u00fastria de eventos? <strong>A paix\u00e3o das pessoas que nela atuam, \u00e9 incr\u00edvel ver a maioria dos profissionais produzindo eventos e incentivos espetaculares, muitas vezes com recursos limitad\u00edssimos (humanos, tecnol\u00f3gicos, financeiros). A criatividade e compet\u00eancia dos profissionais de eventos brasileiros s\u00e3o admir\u00e1veis<\/strong><\/p>\n<p>5. Qual \u00e9 o maior problema de nossa ind\u00fastria? <strong>A baixa remunera\u00e7\u00e3o da maioria dos atores da ind\u00fastria<\/strong><\/p>\n<p>6. Qual o desafio mais significativo que acredita ir\u00e1 enfrentar nos pr\u00f3ximos anos?\u00a0<strong>Conscientizar os grandes executivos , e especialmente a ger\u00eancia m\u00e9dia, que um evento deve ter indicadores de performance e ROI financeiro e n\u00e3o-financeiro (mesmo quando \u00e9 apenas um evento de lan\u00e7amento\/fixa\u00e7\u00e3o de marca, relacionamento institucional, etc).<\/strong><\/p>\n<p>7. Profissionais de eventos devem prestar aten\u00e7\u00e3o extra para as quest\u00f5es sociais, sustentabilidade, seguran\u00e7a etc.? <strong>Sem d\u00favida alguma! At\u00e9 como valor agregado para seus clientes, que muitas vezes n\u00e3o se lembram destes fatores. Como consultores, devem nos dar dicas, ideias e facilitar a cria\u00e7\u00e3o\/execu\u00e7\u00e3o de a\u00e7\u00f5es voltadas para estes temas cada vez mais valorizados pelos consumidores<\/strong><\/p>\n<p>8. Qual ser\u00e1 a pr\u00f3xima &#8220;grande sacada&#8221; em eventos? <strong>Participa\u00e7\u00e3o virtual 360\u00ba em feiras. Por exemplo, visitar uma feira em NYC estando em meu escrit\u00f3rio em S\u00e3o Paulo, interagir com os expositores e at\u00e9 mesmo ter reuni\u00f5es \u2013 tudo com realidade virtual.<\/strong><\/p>\n<p>9. Que inova\u00e7\u00f5es tecnol\u00f3gicas voc\u00ea acredita que ir\u00e3o impactar a ind\u00fastria nos pr\u00f3ximos anos? <strong>A participa\u00e7\u00e3o virtual pensando muito grande, mas olhando o micro, ainda temos desafios em RSVP, sele\u00e7\u00e3o, negocia\u00e7\u00e3o e contrata\u00e7\u00e3o de espa\u00e7os, qualifica\u00e7\u00e3o de m\u00e3o-de-obra mais simples. Creio que plataformas que permitam uma organiza\u00e7\u00e3o de evento pequeno ou de m\u00e9dio porte sejam a inova\u00e7\u00e3o que a ind\u00fastria brasileira mais precisa no momento.<\/strong><\/p>\n<p>10. Que novas compet\u00eancias devem aprender os profissionais de eventos? <strong>Entender muito de tecnologia, conhecer a fundo seu mercado (especialmente empresas que forne\u00e7am servi\u00e7o especializado e como conect\u00e1-la com outro provedor para oferta de um diferencial no evento \u2013 cada vez mais comum termos fornecedores ultraespecializados que fazem parte do servi\u00e7o, precisam se conectar a outro para entregar tudo o que o cliente precisa) e ter intelig\u00eancia emocional para lidar com tanto stress e n\u00e3o perder seu maior ativo: capacidade de empatia, transmitir energia e entregar um evento inesquec\u00edvel de bom.<\/strong><\/p>\n<p>&#8212;&#8212;&#8212;&#8212;&#8212;&#8212;&#8212;&#8212;&#8212;&#8212;&#8212;&#8212;&#8212;&#8212;&#8212;&#8212;&#8212;&#8212;&#8212;&#8212;&#8212;&#8212;&#8212;&#8212;&#8212;&#8212;&#8212;&#8212;&#8212;<\/p>\n<p><em><strong>ENGLISH VERSION<\/strong><\/em><\/p>\n<p>Dear Readers,<\/p>\n<p>Now it&#8217;s for real! 2018 restarted with the end of Carnival last week, with the Panrotas Forum and LACTE coming up, and with several independent educational events and from associations scheduled until the end of this cycle.<\/p>\n<p>The market recruits again, but the opinion I most hear from job managers is that they lack people who are qualified for them. My question is: do we lack experienced people, or do we lack people with attitude, with the ability to put ourselves in another&#8217;s shoes, empathize, do things beyond the expected and the job description? Guys who are not lazy to help?<\/p>\n<p>If I were hiring, I would seek people more for their attitudes, values, educational background and posture than for their baggage and professional experience &#8211; because their ability to adapt and learn is often much greater, indispensable in today&#8217;s insane world. In general, they learn quickly and are dedicated, versatile, give themselves and absorb knowledge and skills deeply, embody the company and its position.<\/p>\n<p>Happy new relationships for all (employees and employers)!<\/p>\n<p>&nbsp;<\/p>\n<p><strong>About the constant exchange of Account Managers\u00a0<\/strong><\/p>\n<p>It is true that many Buyers and Travel Managers do not respond to a simple email, Whatsapp, they do not answer a call &#8211; and fellow suppliers, especially Hoteliers, very much complain about this lack of attention.\u00a0However, I can\u2019t fail to draw the attention of my fellow suppliers to a fact that I have been noticing in the past 6 months: a CONSTANT exchange of account managers, with ALL asking to meet us to introduce themselves, and worse: they ask the client to explain all over again what is happening, how they can help, etc.<\/p>\n<p>I wonder if these companies have a handover process, of exchanging handbags, because honestly it is very annoying to have to keep repeating the same things &#8211; we even accept a new account manager, but at the very least he already has to enter &#8221; pedaling &#8220;along with us. Although the previous one has been fired or has resigned overnight, there must be an internal Customer Relationship Management (CRM) system for the new manager to update him\/herself and not have to ask us everything (to name just one of benefits of having a CRM system).<\/p>\n<p>Think that we have hundreds of vendors to manage, host meetings with, analyze reports, renegotiate &#8211; in addition to all internal meetings (yes, we are in Procurement, Finance, HR but we have MANY internal meetings and trainings). In addition, many of us are responsible for a whole region (such as South America, Latin America, the Americas), for other portfolios &#8211; we just can\u2019t get 3 account managers from the same company in 6 months, there is no continuity in management.<\/p>\n<p>&nbsp;<\/p>\n<p><strong>Client \/ Account \/ Business Review of TMCs &#8211; an Outdated Model?\u00a0<\/strong><\/p>\n<p>Another day, talking to an executive from a large TMC, we discussed the current utility, and the most appropriate Client Review model for the new times of Travel Management.\u00a0My view is that this document is very important yes, but the client needs to make clear the most useful periodicity (quarterly, semiannual, yearly) and the information really necessary for TMC to compile.<\/p>\n<p>After all, what is done with this information? So why do you require your supplier to create a super document if it is not shared with anyone, if no action is taken, if you manage more on the computer and on the cellphone during the presentation than paying attention to the presenter (a tremendous lack of respect with anyone who is presenting something)?\u00a0Do you get an Account Review just because it is in the contract? Or just because you are the customer?<\/p>\n<p>On the other hand, the TMC has an obligation to take good care of the data on the basis of the document, to pay attention in details (for example, not getting another customer&#8217;s name in the presentation, color and information consistency, visual cleaning, remove exchanges and refunds from the ATP calculation) and make it attractive and HELPFUL.\u00a0Five well-made, point-to-point slides every 6 months are usually much more valuable than 40-slice presentations every 3 months.<\/p>\n<p>&nbsp;<\/p>\n<p><strong>The abusive rise of IPTU in some capitals\u00a0<\/strong><\/p>\n<p>For those who did not see it, many Brazilian cities suffered a shameful readjustment in the IPTU (urban construction tax), including the poor Rio de Janeiro. <a href=\"http:\/\/agenciabrasil.ebc.com.br\/geral\/noticia\/2018-01\/mp-entra-com-acao-na-justica-pedindo-suspensao-da-cobranca-do-iptu-no-rio\">Read one of the news here<\/a>.<\/p>\n<p>The bomb arrived in January 2018, that is, after most of the customers&#8217; RFPs were shut down &#8211; and it will explode on the laps of hoteliers, unfortunately.<\/p>\n<p>With this, probably the public rates will be impacted, since the Corporations can\u2019t be adjusted now (buyers, attention to the application of the negotiated rates in each reservation) and the great majority are valid until December of this year . For those who have barely traded discounts on BAR, bad news, since BAR will inevitably go up to offset the loss of this property tax hike.<\/p>\n<p>In any case, it is important to note that this absurd collection is not generalized, it is present only in some (relevant) cities. Therefore, I recommend attention and preparation to deal with networks that try to take advantage of the leaves to review the entire negotiation, when the problem is isolated in some places.<\/p>\n<p>For more about Hotels, read my friend&#8217;s blog &#8211;\u00a0<a href=\"http:\/\/blog.panrotas.com.br\/check-in\/#.WotJRainFPY\">Gabriela Otto<\/a><\/p>\n<p>&nbsp;<\/p>\n<p><strong>Interview for the Events Magazine<\/strong><\/p>\n<p>For the third time, the Events Portal interviewed 42 industry experts to share a panorama of the past year (2017) and give their guesses about the coming year (2018). Below I share my answers in a complete way &#8211; the matter, with the opinion of the other 41 colleagues, can be read <a href=\"http:\/\/www.revistaeventos.com.br\/Industria-de-Eventos\/O-Estado-da-Industria-de-Eventos-e-Turismo-no-Brasil---2018\/43914\">here<\/a>.<\/p>\n<p>By Fern\u00e3o Loureiro:<\/p>\n<ol>\n<li>What has most impacted the event industry in the last 12 months? <strong>The economic depression no doubt, I believe a fierce competition for customers (I&#8217;ve never been so approached by marketing and events agencies)<\/strong><strong style=\"font-size: 1rem\">\u00a0<\/strong><\/li>\n<\/ol>\n<ol start=\"2\">\n<li>What are the industry perspectives for the biennium 2018\/19? <strong>Resumption of incentive travel in more expensive destinations, bigger events &#8211; but the brand of austerity imposed in recent years should influence professionals, which is very positive from the point of view of a buyer like myself<\/strong><\/li>\n<\/ol>\n<ol start=\"3\">\n<li>If you could change one aspect in the event and tourism industry, what would it be? <strong>It would not change, it would add more opportunities of qualification for the base in partnership with the public power (like when great national events occur).<\/strong><\/li>\n<\/ol>\n<ol start=\"4\">\n<li>What do you like best in the event industry? <strong>The passion of the people who work in it is incredible to see most professionals producing spectacular events and incentives, often with very limited resources (human, technological, financial). The creativity and competence of Brazilian event professionals are admirable<\/strong><\/li>\n<\/ol>\n<ol start=\"5\">\n<li>What is the biggest problem in our industry? <strong>The low pay of the majority of industry actors<\/strong><\/li>\n<\/ol>\n<ol start=\"6\">\n<li>What is the most significant challenge you believe you will face in the coming years? <strong>Raise awareness among large executives, and especially middle management, that an event should have performance indicators and financial and non-financial ROI (even when it&#8217;s just a brand launch event, institutional relationship, etc.).<\/strong><\/li>\n<\/ol>\n<ol start=\"7\">\n<li>Should event professionals pay extra attention to social issues, sustainability, safety, etc.? <strong>Undoubtedly! Even as added value to their customers, they often do not remember these factors. As consultants, they should give us tips, ideas and facilitate the creation \/ execution of actions focused on these themes increasingly valued by consumers<\/strong><\/li>\n<\/ol>\n<ol start=\"8\">\n<li>What will be the next &#8220;big balcony&#8221; in events? <strong>360\u00ba virtual participation in trade fairs. For example, visiting a trade show in NYC while in my office in Sao Paulo, interacting with exhibitors and even having meetings &#8211; all with virtual reality.<\/strong><\/li>\n<\/ol>\n<ol start=\"9\">\n<li>What technological innovations do you believe will impact the industry in the coming years? <strong>The virtual participation thinking very great, but looking at the micro, we still have challenges in RSVP, selection, negotiation and contracting spaces, qualification of labor simpler. I believe that platforms that allow a small or medium-sized event organization are the innovation that the Brazilian industry needs most at the moment.<\/strong><\/li>\n<\/ol>\n<ol start=\"10\">\n<li>What new skills should event planners learn? <strong>Understand a lot of technology, know your market in depth (especially companies that provide specialized service and how to connect it with another provider to offer a differential in the event &#8211; more and more common terms for ultra-specialized suppliers that are part of the service, need to connect to another to deliver everything the client needs) and have emotional intelligence to deal with so much stress and not lose their biggest asset: empathy ability, transmit energy and deliver an unforgettable event.<\/strong><\/li>\n<\/ol>\n<p>&nbsp;<\/p>\n<p>&nbsp;<\/p>\n","protected":false},"excerpt":{"rendered":"<p>Caros Leitores, Agora \u00e9 pra valer! 2018 realmente come\u00e7ou com o fim do Carnaval semana passada, com o F\u00f3rum Panrotas e o LACTE chegando, e com diversos eventos educacionais independentes e de associa\u00e7\u00f5es programados at\u00e9 o fim deste ciclo. O mercado volta a contratar, mas a opini\u00e3o que mais ou\u00e7o dos gestores das vagas \u00e9&hellip; <a class=\"more-link\" href=\"https:\/\/blog.panrotas.com.br\/gestordeviagens\/2018\/02\/19\/troca-troca-de-gerentes-account-review-ultrapassado-subida-de-iptu-entrevista-revista-eventos\/\">Continue reading &rarr;<\/a><\/p>\n","protected":false},"author":20,"featured_media":0,"comment_status":"open","ping_status":"open","sticky":false,"template":"","format":"standard","meta":{"spay_email":""},"categories":[2],"tags":[],"yoast_head":"<!-- This site is optimized with the Yoast SEO plugin v17.3 - https:\/\/yoast.com\/wordpress\/plugins\/seo\/ -->\n<title>Troca-troca de Gerentes \/ Account Review ultrapassado? \/ Subida de IPTU \/ Entrevista Revista Eventos - Gestor de Viagens<\/title>\n<meta name=\"robots\" content=\"index, follow, max-snippet:-1, max-image-preview:large, max-video-preview:-1\" \/>\n<link rel=\"canonical\" href=\"https:\/\/blog.panrotas.com.br\/gestordeviagens\/2018\/02\/19\/troca-troca-de-gerentes-account-review-ultrapassado-subida-de-iptu-entrevista-revista-eventos\/\" \/>\n<meta property=\"og:locale\" content=\"pt_BR\" \/>\n<meta property=\"og:type\" content=\"article\" \/>\n<meta property=\"og:title\" content=\"Troca-troca de Gerentes \/ Account Review ultrapassado? \/ Subida de IPTU \/ Entrevista Revista Eventos - Gestor de Viagens\" \/>\n<meta property=\"og:description\" content=\"Caros Leitores, Agora \u00e9 pra valer! 2018 realmente come\u00e7ou com o fim do Carnaval semana passada, com o F\u00f3rum Panrotas e o LACTE chegando, e com diversos eventos educacionais independentes e de associa\u00e7\u00f5es programados at\u00e9 o fim deste ciclo. O mercado volta a contratar, mas a opini\u00e3o que mais ou\u00e7o dos gestores das vagas \u00e9&hellip; Continue reading &rarr;\" \/>\n<meta property=\"og:url\" content=\"https:\/\/blog.panrotas.com.br\/gestordeviagens\/2018\/02\/19\/troca-troca-de-gerentes-account-review-ultrapassado-subida-de-iptu-entrevista-revista-eventos\/\" \/>\n<meta property=\"og:site_name\" content=\"Gestor de Viagens\" \/>\n<meta property=\"article:published_time\" content=\"2018-02-19T22:16:40+00:00\" \/>\n<meta property=\"og:image\" content=\"http:\/\/panrotas.blog.br\/gestordeviagens\/wp-content\/uploads\/sites\/19\/2018\/02\/a-compra-nao-foi-autorizada.jpg\" \/>\n<meta name=\"twitter:card\" content=\"summary_large_image\" \/>\n<meta name=\"twitter:label1\" content=\"Escrito por\" \/>\n\t<meta name=\"twitter:data1\" content=\"Fern\u00e3o Loureiro\" \/>\n\t<meta name=\"twitter:label2\" content=\"Est. tempo de leitura\" \/>\n\t<meta name=\"twitter:data2\" content=\"15 minutos\" \/>\n<script type=\"application\/ld+json\" class=\"yoast-schema-graph\">{\"@context\":\"https:\/\/schema.org\",\"@graph\":[{\"@type\":\"WebSite\",\"@id\":\"https:\/\/blog.panrotas.com.br\/gestordeviagens\/#website\",\"url\":\"https:\/\/blog.panrotas.com.br\/gestordeviagens\/\",\"name\":\"Gestor de Viagens\",\"description\":\"Blogosfera PANROTAS\",\"potentialAction\":[{\"@type\":\"SearchAction\",\"target\":{\"@type\":\"EntryPoint\",\"urlTemplate\":\"https:\/\/blog.panrotas.com.br\/gestordeviagens\/?s={search_term_string}\"},\"query-input\":\"required name=search_term_string\"}],\"inLanguage\":\"pt-BR\"},{\"@type\":\"ImageObject\",\"@id\":\"https:\/\/blog.panrotas.com.br\/gestordeviagens\/2018\/02\/19\/troca-troca-de-gerentes-account-review-ultrapassado-subida-de-iptu-entrevista-revista-eventos\/#primaryimage\",\"inLanguage\":\"pt-BR\",\"url\":\"http:\/\/panrotas.blog.br\/gestordeviagens\/wp-content\/uploads\/sites\/19\/2018\/02\/a-compra-nao-foi-autorizada.jpg\",\"contentUrl\":\"http:\/\/panrotas.blog.br\/gestordeviagens\/wp-content\/uploads\/sites\/19\/2018\/02\/a-compra-nao-foi-autorizada.jpg\"},{\"@type\":\"WebPage\",\"@id\":\"https:\/\/blog.panrotas.com.br\/gestordeviagens\/2018\/02\/19\/troca-troca-de-gerentes-account-review-ultrapassado-subida-de-iptu-entrevista-revista-eventos\/#webpage\",\"url\":\"https:\/\/blog.panrotas.com.br\/gestordeviagens\/2018\/02\/19\/troca-troca-de-gerentes-account-review-ultrapassado-subida-de-iptu-entrevista-revista-eventos\/\",\"name\":\"Troca-troca de Gerentes \/ Account Review ultrapassado? \/ Subida de IPTU \/ Entrevista Revista Eventos - Gestor de Viagens\",\"isPartOf\":{\"@id\":\"https:\/\/blog.panrotas.com.br\/gestordeviagens\/#website\"},\"primaryImageOfPage\":{\"@id\":\"https:\/\/blog.panrotas.com.br\/gestordeviagens\/2018\/02\/19\/troca-troca-de-gerentes-account-review-ultrapassado-subida-de-iptu-entrevista-revista-eventos\/#primaryimage\"},\"datePublished\":\"2018-02-19T22:16:40+00:00\",\"dateModified\":\"2018-02-19T22:16:40+00:00\",\"author\":{\"@id\":\"https:\/\/blog.panrotas.com.br\/gestordeviagens\/#\/schema\/person\/208e1c13bab5ecfa06ff4c6a06537c63\"},\"breadcrumb\":{\"@id\":\"https:\/\/blog.panrotas.com.br\/gestordeviagens\/2018\/02\/19\/troca-troca-de-gerentes-account-review-ultrapassado-subida-de-iptu-entrevista-revista-eventos\/#breadcrumb\"},\"inLanguage\":\"pt-BR\",\"potentialAction\":[{\"@type\":\"ReadAction\",\"target\":[\"https:\/\/blog.panrotas.com.br\/gestordeviagens\/2018\/02\/19\/troca-troca-de-gerentes-account-review-ultrapassado-subida-de-iptu-entrevista-revista-eventos\/\"]}]},{\"@type\":\"BreadcrumbList\",\"@id\":\"https:\/\/blog.panrotas.com.br\/gestordeviagens\/2018\/02\/19\/troca-troca-de-gerentes-account-review-ultrapassado-subida-de-iptu-entrevista-revista-eventos\/#breadcrumb\",\"itemListElement\":[{\"@type\":\"ListItem\",\"position\":1,\"name\":\"In\\u00edcio\",\"item\":\"https:\/\/blog.panrotas.com.br\/gestordeviagens\/\"},{\"@type\":\"ListItem\",\"position\":2,\"name\":\"Troca-troca de Gerentes \/ Account Review ultrapassado? \/ Subida de IPTU \/ Entrevista Revista Eventos\"}]},{\"@type\":\"Person\",\"@id\":\"https:\/\/blog.panrotas.com.br\/gestordeviagens\/#\/schema\/person\/208e1c13bab5ecfa06ff4c6a06537c63\",\"name\":\"Fern\\u00e3o Loureiro\",\"image\":{\"@type\":\"ImageObject\",\"@id\":\"https:\/\/blog.panrotas.com.br\/gestordeviagens\/#personlogo\",\"inLanguage\":\"pt-BR\",\"url\":\"https:\/\/secure.gravatar.com\/avatar\/9e70cfdabded60f08f7df8f830490e73?s=96&d=mm&r=g\",\"contentUrl\":\"https:\/\/secure.gravatar.com\/avatar\/9e70cfdabded60f08f7df8f830490e73?s=96&d=mm&r=g\",\"caption\":\"Fern\\u00e3o Loureiro\"},\"description\":\"Eleito em 2017 como um dos 75 Profissionais de Turismo Mais Influentes do Brasil e em 2019 o Melhor Gestor de Viagens Corporativas do Brasil (pelo Portal Panrotas), premiado em Boston (EUA) pela Global Business Travel Association (GBTA) e Personalidade do Ano Pr\\u00eamio Caio em 2017, 2018 e 2019 na categoria Clientes. Finalista no concurso \\u201cTravel Manager 2018 na Am\\u00e9rica Latina\\u201d do evento Viajes Corp Americas, no Panam\\u00e1 (onde tamb\\u00e9m foi key note speaker). Autor do livro \\\"Gest\\u00e3o Estrat\\u00e9gica de Viagens Corporativas\\\" e Fundador-Diretor da Loureiro Consultores e s\\u00f3cio-diretor de duas empresas - TataTur Operadora de Turismo e D'Amaro Odontologia Est\\u00e9tica. Graduado em Gest\\u00e3o de Turismo pelo IFSP, P\\u00f3s-Graduado em Gest\\u00e3o de Servi\\u00e7os pela FECAP e com MBA em Gest\\u00e3o Empresarial pela BBS. Coach formado pelo IBC. Instagram: @fernaoloureiro Youtube: ferlota68 LinkedIn: Fern\\u00e3o Loureiro\",\"sameAs\":[\"http:\/\/www.loureiroconsultores.com\"],\"url\":\"https:\/\/blog.panrotas.com.br\/gestordeviagens\/author\/fernao\/\"}]}<\/script>\n<!-- \/ Yoast SEO plugin. -->","yoast_head_json":{"title":"Troca-troca de Gerentes \/ Account Review ultrapassado? \/ Subida de IPTU \/ Entrevista Revista Eventos - Gestor de Viagens","robots":{"index":"index","follow":"follow","max-snippet":"max-snippet:-1","max-image-preview":"max-image-preview:large","max-video-preview":"max-video-preview:-1"},"canonical":"https:\/\/blog.panrotas.com.br\/gestordeviagens\/2018\/02\/19\/troca-troca-de-gerentes-account-review-ultrapassado-subida-de-iptu-entrevista-revista-eventos\/","og_locale":"pt_BR","og_type":"article","og_title":"Troca-troca de Gerentes \/ Account Review ultrapassado? \/ Subida de IPTU \/ Entrevista Revista Eventos - Gestor de Viagens","og_description":"Caros Leitores, Agora \u00e9 pra valer! 2018 realmente come\u00e7ou com o fim do Carnaval semana passada, com o F\u00f3rum Panrotas e o LACTE chegando, e com diversos eventos educacionais independentes e de associa\u00e7\u00f5es programados at\u00e9 o fim deste ciclo. O mercado volta a contratar, mas a opini\u00e3o que mais ou\u00e7o dos gestores das vagas \u00e9&hellip; Continue reading &rarr;","og_url":"https:\/\/blog.panrotas.com.br\/gestordeviagens\/2018\/02\/19\/troca-troca-de-gerentes-account-review-ultrapassado-subida-de-iptu-entrevista-revista-eventos\/","og_site_name":"Gestor de Viagens","article_published_time":"2018-02-19T22:16:40+00:00","og_image":[{"url":"http:\/\/panrotas.blog.br\/gestordeviagens\/wp-content\/uploads\/sites\/19\/2018\/02\/a-compra-nao-foi-autorizada.jpg"}],"twitter_card":"summary_large_image","twitter_misc":{"Escrito por":"Fern\u00e3o Loureiro","Est. tempo de leitura":"15 minutos"},"schema":{"@context":"https:\/\/schema.org","@graph":[{"@type":"WebSite","@id":"https:\/\/blog.panrotas.com.br\/gestordeviagens\/#website","url":"https:\/\/blog.panrotas.com.br\/gestordeviagens\/","name":"Gestor de Viagens","description":"Blogosfera PANROTAS","potentialAction":[{"@type":"SearchAction","target":{"@type":"EntryPoint","urlTemplate":"https:\/\/blog.panrotas.com.br\/gestordeviagens\/?s={search_term_string}"},"query-input":"required name=search_term_string"}],"inLanguage":"pt-BR"},{"@type":"ImageObject","@id":"https:\/\/blog.panrotas.com.br\/gestordeviagens\/2018\/02\/19\/troca-troca-de-gerentes-account-review-ultrapassado-subida-de-iptu-entrevista-revista-eventos\/#primaryimage","inLanguage":"pt-BR","url":"http:\/\/panrotas.blog.br\/gestordeviagens\/wp-content\/uploads\/sites\/19\/2018\/02\/a-compra-nao-foi-autorizada.jpg","contentUrl":"http:\/\/panrotas.blog.br\/gestordeviagens\/wp-content\/uploads\/sites\/19\/2018\/02\/a-compra-nao-foi-autorizada.jpg"},{"@type":"WebPage","@id":"https:\/\/blog.panrotas.com.br\/gestordeviagens\/2018\/02\/19\/troca-troca-de-gerentes-account-review-ultrapassado-subida-de-iptu-entrevista-revista-eventos\/#webpage","url":"https:\/\/blog.panrotas.com.br\/gestordeviagens\/2018\/02\/19\/troca-troca-de-gerentes-account-review-ultrapassado-subida-de-iptu-entrevista-revista-eventos\/","name":"Troca-troca de Gerentes \/ Account Review ultrapassado? \/ Subida de IPTU \/ Entrevista Revista Eventos - Gestor de Viagens","isPartOf":{"@id":"https:\/\/blog.panrotas.com.br\/gestordeviagens\/#website"},"primaryImageOfPage":{"@id":"https:\/\/blog.panrotas.com.br\/gestordeviagens\/2018\/02\/19\/troca-troca-de-gerentes-account-review-ultrapassado-subida-de-iptu-entrevista-revista-eventos\/#primaryimage"},"datePublished":"2018-02-19T22:16:40+00:00","dateModified":"2018-02-19T22:16:40+00:00","author":{"@id":"https:\/\/blog.panrotas.com.br\/gestordeviagens\/#\/schema\/person\/208e1c13bab5ecfa06ff4c6a06537c63"},"breadcrumb":{"@id":"https:\/\/blog.panrotas.com.br\/gestordeviagens\/2018\/02\/19\/troca-troca-de-gerentes-account-review-ultrapassado-subida-de-iptu-entrevista-revista-eventos\/#breadcrumb"},"inLanguage":"pt-BR","potentialAction":[{"@type":"ReadAction","target":["https:\/\/blog.panrotas.com.br\/gestordeviagens\/2018\/02\/19\/troca-troca-de-gerentes-account-review-ultrapassado-subida-de-iptu-entrevista-revista-eventos\/"]}]},{"@type":"BreadcrumbList","@id":"https:\/\/blog.panrotas.com.br\/gestordeviagens\/2018\/02\/19\/troca-troca-de-gerentes-account-review-ultrapassado-subida-de-iptu-entrevista-revista-eventos\/#breadcrumb","itemListElement":[{"@type":"ListItem","position":1,"name":"In\u00edcio","item":"https:\/\/blog.panrotas.com.br\/gestordeviagens\/"},{"@type":"ListItem","position":2,"name":"Troca-troca de Gerentes \/ Account Review ultrapassado? \/ Subida de IPTU \/ Entrevista Revista Eventos"}]},{"@type":"Person","@id":"https:\/\/blog.panrotas.com.br\/gestordeviagens\/#\/schema\/person\/208e1c13bab5ecfa06ff4c6a06537c63","name":"Fern\u00e3o Loureiro","image":{"@type":"ImageObject","@id":"https:\/\/blog.panrotas.com.br\/gestordeviagens\/#personlogo","inLanguage":"pt-BR","url":"https:\/\/secure.gravatar.com\/avatar\/9e70cfdabded60f08f7df8f830490e73?s=96&d=mm&r=g","contentUrl":"https:\/\/secure.gravatar.com\/avatar\/9e70cfdabded60f08f7df8f830490e73?s=96&d=mm&r=g","caption":"Fern\u00e3o Loureiro"},"description":"Eleito em 2017 como um dos 75 Profissionais de Turismo Mais Influentes do Brasil e em 2019 o Melhor Gestor de Viagens Corporativas do Brasil (pelo Portal Panrotas), premiado em Boston (EUA) pela Global Business Travel Association (GBTA) e Personalidade do Ano Pr\u00eamio Caio em 2017, 2018 e 2019 na categoria Clientes. Finalista no concurso \u201cTravel Manager 2018 na Am\u00e9rica Latina\u201d do evento Viajes Corp Americas, no Panam\u00e1 (onde tamb\u00e9m foi key note speaker). Autor do livro \"Gest\u00e3o Estrat\u00e9gica de Viagens Corporativas\" e Fundador-Diretor da Loureiro Consultores e s\u00f3cio-diretor de duas empresas - TataTur Operadora de Turismo e D'Amaro Odontologia Est\u00e9tica. Graduado em Gest\u00e3o de Turismo pelo IFSP, P\u00f3s-Graduado em Gest\u00e3o de Servi\u00e7os pela FECAP e com MBA em Gest\u00e3o Empresarial pela BBS. Coach formado pelo IBC. Instagram: @fernaoloureiro Youtube: ferlota68 LinkedIn: Fern\u00e3o Loureiro","sameAs":["http:\/\/www.loureiroconsultores.com"],"url":"https:\/\/blog.panrotas.com.br\/gestordeviagens\/author\/fernao\/"}]}},"jetpack_featured_media_url":"","_links":{"self":[{"href":"https:\/\/blog.panrotas.com.br\/gestordeviagens\/wp-json\/wp\/v2\/posts\/362"}],"collection":[{"href":"https:\/\/blog.panrotas.com.br\/gestordeviagens\/wp-json\/wp\/v2\/posts"}],"about":[{"href":"https:\/\/blog.panrotas.com.br\/gestordeviagens\/wp-json\/wp\/v2\/types\/post"}],"author":[{"embeddable":true,"href":"https:\/\/blog.panrotas.com.br\/gestordeviagens\/wp-json\/wp\/v2\/users\/20"}],"replies":[{"embeddable":true,"href":"https:\/\/blog.panrotas.com.br\/gestordeviagens\/wp-json\/wp\/v2\/comments?post=362"}],"version-history":[{"count":0,"href":"https:\/\/blog.panrotas.com.br\/gestordeviagens\/wp-json\/wp\/v2\/posts\/362\/revisions"}],"wp:attachment":[{"href":"https:\/\/blog.panrotas.com.br\/gestordeviagens\/wp-json\/wp\/v2\/media?parent=362"}],"wp:term":[{"taxonomy":"category","embeddable":true,"href":"https:\/\/blog.panrotas.com.br\/gestordeviagens\/wp-json\/wp\/v2\/categories?post=362"},{"taxonomy":"post_tag","embeddable":true,"href":"https:\/\/blog.panrotas.com.br\/gestordeviagens\/wp-json\/wp\/v2\/tags?post=362"}],"curies":[{"name":"wp","href":"https:\/\/api.w.org\/{rel}","templated":true}]}}