{"id":409,"date":"2018-12-11T17:24:25","date_gmt":"2018-12-11T19:24:25","guid":{"rendered":"http:\/\/blog.panrotas.com.br\/gestordeviagens\/?p=409"},"modified":"2018-12-11T17:24:25","modified_gmt":"2018-12-11T19:24:25","slug":"o-que-penso-das-notas-fiscais-aplicativos-de-cartoes-corporativos-sla-de-100","status":"publish","type":"post","link":"https:\/\/blog.panrotas.com.br\/gestordeviagens\/2018\/12\/11\/o-que-penso-das-notas-fiscais-aplicativos-de-cartoes-corporativos-sla-de-100\/","title":{"rendered":"O que penso das Notas Fiscais \/ Aplicativos de cart\u00f5es corporativos \/ SLA de 100%?"},"content":{"rendered":"<p>Caros Leitores,<\/p>\n<p>Em geral, as pessoas t\u00eam preferido ouvir\/assistir v\u00eddeos do que ler textos. Isso \u00e9 um fato atual&#8230; por isto resolvi desta vez fazer o post em v\u00eddeo, e o mesmo conte\u00fado em Ingl\u00eas no v\u00eddeo debaixo. Para isto tive que abordar apenas 3 assuntos ao inv\u00e9s de 5 como costumo fazer, mantendo 5 minutos como meta (com toler\u00e2ncia de 15 segundos rsrs).<\/p>\n<p>O assunto mais pol\u00eamico, sobre as Notas Fiscais, abre o v\u00eddeo. H\u00e1 um risco legal ao se implantar formas de pagamento virtuais sem obrigatoriedade de ter\/escriturar todas as NFs quando emitidas em nome da empresa? Sim, por\u00e9m baix\u00edssimo (quase nulo) perto dos ganhos financeiros e operacionais. H\u00e1 alternativa? Sim, emitir a NF em nome do funcion\u00e1rio seria uma &#8230; enfim, assista o v\u00eddeo e se tiver a chance, n\u00e3o deixe de substituir o faturamento por cart\u00f5es de cr\u00e9dito. Sua vida como Gestor, e a da sua empresa, ir\u00e3o melhorar sensivelmente!<\/p>\n<p><span data-mce-type=\"bookmark\" style=\"width: 0px;overflow: hidden;line-height: 0\" class=\"mce_SELRES_start\">\ufeff<\/span><\/p>\n<p><strong>ENGLISH VERSION<\/strong><\/p>\n","protected":false},"excerpt":{"rendered":"<p>Caros Leitores, Em geral, as pessoas t\u00eam preferido ouvir\/assistir v\u00eddeos do que ler textos. Isso \u00e9 um fato atual&#8230; por isto resolvi desta vez fazer o post em v\u00eddeo, e o mesmo conte\u00fado em Ingl\u00eas no v\u00eddeo debaixo. Para isto tive que abordar apenas 3 assuntos ao inv\u00e9s de 5 como costumo fazer, mantendo 5&hellip; <a class=\"more-link\" href=\"https:\/\/blog.panrotas.com.br\/gestordeviagens\/2018\/12\/11\/o-que-penso-das-notas-fiscais-aplicativos-de-cartoes-corporativos-sla-de-100\/\">Continue reading &rarr;<\/a><\/p>\n","protected":false},"author":20,"featured_media":0,"comment_status":"open","ping_status":"open","sticky":false,"template":"","format":"video","meta":{"spay_email":""},"categories":[2],"tags":[],"yoast_head":"<!-- This site is optimized with the Yoast SEO plugin v17.3 - https:\/\/yoast.com\/wordpress\/plugins\/seo\/ -->\n<title>O que penso das Notas Fiscais \/ Aplicativos de cart\u00f5es corporativos \/ SLA de 100%? - Gestor de Viagens<\/title>\n<meta name=\"robots\" content=\"index, follow, max-snippet:-1, max-image-preview:large, max-video-preview:-1\" \/>\n<link rel=\"canonical\" href=\"https:\/\/blog.panrotas.com.br\/gestordeviagens\/2018\/12\/11\/o-que-penso-das-notas-fiscais-aplicativos-de-cartoes-corporativos-sla-de-100\/\" \/>\n<meta property=\"og:locale\" content=\"pt_BR\" \/>\n<meta property=\"og:type\" content=\"article\" \/>\n<meta property=\"og:title\" content=\"O que penso das Notas Fiscais \/ Aplicativos de cart\u00f5es corporativos \/ SLA de 100%? - Gestor de Viagens\" \/>\n<meta property=\"og:description\" content=\"Caros Leitores, Em geral, as pessoas t\u00eam preferido ouvir\/assistir v\u00eddeos do que ler textos. Isso \u00e9 um fato atual&#8230; por isto resolvi desta vez fazer o post em v\u00eddeo, e o mesmo conte\u00fado em Ingl\u00eas no v\u00eddeo debaixo. Para isto tive que abordar apenas 3 assuntos ao inv\u00e9s de 5 como costumo fazer, mantendo 5&hellip; Continue reading &rarr;\" \/>\n<meta property=\"og:url\" content=\"https:\/\/blog.panrotas.com.br\/gestordeviagens\/2018\/12\/11\/o-que-penso-das-notas-fiscais-aplicativos-de-cartoes-corporativos-sla-de-100\/\" \/>\n<meta property=\"og:site_name\" content=\"Gestor de Viagens\" \/>\n<meta property=\"article:published_time\" content=\"2018-12-11T19:24:25+00:00\" \/>\n<meta name=\"twitter:card\" content=\"summary_large_image\" \/>\n<meta name=\"twitter:label1\" content=\"Escrito por\" \/>\n\t<meta name=\"twitter:data1\" content=\"Fern\u00e3o Loureiro\" \/>\n\t<meta name=\"twitter:label2\" content=\"Est. tempo de leitura\" \/>\n\t<meta name=\"twitter:data2\" content=\"1 minuto\" \/>\n<script type=\"application\/ld+json\" class=\"yoast-schema-graph\">{\"@context\":\"https:\/\/schema.org\",\"@graph\":[{\"@type\":\"WebSite\",\"@id\":\"https:\/\/blog.panrotas.com.br\/gestordeviagens\/#website\",\"url\":\"https:\/\/blog.panrotas.com.br\/gestordeviagens\/\",\"name\":\"Gestor de Viagens\",\"description\":\"Blogosfera PANROTAS\",\"potentialAction\":[{\"@type\":\"SearchAction\",\"target\":{\"@type\":\"EntryPoint\",\"urlTemplate\":\"https:\/\/blog.panrotas.com.br\/gestordeviagens\/?s={search_term_string}\"},\"query-input\":\"required name=search_term_string\"}],\"inLanguage\":\"pt-BR\"},{\"@type\":\"WebPage\",\"@id\":\"https:\/\/blog.panrotas.com.br\/gestordeviagens\/2018\/12\/11\/o-que-penso-das-notas-fiscais-aplicativos-de-cartoes-corporativos-sla-de-100\/#webpage\",\"url\":\"https:\/\/blog.panrotas.com.br\/gestordeviagens\/2018\/12\/11\/o-que-penso-das-notas-fiscais-aplicativos-de-cartoes-corporativos-sla-de-100\/\",\"name\":\"O que penso das Notas Fiscais \/ Aplicativos de cart\\u00f5es corporativos \/ SLA de 100%? - Gestor de Viagens\",\"isPartOf\":{\"@id\":\"https:\/\/blog.panrotas.com.br\/gestordeviagens\/#website\"},\"datePublished\":\"2018-12-11T19:24:25+00:00\",\"dateModified\":\"2018-12-11T19:24:25+00:00\",\"author\":{\"@id\":\"https:\/\/blog.panrotas.com.br\/gestordeviagens\/#\/schema\/person\/208e1c13bab5ecfa06ff4c6a06537c63\"},\"breadcrumb\":{\"@id\":\"https:\/\/blog.panrotas.com.br\/gestordeviagens\/2018\/12\/11\/o-que-penso-das-notas-fiscais-aplicativos-de-cartoes-corporativos-sla-de-100\/#breadcrumb\"},\"inLanguage\":\"pt-BR\",\"potentialAction\":[{\"@type\":\"ReadAction\",\"target\":[\"https:\/\/blog.panrotas.com.br\/gestordeviagens\/2018\/12\/11\/o-que-penso-das-notas-fiscais-aplicativos-de-cartoes-corporativos-sla-de-100\/\"]}]},{\"@type\":\"BreadcrumbList\",\"@id\":\"https:\/\/blog.panrotas.com.br\/gestordeviagens\/2018\/12\/11\/o-que-penso-das-notas-fiscais-aplicativos-de-cartoes-corporativos-sla-de-100\/#breadcrumb\",\"itemListElement\":[{\"@type\":\"ListItem\",\"position\":1,\"name\":\"In\\u00edcio\",\"item\":\"https:\/\/blog.panrotas.com.br\/gestordeviagens\/\"},{\"@type\":\"ListItem\",\"position\":2,\"name\":\"O que penso das Notas Fiscais \/ Aplicativos de cart\\u00f5es corporativos \/ SLA de 100%?\"}]},{\"@type\":\"Person\",\"@id\":\"https:\/\/blog.panrotas.com.br\/gestordeviagens\/#\/schema\/person\/208e1c13bab5ecfa06ff4c6a06537c63\",\"name\":\"Fern\\u00e3o Loureiro\",\"image\":{\"@type\":\"ImageObject\",\"@id\":\"https:\/\/blog.panrotas.com.br\/gestordeviagens\/#personlogo\",\"inLanguage\":\"pt-BR\",\"url\":\"https:\/\/secure.gravatar.com\/avatar\/9e70cfdabded60f08f7df8f830490e73?s=96&d=mm&r=g\",\"contentUrl\":\"https:\/\/secure.gravatar.com\/avatar\/9e70cfdabded60f08f7df8f830490e73?s=96&d=mm&r=g\",\"caption\":\"Fern\\u00e3o Loureiro\"},\"description\":\"Eleito em 2017 como um dos 75 Profissionais de Turismo Mais Influentes do Brasil e em 2019 o Melhor Gestor de Viagens Corporativas do Brasil (pelo Portal Panrotas), premiado em Boston (EUA) pela Global Business Travel Association (GBTA) e Personalidade do Ano Pr\\u00eamio Caio em 2017, 2018 e 2019 na categoria Clientes. Finalista no concurso \\u201cTravel Manager 2018 na Am\\u00e9rica Latina\\u201d do evento Viajes Corp Americas, no Panam\\u00e1 (onde tamb\\u00e9m foi key note speaker). Autor do livro \\\"Gest\\u00e3o Estrat\\u00e9gica de Viagens Corporativas\\\" e Fundador-Diretor da Loureiro Consultores e s\\u00f3cio-diretor de duas empresas - TataTur Operadora de Turismo e D'Amaro Odontologia Est\\u00e9tica. Graduado em Gest\\u00e3o de Turismo pelo IFSP, P\\u00f3s-Graduado em Gest\\u00e3o de Servi\\u00e7os pela FECAP e com MBA em Gest\\u00e3o Empresarial pela BBS. Coach formado pelo IBC. Instagram: @fernaoloureiro Youtube: ferlota68 LinkedIn: Fern\\u00e3o Loureiro\",\"sameAs\":[\"http:\/\/www.loureiroconsultores.com\"],\"url\":\"https:\/\/blog.panrotas.com.br\/gestordeviagens\/author\/fernao\/\"}]}<\/script>\n<!-- \/ Yoast SEO plugin. -->","yoast_head_json":{"title":"O que penso das Notas Fiscais \/ Aplicativos de cart\u00f5es corporativos \/ SLA de 100%? - Gestor de Viagens","robots":{"index":"index","follow":"follow","max-snippet":"max-snippet:-1","max-image-preview":"max-image-preview:large","max-video-preview":"max-video-preview:-1"},"canonical":"https:\/\/blog.panrotas.com.br\/gestordeviagens\/2018\/12\/11\/o-que-penso-das-notas-fiscais-aplicativos-de-cartoes-corporativos-sla-de-100\/","og_locale":"pt_BR","og_type":"article","og_title":"O que penso das Notas Fiscais \/ Aplicativos de cart\u00f5es corporativos \/ SLA de 100%? - Gestor de Viagens","og_description":"Caros Leitores, Em geral, as pessoas t\u00eam preferido ouvir\/assistir v\u00eddeos do que ler textos. Isso \u00e9 um fato atual&#8230; por isto resolvi desta vez fazer o post em v\u00eddeo, e o mesmo conte\u00fado em Ingl\u00eas no v\u00eddeo debaixo. Para isto tive que abordar apenas 3 assuntos ao inv\u00e9s de 5 como costumo fazer, mantendo 5&hellip; Continue reading &rarr;","og_url":"https:\/\/blog.panrotas.com.br\/gestordeviagens\/2018\/12\/11\/o-que-penso-das-notas-fiscais-aplicativos-de-cartoes-corporativos-sla-de-100\/","og_site_name":"Gestor de Viagens","article_published_time":"2018-12-11T19:24:25+00:00","twitter_card":"summary_large_image","twitter_misc":{"Escrito por":"Fern\u00e3o Loureiro","Est. tempo de leitura":"1 minuto"},"schema":{"@context":"https:\/\/schema.org","@graph":[{"@type":"WebSite","@id":"https:\/\/blog.panrotas.com.br\/gestordeviagens\/#website","url":"https:\/\/blog.panrotas.com.br\/gestordeviagens\/","name":"Gestor de Viagens","description":"Blogosfera PANROTAS","potentialAction":[{"@type":"SearchAction","target":{"@type":"EntryPoint","urlTemplate":"https:\/\/blog.panrotas.com.br\/gestordeviagens\/?s={search_term_string}"},"query-input":"required name=search_term_string"}],"inLanguage":"pt-BR"},{"@type":"WebPage","@id":"https:\/\/blog.panrotas.com.br\/gestordeviagens\/2018\/12\/11\/o-que-penso-das-notas-fiscais-aplicativos-de-cartoes-corporativos-sla-de-100\/#webpage","url":"https:\/\/blog.panrotas.com.br\/gestordeviagens\/2018\/12\/11\/o-que-penso-das-notas-fiscais-aplicativos-de-cartoes-corporativos-sla-de-100\/","name":"O que penso das Notas Fiscais \/ Aplicativos de cart\u00f5es corporativos \/ SLA de 100%? - Gestor de Viagens","isPartOf":{"@id":"https:\/\/blog.panrotas.com.br\/gestordeviagens\/#website"},"datePublished":"2018-12-11T19:24:25+00:00","dateModified":"2018-12-11T19:24:25+00:00","author":{"@id":"https:\/\/blog.panrotas.com.br\/gestordeviagens\/#\/schema\/person\/208e1c13bab5ecfa06ff4c6a06537c63"},"breadcrumb":{"@id":"https:\/\/blog.panrotas.com.br\/gestordeviagens\/2018\/12\/11\/o-que-penso-das-notas-fiscais-aplicativos-de-cartoes-corporativos-sla-de-100\/#breadcrumb"},"inLanguage":"pt-BR","potentialAction":[{"@type":"ReadAction","target":["https:\/\/blog.panrotas.com.br\/gestordeviagens\/2018\/12\/11\/o-que-penso-das-notas-fiscais-aplicativos-de-cartoes-corporativos-sla-de-100\/"]}]},{"@type":"BreadcrumbList","@id":"https:\/\/blog.panrotas.com.br\/gestordeviagens\/2018\/12\/11\/o-que-penso-das-notas-fiscais-aplicativos-de-cartoes-corporativos-sla-de-100\/#breadcrumb","itemListElement":[{"@type":"ListItem","position":1,"name":"In\u00edcio","item":"https:\/\/blog.panrotas.com.br\/gestordeviagens\/"},{"@type":"ListItem","position":2,"name":"O que penso das Notas Fiscais \/ Aplicativos de cart\u00f5es corporativos \/ SLA de 100%?"}]},{"@type":"Person","@id":"https:\/\/blog.panrotas.com.br\/gestordeviagens\/#\/schema\/person\/208e1c13bab5ecfa06ff4c6a06537c63","name":"Fern\u00e3o Loureiro","image":{"@type":"ImageObject","@id":"https:\/\/blog.panrotas.com.br\/gestordeviagens\/#personlogo","inLanguage":"pt-BR","url":"https:\/\/secure.gravatar.com\/avatar\/9e70cfdabded60f08f7df8f830490e73?s=96&d=mm&r=g","contentUrl":"https:\/\/secure.gravatar.com\/avatar\/9e70cfdabded60f08f7df8f830490e73?s=96&d=mm&r=g","caption":"Fern\u00e3o Loureiro"},"description":"Eleito em 2017 como um dos 75 Profissionais de Turismo Mais Influentes do Brasil e em 2019 o Melhor Gestor de Viagens Corporativas do Brasil (pelo Portal Panrotas), premiado em Boston (EUA) pela Global Business Travel Association (GBTA) e Personalidade do Ano Pr\u00eamio Caio em 2017, 2018 e 2019 na categoria Clientes. Finalista no concurso \u201cTravel Manager 2018 na Am\u00e9rica Latina\u201d do evento Viajes Corp Americas, no Panam\u00e1 (onde tamb\u00e9m foi key note speaker). Autor do livro \"Gest\u00e3o Estrat\u00e9gica de Viagens Corporativas\" e Fundador-Diretor da Loureiro Consultores e s\u00f3cio-diretor de duas empresas - TataTur Operadora de Turismo e D'Amaro Odontologia Est\u00e9tica. Graduado em Gest\u00e3o de Turismo pelo IFSP, P\u00f3s-Graduado em Gest\u00e3o de Servi\u00e7os pela FECAP e com MBA em Gest\u00e3o Empresarial pela BBS. Coach formado pelo IBC. Instagram: @fernaoloureiro Youtube: ferlota68 LinkedIn: Fern\u00e3o Loureiro","sameAs":["http:\/\/www.loureiroconsultores.com"],"url":"https:\/\/blog.panrotas.com.br\/gestordeviagens\/author\/fernao\/"}]}},"jetpack_featured_media_url":"","_links":{"self":[{"href":"https:\/\/blog.panrotas.com.br\/gestordeviagens\/wp-json\/wp\/v2\/posts\/409"}],"collection":[{"href":"https:\/\/blog.panrotas.com.br\/gestordeviagens\/wp-json\/wp\/v2\/posts"}],"about":[{"href":"https:\/\/blog.panrotas.com.br\/gestordeviagens\/wp-json\/wp\/v2\/types\/post"}],"author":[{"embeddable":true,"href":"https:\/\/blog.panrotas.com.br\/gestordeviagens\/wp-json\/wp\/v2\/users\/20"}],"replies":[{"embeddable":true,"href":"https:\/\/blog.panrotas.com.br\/gestordeviagens\/wp-json\/wp\/v2\/comments?post=409"}],"version-history":[{"count":0,"href":"https:\/\/blog.panrotas.com.br\/gestordeviagens\/wp-json\/wp\/v2\/posts\/409\/revisions"}],"wp:attachment":[{"href":"https:\/\/blog.panrotas.com.br\/gestordeviagens\/wp-json\/wp\/v2\/media?parent=409"}],"wp:term":[{"taxonomy":"category","embeddable":true,"href":"https:\/\/blog.panrotas.com.br\/gestordeviagens\/wp-json\/wp\/v2\/categories?post=409"},{"taxonomy":"post_tag","embeddable":true,"href":"https:\/\/blog.panrotas.com.br\/gestordeviagens\/wp-json\/wp\/v2\/tags?post=409"}],"curies":[{"name":"wp","href":"https:\/\/api.w.org\/{rel}","templated":true}]}}