{"id":449,"date":"2019-10-02T21:15:33","date_gmt":"2019-10-03T00:15:33","guid":{"rendered":"http:\/\/blog.panrotas.com.br\/gestordeviagens\/?p=449"},"modified":"2019-10-02T21:17:41","modified_gmt":"2019-10-03T00:17:41","slug":"branded-fares-e-adaptacao-de-pricing-das-tmcs-o-truque-dos-fees-baixos-mp-da-liberdade-economica-e-booking-com-para-corporacoes","status":"publish","type":"post","link":"https:\/\/blog.panrotas.com.br\/gestordeviagens\/2019\/10\/02\/branded-fares-e-adaptacao-de-pricing-das-tmcs-o-truque-dos-fees-baixos-mp-da-liberdade-economica-e-booking-com-para-corporacoes\/","title":{"rendered":"Branded Fares e adapta\u00e7\u00e3o de pricing das tmcs, DEPRESS\u00c3O NO TURISMO, o truque dos Fees baixos, MP da Liberdade Econ\u00f4mica e booking.com para corpora\u00e7\u00f5es"},"content":{"rendered":"\n<p>Caros Leitores e Seguidores,<\/p>\n\n\n\n<p>Setembro foi o m\u00eas que muito se falou sobre depress\u00e3o e ansiedade (at\u00e9 no Fant\u00e1stico, ali\u00e1s um quadro extraordin\u00e1rio).  J\u00e1 estamos em Outubro, mas gostaria de deixar aqui uma reflex\u00e3o porque elas continuam e continuar\u00e3o existindo por muito tempo.<\/p>\n\n\n\n<p>Se um colaborador seu est\u00e1 com depress\u00e3o ou transtorno de ansiedade\/p\u00e2nico, dar-lhe mais atividades ou tarefas n\u00e3o vai ajud\u00e1-lo(a) a melhorar. A probabilidade que piore \u00e9 MUITO grande&#8230;. porque n\u00e3o h\u00e1 concentra\u00e7\u00e3o, n\u00e3o h\u00e1 racioc\u00ednio afiado, n\u00e3o h\u00e1 VONTADE de fazer nem o b\u00e1sico esperado dele &#8211; que dir\u00e1 o adicional. Dar mais trabalho a esta pessoa por achar que \u00e9 &#8220;frescura&#8221; o que ela est\u00e1 passando ou porque vai ajud\u00e1-la a &#8220;se distrair&#8221;, &#8220;ocupar a cabe\u00e7a&#8221;, por melhor que seja sua inten\u00e7\u00e3o, s\u00f3 vai piorar o estado psicol\u00f3gico e emocional dela, por n\u00e3o conseguir realizar, entregar, corresponder \u00e0s suas expectativas como gestor, \u00e0s da empresa e \u00e0s do time. <\/p>\n\n\n\n<p><strong>Sugest\u00e3o: <\/strong>muito apoio, incentivo \u00e0 procura psicol\u00f3gica e psiqui\u00e1trica e uma cultura de di\u00e1logo entre colaboradores e gestores. O exemplo vem sim de cima&#8230;. se a Diretoria da empresa n\u00e3o inibe comportamentos inadequados de press\u00e3o sobre pessoas j\u00e1 doentes, a ger\u00eancia m\u00e9dia continuar\u00e1 abusando ou ignorante sobre como proceder nestes casos. A\u00ed entram tamb\u00e9m as \u00e1reas de RH, que deveriam realmente cuidar mais de pessoas e menos de processos internos.<\/p>\n\n\n\n<p>O Turismo, a Hotelaria e os Eventos s\u00e3o \u00e1reas estressantes por natureza. A gente ama nossos trabalhos, mas elas podem desequilibrar sim as pessoas &#8211; n\u00e3o sejamos t\u00e3o rom\u00e2nticos. Muito se fala de atender, encantar e tornar os clientes nossos f\u00e3s &#8211; mas como voc\u00eas empres\u00e1rios e acionistas desejam fazer isso com uma for\u00e7a de trabalho doente e triste? \u00c9 t\u00e3o \u00f3bvio que \u00e0s vezes me assusta a insensibilidade e cegueira de executivos que adoram contar de seus MBAs em Harvard e Princeton no LinkedIn, mas n\u00e3o conseguem enxergar um palmo \u00e0 sua frente!<\/p>\n\n\n\n<p>Conhe\u00e7o muitos colaboradores de n\u00edvel operacional que est\u00e3o passando por isso, e suas hist\u00f3rias me motivaram a escrever esta introdu\u00e7\u00e3o. \u00c9 algo que n\u00e3o se fala em nossa \u00e1rea, mas um problema latente.<\/p>\n\n\n\n<p>Espero que gostem do v\u00eddeo!<\/p>\n\n\n\n<p><\/p>\n\n\n\n<figure class=\"wp-block-embed-youtube wp-block-embed is-type-video is-provider-youtube wp-embed-aspect-16-9 wp-has-aspect-ratio\"><div class=\"wp-block-embed__wrapper\">\n<div class=\"jetpack-video-wrapper\"><iframe loading=\"lazy\" title=\"Post Blogosfera Panrotas Outubro 2019\" width=\"740\" height=\"416\" src=\"https:\/\/www.youtube.com\/embed\/HC0j2kJrIlI?feature=oembed\" frameborder=\"0\" allow=\"accelerometer; autoplay; encrypted-media; gyroscope; picture-in-picture\" allowfullscreen><\/iframe><\/div>\n<\/div><\/figure>\n","protected":false},"excerpt":{"rendered":"<p>Caros Leitores e Seguidores, Setembro foi o m\u00eas que muito se falou sobre depress\u00e3o e ansiedade (at\u00e9 no Fant\u00e1stico, ali\u00e1s um quadro extraordin\u00e1rio). J\u00e1 estamos em Outubro, mas gostaria de deixar aqui uma reflex\u00e3o porque elas continuam e continuar\u00e3o existindo por muito tempo. Se um colaborador seu est\u00e1 com depress\u00e3o ou transtorno de ansiedade\/p\u00e2nico, dar-lhe&hellip; <a class=\"more-link\" href=\"https:\/\/blog.panrotas.com.br\/gestordeviagens\/2019\/10\/02\/branded-fares-e-adaptacao-de-pricing-das-tmcs-o-truque-dos-fees-baixos-mp-da-liberdade-economica-e-booking-com-para-corporacoes\/\">Continue reading &rarr;<\/a><\/p>\n","protected":false},"author":20,"featured_media":0,"comment_status":"open","ping_status":"open","sticky":false,"template":"","format":"standard","meta":{"spay_email":""},"categories":[2],"tags":[],"yoast_head":"<!-- This site is optimized with the Yoast SEO plugin v17.3 - https:\/\/yoast.com\/wordpress\/plugins\/seo\/ -->\n<title>Branded Fares e adapta\u00e7\u00e3o de pricing das tmcs, DEPRESS\u00c3O NO TURISMO, o truque dos Fees baixos, MP da Liberdade Econ\u00f4mica e booking.com para corpora\u00e7\u00f5es - Gestor de Viagens<\/title>\n<meta name=\"robots\" content=\"index, follow, max-snippet:-1, max-image-preview:large, max-video-preview:-1\" \/>\n<link rel=\"canonical\" href=\"https:\/\/blog.panrotas.com.br\/gestordeviagens\/2019\/10\/02\/branded-fares-e-adaptacao-de-pricing-das-tmcs-o-truque-dos-fees-baixos-mp-da-liberdade-economica-e-booking-com-para-corporacoes\/\" \/>\n<meta property=\"og:locale\" content=\"pt_BR\" \/>\n<meta property=\"og:type\" content=\"article\" \/>\n<meta property=\"og:title\" content=\"Branded Fares e adapta\u00e7\u00e3o de pricing das tmcs, DEPRESS\u00c3O NO TURISMO, o truque dos Fees baixos, MP da Liberdade Econ\u00f4mica e booking.com para corpora\u00e7\u00f5es - Gestor de Viagens\" \/>\n<meta property=\"og:description\" content=\"Caros Leitores e Seguidores, Setembro foi o m\u00eas que muito se falou sobre depress\u00e3o e ansiedade (at\u00e9 no Fant\u00e1stico, ali\u00e1s um quadro extraordin\u00e1rio). J\u00e1 estamos em Outubro, mas gostaria de deixar aqui uma reflex\u00e3o porque elas continuam e continuar\u00e3o existindo por muito tempo. Se um colaborador seu est\u00e1 com depress\u00e3o ou transtorno de ansiedade\/p\u00e2nico, dar-lhe&hellip; Continue reading &rarr;\" \/>\n<meta property=\"og:url\" content=\"https:\/\/blog.panrotas.com.br\/gestordeviagens\/2019\/10\/02\/branded-fares-e-adaptacao-de-pricing-das-tmcs-o-truque-dos-fees-baixos-mp-da-liberdade-economica-e-booking-com-para-corporacoes\/\" \/>\n<meta property=\"og:site_name\" content=\"Gestor de Viagens\" \/>\n<meta property=\"article:published_time\" content=\"2019-10-03T00:15:33+00:00\" \/>\n<meta property=\"article:modified_time\" content=\"2019-10-03T00:17:41+00:00\" \/>\n<meta name=\"twitter:card\" content=\"summary_large_image\" \/>\n<meta name=\"twitter:label1\" content=\"Escrito por\" \/>\n\t<meta name=\"twitter:data1\" content=\"Fern\u00e3o Loureiro\" \/>\n\t<meta name=\"twitter:label2\" content=\"Est. tempo de leitura\" \/>\n\t<meta name=\"twitter:data2\" content=\"2 minutos\" \/>\n<script type=\"application\/ld+json\" class=\"yoast-schema-graph\">{\"@context\":\"https:\/\/schema.org\",\"@graph\":[{\"@type\":\"WebSite\",\"@id\":\"https:\/\/blog.panrotas.com.br\/gestordeviagens\/#website\",\"url\":\"https:\/\/blog.panrotas.com.br\/gestordeviagens\/\",\"name\":\"Gestor de Viagens\",\"description\":\"Blogosfera PANROTAS\",\"potentialAction\":[{\"@type\":\"SearchAction\",\"target\":{\"@type\":\"EntryPoint\",\"urlTemplate\":\"https:\/\/blog.panrotas.com.br\/gestordeviagens\/?s={search_term_string}\"},\"query-input\":\"required name=search_term_string\"}],\"inLanguage\":\"pt-BR\"},{\"@type\":\"WebPage\",\"@id\":\"https:\/\/blog.panrotas.com.br\/gestordeviagens\/2019\/10\/02\/branded-fares-e-adaptacao-de-pricing-das-tmcs-o-truque-dos-fees-baixos-mp-da-liberdade-economica-e-booking-com-para-corporacoes\/#webpage\",\"url\":\"https:\/\/blog.panrotas.com.br\/gestordeviagens\/2019\/10\/02\/branded-fares-e-adaptacao-de-pricing-das-tmcs-o-truque-dos-fees-baixos-mp-da-liberdade-economica-e-booking-com-para-corporacoes\/\",\"name\":\"Branded Fares e adapta\\u00e7\\u00e3o de pricing das tmcs, DEPRESS\\u00c3O NO TURISMO, o truque dos Fees baixos, MP da Liberdade Econ\\u00f4mica e booking.com para corpora\\u00e7\\u00f5es - Gestor de Viagens\",\"isPartOf\":{\"@id\":\"https:\/\/blog.panrotas.com.br\/gestordeviagens\/#website\"},\"datePublished\":\"2019-10-03T00:15:33+00:00\",\"dateModified\":\"2019-10-03T00:17:41+00:00\",\"author\":{\"@id\":\"https:\/\/blog.panrotas.com.br\/gestordeviagens\/#\/schema\/person\/208e1c13bab5ecfa06ff4c6a06537c63\"},\"breadcrumb\":{\"@id\":\"https:\/\/blog.panrotas.com.br\/gestordeviagens\/2019\/10\/02\/branded-fares-e-adaptacao-de-pricing-das-tmcs-o-truque-dos-fees-baixos-mp-da-liberdade-economica-e-booking-com-para-corporacoes\/#breadcrumb\"},\"inLanguage\":\"pt-BR\",\"potentialAction\":[{\"@type\":\"ReadAction\",\"target\":[\"https:\/\/blog.panrotas.com.br\/gestordeviagens\/2019\/10\/02\/branded-fares-e-adaptacao-de-pricing-das-tmcs-o-truque-dos-fees-baixos-mp-da-liberdade-economica-e-booking-com-para-corporacoes\/\"]}]},{\"@type\":\"BreadcrumbList\",\"@id\":\"https:\/\/blog.panrotas.com.br\/gestordeviagens\/2019\/10\/02\/branded-fares-e-adaptacao-de-pricing-das-tmcs-o-truque-dos-fees-baixos-mp-da-liberdade-economica-e-booking-com-para-corporacoes\/#breadcrumb\",\"itemListElement\":[{\"@type\":\"ListItem\",\"position\":1,\"name\":\"In\\u00edcio\",\"item\":\"https:\/\/blog.panrotas.com.br\/gestordeviagens\/\"},{\"@type\":\"ListItem\",\"position\":2,\"name\":\"Branded Fares e adapta\\u00e7\\u00e3o de pricing das tmcs, DEPRESS\\u00c3O NO TURISMO, o truque dos Fees baixos, MP da Liberdade Econ\\u00f4mica e booking.com para corpora\\u00e7\\u00f5es\"}]},{\"@type\":\"Person\",\"@id\":\"https:\/\/blog.panrotas.com.br\/gestordeviagens\/#\/schema\/person\/208e1c13bab5ecfa06ff4c6a06537c63\",\"name\":\"Fern\\u00e3o Loureiro\",\"image\":{\"@type\":\"ImageObject\",\"@id\":\"https:\/\/blog.panrotas.com.br\/gestordeviagens\/#personlogo\",\"inLanguage\":\"pt-BR\",\"url\":\"https:\/\/secure.gravatar.com\/avatar\/9e70cfdabded60f08f7df8f830490e73?s=96&d=mm&r=g\",\"contentUrl\":\"https:\/\/secure.gravatar.com\/avatar\/9e70cfdabded60f08f7df8f830490e73?s=96&d=mm&r=g\",\"caption\":\"Fern\\u00e3o Loureiro\"},\"description\":\"Eleito em 2017 como um dos 75 Profissionais de Turismo Mais Influentes do Brasil e em 2019 o Melhor Gestor de Viagens Corporativas do Brasil (pelo Portal Panrotas), premiado em Boston (EUA) pela Global Business Travel Association (GBTA) e Personalidade do Ano Pr\\u00eamio Caio em 2017, 2018 e 2019 na categoria Clientes. Finalista no concurso \\u201cTravel Manager 2018 na Am\\u00e9rica Latina\\u201d do evento Viajes Corp Americas, no Panam\\u00e1 (onde tamb\\u00e9m foi key note speaker). Autor do livro \\\"Gest\\u00e3o Estrat\\u00e9gica de Viagens Corporativas\\\" e Fundador-Diretor da Loureiro Consultores e s\\u00f3cio-diretor de duas empresas - TataTur Operadora de Turismo e D'Amaro Odontologia Est\\u00e9tica. Graduado em Gest\\u00e3o de Turismo pelo IFSP, P\\u00f3s-Graduado em Gest\\u00e3o de Servi\\u00e7os pela FECAP e com MBA em Gest\\u00e3o Empresarial pela BBS. Coach formado pelo IBC. Instagram: @fernaoloureiro Youtube: ferlota68 LinkedIn: Fern\\u00e3o Loureiro\",\"sameAs\":[\"http:\/\/www.loureiroconsultores.com\"],\"url\":\"https:\/\/blog.panrotas.com.br\/gestordeviagens\/author\/fernao\/\"}]}<\/script>\n<!-- \/ Yoast SEO plugin. -->","yoast_head_json":{"title":"Branded Fares e adapta\u00e7\u00e3o de pricing das tmcs, DEPRESS\u00c3O NO TURISMO, o truque dos Fees baixos, MP da Liberdade Econ\u00f4mica e booking.com para corpora\u00e7\u00f5es - Gestor de Viagens","robots":{"index":"index","follow":"follow","max-snippet":"max-snippet:-1","max-image-preview":"max-image-preview:large","max-video-preview":"max-video-preview:-1"},"canonical":"https:\/\/blog.panrotas.com.br\/gestordeviagens\/2019\/10\/02\/branded-fares-e-adaptacao-de-pricing-das-tmcs-o-truque-dos-fees-baixos-mp-da-liberdade-economica-e-booking-com-para-corporacoes\/","og_locale":"pt_BR","og_type":"article","og_title":"Branded Fares e adapta\u00e7\u00e3o de pricing das tmcs, DEPRESS\u00c3O NO TURISMO, o truque dos Fees baixos, MP da Liberdade Econ\u00f4mica e booking.com para corpora\u00e7\u00f5es - Gestor de Viagens","og_description":"Caros Leitores e Seguidores, Setembro foi o m\u00eas que muito se falou sobre depress\u00e3o e ansiedade (at\u00e9 no Fant\u00e1stico, ali\u00e1s um quadro extraordin\u00e1rio). J\u00e1 estamos em Outubro, mas gostaria de deixar aqui uma reflex\u00e3o porque elas continuam e continuar\u00e3o existindo por muito tempo. Se um colaborador seu est\u00e1 com depress\u00e3o ou transtorno de ansiedade\/p\u00e2nico, dar-lhe&hellip; Continue reading &rarr;","og_url":"https:\/\/blog.panrotas.com.br\/gestordeviagens\/2019\/10\/02\/branded-fares-e-adaptacao-de-pricing-das-tmcs-o-truque-dos-fees-baixos-mp-da-liberdade-economica-e-booking-com-para-corporacoes\/","og_site_name":"Gestor de Viagens","article_published_time":"2019-10-03T00:15:33+00:00","article_modified_time":"2019-10-03T00:17:41+00:00","twitter_card":"summary_large_image","twitter_misc":{"Escrito por":"Fern\u00e3o Loureiro","Est. tempo de leitura":"2 minutos"},"schema":{"@context":"https:\/\/schema.org","@graph":[{"@type":"WebSite","@id":"https:\/\/blog.panrotas.com.br\/gestordeviagens\/#website","url":"https:\/\/blog.panrotas.com.br\/gestordeviagens\/","name":"Gestor de Viagens","description":"Blogosfera PANROTAS","potentialAction":[{"@type":"SearchAction","target":{"@type":"EntryPoint","urlTemplate":"https:\/\/blog.panrotas.com.br\/gestordeviagens\/?s={search_term_string}"},"query-input":"required name=search_term_string"}],"inLanguage":"pt-BR"},{"@type":"WebPage","@id":"https:\/\/blog.panrotas.com.br\/gestordeviagens\/2019\/10\/02\/branded-fares-e-adaptacao-de-pricing-das-tmcs-o-truque-dos-fees-baixos-mp-da-liberdade-economica-e-booking-com-para-corporacoes\/#webpage","url":"https:\/\/blog.panrotas.com.br\/gestordeviagens\/2019\/10\/02\/branded-fares-e-adaptacao-de-pricing-das-tmcs-o-truque-dos-fees-baixos-mp-da-liberdade-economica-e-booking-com-para-corporacoes\/","name":"Branded Fares e adapta\u00e7\u00e3o de pricing das tmcs, DEPRESS\u00c3O NO TURISMO, o truque dos Fees baixos, MP da Liberdade Econ\u00f4mica e booking.com para corpora\u00e7\u00f5es - Gestor de Viagens","isPartOf":{"@id":"https:\/\/blog.panrotas.com.br\/gestordeviagens\/#website"},"datePublished":"2019-10-03T00:15:33+00:00","dateModified":"2019-10-03T00:17:41+00:00","author":{"@id":"https:\/\/blog.panrotas.com.br\/gestordeviagens\/#\/schema\/person\/208e1c13bab5ecfa06ff4c6a06537c63"},"breadcrumb":{"@id":"https:\/\/blog.panrotas.com.br\/gestordeviagens\/2019\/10\/02\/branded-fares-e-adaptacao-de-pricing-das-tmcs-o-truque-dos-fees-baixos-mp-da-liberdade-economica-e-booking-com-para-corporacoes\/#breadcrumb"},"inLanguage":"pt-BR","potentialAction":[{"@type":"ReadAction","target":["https:\/\/blog.panrotas.com.br\/gestordeviagens\/2019\/10\/02\/branded-fares-e-adaptacao-de-pricing-das-tmcs-o-truque-dos-fees-baixos-mp-da-liberdade-economica-e-booking-com-para-corporacoes\/"]}]},{"@type":"BreadcrumbList","@id":"https:\/\/blog.panrotas.com.br\/gestordeviagens\/2019\/10\/02\/branded-fares-e-adaptacao-de-pricing-das-tmcs-o-truque-dos-fees-baixos-mp-da-liberdade-economica-e-booking-com-para-corporacoes\/#breadcrumb","itemListElement":[{"@type":"ListItem","position":1,"name":"In\u00edcio","item":"https:\/\/blog.panrotas.com.br\/gestordeviagens\/"},{"@type":"ListItem","position":2,"name":"Branded Fares e adapta\u00e7\u00e3o de pricing das tmcs, DEPRESS\u00c3O NO TURISMO, o truque dos Fees baixos, MP da Liberdade Econ\u00f4mica e booking.com para corpora\u00e7\u00f5es"}]},{"@type":"Person","@id":"https:\/\/blog.panrotas.com.br\/gestordeviagens\/#\/schema\/person\/208e1c13bab5ecfa06ff4c6a06537c63","name":"Fern\u00e3o Loureiro","image":{"@type":"ImageObject","@id":"https:\/\/blog.panrotas.com.br\/gestordeviagens\/#personlogo","inLanguage":"pt-BR","url":"https:\/\/secure.gravatar.com\/avatar\/9e70cfdabded60f08f7df8f830490e73?s=96&d=mm&r=g","contentUrl":"https:\/\/secure.gravatar.com\/avatar\/9e70cfdabded60f08f7df8f830490e73?s=96&d=mm&r=g","caption":"Fern\u00e3o Loureiro"},"description":"Eleito em 2017 como um dos 75 Profissionais de Turismo Mais Influentes do Brasil e em 2019 o Melhor Gestor de Viagens Corporativas do Brasil (pelo Portal Panrotas), premiado em Boston (EUA) pela Global Business Travel Association (GBTA) e Personalidade do Ano Pr\u00eamio Caio em 2017, 2018 e 2019 na categoria Clientes. Finalista no concurso \u201cTravel Manager 2018 na Am\u00e9rica Latina\u201d do evento Viajes Corp Americas, no Panam\u00e1 (onde tamb\u00e9m foi key note speaker). Autor do livro \"Gest\u00e3o Estrat\u00e9gica de Viagens Corporativas\" e Fundador-Diretor da Loureiro Consultores e s\u00f3cio-diretor de duas empresas - TataTur Operadora de Turismo e D'Amaro Odontologia Est\u00e9tica. Graduado em Gest\u00e3o de Turismo pelo IFSP, P\u00f3s-Graduado em Gest\u00e3o de Servi\u00e7os pela FECAP e com MBA em Gest\u00e3o Empresarial pela BBS. Coach formado pelo IBC. Instagram: @fernaoloureiro Youtube: ferlota68 LinkedIn: Fern\u00e3o Loureiro","sameAs":["http:\/\/www.loureiroconsultores.com"],"url":"https:\/\/blog.panrotas.com.br\/gestordeviagens\/author\/fernao\/"}]}},"jetpack_featured_media_url":"","_links":{"self":[{"href":"https:\/\/blog.panrotas.com.br\/gestordeviagens\/wp-json\/wp\/v2\/posts\/449"}],"collection":[{"href":"https:\/\/blog.panrotas.com.br\/gestordeviagens\/wp-json\/wp\/v2\/posts"}],"about":[{"href":"https:\/\/blog.panrotas.com.br\/gestordeviagens\/wp-json\/wp\/v2\/types\/post"}],"author":[{"embeddable":true,"href":"https:\/\/blog.panrotas.com.br\/gestordeviagens\/wp-json\/wp\/v2\/users\/20"}],"replies":[{"embeddable":true,"href":"https:\/\/blog.panrotas.com.br\/gestordeviagens\/wp-json\/wp\/v2\/comments?post=449"}],"version-history":[{"count":4,"href":"https:\/\/blog.panrotas.com.br\/gestordeviagens\/wp-json\/wp\/v2\/posts\/449\/revisions"}],"predecessor-version":[{"id":453,"href":"https:\/\/blog.panrotas.com.br\/gestordeviagens\/wp-json\/wp\/v2\/posts\/449\/revisions\/453"}],"wp:attachment":[{"href":"https:\/\/blog.panrotas.com.br\/gestordeviagens\/wp-json\/wp\/v2\/media?parent=449"}],"wp:term":[{"taxonomy":"category","embeddable":true,"href":"https:\/\/blog.panrotas.com.br\/gestordeviagens\/wp-json\/wp\/v2\/categories?post=449"},{"taxonomy":"post_tag","embeddable":true,"href":"https:\/\/blog.panrotas.com.br\/gestordeviagens\/wp-json\/wp\/v2\/tags?post=449"}],"curies":[{"name":"wp","href":"https:\/\/api.w.org\/{rel}","templated":true}]}}