{"id":509,"date":"2020-06-16T22:18:25","date_gmt":"2020-06-17T01:18:25","guid":{"rendered":"http:\/\/blog.panrotas.com.br\/gestordeviagens\/?p=509"},"modified":"2020-06-16T22:22:42","modified_gmt":"2020-06-17T01:22:42","slug":"4-tendencias-para-a-aviacao-pos-pandemia-e-video-entrevista-com-uma-executiva-do-setor-de-viagens-corporativas","status":"publish","type":"post","link":"https:\/\/blog.panrotas.com.br\/gestordeviagens\/2020\/06\/16\/4-tendencias-para-a-aviacao-pos-pandemia-e-video-entrevista-com-uma-executiva-do-setor-de-viagens-corporativas\/","title":{"rendered":"4 TEND\u00caNCIAS PARA A AVIA\u00c7\u00c3O P\u00d3S-PANDEMIA E V\u00cdDEO-ENTREVISTA COM UMA EXECUTIVA DO SETOR DE VIAGENS CORPORATIVAS"},"content":{"rendered":"\n<p>Caros Leitores,<\/p>\n\n\n\n<p>Ainda que existam muitas inc\u00f3gnitas sobre o futuro p\u00f3s-coronav\u00edrus, \u00e9 certo que a pandemia ser\u00e1 respons\u00e1vel por MUDAN\u00c7AS definitivas na ind\u00fastria do turismo e, principalmente, na avia\u00e7\u00e3o.<br>\u2800<br>Separei 4 MUDAN\u00c7AS:<br>\u2800<br>\u2800<br>\u2705ACESS\u00d3RIOS DO VIAJANTE: governos e companhias a\u00e9reas podem exigir que todos usem m\u00e1scaras no aeroporto e durante o voo, tendo que estar em m\u00e3os e vis\u00edveis no embarque. Companhias a\u00e9reas podem fornecer o item antes do embarque, por exemplo, como a\u00a0<a href=\"https:\/\/www.instagram.com\/americanair\/\">@americanair<\/a>\u00a0(American Airlines) vem fazendo.<br>\u2800<br>\u2705 EXAMES: a\u00a0<a href=\"https:\/\/www.instagram.com\/emirates\/\">@emirates<\/a>\u00a0come\u00e7ou a fazer testes de sangue que detectam o coronav\u00edrus durante o check-in dos passageiros, com resultados que saem em apenas dez minutos. Enquanto isso, a\u00a0<a href=\"https:\/\/www.instagram.com\/etihadairways\/\">@etihadairways<\/a>\u00a0j\u00e1 est\u00e1 trabalhando em m\u00e1quinas de self-check-in em que o pr\u00f3prio cliente confere a respira\u00e7\u00e3o, batimentos card\u00edacos e temperatura do corpo.\u2800<br>\u2800<br>\u2705DOCUMENTO OBRIGAT\u00d3RIO: passaporte da imunidade! Seria como um Certificado Internacional de Vacina, por\u00e9m deve demorar a viabilizar a ideia porque ainda precisa descobrir a vacina contra o Covid-19.\u2800<br>\u2800<br>\u2705MENOS GENTE, MAIS ROB\u00d4: o que pode acontecer \u00e9 o uso de mais tecnologias, seja com um maior n\u00famero de m\u00e1quinas de self-check-in ou com a implementa\u00e7\u00e3o de mais sistemas autom\u00e1ticos de despacho de bagagem.<br>\u2800<\/p>\n\n\n\n<p><strong>E com quem \u00e9 o bate-papo hoje?<\/strong><\/p>\n\n\n\n<p>Luana Nogueira \u00e9 uma profissional exemplar, l\u00edder nata e self-made. Admiro muito sua capacidade de trabalho, entrega e posicionamento em um mercado t\u00e3o fechado como o nosso. \u00c9 uma mulher de fibra que serve de exemplo a diversas outras! Nosso papo \u00e9 sobre mercado de trabalho, CHA (Compet\u00eancias, Habilidades e Atitudes), e a recente luta e vit\u00f3ria sobre uma doen\u00e7a (sim, essa mesma que voc\u00ea pensou e que nos trancou em casa!).  <\/p>\n\n\n\n<figure class=\"wp-block-embed-youtube wp-block-embed is-type-video is-provider-youtube wp-embed-aspect-16-9 wp-has-aspect-ratio\"><div class=\"wp-block-embed__wrapper\">\n<div class=\"jetpack-video-wrapper\"><iframe loading=\"lazy\" title=\"Papo com Luana Nogueira - Turism\u00f3loga, Executiva e Sobrevivente\" width=\"740\" height=\"416\" src=\"https:\/\/www.youtube.com\/embed\/iRhdBl8-Uf0?feature=oembed\" frameborder=\"0\" allow=\"accelerometer; autoplay; encrypted-media; gyroscope; picture-in-picture\" allowfullscreen><\/iframe><\/div>\n<\/div><\/figure>\n","protected":false},"excerpt":{"rendered":"<p>Caros Leitores, Ainda que existam muitas inc\u00f3gnitas sobre o futuro p\u00f3s-coronav\u00edrus, \u00e9 certo que a pandemia ser\u00e1 respons\u00e1vel por MUDAN\u00c7AS definitivas na ind\u00fastria do turismo e, principalmente, na avia\u00e7\u00e3o.\u2800Separei 4 MUDAN\u00c7AS:\u2800\u2800\u2705ACESS\u00d3RIOS DO VIAJANTE: governos e companhias a\u00e9reas podem exigir que todos usem m\u00e1scaras no aeroporto e durante o voo, tendo que estar em m\u00e3os e&hellip; <a class=\"more-link\" href=\"https:\/\/blog.panrotas.com.br\/gestordeviagens\/2020\/06\/16\/4-tendencias-para-a-aviacao-pos-pandemia-e-video-entrevista-com-uma-executiva-do-setor-de-viagens-corporativas\/\">Continue reading &rarr;<\/a><\/p>\n","protected":false},"author":20,"featured_media":511,"comment_status":"open","ping_status":"open","sticky":false,"template":"","format":"standard","meta":{"spay_email":""},"categories":[2],"tags":[],"yoast_head":"<!-- This site is optimized with the Yoast SEO plugin v17.3 - https:\/\/yoast.com\/wordpress\/plugins\/seo\/ -->\n<title>4 TEND\u00caNCIAS PARA A AVIA\u00c7\u00c3O P\u00d3S-PANDEMIA E V\u00cdDEO-ENTREVISTA COM UMA EXECUTIVA DO SETOR DE VIAGENS CORPORATIVAS - Gestor de Viagens<\/title>\n<meta name=\"robots\" content=\"index, follow, max-snippet:-1, max-image-preview:large, max-video-preview:-1\" \/>\n<link rel=\"canonical\" href=\"http:\/\/blog.panrotas.com.br\/gestordeviagens\/2020\/06\/16\/4-tendencias-para-a-aviacao-pos-pandemia-e-video-entrevista-com-uma-executiva-do-setor-de-viagens-corporativas\/\" \/>\n<meta property=\"og:locale\" content=\"pt_BR\" \/>\n<meta property=\"og:type\" content=\"article\" \/>\n<meta property=\"og:title\" content=\"4 TEND\u00caNCIAS PARA A AVIA\u00c7\u00c3O P\u00d3S-PANDEMIA E V\u00cdDEO-ENTREVISTA COM UMA EXECUTIVA DO SETOR DE VIAGENS CORPORATIVAS - Gestor de Viagens\" \/>\n<meta property=\"og:description\" content=\"Caros Leitores, Ainda que existam muitas inc\u00f3gnitas sobre o futuro p\u00f3s-coronav\u00edrus, \u00e9 certo que a pandemia ser\u00e1 respons\u00e1vel por MUDAN\u00c7AS definitivas na ind\u00fastria do turismo e, principalmente, na avia\u00e7\u00e3o.\u2800Separei 4 MUDAN\u00c7AS:\u2800\u2800\u2705ACESS\u00d3RIOS DO VIAJANTE: governos e companhias a\u00e9reas podem exigir que todos usem m\u00e1scaras no aeroporto e durante o voo, tendo que estar em m\u00e3os e&hellip; Continue reading &rarr;\" \/>\n<meta property=\"og:url\" content=\"http:\/\/blog.panrotas.com.br\/gestordeviagens\/2020\/06\/16\/4-tendencias-para-a-aviacao-pos-pandemia-e-video-entrevista-com-uma-executiva-do-setor-de-viagens-corporativas\/\" \/>\n<meta property=\"og:site_name\" content=\"Gestor de Viagens\" \/>\n<meta property=\"article:published_time\" content=\"2020-06-17T01:18:25+00:00\" \/>\n<meta property=\"article:modified_time\" content=\"2020-06-17T01:22:42+00:00\" \/>\n<meta property=\"og:image\" content=\"http:\/\/blog.panrotas.com.br\/gestordeviagens\/wp-content\/uploads\/sites\/19\/2020\/06\/aviao.jpg\" \/>\n\t<meta property=\"og:image:width\" content=\"590\" \/>\n\t<meta property=\"og:image:height\" content=\"588\" \/>\n<meta name=\"twitter:card\" content=\"summary_large_image\" \/>\n<meta name=\"twitter:label1\" content=\"Escrito por\" \/>\n\t<meta name=\"twitter:data1\" content=\"Fern\u00e3o Loureiro\" \/>\n\t<meta name=\"twitter:label2\" content=\"Est. tempo de leitura\" \/>\n\t<meta name=\"twitter:data2\" content=\"2 minutos\" \/>\n<script type=\"application\/ld+json\" class=\"yoast-schema-graph\">{\"@context\":\"https:\/\/schema.org\",\"@graph\":[{\"@type\":\"WebSite\",\"@id\":\"https:\/\/blog.panrotas.com.br\/gestordeviagens\/#website\",\"url\":\"https:\/\/blog.panrotas.com.br\/gestordeviagens\/\",\"name\":\"Gestor de Viagens\",\"description\":\"Blogosfera PANROTAS\",\"potentialAction\":[{\"@type\":\"SearchAction\",\"target\":{\"@type\":\"EntryPoint\",\"urlTemplate\":\"https:\/\/blog.panrotas.com.br\/gestordeviagens\/?s={search_term_string}\"},\"query-input\":\"required name=search_term_string\"}],\"inLanguage\":\"pt-BR\"},{\"@type\":\"ImageObject\",\"@id\":\"http:\/\/blog.panrotas.com.br\/gestordeviagens\/2020\/06\/16\/4-tendencias-para-a-aviacao-pos-pandemia-e-video-entrevista-com-uma-executiva-do-setor-de-viagens-corporativas\/#primaryimage\",\"inLanguage\":\"pt-BR\",\"url\":\"https:\/\/blog.panrotas.com.br\/gestordeviagens\/wp-content\/uploads\/sites\/19\/2020\/06\/aviao.jpg\",\"contentUrl\":\"https:\/\/blog.panrotas.com.br\/gestordeviagens\/wp-content\/uploads\/sites\/19\/2020\/06\/aviao.jpg\",\"width\":590,\"height\":588},{\"@type\":\"WebPage\",\"@id\":\"http:\/\/blog.panrotas.com.br\/gestordeviagens\/2020\/06\/16\/4-tendencias-para-a-aviacao-pos-pandemia-e-video-entrevista-com-uma-executiva-do-setor-de-viagens-corporativas\/#webpage\",\"url\":\"http:\/\/blog.panrotas.com.br\/gestordeviagens\/2020\/06\/16\/4-tendencias-para-a-aviacao-pos-pandemia-e-video-entrevista-com-uma-executiva-do-setor-de-viagens-corporativas\/\",\"name\":\"4 TEND\\u00caNCIAS PARA A AVIA\\u00c7\\u00c3O P\\u00d3S-PANDEMIA E V\\u00cdDEO-ENTREVISTA COM UMA EXECUTIVA DO SETOR DE VIAGENS CORPORATIVAS - Gestor de Viagens\",\"isPartOf\":{\"@id\":\"https:\/\/blog.panrotas.com.br\/gestordeviagens\/#website\"},\"primaryImageOfPage\":{\"@id\":\"http:\/\/blog.panrotas.com.br\/gestordeviagens\/2020\/06\/16\/4-tendencias-para-a-aviacao-pos-pandemia-e-video-entrevista-com-uma-executiva-do-setor-de-viagens-corporativas\/#primaryimage\"},\"datePublished\":\"2020-06-17T01:18:25+00:00\",\"dateModified\":\"2020-06-17T01:22:42+00:00\",\"author\":{\"@id\":\"https:\/\/blog.panrotas.com.br\/gestordeviagens\/#\/schema\/person\/208e1c13bab5ecfa06ff4c6a06537c63\"},\"breadcrumb\":{\"@id\":\"http:\/\/blog.panrotas.com.br\/gestordeviagens\/2020\/06\/16\/4-tendencias-para-a-aviacao-pos-pandemia-e-video-entrevista-com-uma-executiva-do-setor-de-viagens-corporativas\/#breadcrumb\"},\"inLanguage\":\"pt-BR\",\"potentialAction\":[{\"@type\":\"ReadAction\",\"target\":[\"http:\/\/blog.panrotas.com.br\/gestordeviagens\/2020\/06\/16\/4-tendencias-para-a-aviacao-pos-pandemia-e-video-entrevista-com-uma-executiva-do-setor-de-viagens-corporativas\/\"]}]},{\"@type\":\"BreadcrumbList\",\"@id\":\"http:\/\/blog.panrotas.com.br\/gestordeviagens\/2020\/06\/16\/4-tendencias-para-a-aviacao-pos-pandemia-e-video-entrevista-com-uma-executiva-do-setor-de-viagens-corporativas\/#breadcrumb\",\"itemListElement\":[{\"@type\":\"ListItem\",\"position\":1,\"name\":\"In\\u00edcio\",\"item\":\"https:\/\/blog.panrotas.com.br\/gestordeviagens\/\"},{\"@type\":\"ListItem\",\"position\":2,\"name\":\"4 TEND\\u00caNCIAS PARA A AVIA\\u00c7\\u00c3O P\\u00d3S-PANDEMIA E V\\u00cdDEO-ENTREVISTA COM UMA EXECUTIVA DO SETOR DE VIAGENS CORPORATIVAS\"}]},{\"@type\":\"Person\",\"@id\":\"https:\/\/blog.panrotas.com.br\/gestordeviagens\/#\/schema\/person\/208e1c13bab5ecfa06ff4c6a06537c63\",\"name\":\"Fern\\u00e3o Loureiro\",\"image\":{\"@type\":\"ImageObject\",\"@id\":\"https:\/\/blog.panrotas.com.br\/gestordeviagens\/#personlogo\",\"inLanguage\":\"pt-BR\",\"url\":\"https:\/\/secure.gravatar.com\/avatar\/9e70cfdabded60f08f7df8f830490e73?s=96&d=mm&r=g\",\"contentUrl\":\"https:\/\/secure.gravatar.com\/avatar\/9e70cfdabded60f08f7df8f830490e73?s=96&d=mm&r=g\",\"caption\":\"Fern\\u00e3o Loureiro\"},\"description\":\"Eleito em 2017 como um dos 75 Profissionais de Turismo Mais Influentes do Brasil e em 2019 o Melhor Gestor de Viagens Corporativas do Brasil (pelo Portal Panrotas), premiado em Boston (EUA) pela Global Business Travel Association (GBTA) e Personalidade do Ano Pr\\u00eamio Caio em 2017, 2018 e 2019 na categoria Clientes. Finalista no concurso \\u201cTravel Manager 2018 na Am\\u00e9rica Latina\\u201d do evento Viajes Corp Americas, no Panam\\u00e1 (onde tamb\\u00e9m foi key note speaker). Autor do livro \\\"Gest\\u00e3o Estrat\\u00e9gica de Viagens Corporativas\\\" e Fundador-Diretor da Loureiro Consultores e s\\u00f3cio-diretor de duas empresas - TataTur Operadora de Turismo e D'Amaro Odontologia Est\\u00e9tica. Graduado em Gest\\u00e3o de Turismo pelo IFSP, P\\u00f3s-Graduado em Gest\\u00e3o de Servi\\u00e7os pela FECAP e com MBA em Gest\\u00e3o Empresarial pela BBS. Coach formado pelo IBC. Instagram: @fernaoloureiro Youtube: ferlota68 LinkedIn: Fern\\u00e3o Loureiro\",\"sameAs\":[\"http:\/\/www.loureiroconsultores.com\"],\"url\":\"https:\/\/blog.panrotas.com.br\/gestordeviagens\/author\/fernao\/\"}]}<\/script>\n<!-- \/ Yoast SEO plugin. -->","yoast_head_json":{"title":"4 TEND\u00caNCIAS PARA A AVIA\u00c7\u00c3O P\u00d3S-PANDEMIA E V\u00cdDEO-ENTREVISTA COM UMA EXECUTIVA DO SETOR DE VIAGENS CORPORATIVAS - Gestor de Viagens","robots":{"index":"index","follow":"follow","max-snippet":"max-snippet:-1","max-image-preview":"max-image-preview:large","max-video-preview":"max-video-preview:-1"},"canonical":"http:\/\/blog.panrotas.com.br\/gestordeviagens\/2020\/06\/16\/4-tendencias-para-a-aviacao-pos-pandemia-e-video-entrevista-com-uma-executiva-do-setor-de-viagens-corporativas\/","og_locale":"pt_BR","og_type":"article","og_title":"4 TEND\u00caNCIAS PARA A AVIA\u00c7\u00c3O P\u00d3S-PANDEMIA E V\u00cdDEO-ENTREVISTA COM UMA EXECUTIVA DO SETOR DE VIAGENS CORPORATIVAS - Gestor de Viagens","og_description":"Caros Leitores, Ainda que existam muitas inc\u00f3gnitas sobre o futuro p\u00f3s-coronav\u00edrus, \u00e9 certo que a pandemia ser\u00e1 respons\u00e1vel por MUDAN\u00c7AS definitivas na ind\u00fastria do turismo e, principalmente, na avia\u00e7\u00e3o.\u2800Separei 4 MUDAN\u00c7AS:\u2800\u2800\u2705ACESS\u00d3RIOS DO VIAJANTE: governos e companhias a\u00e9reas podem exigir que todos usem m\u00e1scaras no aeroporto e durante o voo, tendo que estar em m\u00e3os e&hellip; Continue reading &rarr;","og_url":"http:\/\/blog.panrotas.com.br\/gestordeviagens\/2020\/06\/16\/4-tendencias-para-a-aviacao-pos-pandemia-e-video-entrevista-com-uma-executiva-do-setor-de-viagens-corporativas\/","og_site_name":"Gestor de Viagens","article_published_time":"2020-06-17T01:18:25+00:00","article_modified_time":"2020-06-17T01:22:42+00:00","og_image":[{"width":590,"height":588,"url":"http:\/\/blog.panrotas.com.br\/gestordeviagens\/wp-content\/uploads\/sites\/19\/2020\/06\/aviao.jpg","type":"image\/jpeg"}],"twitter_card":"summary_large_image","twitter_misc":{"Escrito por":"Fern\u00e3o Loureiro","Est. tempo de leitura":"2 minutos"},"schema":{"@context":"https:\/\/schema.org","@graph":[{"@type":"WebSite","@id":"https:\/\/blog.panrotas.com.br\/gestordeviagens\/#website","url":"https:\/\/blog.panrotas.com.br\/gestordeviagens\/","name":"Gestor de Viagens","description":"Blogosfera PANROTAS","potentialAction":[{"@type":"SearchAction","target":{"@type":"EntryPoint","urlTemplate":"https:\/\/blog.panrotas.com.br\/gestordeviagens\/?s={search_term_string}"},"query-input":"required name=search_term_string"}],"inLanguage":"pt-BR"},{"@type":"ImageObject","@id":"http:\/\/blog.panrotas.com.br\/gestordeviagens\/2020\/06\/16\/4-tendencias-para-a-aviacao-pos-pandemia-e-video-entrevista-com-uma-executiva-do-setor-de-viagens-corporativas\/#primaryimage","inLanguage":"pt-BR","url":"https:\/\/blog.panrotas.com.br\/gestordeviagens\/wp-content\/uploads\/sites\/19\/2020\/06\/aviao.jpg","contentUrl":"https:\/\/blog.panrotas.com.br\/gestordeviagens\/wp-content\/uploads\/sites\/19\/2020\/06\/aviao.jpg","width":590,"height":588},{"@type":"WebPage","@id":"http:\/\/blog.panrotas.com.br\/gestordeviagens\/2020\/06\/16\/4-tendencias-para-a-aviacao-pos-pandemia-e-video-entrevista-com-uma-executiva-do-setor-de-viagens-corporativas\/#webpage","url":"http:\/\/blog.panrotas.com.br\/gestordeviagens\/2020\/06\/16\/4-tendencias-para-a-aviacao-pos-pandemia-e-video-entrevista-com-uma-executiva-do-setor-de-viagens-corporativas\/","name":"4 TEND\u00caNCIAS PARA A AVIA\u00c7\u00c3O P\u00d3S-PANDEMIA E V\u00cdDEO-ENTREVISTA COM UMA EXECUTIVA DO SETOR DE VIAGENS CORPORATIVAS - Gestor de Viagens","isPartOf":{"@id":"https:\/\/blog.panrotas.com.br\/gestordeviagens\/#website"},"primaryImageOfPage":{"@id":"http:\/\/blog.panrotas.com.br\/gestordeviagens\/2020\/06\/16\/4-tendencias-para-a-aviacao-pos-pandemia-e-video-entrevista-com-uma-executiva-do-setor-de-viagens-corporativas\/#primaryimage"},"datePublished":"2020-06-17T01:18:25+00:00","dateModified":"2020-06-17T01:22:42+00:00","author":{"@id":"https:\/\/blog.panrotas.com.br\/gestordeviagens\/#\/schema\/person\/208e1c13bab5ecfa06ff4c6a06537c63"},"breadcrumb":{"@id":"http:\/\/blog.panrotas.com.br\/gestordeviagens\/2020\/06\/16\/4-tendencias-para-a-aviacao-pos-pandemia-e-video-entrevista-com-uma-executiva-do-setor-de-viagens-corporativas\/#breadcrumb"},"inLanguage":"pt-BR","potentialAction":[{"@type":"ReadAction","target":["http:\/\/blog.panrotas.com.br\/gestordeviagens\/2020\/06\/16\/4-tendencias-para-a-aviacao-pos-pandemia-e-video-entrevista-com-uma-executiva-do-setor-de-viagens-corporativas\/"]}]},{"@type":"BreadcrumbList","@id":"http:\/\/blog.panrotas.com.br\/gestordeviagens\/2020\/06\/16\/4-tendencias-para-a-aviacao-pos-pandemia-e-video-entrevista-com-uma-executiva-do-setor-de-viagens-corporativas\/#breadcrumb","itemListElement":[{"@type":"ListItem","position":1,"name":"In\u00edcio","item":"https:\/\/blog.panrotas.com.br\/gestordeviagens\/"},{"@type":"ListItem","position":2,"name":"4 TEND\u00caNCIAS PARA A AVIA\u00c7\u00c3O P\u00d3S-PANDEMIA E V\u00cdDEO-ENTREVISTA COM UMA EXECUTIVA DO SETOR DE VIAGENS CORPORATIVAS"}]},{"@type":"Person","@id":"https:\/\/blog.panrotas.com.br\/gestordeviagens\/#\/schema\/person\/208e1c13bab5ecfa06ff4c6a06537c63","name":"Fern\u00e3o Loureiro","image":{"@type":"ImageObject","@id":"https:\/\/blog.panrotas.com.br\/gestordeviagens\/#personlogo","inLanguage":"pt-BR","url":"https:\/\/secure.gravatar.com\/avatar\/9e70cfdabded60f08f7df8f830490e73?s=96&d=mm&r=g","contentUrl":"https:\/\/secure.gravatar.com\/avatar\/9e70cfdabded60f08f7df8f830490e73?s=96&d=mm&r=g","caption":"Fern\u00e3o Loureiro"},"description":"Eleito em 2017 como um dos 75 Profissionais de Turismo Mais Influentes do Brasil e em 2019 o Melhor Gestor de Viagens Corporativas do Brasil (pelo Portal Panrotas), premiado em Boston (EUA) pela Global Business Travel Association (GBTA) e Personalidade do Ano Pr\u00eamio Caio em 2017, 2018 e 2019 na categoria Clientes. Finalista no concurso \u201cTravel Manager 2018 na Am\u00e9rica Latina\u201d do evento Viajes Corp Americas, no Panam\u00e1 (onde tamb\u00e9m foi key note speaker). Autor do livro \"Gest\u00e3o Estrat\u00e9gica de Viagens Corporativas\" e Fundador-Diretor da Loureiro Consultores e s\u00f3cio-diretor de duas empresas - TataTur Operadora de Turismo e D'Amaro Odontologia Est\u00e9tica. Graduado em Gest\u00e3o de Turismo pelo IFSP, P\u00f3s-Graduado em Gest\u00e3o de Servi\u00e7os pela FECAP e com MBA em Gest\u00e3o Empresarial pela BBS. Coach formado pelo IBC. Instagram: @fernaoloureiro Youtube: ferlota68 LinkedIn: Fern\u00e3o Loureiro","sameAs":["http:\/\/www.loureiroconsultores.com"],"url":"https:\/\/blog.panrotas.com.br\/gestordeviagens\/author\/fernao\/"}]}},"jetpack_featured_media_url":"https:\/\/blog.panrotas.com.br\/gestordeviagens\/wp-content\/uploads\/sites\/19\/2020\/06\/aviao.jpg","_links":{"self":[{"href":"https:\/\/blog.panrotas.com.br\/gestordeviagens\/wp-json\/wp\/v2\/posts\/509"}],"collection":[{"href":"https:\/\/blog.panrotas.com.br\/gestordeviagens\/wp-json\/wp\/v2\/posts"}],"about":[{"href":"https:\/\/blog.panrotas.com.br\/gestordeviagens\/wp-json\/wp\/v2\/types\/post"}],"author":[{"embeddable":true,"href":"https:\/\/blog.panrotas.com.br\/gestordeviagens\/wp-json\/wp\/v2\/users\/20"}],"replies":[{"embeddable":true,"href":"https:\/\/blog.panrotas.com.br\/gestordeviagens\/wp-json\/wp\/v2\/comments?post=509"}],"version-history":[{"count":2,"href":"https:\/\/blog.panrotas.com.br\/gestordeviagens\/wp-json\/wp\/v2\/posts\/509\/revisions"}],"predecessor-version":[{"id":513,"href":"https:\/\/blog.panrotas.com.br\/gestordeviagens\/wp-json\/wp\/v2\/posts\/509\/revisions\/513"}],"wp:featuredmedia":[{"embeddable":true,"href":"https:\/\/blog.panrotas.com.br\/gestordeviagens\/wp-json\/wp\/v2\/media\/511"}],"wp:attachment":[{"href":"https:\/\/blog.panrotas.com.br\/gestordeviagens\/wp-json\/wp\/v2\/media?parent=509"}],"wp:term":[{"taxonomy":"category","embeddable":true,"href":"https:\/\/blog.panrotas.com.br\/gestordeviagens\/wp-json\/wp\/v2\/categories?post=509"},{"taxonomy":"post_tag","embeddable":true,"href":"https:\/\/blog.panrotas.com.br\/gestordeviagens\/wp-json\/wp\/v2\/tags?post=509"}],"curies":[{"name":"wp","href":"https:\/\/api.w.org\/{rel}","templated":true}]}}