{"id":533,"date":"2020-07-20T18:07:43","date_gmt":"2020-07-20T21:07:43","guid":{"rendered":"http:\/\/blog.panrotas.com.br\/gestordeviagens\/?p=533"},"modified":"2020-07-20T18:07:44","modified_gmt":"2020-07-20T21:07:44","slug":"entrevistas-com-o-travel-expert-da-ibm-marcel-frigeira-e-com-hubber-clemente-da-hotelaria-5-medidas-da-omt","status":"publish","type":"post","link":"https:\/\/blog.panrotas.com.br\/gestordeviagens\/2020\/07\/20\/entrevistas-com-o-travel-expert-da-ibm-marcel-frigeira-e-com-hubber-clemente-da-hotelaria-5-medidas-da-omt\/","title":{"rendered":"ENTREVISTAs COM o TRAVEL EXPERT DA IBM, marcel frigeira e com hubber clemente, da hotelaria + 5 medidas da OMT"},"content":{"rendered":"\n<p>Queridos leitores, ouvintes, seguidores&#8230;<\/p>\n\n\n\n<p>Eita, 2 entrevistas no mesmo post Fern\u00e3o? Sim, porque tem sido tanta gente incr\u00edvel entrevistada pro meu canal, que est\u00e1 dif\u00edcil manter 1 por semana rsrs. S\u00e3o 2 horas da sua vida (1 hr por papo) que garanto que passar\u00e3o voando&#8230;. vai ouvindo enquanto limpa a mesa, cozinha, faz um power point. Tamb\u00e9m tem em podcast no site <a href=\"http:\/\/loureiroconsultores.com\/podcasts\">loureiroconsultores.com\/podcasts<\/a><\/p>\n\n\n\n<p>E o texto de hoje, para n\u00e3o ficar s\u00f3 nos v\u00eddeos, \u00e9 sobre um estudo da Organiza\u00e7\u00e3o Mundial do Turismo &#8211; falando sobre cultura e turismo. <\/p>\n\n\n\n<p>Boas reflex\u00f5es!<\/p>\n\n\n\n<p><strong>5 medidas da OMT para recupera\u00e7\u00e3o do Turismo<\/strong><\/p>\n\n\n\n<p>O Departamento de \u00c9tica, Cultura e Responsabilidade Social da OMT, em colabora\u00e7\u00e3o com seus parceiros internacionais com compet\u00eancia em cultura e turismo, definiram algumas medidas para retomar e identificar oportunidades no turismo: \ud83d\udee9<br>\u2800<br>1. Melhorar o interc\u00e2mbio de informa\u00e7\u00f5es e dados entre setores para entender os impactos da pandemia e criar respostas efetivas que permitir\u00e3o planos de mitiga\u00e7\u00e3o mais focados para responder a diferentes necessidades e replicar boas pr\u00e1ticas.<br>\u2800<br>2. Lan\u00e7ar alian\u00e7as inovadoras. Com milh\u00f5es de pessoas confinadas em suas casas para desenvolver e promover experi\u00eancias culturais para um p\u00fablico cativo. O desafio \u00e9 fornecer essas experi\u00eancias de uma maneira que ofere\u00e7a benef\u00edcios diretos \u00e0s organiza\u00e7\u00f5es e profissionais envolvidos. Durante essa transi\u00e7\u00e3o digital, o turismo e a cultura podem estabelecer alian\u00e7as com empresas de tecnologia e o setor privado para melhorar o acesso a programas de<br>capacita\u00e7\u00e3o em cultura e turismo sustent\u00e1vel, dispon\u00edveis online.<br>\u2800<br>3. Inspirar um futuro mais sustent\u00e1vel para o turismo cultural: As estrat\u00e9gias de marketing no turismo est\u00e3o destacando express\u00f5es culturais locais e tamb\u00e9m para inspirar viagens respons\u00e1veis.<br>\u2800<br>4. Fortalecer as estruturas de governan\u00e7a para melhor coordena\u00e7\u00e3o e compartilhamento de informa\u00e7\u00f5es: esta crise \u00e9 uma excelente oportunidade para construir modelos de governan\u00e7a intersetorial entre os principais atores do turismo e da cultura. Esses modelos devem envolver parceiros de tecnologia para criar plataformas e trocar f\u00f3runs para coordenar a\u00e7\u00f5es e compartilhar informa\u00e7\u00f5es. \ud83e\udd14<br>\u2800<br>5. Atrair novos p\u00fablicos: o setor cultural est\u00e1 moldando cidad\u00e3os globais comprometidos e turistas do futuro, alcan\u00e7ando crian\u00e7as e jovens. O confinamento tamb\u00e9m pode fazer com que visitantes recorrentes e turistas culturais \u201cidosos\u201d apoiem a cultura com a\u00e7\u00f5es de patroc\u00ednio e solidariedade. \ud83d\ude0a\u2800 <\/p>\n\n\n\n<figure class=\"wp-block-embed-youtube wp-block-embed is-type-video is-provider-youtube wp-embed-aspect-16-9 wp-has-aspect-ratio\"><div class=\"wp-block-embed__wrapper\">\n<div class=\"jetpack-video-wrapper\"><iframe loading=\"lazy\" title=\"Marcel Frigeira - entrevista com o Comprador e Gestor de Viagens e Frota da IBM para Am. Latina\" width=\"740\" height=\"416\" src=\"https:\/\/www.youtube.com\/embed\/8X_pZDKP5W4?feature=oembed\" frameborder=\"0\" allow=\"accelerometer; autoplay; encrypted-media; gyroscope; picture-in-picture\" allowfullscreen><\/iframe><\/div>\n<\/div><\/figure>\n\n\n\n<figure class=\"wp-block-embed-youtube wp-block-embed is-type-video is-provider-youtube wp-embed-aspect-16-9 wp-has-aspect-ratio\"><div class=\"wp-block-embed__wrapper\">\n<div class=\"jetpack-video-wrapper\"><iframe loading=\"lazy\" title=\"Hubber Clemente - Gest\u00e3o Hoteleira parada no tempo e falta de diversidade em cargos de Lideran\u00e7a\" width=\"740\" height=\"416\" src=\"https:\/\/www.youtube.com\/embed\/Ne5ggr1upGU?feature=oembed\" frameborder=\"0\" allow=\"accelerometer; autoplay; encrypted-media; gyroscope; picture-in-picture\" allowfullscreen><\/iframe><\/div>\n<\/div><\/figure>\n","protected":false},"excerpt":{"rendered":"<p>Queridos leitores, ouvintes, seguidores&#8230; Eita, 2 entrevistas no mesmo post Fern\u00e3o? Sim, porque tem sido tanta gente incr\u00edvel entrevistada pro meu canal, que est\u00e1 dif\u00edcil manter 1 por semana rsrs. S\u00e3o 2 horas da sua vida (1 hr por papo) que garanto que passar\u00e3o voando&#8230;. vai ouvindo enquanto limpa a mesa, cozinha, faz um power&hellip; <a class=\"more-link\" href=\"https:\/\/blog.panrotas.com.br\/gestordeviagens\/2020\/07\/20\/entrevistas-com-o-travel-expert-da-ibm-marcel-frigeira-e-com-hubber-clemente-da-hotelaria-5-medidas-da-omt\/\">Continue reading &rarr;<\/a><\/p>\n","protected":false},"author":20,"featured_media":0,"comment_status":"open","ping_status":"open","sticky":false,"template":"","format":"standard","meta":{"spay_email":""},"categories":[2],"tags":[],"yoast_head":"<!-- This site is optimized with the Yoast SEO plugin v17.3 - https:\/\/yoast.com\/wordpress\/plugins\/seo\/ -->\n<title>ENTREVISTAs COM o TRAVEL EXPERT DA IBM, marcel frigeira e com hubber clemente, da hotelaria + 5 medidas da OMT - Gestor de Viagens<\/title>\n<meta name=\"robots\" content=\"index, follow, max-snippet:-1, max-image-preview:large, max-video-preview:-1\" \/>\n<link rel=\"canonical\" href=\"http:\/\/blog.panrotas.com.br\/gestordeviagens\/2020\/07\/20\/entrevistas-com-o-travel-expert-da-ibm-marcel-frigeira-e-com-hubber-clemente-da-hotelaria-5-medidas-da-omt\/\" \/>\n<meta property=\"og:locale\" content=\"pt_BR\" \/>\n<meta property=\"og:type\" content=\"article\" \/>\n<meta property=\"og:title\" content=\"ENTREVISTAs COM o TRAVEL EXPERT DA IBM, marcel frigeira e com hubber clemente, da hotelaria + 5 medidas da OMT - Gestor de Viagens\" \/>\n<meta property=\"og:description\" content=\"Queridos leitores, ouvintes, seguidores&#8230; Eita, 2 entrevistas no mesmo post Fern\u00e3o? Sim, porque tem sido tanta gente incr\u00edvel entrevistada pro meu canal, que est\u00e1 dif\u00edcil manter 1 por semana rsrs. S\u00e3o 2 horas da sua vida (1 hr por papo) que garanto que passar\u00e3o voando&#8230;. vai ouvindo enquanto limpa a mesa, cozinha, faz um power&hellip; Continue reading &rarr;\" \/>\n<meta property=\"og:url\" content=\"http:\/\/blog.panrotas.com.br\/gestordeviagens\/2020\/07\/20\/entrevistas-com-o-travel-expert-da-ibm-marcel-frigeira-e-com-hubber-clemente-da-hotelaria-5-medidas-da-omt\/\" \/>\n<meta property=\"og:site_name\" content=\"Gestor de Viagens\" \/>\n<meta property=\"article:published_time\" content=\"2020-07-20T21:07:43+00:00\" \/>\n<meta property=\"article:modified_time\" content=\"2020-07-20T21:07:44+00:00\" \/>\n<meta name=\"twitter:card\" content=\"summary_large_image\" \/>\n<meta name=\"twitter:label1\" content=\"Escrito por\" \/>\n\t<meta name=\"twitter:data1\" content=\"Fern\u00e3o Loureiro\" \/>\n\t<meta name=\"twitter:label2\" content=\"Est. tempo de leitura\" \/>\n\t<meta name=\"twitter:data2\" content=\"2 minutos\" \/>\n<script type=\"application\/ld+json\" class=\"yoast-schema-graph\">{\"@context\":\"https:\/\/schema.org\",\"@graph\":[{\"@type\":\"WebSite\",\"@id\":\"https:\/\/blog.panrotas.com.br\/gestordeviagens\/#website\",\"url\":\"https:\/\/blog.panrotas.com.br\/gestordeviagens\/\",\"name\":\"Gestor de Viagens\",\"description\":\"Blogosfera PANROTAS\",\"potentialAction\":[{\"@type\":\"SearchAction\",\"target\":{\"@type\":\"EntryPoint\",\"urlTemplate\":\"https:\/\/blog.panrotas.com.br\/gestordeviagens\/?s={search_term_string}\"},\"query-input\":\"required name=search_term_string\"}],\"inLanguage\":\"pt-BR\"},{\"@type\":\"WebPage\",\"@id\":\"http:\/\/blog.panrotas.com.br\/gestordeviagens\/2020\/07\/20\/entrevistas-com-o-travel-expert-da-ibm-marcel-frigeira-e-com-hubber-clemente-da-hotelaria-5-medidas-da-omt\/#webpage\",\"url\":\"http:\/\/blog.panrotas.com.br\/gestordeviagens\/2020\/07\/20\/entrevistas-com-o-travel-expert-da-ibm-marcel-frigeira-e-com-hubber-clemente-da-hotelaria-5-medidas-da-omt\/\",\"name\":\"ENTREVISTAs COM o TRAVEL EXPERT DA IBM, marcel frigeira e com hubber clemente, da hotelaria + 5 medidas da OMT - Gestor de Viagens\",\"isPartOf\":{\"@id\":\"https:\/\/blog.panrotas.com.br\/gestordeviagens\/#website\"},\"datePublished\":\"2020-07-20T21:07:43+00:00\",\"dateModified\":\"2020-07-20T21:07:44+00:00\",\"author\":{\"@id\":\"https:\/\/blog.panrotas.com.br\/gestordeviagens\/#\/schema\/person\/208e1c13bab5ecfa06ff4c6a06537c63\"},\"breadcrumb\":{\"@id\":\"http:\/\/blog.panrotas.com.br\/gestordeviagens\/2020\/07\/20\/entrevistas-com-o-travel-expert-da-ibm-marcel-frigeira-e-com-hubber-clemente-da-hotelaria-5-medidas-da-omt\/#breadcrumb\"},\"inLanguage\":\"pt-BR\",\"potentialAction\":[{\"@type\":\"ReadAction\",\"target\":[\"http:\/\/blog.panrotas.com.br\/gestordeviagens\/2020\/07\/20\/entrevistas-com-o-travel-expert-da-ibm-marcel-frigeira-e-com-hubber-clemente-da-hotelaria-5-medidas-da-omt\/\"]}]},{\"@type\":\"BreadcrumbList\",\"@id\":\"http:\/\/blog.panrotas.com.br\/gestordeviagens\/2020\/07\/20\/entrevistas-com-o-travel-expert-da-ibm-marcel-frigeira-e-com-hubber-clemente-da-hotelaria-5-medidas-da-omt\/#breadcrumb\",\"itemListElement\":[{\"@type\":\"ListItem\",\"position\":1,\"name\":\"In\\u00edcio\",\"item\":\"https:\/\/blog.panrotas.com.br\/gestordeviagens\/\"},{\"@type\":\"ListItem\",\"position\":2,\"name\":\"ENTREVISTAs COM o TRAVEL EXPERT DA IBM, marcel frigeira e com hubber clemente, da hotelaria + 5 medidas da OMT\"}]},{\"@type\":\"Person\",\"@id\":\"https:\/\/blog.panrotas.com.br\/gestordeviagens\/#\/schema\/person\/208e1c13bab5ecfa06ff4c6a06537c63\",\"name\":\"Fern\\u00e3o Loureiro\",\"image\":{\"@type\":\"ImageObject\",\"@id\":\"https:\/\/blog.panrotas.com.br\/gestordeviagens\/#personlogo\",\"inLanguage\":\"pt-BR\",\"url\":\"https:\/\/secure.gravatar.com\/avatar\/9e70cfdabded60f08f7df8f830490e73?s=96&d=mm&r=g\",\"contentUrl\":\"https:\/\/secure.gravatar.com\/avatar\/9e70cfdabded60f08f7df8f830490e73?s=96&d=mm&r=g\",\"caption\":\"Fern\\u00e3o Loureiro\"},\"description\":\"Eleito em 2017 como um dos 75 Profissionais de Turismo Mais Influentes do Brasil e em 2019 o Melhor Gestor de Viagens Corporativas do Brasil (pelo Portal Panrotas), premiado em Boston (EUA) pela Global Business Travel Association (GBTA) e Personalidade do Ano Pr\\u00eamio Caio em 2017, 2018 e 2019 na categoria Clientes. Finalista no concurso \\u201cTravel Manager 2018 na Am\\u00e9rica Latina\\u201d do evento Viajes Corp Americas, no Panam\\u00e1 (onde tamb\\u00e9m foi key note speaker). Autor do livro \\\"Gest\\u00e3o Estrat\\u00e9gica de Viagens Corporativas\\\" e Fundador-Diretor da Loureiro Consultores e s\\u00f3cio-diretor de duas empresas - TataTur Operadora de Turismo e D'Amaro Odontologia Est\\u00e9tica. Graduado em Gest\\u00e3o de Turismo pelo IFSP, P\\u00f3s-Graduado em Gest\\u00e3o de Servi\\u00e7os pela FECAP e com MBA em Gest\\u00e3o Empresarial pela BBS. Coach formado pelo IBC. Instagram: @fernaoloureiro Youtube: ferlota68 LinkedIn: Fern\\u00e3o Loureiro\",\"sameAs\":[\"http:\/\/www.loureiroconsultores.com\"],\"url\":\"https:\/\/blog.panrotas.com.br\/gestordeviagens\/author\/fernao\/\"}]}<\/script>\n<!-- \/ Yoast SEO plugin. -->","yoast_head_json":{"title":"ENTREVISTAs COM o TRAVEL EXPERT DA IBM, marcel frigeira e com hubber clemente, da hotelaria + 5 medidas da OMT - Gestor de Viagens","robots":{"index":"index","follow":"follow","max-snippet":"max-snippet:-1","max-image-preview":"max-image-preview:large","max-video-preview":"max-video-preview:-1"},"canonical":"http:\/\/blog.panrotas.com.br\/gestordeviagens\/2020\/07\/20\/entrevistas-com-o-travel-expert-da-ibm-marcel-frigeira-e-com-hubber-clemente-da-hotelaria-5-medidas-da-omt\/","og_locale":"pt_BR","og_type":"article","og_title":"ENTREVISTAs COM o TRAVEL EXPERT DA IBM, marcel frigeira e com hubber clemente, da hotelaria + 5 medidas da OMT - Gestor de Viagens","og_description":"Queridos leitores, ouvintes, seguidores&#8230; Eita, 2 entrevistas no mesmo post Fern\u00e3o? Sim, porque tem sido tanta gente incr\u00edvel entrevistada pro meu canal, que est\u00e1 dif\u00edcil manter 1 por semana rsrs. S\u00e3o 2 horas da sua vida (1 hr por papo) que garanto que passar\u00e3o voando&#8230;. vai ouvindo enquanto limpa a mesa, cozinha, faz um power&hellip; Continue reading &rarr;","og_url":"http:\/\/blog.panrotas.com.br\/gestordeviagens\/2020\/07\/20\/entrevistas-com-o-travel-expert-da-ibm-marcel-frigeira-e-com-hubber-clemente-da-hotelaria-5-medidas-da-omt\/","og_site_name":"Gestor de Viagens","article_published_time":"2020-07-20T21:07:43+00:00","article_modified_time":"2020-07-20T21:07:44+00:00","twitter_card":"summary_large_image","twitter_misc":{"Escrito por":"Fern\u00e3o Loureiro","Est. tempo de leitura":"2 minutos"},"schema":{"@context":"https:\/\/schema.org","@graph":[{"@type":"WebSite","@id":"https:\/\/blog.panrotas.com.br\/gestordeviagens\/#website","url":"https:\/\/blog.panrotas.com.br\/gestordeviagens\/","name":"Gestor de Viagens","description":"Blogosfera PANROTAS","potentialAction":[{"@type":"SearchAction","target":{"@type":"EntryPoint","urlTemplate":"https:\/\/blog.panrotas.com.br\/gestordeviagens\/?s={search_term_string}"},"query-input":"required name=search_term_string"}],"inLanguage":"pt-BR"},{"@type":"WebPage","@id":"http:\/\/blog.panrotas.com.br\/gestordeviagens\/2020\/07\/20\/entrevistas-com-o-travel-expert-da-ibm-marcel-frigeira-e-com-hubber-clemente-da-hotelaria-5-medidas-da-omt\/#webpage","url":"http:\/\/blog.panrotas.com.br\/gestordeviagens\/2020\/07\/20\/entrevistas-com-o-travel-expert-da-ibm-marcel-frigeira-e-com-hubber-clemente-da-hotelaria-5-medidas-da-omt\/","name":"ENTREVISTAs COM o TRAVEL EXPERT DA IBM, marcel frigeira e com hubber clemente, da hotelaria + 5 medidas da OMT - Gestor de Viagens","isPartOf":{"@id":"https:\/\/blog.panrotas.com.br\/gestordeviagens\/#website"},"datePublished":"2020-07-20T21:07:43+00:00","dateModified":"2020-07-20T21:07:44+00:00","author":{"@id":"https:\/\/blog.panrotas.com.br\/gestordeviagens\/#\/schema\/person\/208e1c13bab5ecfa06ff4c6a06537c63"},"breadcrumb":{"@id":"http:\/\/blog.panrotas.com.br\/gestordeviagens\/2020\/07\/20\/entrevistas-com-o-travel-expert-da-ibm-marcel-frigeira-e-com-hubber-clemente-da-hotelaria-5-medidas-da-omt\/#breadcrumb"},"inLanguage":"pt-BR","potentialAction":[{"@type":"ReadAction","target":["http:\/\/blog.panrotas.com.br\/gestordeviagens\/2020\/07\/20\/entrevistas-com-o-travel-expert-da-ibm-marcel-frigeira-e-com-hubber-clemente-da-hotelaria-5-medidas-da-omt\/"]}]},{"@type":"BreadcrumbList","@id":"http:\/\/blog.panrotas.com.br\/gestordeviagens\/2020\/07\/20\/entrevistas-com-o-travel-expert-da-ibm-marcel-frigeira-e-com-hubber-clemente-da-hotelaria-5-medidas-da-omt\/#breadcrumb","itemListElement":[{"@type":"ListItem","position":1,"name":"In\u00edcio","item":"https:\/\/blog.panrotas.com.br\/gestordeviagens\/"},{"@type":"ListItem","position":2,"name":"ENTREVISTAs COM o TRAVEL EXPERT DA IBM, marcel frigeira e com hubber clemente, da hotelaria + 5 medidas da OMT"}]},{"@type":"Person","@id":"https:\/\/blog.panrotas.com.br\/gestordeviagens\/#\/schema\/person\/208e1c13bab5ecfa06ff4c6a06537c63","name":"Fern\u00e3o Loureiro","image":{"@type":"ImageObject","@id":"https:\/\/blog.panrotas.com.br\/gestordeviagens\/#personlogo","inLanguage":"pt-BR","url":"https:\/\/secure.gravatar.com\/avatar\/9e70cfdabded60f08f7df8f830490e73?s=96&d=mm&r=g","contentUrl":"https:\/\/secure.gravatar.com\/avatar\/9e70cfdabded60f08f7df8f830490e73?s=96&d=mm&r=g","caption":"Fern\u00e3o Loureiro"},"description":"Eleito em 2017 como um dos 75 Profissionais de Turismo Mais Influentes do Brasil e em 2019 o Melhor Gestor de Viagens Corporativas do Brasil (pelo Portal Panrotas), premiado em Boston (EUA) pela Global Business Travel Association (GBTA) e Personalidade do Ano Pr\u00eamio Caio em 2017, 2018 e 2019 na categoria Clientes. Finalista no concurso \u201cTravel Manager 2018 na Am\u00e9rica Latina\u201d do evento Viajes Corp Americas, no Panam\u00e1 (onde tamb\u00e9m foi key note speaker). Autor do livro \"Gest\u00e3o Estrat\u00e9gica de Viagens Corporativas\" e Fundador-Diretor da Loureiro Consultores e s\u00f3cio-diretor de duas empresas - TataTur Operadora de Turismo e D'Amaro Odontologia Est\u00e9tica. Graduado em Gest\u00e3o de Turismo pelo IFSP, P\u00f3s-Graduado em Gest\u00e3o de Servi\u00e7os pela FECAP e com MBA em Gest\u00e3o Empresarial pela BBS. Coach formado pelo IBC. Instagram: @fernaoloureiro Youtube: ferlota68 LinkedIn: Fern\u00e3o Loureiro","sameAs":["http:\/\/www.loureiroconsultores.com"],"url":"https:\/\/blog.panrotas.com.br\/gestordeviagens\/author\/fernao\/"}]}},"jetpack_featured_media_url":"","_links":{"self":[{"href":"https:\/\/blog.panrotas.com.br\/gestordeviagens\/wp-json\/wp\/v2\/posts\/533"}],"collection":[{"href":"https:\/\/blog.panrotas.com.br\/gestordeviagens\/wp-json\/wp\/v2\/posts"}],"about":[{"href":"https:\/\/blog.panrotas.com.br\/gestordeviagens\/wp-json\/wp\/v2\/types\/post"}],"author":[{"embeddable":true,"href":"https:\/\/blog.panrotas.com.br\/gestordeviagens\/wp-json\/wp\/v2\/users\/20"}],"replies":[{"embeddable":true,"href":"https:\/\/blog.panrotas.com.br\/gestordeviagens\/wp-json\/wp\/v2\/comments?post=533"}],"version-history":[{"count":1,"href":"https:\/\/blog.panrotas.com.br\/gestordeviagens\/wp-json\/wp\/v2\/posts\/533\/revisions"}],"predecessor-version":[{"id":536,"href":"https:\/\/blog.panrotas.com.br\/gestordeviagens\/wp-json\/wp\/v2\/posts\/533\/revisions\/536"}],"wp:attachment":[{"href":"https:\/\/blog.panrotas.com.br\/gestordeviagens\/wp-json\/wp\/v2\/media?parent=533"}],"wp:term":[{"taxonomy":"category","embeddable":true,"href":"https:\/\/blog.panrotas.com.br\/gestordeviagens\/wp-json\/wp\/v2\/categories?post=533"},{"taxonomy":"post_tag","embeddable":true,"href":"https:\/\/blog.panrotas.com.br\/gestordeviagens\/wp-json\/wp\/v2\/tags?post=533"}],"curies":[{"name":"wp","href":"https:\/\/api.w.org\/{rel}","templated":true}]}}