{"id":553,"date":"2020-08-11T00:55:34","date_gmt":"2020-08-11T03:55:34","guid":{"rendered":"http:\/\/blog.panrotas.com.br\/gestordeviagens\/?p=553"},"modified":"2020-08-11T00:55:37","modified_gmt":"2020-08-11T03:55:37","slug":"video-sobre-escritorios-flexiveis-artigo-nao-confunda-politica-com-politicagem-dentro-de-sua-organizacao-lideres-fazem-politica-e-chefes-fazem-politicagem","status":"publish","type":"post","link":"https:\/\/blog.panrotas.com.br\/gestordeviagens\/2020\/08\/11\/video-sobre-escritorios-flexiveis-artigo-nao-confunda-politica-com-politicagem-dentro-de-sua-organizacao-lideres-fazem-politica-e-chefes-fazem-politicagem\/","title":{"rendered":"V\u00eddeo sobre escrit\u00f3rios-flex\u00edveis + Artigo: &#8220;N\u00e3o confunda pol\u00edtica com politicagem dentro de sua organiza\u00e7\u00e3o! L\u00cdDERES FAZEM POL\u00cdTICA, E CHEFES FAZEM POLITICAGEM&#8221;."},"content":{"rendered":"\n<p>Oi Pessoal!<\/p>\n\n\n\n<p>Cynthia Caggiano \u00e9 uma Hoteleira de forma\u00e7\u00e3o e cora\u00e7\u00e3o, com 27 anos de carreira, e que sempre se reinventou. Agora, atua na Regus (conhecida pelos escrit\u00f3rios compartilhados) e est\u00e1 descobrindo um mundo completamente novo de formas e locais de trabalho.<br><\/p>\n\n\n\n<figure class=\"wp-block-embed-youtube wp-block-embed is-type-video is-provider-youtube wp-embed-aspect-16-9 wp-has-aspect-ratio\"><div class=\"wp-block-embed__wrapper\">\n<div class=\"jetpack-video-wrapper\"><iframe loading=\"lazy\" title=\"Reinven\u00e7\u00e3o de carreira e escrit\u00f3rios flex\u00edveis - o que a Cinthya Caggiano tem a nos ensinar?\" width=\"740\" height=\"416\" src=\"https:\/\/www.youtube.com\/embed\/uoibJnskuIA?feature=oembed\" frameborder=\"0\" allow=\"accelerometer; autoplay; encrypted-media; gyroscope; picture-in-picture\" allowfullscreen><\/iframe><\/div>\n<\/div><\/figure>\n\n\n\n<p>Artigo para reflex\u00e3o!<\/p>\n\n\n\n<p><strong>N\u00e3o confunda pol\u00edtica com politicagem dentro de sua organiza\u00e7\u00e3o! L\u00cdDERES FAZEM POL\u00cdTICA, E CHEFES FAZEM POLITICAGEM.<\/strong><\/p>\n\n\n\n<p>Com muita frequ\u00eancia, ou\u00e7o as pessoas dizerem: \u201cnossa, detesto pol\u00edtica\u201d ou \u201cnossa, tem muita pol\u00edtica dentro da minha empresa &#8211; n\u00e3o sei lidar com isto\u201d. E ambas frases me preocupam muito em rela\u00e7\u00e3o a estas e outras boas pessoas que as expressam.<\/p>\n\n\n\n<p>Queria alertar aos que dizem isto que h\u00e1 tr\u00eas coisas a se atentarem neste caso:<\/p>\n\n\n\n<p>1- Pol\u00edtica \u00e9 uma arte e uma ci\u00eancia, e sem ela, n\u00e3o existe sociedade civilizada (nossa economia \u00e9 mal administrada porque tivemos e temos pol\u00edticas econ\u00f4micas ruins);<\/p>\n\n\n\n<p>2- N\u00e3o saber ser pol\u00edtico \u00e9 ruim para voc\u00ea \u2013 procure desenvolver estas habilidades;<\/p>\n\n\n\n<p>3- Fazer pol\u00edtica (dentro de casa, do trabalho, da sua associa\u00e7\u00e3o religiosa e at\u00e9 de seu relacionamento afetivo) \u00e9 MUITO diferente de fazer politicagem \u2013 esta sim \u00e9 perigosa.<\/p>\n\n\n\n<p>Justamente pela avers\u00e3o que nossa sociedade tem com temas pol\u00edticos, temos no Brasil t\u00e3o nefasta representa\u00e7\u00e3o em nossos poderes legislativo e executivo. Os incompetentes, os corruptos e os mais ousados se aproveitam disto para nos representar. Existe uma frase que diz: \u201cn\u00e3o existe v\u00e1cuo de poder\u201d \u2013 e n\u00e3o existe mesmo! Estes pol\u00edticos profissionais conseguiram denegrir a imagem de uma arte t\u00e3o bela, que existe desde os tempos do Imp\u00e9rio Romano e da Gr\u00e9cia Antiga, baseada em discuss\u00f5es de ideias, filosofia e prop\u00f3sitos.<\/p>\n\n\n\n<p>Eles denegriram a tal ponto que podem estar atrapalhando a carreira de milhares de profissionais, que se eximem de serem pol\u00edticos em suas organiza\u00e7\u00f5es, e abrem espa\u00e7o para os que praticam a&nbsp;<strong>politicagem<\/strong>&nbsp;pura e simples:<\/p>\n\n\n\n<p>1- Adula\u00e7\u00e3o de superiores (os famosos puxa-saco) e comportamento agressivo com pessoas de cargos inferiores;<\/p>\n\n\n\n<p>2- Troca expl\u00edcita de favores;<\/p>\n\n\n\n<p>3- Promo\u00e7\u00f5es injustas de aduladores, gestores que s\u00e3o t\u00f3xicos para suas equipes, etc.<\/p>\n\n\n\n<p>Fazer Pol\u00edtica dentro de sua organiza\u00e7\u00e3o \u00e9 saber negociar com outras \u00e1reas, posicionar-se internamente em temas que perpassam o seu pr\u00f3prio quadrado. Estes \u201cquadrados\u201d inclusive desaparecem cada vez mais com a horizontaliza\u00e7\u00e3o das estruturas e com a diminui\u00e7\u00e3o das hierarquias, a cria\u00e7\u00e3o de verdadeiros times e a entrada de metodologias \u00e1geis.<\/p>\n\n\n\n<p>Ser Pol\u00edtico \u00e9 saber apoiar ou criticar<strong>&nbsp;construtivamente&nbsp;<\/strong>um projeto (cr\u00edticas embasadas em fatos e dados e n\u00e3o em percep\u00e7\u00f5es ou achismos, e de prefer\u00eancia com sugest\u00f5es de solu\u00e7\u00e3o).<\/p>\n\n\n\n<p>Ser pol\u00edtico \u00e9 evitar o conflito baixo e sem valor agregado para qualquer frente, evitar a cria\u00e7\u00e3o de \u201cclimas\u201d e situa\u00e7\u00f5es desagrad\u00e1veis, sem por isso ser omisso, negligente ou receoso em se expor.<\/p>\n\n\n\n<p>Ser pol\u00edtico \u00e9 saber defender sua equipe sem parecer um pai ou m\u00e3e superprotetores \u2013 \u201cse \u00e9 da minha equipe, n\u00e3o est\u00e1 errado\u201d. Para estes gestores, o erro est\u00e1 em quem reclama (como um pai ou m\u00e3e que mima demasiadamente seus filhos), e sequer cogitam a hip\u00f3tese de pedir desculpas \u00e0 \u00e1rea reclamante.<\/p>\n\n\n\n<p>Ser pol\u00edtico \u00e9 ser inteligente, enxergar e pensar a longo prazo sem se esquecer do detalhado dia-a-dia operacional; \u00e9 saber ceder sem se sentir rebaixado, administrar bem seu ego por ter que perder uma batalha para ganhar uma guerra!<\/p>\n\n\n\n<p>N\u00e3o abra m\u00e3o de ser um bom pol\u00edtico dentro de sua empresa; aquele que constr\u00f3i consensos, uni\u00e3o entre equipes, negocia termos e condi\u00e7\u00f5es entre as partes; que coordena as pessoas rumo a um objetivo comum.<\/p>\n\n\n\n<p>Fala-se muito de ser um L\u00cdDER e n\u00e3o um chefe \u2013 e como ser um bom l\u00edder se n\u00e3o for um bom pol\u00edtico?<\/p>\n\n\n\n<p>Faz-se muito a compara\u00e7\u00e3o L\u00edder Vs Chefe: pois eu vou al\u00e9m, digo que L\u00cdDERES fazem POL\u00cdTICA e CHEFES fazem POLITICAGEM<\/p>\n\n\n\n<p>A capacidade de ouvir, dialogar, ponderar e equilibrar o tabuleiro \u00e9 a que determina n\u00e3o apenas a subida na escala hier\u00e1rquica, mas a perman\u00eancia nos degraus mais altos.<\/p>\n\n\n\n<p>Quantos superexecutivos, inteligentes e focados em resultados que chegaram em altas posi\u00e7\u00f5es e sa\u00edram de l\u00e1 chamuscados por sua falta de habilidade pol\u00edtica? Ser pol\u00edtico n\u00e3o \u00e9 ser falso, ao contr\u00e1rio do que se arvoram os mal-educados e os grosseiros (\u201csou assim e gostem de mim se quiserem, se n\u00e3o quiserem tudo bem\u201d&#8230;. ou \u201caos amigos do Rei, tudo; aos inimigos, a morte\u201d; \u201cou me amam ou me odeiam, comigo n\u00e3o tem meio termo\u201d).<\/p>\n\n\n\n<p>Tenho pregui\u00e7a destas frases, e a minha gera\u00e7\u00e3o e a que vem chegando depois cada vez mais tamb\u00e9m \u00e9 contaminada por essa mesma pregui\u00e7a.<\/p>\n\n\n\n<p>N\u00e3o pratique a politicagem tamb\u00e9m. N\u00e3o aja movido APENAS por seus interesses pessoais (seria hip\u00f3crita dizer que nunca temos segundos interesses), mas apenas seja equilibrado e justo na busca da realiza\u00e7\u00e3o dos seus. N\u00e3o arme conchavos para desgastar algu\u00e9m, n\u00e3o fofoque (e n\u00e3o permita que fofoquem em sua frente), n\u00e3o d\u00ea abertura a coment\u00e1rios maldosos ou n\u00e3o articule para prejudicar um projeto, \u00e1rea ou profissional. Isto sim \u00e9 politicagem, e \u00e9 reprov\u00e1vel.<\/p>\n\n\n\n<p>Mas, mais importante que tudo \u2013 v\u00e1 a luta, e use a pol\u00edtica, o posicionamento e os mecanismos desta bela ci\u00eancia humana para defender sua \u00e1rea, sua carreira e sua equipe! Apenas n\u00e3o esque\u00e7a que faz parte da Pol\u00edtica perder.<\/p>\n","protected":false},"excerpt":{"rendered":"<p>Oi Pessoal! Cynthia Caggiano \u00e9 uma Hoteleira de forma\u00e7\u00e3o e cora\u00e7\u00e3o, com 27 anos de carreira, e que sempre se reinventou. Agora, atua na Regus (conhecida pelos escrit\u00f3rios compartilhados) e est\u00e1 descobrindo um mundo completamente novo de formas e locais de trabalho. Artigo para reflex\u00e3o! N\u00e3o confunda pol\u00edtica com politicagem dentro de sua organiza\u00e7\u00e3o! L\u00cdDERES&hellip; <a class=\"more-link\" href=\"https:\/\/blog.panrotas.com.br\/gestordeviagens\/2020\/08\/11\/video-sobre-escritorios-flexiveis-artigo-nao-confunda-politica-com-politicagem-dentro-de-sua-organizacao-lideres-fazem-politica-e-chefes-fazem-politicagem\/\">Continue reading &rarr;<\/a><\/p>\n","protected":false},"author":20,"featured_media":0,"comment_status":"open","ping_status":"open","sticky":false,"template":"","format":"standard","meta":{"spay_email":""},"categories":[2],"tags":[],"yoast_head":"<!-- This site is optimized with the Yoast SEO plugin v17.3 - https:\/\/yoast.com\/wordpress\/plugins\/seo\/ -->\n<title>V\u00eddeo sobre escrit\u00f3rios-flex\u00edveis + Artigo: &quot;N\u00e3o confunda pol\u00edtica com politicagem dentro de sua organiza\u00e7\u00e3o! L\u00cdDERES FAZEM POL\u00cdTICA, E CHEFES FAZEM POLITICAGEM&quot;. - Gestor de Viagens<\/title>\n<meta name=\"robots\" content=\"index, follow, max-snippet:-1, max-image-preview:large, max-video-preview:-1\" \/>\n<link rel=\"canonical\" href=\"http:\/\/blog.panrotas.com.br\/gestordeviagens\/2020\/08\/11\/video-sobre-escritorios-flexiveis-artigo-nao-confunda-politica-com-politicagem-dentro-de-sua-organizacao-lideres-fazem-politica-e-chefes-fazem-politicagem\/\" \/>\n<meta property=\"og:locale\" content=\"pt_BR\" \/>\n<meta property=\"og:type\" content=\"article\" \/>\n<meta property=\"og:title\" content=\"V\u00eddeo sobre escrit\u00f3rios-flex\u00edveis + Artigo: &quot;N\u00e3o confunda pol\u00edtica com politicagem dentro de sua organiza\u00e7\u00e3o! L\u00cdDERES FAZEM POL\u00cdTICA, E CHEFES FAZEM POLITICAGEM&quot;. - Gestor de Viagens\" \/>\n<meta property=\"og:description\" content=\"Oi Pessoal! Cynthia Caggiano \u00e9 uma Hoteleira de forma\u00e7\u00e3o e cora\u00e7\u00e3o, com 27 anos de carreira, e que sempre se reinventou. Agora, atua na Regus (conhecida pelos escrit\u00f3rios compartilhados) e est\u00e1 descobrindo um mundo completamente novo de formas e locais de trabalho. Artigo para reflex\u00e3o! N\u00e3o confunda pol\u00edtica com politicagem dentro de sua organiza\u00e7\u00e3o! L\u00cdDERES&hellip; Continue reading &rarr;\" \/>\n<meta property=\"og:url\" content=\"http:\/\/blog.panrotas.com.br\/gestordeviagens\/2020\/08\/11\/video-sobre-escritorios-flexiveis-artigo-nao-confunda-politica-com-politicagem-dentro-de-sua-organizacao-lideres-fazem-politica-e-chefes-fazem-politicagem\/\" \/>\n<meta property=\"og:site_name\" content=\"Gestor de Viagens\" \/>\n<meta property=\"article:published_time\" content=\"2020-08-11T03:55:34+00:00\" \/>\n<meta property=\"article:modified_time\" content=\"2020-08-11T03:55:37+00:00\" \/>\n<meta name=\"twitter:card\" content=\"summary_large_image\" \/>\n<meta name=\"twitter:label1\" content=\"Escrito por\" \/>\n\t<meta name=\"twitter:data1\" content=\"Fern\u00e3o Loureiro\" \/>\n\t<meta name=\"twitter:label2\" content=\"Est. tempo de leitura\" \/>\n\t<meta name=\"twitter:data2\" content=\"5 minutos\" \/>\n<script type=\"application\/ld+json\" class=\"yoast-schema-graph\">{\"@context\":\"https:\/\/schema.org\",\"@graph\":[{\"@type\":\"WebSite\",\"@id\":\"https:\/\/blog.panrotas.com.br\/gestordeviagens\/#website\",\"url\":\"https:\/\/blog.panrotas.com.br\/gestordeviagens\/\",\"name\":\"Gestor de Viagens\",\"description\":\"Blogosfera PANROTAS\",\"potentialAction\":[{\"@type\":\"SearchAction\",\"target\":{\"@type\":\"EntryPoint\",\"urlTemplate\":\"https:\/\/blog.panrotas.com.br\/gestordeviagens\/?s={search_term_string}\"},\"query-input\":\"required name=search_term_string\"}],\"inLanguage\":\"pt-BR\"},{\"@type\":\"WebPage\",\"@id\":\"http:\/\/blog.panrotas.com.br\/gestordeviagens\/2020\/08\/11\/video-sobre-escritorios-flexiveis-artigo-nao-confunda-politica-com-politicagem-dentro-de-sua-organizacao-lideres-fazem-politica-e-chefes-fazem-politicagem\/#webpage\",\"url\":\"http:\/\/blog.panrotas.com.br\/gestordeviagens\/2020\/08\/11\/video-sobre-escritorios-flexiveis-artigo-nao-confunda-politica-com-politicagem-dentro-de-sua-organizacao-lideres-fazem-politica-e-chefes-fazem-politicagem\/\",\"name\":\"V\\u00eddeo sobre escrit\\u00f3rios-flex\\u00edveis + Artigo: \\\"N\\u00e3o confunda pol\\u00edtica com politicagem dentro de sua organiza\\u00e7\\u00e3o! L\\u00cdDERES FAZEM POL\\u00cdTICA, E CHEFES FAZEM POLITICAGEM\\\". - Gestor de Viagens\",\"isPartOf\":{\"@id\":\"https:\/\/blog.panrotas.com.br\/gestordeviagens\/#website\"},\"datePublished\":\"2020-08-11T03:55:34+00:00\",\"dateModified\":\"2020-08-11T03:55:37+00:00\",\"author\":{\"@id\":\"https:\/\/blog.panrotas.com.br\/gestordeviagens\/#\/schema\/person\/208e1c13bab5ecfa06ff4c6a06537c63\"},\"breadcrumb\":{\"@id\":\"http:\/\/blog.panrotas.com.br\/gestordeviagens\/2020\/08\/11\/video-sobre-escritorios-flexiveis-artigo-nao-confunda-politica-com-politicagem-dentro-de-sua-organizacao-lideres-fazem-politica-e-chefes-fazem-politicagem\/#breadcrumb\"},\"inLanguage\":\"pt-BR\",\"potentialAction\":[{\"@type\":\"ReadAction\",\"target\":[\"http:\/\/blog.panrotas.com.br\/gestordeviagens\/2020\/08\/11\/video-sobre-escritorios-flexiveis-artigo-nao-confunda-politica-com-politicagem-dentro-de-sua-organizacao-lideres-fazem-politica-e-chefes-fazem-politicagem\/\"]}]},{\"@type\":\"BreadcrumbList\",\"@id\":\"http:\/\/blog.panrotas.com.br\/gestordeviagens\/2020\/08\/11\/video-sobre-escritorios-flexiveis-artigo-nao-confunda-politica-com-politicagem-dentro-de-sua-organizacao-lideres-fazem-politica-e-chefes-fazem-politicagem\/#breadcrumb\",\"itemListElement\":[{\"@type\":\"ListItem\",\"position\":1,\"name\":\"In\\u00edcio\",\"item\":\"https:\/\/blog.panrotas.com.br\/gestordeviagens\/\"},{\"@type\":\"ListItem\",\"position\":2,\"name\":\"V\\u00eddeo sobre escrit\\u00f3rios-flex\\u00edveis + Artigo: &#8220;N\\u00e3o confunda pol\\u00edtica com politicagem dentro de sua organiza\\u00e7\\u00e3o! L\\u00cdDERES FAZEM POL\\u00cdTICA, E CHEFES FAZEM POLITICAGEM&#8221;.\"}]},{\"@type\":\"Person\",\"@id\":\"https:\/\/blog.panrotas.com.br\/gestordeviagens\/#\/schema\/person\/208e1c13bab5ecfa06ff4c6a06537c63\",\"name\":\"Fern\\u00e3o Loureiro\",\"image\":{\"@type\":\"ImageObject\",\"@id\":\"https:\/\/blog.panrotas.com.br\/gestordeviagens\/#personlogo\",\"inLanguage\":\"pt-BR\",\"url\":\"https:\/\/secure.gravatar.com\/avatar\/9e70cfdabded60f08f7df8f830490e73?s=96&d=mm&r=g\",\"contentUrl\":\"https:\/\/secure.gravatar.com\/avatar\/9e70cfdabded60f08f7df8f830490e73?s=96&d=mm&r=g\",\"caption\":\"Fern\\u00e3o Loureiro\"},\"description\":\"Eleito em 2017 como um dos 75 Profissionais de Turismo Mais Influentes do Brasil e em 2019 o Melhor Gestor de Viagens Corporativas do Brasil (pelo Portal Panrotas), premiado em Boston (EUA) pela Global Business Travel Association (GBTA) e Personalidade do Ano Pr\\u00eamio Caio em 2017, 2018 e 2019 na categoria Clientes. Finalista no concurso \\u201cTravel Manager 2018 na Am\\u00e9rica Latina\\u201d do evento Viajes Corp Americas, no Panam\\u00e1 (onde tamb\\u00e9m foi key note speaker). Autor do livro \\\"Gest\\u00e3o Estrat\\u00e9gica de Viagens Corporativas\\\" e Fundador-Diretor da Loureiro Consultores e s\\u00f3cio-diretor de duas empresas - TataTur Operadora de Turismo e D'Amaro Odontologia Est\\u00e9tica. Graduado em Gest\\u00e3o de Turismo pelo IFSP, P\\u00f3s-Graduado em Gest\\u00e3o de Servi\\u00e7os pela FECAP e com MBA em Gest\\u00e3o Empresarial pela BBS. Coach formado pelo IBC. Instagram: @fernaoloureiro Youtube: ferlota68 LinkedIn: Fern\\u00e3o Loureiro\",\"sameAs\":[\"http:\/\/www.loureiroconsultores.com\"],\"url\":\"https:\/\/blog.panrotas.com.br\/gestordeviagens\/author\/fernao\/\"}]}<\/script>\n<!-- \/ Yoast SEO plugin. -->","yoast_head_json":{"title":"V\u00eddeo sobre escrit\u00f3rios-flex\u00edveis + Artigo: \"N\u00e3o confunda pol\u00edtica com politicagem dentro de sua organiza\u00e7\u00e3o! L\u00cdDERES FAZEM POL\u00cdTICA, E CHEFES FAZEM POLITICAGEM\". - Gestor de Viagens","robots":{"index":"index","follow":"follow","max-snippet":"max-snippet:-1","max-image-preview":"max-image-preview:large","max-video-preview":"max-video-preview:-1"},"canonical":"http:\/\/blog.panrotas.com.br\/gestordeviagens\/2020\/08\/11\/video-sobre-escritorios-flexiveis-artigo-nao-confunda-politica-com-politicagem-dentro-de-sua-organizacao-lideres-fazem-politica-e-chefes-fazem-politicagem\/","og_locale":"pt_BR","og_type":"article","og_title":"V\u00eddeo sobre escrit\u00f3rios-flex\u00edveis + Artigo: \"N\u00e3o confunda pol\u00edtica com politicagem dentro de sua organiza\u00e7\u00e3o! L\u00cdDERES FAZEM POL\u00cdTICA, E CHEFES FAZEM POLITICAGEM\". - Gestor de Viagens","og_description":"Oi Pessoal! Cynthia Caggiano \u00e9 uma Hoteleira de forma\u00e7\u00e3o e cora\u00e7\u00e3o, com 27 anos de carreira, e que sempre se reinventou. Agora, atua na Regus (conhecida pelos escrit\u00f3rios compartilhados) e est\u00e1 descobrindo um mundo completamente novo de formas e locais de trabalho. Artigo para reflex\u00e3o! N\u00e3o confunda pol\u00edtica com politicagem dentro de sua organiza\u00e7\u00e3o! L\u00cdDERES&hellip; Continue reading &rarr;","og_url":"http:\/\/blog.panrotas.com.br\/gestordeviagens\/2020\/08\/11\/video-sobre-escritorios-flexiveis-artigo-nao-confunda-politica-com-politicagem-dentro-de-sua-organizacao-lideres-fazem-politica-e-chefes-fazem-politicagem\/","og_site_name":"Gestor de Viagens","article_published_time":"2020-08-11T03:55:34+00:00","article_modified_time":"2020-08-11T03:55:37+00:00","twitter_card":"summary_large_image","twitter_misc":{"Escrito por":"Fern\u00e3o Loureiro","Est. tempo de leitura":"5 minutos"},"schema":{"@context":"https:\/\/schema.org","@graph":[{"@type":"WebSite","@id":"https:\/\/blog.panrotas.com.br\/gestordeviagens\/#website","url":"https:\/\/blog.panrotas.com.br\/gestordeviagens\/","name":"Gestor de Viagens","description":"Blogosfera PANROTAS","potentialAction":[{"@type":"SearchAction","target":{"@type":"EntryPoint","urlTemplate":"https:\/\/blog.panrotas.com.br\/gestordeviagens\/?s={search_term_string}"},"query-input":"required name=search_term_string"}],"inLanguage":"pt-BR"},{"@type":"WebPage","@id":"http:\/\/blog.panrotas.com.br\/gestordeviagens\/2020\/08\/11\/video-sobre-escritorios-flexiveis-artigo-nao-confunda-politica-com-politicagem-dentro-de-sua-organizacao-lideres-fazem-politica-e-chefes-fazem-politicagem\/#webpage","url":"http:\/\/blog.panrotas.com.br\/gestordeviagens\/2020\/08\/11\/video-sobre-escritorios-flexiveis-artigo-nao-confunda-politica-com-politicagem-dentro-de-sua-organizacao-lideres-fazem-politica-e-chefes-fazem-politicagem\/","name":"V\u00eddeo sobre escrit\u00f3rios-flex\u00edveis + Artigo: \"N\u00e3o confunda pol\u00edtica com politicagem dentro de sua organiza\u00e7\u00e3o! L\u00cdDERES FAZEM POL\u00cdTICA, E CHEFES FAZEM POLITICAGEM\". - Gestor de Viagens","isPartOf":{"@id":"https:\/\/blog.panrotas.com.br\/gestordeviagens\/#website"},"datePublished":"2020-08-11T03:55:34+00:00","dateModified":"2020-08-11T03:55:37+00:00","author":{"@id":"https:\/\/blog.panrotas.com.br\/gestordeviagens\/#\/schema\/person\/208e1c13bab5ecfa06ff4c6a06537c63"},"breadcrumb":{"@id":"http:\/\/blog.panrotas.com.br\/gestordeviagens\/2020\/08\/11\/video-sobre-escritorios-flexiveis-artigo-nao-confunda-politica-com-politicagem-dentro-de-sua-organizacao-lideres-fazem-politica-e-chefes-fazem-politicagem\/#breadcrumb"},"inLanguage":"pt-BR","potentialAction":[{"@type":"ReadAction","target":["http:\/\/blog.panrotas.com.br\/gestordeviagens\/2020\/08\/11\/video-sobre-escritorios-flexiveis-artigo-nao-confunda-politica-com-politicagem-dentro-de-sua-organizacao-lideres-fazem-politica-e-chefes-fazem-politicagem\/"]}]},{"@type":"BreadcrumbList","@id":"http:\/\/blog.panrotas.com.br\/gestordeviagens\/2020\/08\/11\/video-sobre-escritorios-flexiveis-artigo-nao-confunda-politica-com-politicagem-dentro-de-sua-organizacao-lideres-fazem-politica-e-chefes-fazem-politicagem\/#breadcrumb","itemListElement":[{"@type":"ListItem","position":1,"name":"In\u00edcio","item":"https:\/\/blog.panrotas.com.br\/gestordeviagens\/"},{"@type":"ListItem","position":2,"name":"V\u00eddeo sobre escrit\u00f3rios-flex\u00edveis + Artigo: &#8220;N\u00e3o confunda pol\u00edtica com politicagem dentro de sua organiza\u00e7\u00e3o! L\u00cdDERES FAZEM POL\u00cdTICA, E CHEFES FAZEM POLITICAGEM&#8221;."}]},{"@type":"Person","@id":"https:\/\/blog.panrotas.com.br\/gestordeviagens\/#\/schema\/person\/208e1c13bab5ecfa06ff4c6a06537c63","name":"Fern\u00e3o Loureiro","image":{"@type":"ImageObject","@id":"https:\/\/blog.panrotas.com.br\/gestordeviagens\/#personlogo","inLanguage":"pt-BR","url":"https:\/\/secure.gravatar.com\/avatar\/9e70cfdabded60f08f7df8f830490e73?s=96&d=mm&r=g","contentUrl":"https:\/\/secure.gravatar.com\/avatar\/9e70cfdabded60f08f7df8f830490e73?s=96&d=mm&r=g","caption":"Fern\u00e3o Loureiro"},"description":"Eleito em 2017 como um dos 75 Profissionais de Turismo Mais Influentes do Brasil e em 2019 o Melhor Gestor de Viagens Corporativas do Brasil (pelo Portal Panrotas), premiado em Boston (EUA) pela Global Business Travel Association (GBTA) e Personalidade do Ano Pr\u00eamio Caio em 2017, 2018 e 2019 na categoria Clientes. Finalista no concurso \u201cTravel Manager 2018 na Am\u00e9rica Latina\u201d do evento Viajes Corp Americas, no Panam\u00e1 (onde tamb\u00e9m foi key note speaker). Autor do livro \"Gest\u00e3o Estrat\u00e9gica de Viagens Corporativas\" e Fundador-Diretor da Loureiro Consultores e s\u00f3cio-diretor de duas empresas - TataTur Operadora de Turismo e D'Amaro Odontologia Est\u00e9tica. Graduado em Gest\u00e3o de Turismo pelo IFSP, P\u00f3s-Graduado em Gest\u00e3o de Servi\u00e7os pela FECAP e com MBA em Gest\u00e3o Empresarial pela BBS. Coach formado pelo IBC. Instagram: @fernaoloureiro Youtube: ferlota68 LinkedIn: Fern\u00e3o Loureiro","sameAs":["http:\/\/www.loureiroconsultores.com"],"url":"https:\/\/blog.panrotas.com.br\/gestordeviagens\/author\/fernao\/"}]}},"jetpack_featured_media_url":"","_links":{"self":[{"href":"https:\/\/blog.panrotas.com.br\/gestordeviagens\/wp-json\/wp\/v2\/posts\/553"}],"collection":[{"href":"https:\/\/blog.panrotas.com.br\/gestordeviagens\/wp-json\/wp\/v2\/posts"}],"about":[{"href":"https:\/\/blog.panrotas.com.br\/gestordeviagens\/wp-json\/wp\/v2\/types\/post"}],"author":[{"embeddable":true,"href":"https:\/\/blog.panrotas.com.br\/gestordeviagens\/wp-json\/wp\/v2\/users\/20"}],"replies":[{"embeddable":true,"href":"https:\/\/blog.panrotas.com.br\/gestordeviagens\/wp-json\/wp\/v2\/comments?post=553"}],"version-history":[{"count":1,"href":"https:\/\/blog.panrotas.com.br\/gestordeviagens\/wp-json\/wp\/v2\/posts\/553\/revisions"}],"predecessor-version":[{"id":555,"href":"https:\/\/blog.panrotas.com.br\/gestordeviagens\/wp-json\/wp\/v2\/posts\/553\/revisions\/555"}],"wp:attachment":[{"href":"https:\/\/blog.panrotas.com.br\/gestordeviagens\/wp-json\/wp\/v2\/media?parent=553"}],"wp:term":[{"taxonomy":"category","embeddable":true,"href":"https:\/\/blog.panrotas.com.br\/gestordeviagens\/wp-json\/wp\/v2\/categories?post=553"},{"taxonomy":"post_tag","embeddable":true,"href":"https:\/\/blog.panrotas.com.br\/gestordeviagens\/wp-json\/wp\/v2\/tags?post=553"}],"curies":[{"name":"wp","href":"https:\/\/api.w.org\/{rel}","templated":true}]}}