{"id":567,"date":"2020-08-28T00:25:00","date_gmt":"2020-08-28T03:25:00","guid":{"rendered":"http:\/\/blog.panrotas.com.br\/gestordeviagens\/?p=567"},"modified":"2020-08-28T00:25:01","modified_gmt":"2020-08-28T03:25:01","slug":"como-e-o-mindset-de-um-comprador-gestor-de-eventos-corporativos-e-quais-as-perspectivas-de-profissionais-do-exterior-para-o-nosso-setor","status":"publish","type":"post","link":"https:\/\/blog.panrotas.com.br\/gestordeviagens\/2020\/08\/28\/como-e-o-mindset-de-um-comprador-gestor-de-eventos-corporativos-e-quais-as-perspectivas-de-profissionais-do-exterior-para-o-nosso-setor\/","title":{"rendered":"COMO \u00c9 O MINDSET DE UM COMPRADOR\/GESTOR DE EVENTOS CORPORATIVOS? E QUAIS AS PERSPECTIVAS DE PROFISSIONAIS DO EXTERIOR PARA O NOSSO SETOR?"},"content":{"rendered":"\n<p>Oi Pessoal!<\/p>\n\n\n\n<p>Neste post trago a voc\u00eas uma palestra que fiz para o trade de Florian\u00f3polis, em parceria com o Floripa Convention Bureau, descrevendo o dia-a-dia de um Comprador\/Profissional de Procurement de Eventos. Nela dei dicas importantes para empres\u00e1rios-fornecedores desta cadeia em um destino. <\/p>\n\n\n\n<p>E no segundo v\u00eddeo, um debate que participei com outros profissionais do setor de Viagens e Eventos Corporativos dos EUA e Am\u00e9rica Latina. Este est\u00e1 em Espanhol, o que \u00e9 \u00f3timo para treinar os ouvidos \ud83d\ude09<\/p>\n\n\n\n<p><\/p>\n\n\n\n<figure class=\"wp-block-embed-youtube wp-block-embed is-type-video is-provider-youtube wp-embed-aspect-16-9 wp-has-aspect-ratio\"><div class=\"wp-block-embed__wrapper\">\n<div class=\"jetpack-video-wrapper\"><iframe loading=\"lazy\" title=\"Como um Comprador e Gestor de Eventos Corporativos atua? Palestra para o trade de Florian\u00f3polis\" width=\"740\" height=\"416\" src=\"https:\/\/www.youtube.com\/embed\/eOfndD_rdEY?feature=oembed\" frameborder=\"0\" allow=\"accelerometer; autoplay; encrypted-media; gyroscope; picture-in-picture\" allowfullscreen><\/iframe><\/div>\n<\/div><\/figure>\n\n\n\n<figure class=\"wp-block-embed-youtube wp-block-embed is-type-video is-provider-youtube wp-embed-aspect-16-9 wp-has-aspect-ratio\"><div class=\"wp-block-embed__wrapper\">\n<div class=\"jetpack-video-wrapper\"><iframe loading=\"lazy\" title=\"Webinar em Espanhol - Adequa\u00e7\u00f5es em Viagens Corporativas na Am\u00e9rica Latina\" width=\"740\" height=\"416\" src=\"https:\/\/www.youtube.com\/embed\/BsuHcM7gAk0?feature=oembed\" frameborder=\"0\" allow=\"accelerometer; autoplay; encrypted-media; gyroscope; picture-in-picture\" allowfullscreen><\/iframe><\/div>\n<\/div><\/figure>\n","protected":false},"excerpt":{"rendered":"<p>Oi Pessoal! Neste post trago a voc\u00eas uma palestra que fiz para o trade de Florian\u00f3polis, em parceria com o Floripa Convention Bureau, descrevendo o dia-a-dia de um Comprador\/Profissional de Procurement de Eventos. Nela dei dicas importantes para empres\u00e1rios-fornecedores desta cadeia em um destino. E no segundo v\u00eddeo, um debate que participei com outros profissionais&hellip; <a class=\"more-link\" href=\"https:\/\/blog.panrotas.com.br\/gestordeviagens\/2020\/08\/28\/como-e-o-mindset-de-um-comprador-gestor-de-eventos-corporativos-e-quais-as-perspectivas-de-profissionais-do-exterior-para-o-nosso-setor\/\">Continue reading &rarr;<\/a><\/p>\n","protected":false},"author":20,"featured_media":570,"comment_status":"open","ping_status":"open","sticky":false,"template":"","format":"standard","meta":{"spay_email":""},"categories":[2],"tags":[],"yoast_head":"<!-- This site is optimized with the Yoast SEO plugin v17.3 - https:\/\/yoast.com\/wordpress\/plugins\/seo\/ -->\n<title>COMO \u00c9 O MINDSET DE UM COMPRADOR\/GESTOR DE EVENTOS CORPORATIVOS? E QUAIS AS PERSPECTIVAS DE PROFISSIONAIS DO EXTERIOR PARA O NOSSO SETOR? - Gestor de Viagens<\/title>\n<meta name=\"robots\" content=\"index, follow, max-snippet:-1, max-image-preview:large, max-video-preview:-1\" \/>\n<link rel=\"canonical\" href=\"http:\/\/blog.panrotas.com.br\/gestordeviagens\/2020\/08\/28\/como-e-o-mindset-de-um-comprador-gestor-de-eventos-corporativos-e-quais-as-perspectivas-de-profissionais-do-exterior-para-o-nosso-setor\/\" \/>\n<meta property=\"og:locale\" content=\"pt_BR\" \/>\n<meta property=\"og:type\" content=\"article\" \/>\n<meta property=\"og:title\" content=\"COMO \u00c9 O MINDSET DE UM COMPRADOR\/GESTOR DE EVENTOS CORPORATIVOS? E QUAIS AS PERSPECTIVAS DE PROFISSIONAIS DO EXTERIOR PARA O NOSSO SETOR? - Gestor de Viagens\" \/>\n<meta property=\"og:description\" content=\"Oi Pessoal! Neste post trago a voc\u00eas uma palestra que fiz para o trade de Florian\u00f3polis, em parceria com o Floripa Convention Bureau, descrevendo o dia-a-dia de um Comprador\/Profissional de Procurement de Eventos. Nela dei dicas importantes para empres\u00e1rios-fornecedores desta cadeia em um destino. E no segundo v\u00eddeo, um debate que participei com outros profissionais&hellip; Continue reading &rarr;\" \/>\n<meta property=\"og:url\" content=\"http:\/\/blog.panrotas.com.br\/gestordeviagens\/2020\/08\/28\/como-e-o-mindset-de-um-comprador-gestor-de-eventos-corporativos-e-quais-as-perspectivas-de-profissionais-do-exterior-para-o-nosso-setor\/\" \/>\n<meta property=\"og:site_name\" content=\"Gestor de Viagens\" \/>\n<meta property=\"article:published_time\" content=\"2020-08-28T03:25:00+00:00\" \/>\n<meta property=\"article:modified_time\" content=\"2020-08-28T03:25:01+00:00\" \/>\n<meta property=\"og:image\" content=\"http:\/\/blog.panrotas.com.br\/gestordeviagens\/wp-content\/uploads\/sites\/19\/2020\/08\/empatia.jpg\" \/>\n\t<meta property=\"og:image:width\" content=\"800\" \/>\n\t<meta property=\"og:image:height\" content=\"765\" \/>\n<meta name=\"twitter:card\" content=\"summary_large_image\" \/>\n<meta name=\"twitter:label1\" content=\"Escrito por\" \/>\n\t<meta name=\"twitter:data1\" content=\"Fern\u00e3o Loureiro\" \/>\n<script type=\"application\/ld+json\" class=\"yoast-schema-graph\">{\"@context\":\"https:\/\/schema.org\",\"@graph\":[{\"@type\":\"WebSite\",\"@id\":\"https:\/\/blog.panrotas.com.br\/gestordeviagens\/#website\",\"url\":\"https:\/\/blog.panrotas.com.br\/gestordeviagens\/\",\"name\":\"Gestor de Viagens\",\"description\":\"Blogosfera PANROTAS\",\"potentialAction\":[{\"@type\":\"SearchAction\",\"target\":{\"@type\":\"EntryPoint\",\"urlTemplate\":\"https:\/\/blog.panrotas.com.br\/gestordeviagens\/?s={search_term_string}\"},\"query-input\":\"required name=search_term_string\"}],\"inLanguage\":\"pt-BR\"},{\"@type\":\"ImageObject\",\"@id\":\"http:\/\/blog.panrotas.com.br\/gestordeviagens\/2020\/08\/28\/como-e-o-mindset-de-um-comprador-gestor-de-eventos-corporativos-e-quais-as-perspectivas-de-profissionais-do-exterior-para-o-nosso-setor\/#primaryimage\",\"inLanguage\":\"pt-BR\",\"url\":\"https:\/\/blog.panrotas.com.br\/gestordeviagens\/wp-content\/uploads\/sites\/19\/2020\/08\/empatia.jpg\",\"contentUrl\":\"https:\/\/blog.panrotas.com.br\/gestordeviagens\/wp-content\/uploads\/sites\/19\/2020\/08\/empatia.jpg\",\"width\":800,\"height\":765},{\"@type\":\"WebPage\",\"@id\":\"http:\/\/blog.panrotas.com.br\/gestordeviagens\/2020\/08\/28\/como-e-o-mindset-de-um-comprador-gestor-de-eventos-corporativos-e-quais-as-perspectivas-de-profissionais-do-exterior-para-o-nosso-setor\/#webpage\",\"url\":\"http:\/\/blog.panrotas.com.br\/gestordeviagens\/2020\/08\/28\/como-e-o-mindset-de-um-comprador-gestor-de-eventos-corporativos-e-quais-as-perspectivas-de-profissionais-do-exterior-para-o-nosso-setor\/\",\"name\":\"COMO \\u00c9 O MINDSET DE UM COMPRADOR\/GESTOR DE EVENTOS CORPORATIVOS? E QUAIS AS PERSPECTIVAS DE PROFISSIONAIS DO EXTERIOR PARA O NOSSO SETOR? - Gestor de Viagens\",\"isPartOf\":{\"@id\":\"https:\/\/blog.panrotas.com.br\/gestordeviagens\/#website\"},\"primaryImageOfPage\":{\"@id\":\"http:\/\/blog.panrotas.com.br\/gestordeviagens\/2020\/08\/28\/como-e-o-mindset-de-um-comprador-gestor-de-eventos-corporativos-e-quais-as-perspectivas-de-profissionais-do-exterior-para-o-nosso-setor\/#primaryimage\"},\"datePublished\":\"2020-08-28T03:25:00+00:00\",\"dateModified\":\"2020-08-28T03:25:01+00:00\",\"author\":{\"@id\":\"https:\/\/blog.panrotas.com.br\/gestordeviagens\/#\/schema\/person\/208e1c13bab5ecfa06ff4c6a06537c63\"},\"breadcrumb\":{\"@id\":\"http:\/\/blog.panrotas.com.br\/gestordeviagens\/2020\/08\/28\/como-e-o-mindset-de-um-comprador-gestor-de-eventos-corporativos-e-quais-as-perspectivas-de-profissionais-do-exterior-para-o-nosso-setor\/#breadcrumb\"},\"inLanguage\":\"pt-BR\",\"potentialAction\":[{\"@type\":\"ReadAction\",\"target\":[\"http:\/\/blog.panrotas.com.br\/gestordeviagens\/2020\/08\/28\/como-e-o-mindset-de-um-comprador-gestor-de-eventos-corporativos-e-quais-as-perspectivas-de-profissionais-do-exterior-para-o-nosso-setor\/\"]}]},{\"@type\":\"BreadcrumbList\",\"@id\":\"http:\/\/blog.panrotas.com.br\/gestordeviagens\/2020\/08\/28\/como-e-o-mindset-de-um-comprador-gestor-de-eventos-corporativos-e-quais-as-perspectivas-de-profissionais-do-exterior-para-o-nosso-setor\/#breadcrumb\",\"itemListElement\":[{\"@type\":\"ListItem\",\"position\":1,\"name\":\"In\\u00edcio\",\"item\":\"https:\/\/blog.panrotas.com.br\/gestordeviagens\/\"},{\"@type\":\"ListItem\",\"position\":2,\"name\":\"COMO \\u00c9 O MINDSET DE UM COMPRADOR\/GESTOR DE EVENTOS CORPORATIVOS? E QUAIS AS PERSPECTIVAS DE PROFISSIONAIS DO EXTERIOR PARA O NOSSO SETOR?\"}]},{\"@type\":\"Person\",\"@id\":\"https:\/\/blog.panrotas.com.br\/gestordeviagens\/#\/schema\/person\/208e1c13bab5ecfa06ff4c6a06537c63\",\"name\":\"Fern\\u00e3o Loureiro\",\"image\":{\"@type\":\"ImageObject\",\"@id\":\"https:\/\/blog.panrotas.com.br\/gestordeviagens\/#personlogo\",\"inLanguage\":\"pt-BR\",\"url\":\"https:\/\/secure.gravatar.com\/avatar\/9e70cfdabded60f08f7df8f830490e73?s=96&d=mm&r=g\",\"contentUrl\":\"https:\/\/secure.gravatar.com\/avatar\/9e70cfdabded60f08f7df8f830490e73?s=96&d=mm&r=g\",\"caption\":\"Fern\\u00e3o Loureiro\"},\"description\":\"Eleito em 2017 como um dos 75 Profissionais de Turismo Mais Influentes do Brasil e em 2019 o Melhor Gestor de Viagens Corporativas do Brasil (pelo Portal Panrotas), premiado em Boston (EUA) pela Global Business Travel Association (GBTA) e Personalidade do Ano Pr\\u00eamio Caio em 2017, 2018 e 2019 na categoria Clientes. Finalista no concurso \\u201cTravel Manager 2018 na Am\\u00e9rica Latina\\u201d do evento Viajes Corp Americas, no Panam\\u00e1 (onde tamb\\u00e9m foi key note speaker). Autor do livro \\\"Gest\\u00e3o Estrat\\u00e9gica de Viagens Corporativas\\\" e Fundador-Diretor da Loureiro Consultores e s\\u00f3cio-diretor de duas empresas - TataTur Operadora de Turismo e D'Amaro Odontologia Est\\u00e9tica. Graduado em Gest\\u00e3o de Turismo pelo IFSP, P\\u00f3s-Graduado em Gest\\u00e3o de Servi\\u00e7os pela FECAP e com MBA em Gest\\u00e3o Empresarial pela BBS. Coach formado pelo IBC. Instagram: @fernaoloureiro Youtube: ferlota68 LinkedIn: Fern\\u00e3o Loureiro\",\"sameAs\":[\"http:\/\/www.loureiroconsultores.com\"],\"url\":\"https:\/\/blog.panrotas.com.br\/gestordeviagens\/author\/fernao\/\"}]}<\/script>\n<!-- \/ Yoast SEO plugin. -->","yoast_head_json":{"title":"COMO \u00c9 O MINDSET DE UM COMPRADOR\/GESTOR DE EVENTOS CORPORATIVOS? E QUAIS AS PERSPECTIVAS DE PROFISSIONAIS DO EXTERIOR PARA O NOSSO SETOR? - Gestor de Viagens","robots":{"index":"index","follow":"follow","max-snippet":"max-snippet:-1","max-image-preview":"max-image-preview:large","max-video-preview":"max-video-preview:-1"},"canonical":"http:\/\/blog.panrotas.com.br\/gestordeviagens\/2020\/08\/28\/como-e-o-mindset-de-um-comprador-gestor-de-eventos-corporativos-e-quais-as-perspectivas-de-profissionais-do-exterior-para-o-nosso-setor\/","og_locale":"pt_BR","og_type":"article","og_title":"COMO \u00c9 O MINDSET DE UM COMPRADOR\/GESTOR DE EVENTOS CORPORATIVOS? E QUAIS AS PERSPECTIVAS DE PROFISSIONAIS DO EXTERIOR PARA O NOSSO SETOR? - Gestor de Viagens","og_description":"Oi Pessoal! Neste post trago a voc\u00eas uma palestra que fiz para o trade de Florian\u00f3polis, em parceria com o Floripa Convention Bureau, descrevendo o dia-a-dia de um Comprador\/Profissional de Procurement de Eventos. Nela dei dicas importantes para empres\u00e1rios-fornecedores desta cadeia em um destino. E no segundo v\u00eddeo, um debate que participei com outros profissionais&hellip; Continue reading &rarr;","og_url":"http:\/\/blog.panrotas.com.br\/gestordeviagens\/2020\/08\/28\/como-e-o-mindset-de-um-comprador-gestor-de-eventos-corporativos-e-quais-as-perspectivas-de-profissionais-do-exterior-para-o-nosso-setor\/","og_site_name":"Gestor de Viagens","article_published_time":"2020-08-28T03:25:00+00:00","article_modified_time":"2020-08-28T03:25:01+00:00","og_image":[{"width":800,"height":765,"url":"http:\/\/blog.panrotas.com.br\/gestordeviagens\/wp-content\/uploads\/sites\/19\/2020\/08\/empatia.jpg","type":"image\/jpeg"}],"twitter_card":"summary_large_image","twitter_misc":{"Escrito por":"Fern\u00e3o Loureiro"},"schema":{"@context":"https:\/\/schema.org","@graph":[{"@type":"WebSite","@id":"https:\/\/blog.panrotas.com.br\/gestordeviagens\/#website","url":"https:\/\/blog.panrotas.com.br\/gestordeviagens\/","name":"Gestor de Viagens","description":"Blogosfera PANROTAS","potentialAction":[{"@type":"SearchAction","target":{"@type":"EntryPoint","urlTemplate":"https:\/\/blog.panrotas.com.br\/gestordeviagens\/?s={search_term_string}"},"query-input":"required name=search_term_string"}],"inLanguage":"pt-BR"},{"@type":"ImageObject","@id":"http:\/\/blog.panrotas.com.br\/gestordeviagens\/2020\/08\/28\/como-e-o-mindset-de-um-comprador-gestor-de-eventos-corporativos-e-quais-as-perspectivas-de-profissionais-do-exterior-para-o-nosso-setor\/#primaryimage","inLanguage":"pt-BR","url":"https:\/\/blog.panrotas.com.br\/gestordeviagens\/wp-content\/uploads\/sites\/19\/2020\/08\/empatia.jpg","contentUrl":"https:\/\/blog.panrotas.com.br\/gestordeviagens\/wp-content\/uploads\/sites\/19\/2020\/08\/empatia.jpg","width":800,"height":765},{"@type":"WebPage","@id":"http:\/\/blog.panrotas.com.br\/gestordeviagens\/2020\/08\/28\/como-e-o-mindset-de-um-comprador-gestor-de-eventos-corporativos-e-quais-as-perspectivas-de-profissionais-do-exterior-para-o-nosso-setor\/#webpage","url":"http:\/\/blog.panrotas.com.br\/gestordeviagens\/2020\/08\/28\/como-e-o-mindset-de-um-comprador-gestor-de-eventos-corporativos-e-quais-as-perspectivas-de-profissionais-do-exterior-para-o-nosso-setor\/","name":"COMO \u00c9 O MINDSET DE UM COMPRADOR\/GESTOR DE EVENTOS CORPORATIVOS? E QUAIS AS PERSPECTIVAS DE PROFISSIONAIS DO EXTERIOR PARA O NOSSO SETOR? - Gestor de Viagens","isPartOf":{"@id":"https:\/\/blog.panrotas.com.br\/gestordeviagens\/#website"},"primaryImageOfPage":{"@id":"http:\/\/blog.panrotas.com.br\/gestordeviagens\/2020\/08\/28\/como-e-o-mindset-de-um-comprador-gestor-de-eventos-corporativos-e-quais-as-perspectivas-de-profissionais-do-exterior-para-o-nosso-setor\/#primaryimage"},"datePublished":"2020-08-28T03:25:00+00:00","dateModified":"2020-08-28T03:25:01+00:00","author":{"@id":"https:\/\/blog.panrotas.com.br\/gestordeviagens\/#\/schema\/person\/208e1c13bab5ecfa06ff4c6a06537c63"},"breadcrumb":{"@id":"http:\/\/blog.panrotas.com.br\/gestordeviagens\/2020\/08\/28\/como-e-o-mindset-de-um-comprador-gestor-de-eventos-corporativos-e-quais-as-perspectivas-de-profissionais-do-exterior-para-o-nosso-setor\/#breadcrumb"},"inLanguage":"pt-BR","potentialAction":[{"@type":"ReadAction","target":["http:\/\/blog.panrotas.com.br\/gestordeviagens\/2020\/08\/28\/como-e-o-mindset-de-um-comprador-gestor-de-eventos-corporativos-e-quais-as-perspectivas-de-profissionais-do-exterior-para-o-nosso-setor\/"]}]},{"@type":"BreadcrumbList","@id":"http:\/\/blog.panrotas.com.br\/gestordeviagens\/2020\/08\/28\/como-e-o-mindset-de-um-comprador-gestor-de-eventos-corporativos-e-quais-as-perspectivas-de-profissionais-do-exterior-para-o-nosso-setor\/#breadcrumb","itemListElement":[{"@type":"ListItem","position":1,"name":"In\u00edcio","item":"https:\/\/blog.panrotas.com.br\/gestordeviagens\/"},{"@type":"ListItem","position":2,"name":"COMO \u00c9 O MINDSET DE UM COMPRADOR\/GESTOR DE EVENTOS CORPORATIVOS? E QUAIS AS PERSPECTIVAS DE PROFISSIONAIS DO EXTERIOR PARA O NOSSO SETOR?"}]},{"@type":"Person","@id":"https:\/\/blog.panrotas.com.br\/gestordeviagens\/#\/schema\/person\/208e1c13bab5ecfa06ff4c6a06537c63","name":"Fern\u00e3o Loureiro","image":{"@type":"ImageObject","@id":"https:\/\/blog.panrotas.com.br\/gestordeviagens\/#personlogo","inLanguage":"pt-BR","url":"https:\/\/secure.gravatar.com\/avatar\/9e70cfdabded60f08f7df8f830490e73?s=96&d=mm&r=g","contentUrl":"https:\/\/secure.gravatar.com\/avatar\/9e70cfdabded60f08f7df8f830490e73?s=96&d=mm&r=g","caption":"Fern\u00e3o Loureiro"},"description":"Eleito em 2017 como um dos 75 Profissionais de Turismo Mais Influentes do Brasil e em 2019 o Melhor Gestor de Viagens Corporativas do Brasil (pelo Portal Panrotas), premiado em Boston (EUA) pela Global Business Travel Association (GBTA) e Personalidade do Ano Pr\u00eamio Caio em 2017, 2018 e 2019 na categoria Clientes. Finalista no concurso \u201cTravel Manager 2018 na Am\u00e9rica Latina\u201d do evento Viajes Corp Americas, no Panam\u00e1 (onde tamb\u00e9m foi key note speaker). Autor do livro \"Gest\u00e3o Estrat\u00e9gica de Viagens Corporativas\" e Fundador-Diretor da Loureiro Consultores e s\u00f3cio-diretor de duas empresas - TataTur Operadora de Turismo e D'Amaro Odontologia Est\u00e9tica. Graduado em Gest\u00e3o de Turismo pelo IFSP, P\u00f3s-Graduado em Gest\u00e3o de Servi\u00e7os pela FECAP e com MBA em Gest\u00e3o Empresarial pela BBS. Coach formado pelo IBC. Instagram: @fernaoloureiro Youtube: ferlota68 LinkedIn: Fern\u00e3o Loureiro","sameAs":["http:\/\/www.loureiroconsultores.com"],"url":"https:\/\/blog.panrotas.com.br\/gestordeviagens\/author\/fernao\/"}]}},"jetpack_featured_media_url":"https:\/\/blog.panrotas.com.br\/gestordeviagens\/wp-content\/uploads\/sites\/19\/2020\/08\/empatia.jpg","_links":{"self":[{"href":"https:\/\/blog.panrotas.com.br\/gestordeviagens\/wp-json\/wp\/v2\/posts\/567"}],"collection":[{"href":"https:\/\/blog.panrotas.com.br\/gestordeviagens\/wp-json\/wp\/v2\/posts"}],"about":[{"href":"https:\/\/blog.panrotas.com.br\/gestordeviagens\/wp-json\/wp\/v2\/types\/post"}],"author":[{"embeddable":true,"href":"https:\/\/blog.panrotas.com.br\/gestordeviagens\/wp-json\/wp\/v2\/users\/20"}],"replies":[{"embeddable":true,"href":"https:\/\/blog.panrotas.com.br\/gestordeviagens\/wp-json\/wp\/v2\/comments?post=567"}],"version-history":[{"count":1,"href":"https:\/\/blog.panrotas.com.br\/gestordeviagens\/wp-json\/wp\/v2\/posts\/567\/revisions"}],"predecessor-version":[{"id":571,"href":"https:\/\/blog.panrotas.com.br\/gestordeviagens\/wp-json\/wp\/v2\/posts\/567\/revisions\/571"}],"wp:featuredmedia":[{"embeddable":true,"href":"https:\/\/blog.panrotas.com.br\/gestordeviagens\/wp-json\/wp\/v2\/media\/570"}],"wp:attachment":[{"href":"https:\/\/blog.panrotas.com.br\/gestordeviagens\/wp-json\/wp\/v2\/media?parent=567"}],"wp:term":[{"taxonomy":"category","embeddable":true,"href":"https:\/\/blog.panrotas.com.br\/gestordeviagens\/wp-json\/wp\/v2\/categories?post=567"},{"taxonomy":"post_tag","embeddable":true,"href":"https:\/\/blog.panrotas.com.br\/gestordeviagens\/wp-json\/wp\/v2\/tags?post=567"}],"curies":[{"name":"wp","href":"https:\/\/api.w.org\/{rel}","templated":true}]}}