{"id":578,"date":"2020-09-20T23:00:18","date_gmt":"2020-09-21T02:00:18","guid":{"rendered":"http:\/\/blog.panrotas.com.br\/gestordeviagens\/?p=578"},"modified":"2020-09-20T23:00:37","modified_gmt":"2020-09-21T02:00:37","slug":"entrevista-com-oscar-schmidt-idolo-brasileiro-e-hoje-palestrante","status":"publish","type":"post","link":"https:\/\/blog.panrotas.com.br\/gestordeviagens\/2020\/09\/20\/entrevista-com-oscar-schmidt-idolo-brasileiro-e-hoje-palestrante\/","title":{"rendered":"ENTREVISTA COM OSCAR SCHMIDT &#8211; \u00cdDOLO BRASILEIRO E HOJE, PALESTRANTE"},"content":{"rendered":"\n<p>Oi Pessoal!<\/p>\n\n\n\n<p>Fiquei 2 semanas sem passar aqui, e hoje voltei para deixar uma super entrevista que fiz com nosso \u00eddolo brasileiro Oscar Schmidt. Nela falamos da transi\u00e7\u00e3o de carreira de esportista para palestrante, desafios pessoais e li\u00e7\u00f5es do esporte que ele recomenda para nossas vidas profissionais! Recomendo que assistam\/ou\u00e7am com muita aten\u00e7\u00e3o &#8211; afinal n\u00e3o \u00e9 sempre que um \u00eddolo deste porte fala para nosso setor.<\/p>\n\n\n\n<figure class=\"wp-block-embed-youtube wp-block-embed is-type-video is-provider-youtube wp-embed-aspect-16-9 wp-has-aspect-ratio\"><div class=\"wp-block-embed__wrapper\">\n<div class=\"jetpack-video-wrapper\"><iframe loading=\"lazy\" title=\"Oscar Schmidt - Campe\u00e3o, \u00cddolo e Palestrante, em entrevista para o Fern\u00e3o Loureiro!\" width=\"740\" height=\"416\" src=\"https:\/\/www.youtube.com\/embed\/UE1xbIIoPHI?feature=oembed\" frameborder=\"0\" allow=\"accelerometer; autoplay; clipboard-write; encrypted-media; gyroscope; picture-in-picture\" allowfullscreen><\/iframe><\/div>\n<\/div><\/figure>\n\n\n\n<p><\/p>\n","protected":false},"excerpt":{"rendered":"<p>Oi Pessoal! Fiquei 2 semanas sem passar aqui, e hoje voltei para deixar uma super entrevista que fiz com nosso \u00eddolo brasileiro Oscar Schmidt. Nela falamos da transi\u00e7\u00e3o de carreira de esportista para palestrante, desafios pessoais e li\u00e7\u00f5es do esporte que ele recomenda para nossas vidas profissionais! Recomendo que assistam\/ou\u00e7am com muita aten\u00e7\u00e3o &#8211; afinal&hellip; <a class=\"more-link\" href=\"https:\/\/blog.panrotas.com.br\/gestordeviagens\/2020\/09\/20\/entrevista-com-oscar-schmidt-idolo-brasileiro-e-hoje-palestrante\/\">Continue reading &rarr;<\/a><\/p>\n","protected":false},"author":20,"featured_media":0,"comment_status":"open","ping_status":"open","sticky":false,"template":"","format":"standard","meta":{"spay_email":""},"categories":[2],"tags":[],"yoast_head":"<!-- This site is optimized with the Yoast SEO plugin v17.3 - https:\/\/yoast.com\/wordpress\/plugins\/seo\/ -->\n<title>ENTREVISTA COM OSCAR SCHMIDT - \u00cdDOLO BRASILEIRO E HOJE, PALESTRANTE - Gestor de Viagens<\/title>\n<meta name=\"robots\" content=\"index, follow, max-snippet:-1, max-image-preview:large, max-video-preview:-1\" \/>\n<link rel=\"canonical\" href=\"http:\/\/blog.panrotas.com.br\/gestordeviagens\/2020\/09\/20\/entrevista-com-oscar-schmidt-idolo-brasileiro-e-hoje-palestrante\/\" \/>\n<meta property=\"og:locale\" content=\"pt_BR\" \/>\n<meta property=\"og:type\" content=\"article\" \/>\n<meta property=\"og:title\" content=\"ENTREVISTA COM OSCAR SCHMIDT - \u00cdDOLO BRASILEIRO E HOJE, PALESTRANTE - Gestor de Viagens\" \/>\n<meta property=\"og:description\" content=\"Oi Pessoal! Fiquei 2 semanas sem passar aqui, e hoje voltei para deixar uma super entrevista que fiz com nosso \u00eddolo brasileiro Oscar Schmidt. Nela falamos da transi\u00e7\u00e3o de carreira de esportista para palestrante, desafios pessoais e li\u00e7\u00f5es do esporte que ele recomenda para nossas vidas profissionais! Recomendo que assistam\/ou\u00e7am com muita aten\u00e7\u00e3o &#8211; afinal&hellip; Continue reading &rarr;\" \/>\n<meta property=\"og:url\" content=\"http:\/\/blog.panrotas.com.br\/gestordeviagens\/2020\/09\/20\/entrevista-com-oscar-schmidt-idolo-brasileiro-e-hoje-palestrante\/\" \/>\n<meta property=\"og:site_name\" content=\"Gestor de Viagens\" \/>\n<meta property=\"article:published_time\" content=\"2020-09-21T02:00:18+00:00\" \/>\n<meta property=\"article:modified_time\" content=\"2020-09-21T02:00:37+00:00\" \/>\n<meta name=\"twitter:card\" content=\"summary_large_image\" \/>\n<meta name=\"twitter:label1\" content=\"Escrito por\" \/>\n\t<meta name=\"twitter:data1\" content=\"Fern\u00e3o Loureiro\" \/>\n<script type=\"application\/ld+json\" class=\"yoast-schema-graph\">{\"@context\":\"https:\/\/schema.org\",\"@graph\":[{\"@type\":\"WebSite\",\"@id\":\"https:\/\/blog.panrotas.com.br\/gestordeviagens\/#website\",\"url\":\"https:\/\/blog.panrotas.com.br\/gestordeviagens\/\",\"name\":\"Gestor de Viagens\",\"description\":\"Blogosfera PANROTAS\",\"potentialAction\":[{\"@type\":\"SearchAction\",\"target\":{\"@type\":\"EntryPoint\",\"urlTemplate\":\"https:\/\/blog.panrotas.com.br\/gestordeviagens\/?s={search_term_string}\"},\"query-input\":\"required name=search_term_string\"}],\"inLanguage\":\"pt-BR\"},{\"@type\":\"WebPage\",\"@id\":\"http:\/\/blog.panrotas.com.br\/gestordeviagens\/2020\/09\/20\/entrevista-com-oscar-schmidt-idolo-brasileiro-e-hoje-palestrante\/#webpage\",\"url\":\"http:\/\/blog.panrotas.com.br\/gestordeviagens\/2020\/09\/20\/entrevista-com-oscar-schmidt-idolo-brasileiro-e-hoje-palestrante\/\",\"name\":\"ENTREVISTA COM OSCAR SCHMIDT - \\u00cdDOLO BRASILEIRO E HOJE, PALESTRANTE - Gestor de Viagens\",\"isPartOf\":{\"@id\":\"https:\/\/blog.panrotas.com.br\/gestordeviagens\/#website\"},\"datePublished\":\"2020-09-21T02:00:18+00:00\",\"dateModified\":\"2020-09-21T02:00:37+00:00\",\"author\":{\"@id\":\"https:\/\/blog.panrotas.com.br\/gestordeviagens\/#\/schema\/person\/208e1c13bab5ecfa06ff4c6a06537c63\"},\"breadcrumb\":{\"@id\":\"http:\/\/blog.panrotas.com.br\/gestordeviagens\/2020\/09\/20\/entrevista-com-oscar-schmidt-idolo-brasileiro-e-hoje-palestrante\/#breadcrumb\"},\"inLanguage\":\"pt-BR\",\"potentialAction\":[{\"@type\":\"ReadAction\",\"target\":[\"http:\/\/blog.panrotas.com.br\/gestordeviagens\/2020\/09\/20\/entrevista-com-oscar-schmidt-idolo-brasileiro-e-hoje-palestrante\/\"]}]},{\"@type\":\"BreadcrumbList\",\"@id\":\"http:\/\/blog.panrotas.com.br\/gestordeviagens\/2020\/09\/20\/entrevista-com-oscar-schmidt-idolo-brasileiro-e-hoje-palestrante\/#breadcrumb\",\"itemListElement\":[{\"@type\":\"ListItem\",\"position\":1,\"name\":\"In\\u00edcio\",\"item\":\"https:\/\/blog.panrotas.com.br\/gestordeviagens\/\"},{\"@type\":\"ListItem\",\"position\":2,\"name\":\"ENTREVISTA COM OSCAR SCHMIDT &#8211; \\u00cdDOLO BRASILEIRO E HOJE, PALESTRANTE\"}]},{\"@type\":\"Person\",\"@id\":\"https:\/\/blog.panrotas.com.br\/gestordeviagens\/#\/schema\/person\/208e1c13bab5ecfa06ff4c6a06537c63\",\"name\":\"Fern\\u00e3o Loureiro\",\"image\":{\"@type\":\"ImageObject\",\"@id\":\"https:\/\/blog.panrotas.com.br\/gestordeviagens\/#personlogo\",\"inLanguage\":\"pt-BR\",\"url\":\"https:\/\/secure.gravatar.com\/avatar\/9e70cfdabded60f08f7df8f830490e73?s=96&d=mm&r=g\",\"contentUrl\":\"https:\/\/secure.gravatar.com\/avatar\/9e70cfdabded60f08f7df8f830490e73?s=96&d=mm&r=g\",\"caption\":\"Fern\\u00e3o Loureiro\"},\"description\":\"Eleito em 2017 como um dos 75 Profissionais de Turismo Mais Influentes do Brasil e em 2019 o Melhor Gestor de Viagens Corporativas do Brasil (pelo Portal Panrotas), premiado em Boston (EUA) pela Global Business Travel Association (GBTA) e Personalidade do Ano Pr\\u00eamio Caio em 2017, 2018 e 2019 na categoria Clientes. Finalista no concurso \\u201cTravel Manager 2018 na Am\\u00e9rica Latina\\u201d do evento Viajes Corp Americas, no Panam\\u00e1 (onde tamb\\u00e9m foi key note speaker). Autor do livro \\\"Gest\\u00e3o Estrat\\u00e9gica de Viagens Corporativas\\\" e Fundador-Diretor da Loureiro Consultores e s\\u00f3cio-diretor de duas empresas - TataTur Operadora de Turismo e D'Amaro Odontologia Est\\u00e9tica. Graduado em Gest\\u00e3o de Turismo pelo IFSP, P\\u00f3s-Graduado em Gest\\u00e3o de Servi\\u00e7os pela FECAP e com MBA em Gest\\u00e3o Empresarial pela BBS. Coach formado pelo IBC. Instagram: @fernaoloureiro Youtube: ferlota68 LinkedIn: Fern\\u00e3o Loureiro\",\"sameAs\":[\"http:\/\/www.loureiroconsultores.com\"],\"url\":\"https:\/\/blog.panrotas.com.br\/gestordeviagens\/author\/fernao\/\"}]}<\/script>\n<!-- \/ Yoast SEO plugin. -->","yoast_head_json":{"title":"ENTREVISTA COM OSCAR SCHMIDT - \u00cdDOLO BRASILEIRO E HOJE, PALESTRANTE - Gestor de Viagens","robots":{"index":"index","follow":"follow","max-snippet":"max-snippet:-1","max-image-preview":"max-image-preview:large","max-video-preview":"max-video-preview:-1"},"canonical":"http:\/\/blog.panrotas.com.br\/gestordeviagens\/2020\/09\/20\/entrevista-com-oscar-schmidt-idolo-brasileiro-e-hoje-palestrante\/","og_locale":"pt_BR","og_type":"article","og_title":"ENTREVISTA COM OSCAR SCHMIDT - \u00cdDOLO BRASILEIRO E HOJE, PALESTRANTE - Gestor de Viagens","og_description":"Oi Pessoal! Fiquei 2 semanas sem passar aqui, e hoje voltei para deixar uma super entrevista que fiz com nosso \u00eddolo brasileiro Oscar Schmidt. Nela falamos da transi\u00e7\u00e3o de carreira de esportista para palestrante, desafios pessoais e li\u00e7\u00f5es do esporte que ele recomenda para nossas vidas profissionais! Recomendo que assistam\/ou\u00e7am com muita aten\u00e7\u00e3o &#8211; afinal&hellip; Continue reading &rarr;","og_url":"http:\/\/blog.panrotas.com.br\/gestordeviagens\/2020\/09\/20\/entrevista-com-oscar-schmidt-idolo-brasileiro-e-hoje-palestrante\/","og_site_name":"Gestor de Viagens","article_published_time":"2020-09-21T02:00:18+00:00","article_modified_time":"2020-09-21T02:00:37+00:00","twitter_card":"summary_large_image","twitter_misc":{"Escrito por":"Fern\u00e3o Loureiro"},"schema":{"@context":"https:\/\/schema.org","@graph":[{"@type":"WebSite","@id":"https:\/\/blog.panrotas.com.br\/gestordeviagens\/#website","url":"https:\/\/blog.panrotas.com.br\/gestordeviagens\/","name":"Gestor de Viagens","description":"Blogosfera PANROTAS","potentialAction":[{"@type":"SearchAction","target":{"@type":"EntryPoint","urlTemplate":"https:\/\/blog.panrotas.com.br\/gestordeviagens\/?s={search_term_string}"},"query-input":"required name=search_term_string"}],"inLanguage":"pt-BR"},{"@type":"WebPage","@id":"http:\/\/blog.panrotas.com.br\/gestordeviagens\/2020\/09\/20\/entrevista-com-oscar-schmidt-idolo-brasileiro-e-hoje-palestrante\/#webpage","url":"http:\/\/blog.panrotas.com.br\/gestordeviagens\/2020\/09\/20\/entrevista-com-oscar-schmidt-idolo-brasileiro-e-hoje-palestrante\/","name":"ENTREVISTA COM OSCAR SCHMIDT - \u00cdDOLO BRASILEIRO E HOJE, PALESTRANTE - Gestor de Viagens","isPartOf":{"@id":"https:\/\/blog.panrotas.com.br\/gestordeviagens\/#website"},"datePublished":"2020-09-21T02:00:18+00:00","dateModified":"2020-09-21T02:00:37+00:00","author":{"@id":"https:\/\/blog.panrotas.com.br\/gestordeviagens\/#\/schema\/person\/208e1c13bab5ecfa06ff4c6a06537c63"},"breadcrumb":{"@id":"http:\/\/blog.panrotas.com.br\/gestordeviagens\/2020\/09\/20\/entrevista-com-oscar-schmidt-idolo-brasileiro-e-hoje-palestrante\/#breadcrumb"},"inLanguage":"pt-BR","potentialAction":[{"@type":"ReadAction","target":["http:\/\/blog.panrotas.com.br\/gestordeviagens\/2020\/09\/20\/entrevista-com-oscar-schmidt-idolo-brasileiro-e-hoje-palestrante\/"]}]},{"@type":"BreadcrumbList","@id":"http:\/\/blog.panrotas.com.br\/gestordeviagens\/2020\/09\/20\/entrevista-com-oscar-schmidt-idolo-brasileiro-e-hoje-palestrante\/#breadcrumb","itemListElement":[{"@type":"ListItem","position":1,"name":"In\u00edcio","item":"https:\/\/blog.panrotas.com.br\/gestordeviagens\/"},{"@type":"ListItem","position":2,"name":"ENTREVISTA COM OSCAR SCHMIDT &#8211; \u00cdDOLO BRASILEIRO E HOJE, PALESTRANTE"}]},{"@type":"Person","@id":"https:\/\/blog.panrotas.com.br\/gestordeviagens\/#\/schema\/person\/208e1c13bab5ecfa06ff4c6a06537c63","name":"Fern\u00e3o Loureiro","image":{"@type":"ImageObject","@id":"https:\/\/blog.panrotas.com.br\/gestordeviagens\/#personlogo","inLanguage":"pt-BR","url":"https:\/\/secure.gravatar.com\/avatar\/9e70cfdabded60f08f7df8f830490e73?s=96&d=mm&r=g","contentUrl":"https:\/\/secure.gravatar.com\/avatar\/9e70cfdabded60f08f7df8f830490e73?s=96&d=mm&r=g","caption":"Fern\u00e3o Loureiro"},"description":"Eleito em 2017 como um dos 75 Profissionais de Turismo Mais Influentes do Brasil e em 2019 o Melhor Gestor de Viagens Corporativas do Brasil (pelo Portal Panrotas), premiado em Boston (EUA) pela Global Business Travel Association (GBTA) e Personalidade do Ano Pr\u00eamio Caio em 2017, 2018 e 2019 na categoria Clientes. Finalista no concurso \u201cTravel Manager 2018 na Am\u00e9rica Latina\u201d do evento Viajes Corp Americas, no Panam\u00e1 (onde tamb\u00e9m foi key note speaker). Autor do livro \"Gest\u00e3o Estrat\u00e9gica de Viagens Corporativas\" e Fundador-Diretor da Loureiro Consultores e s\u00f3cio-diretor de duas empresas - TataTur Operadora de Turismo e D'Amaro Odontologia Est\u00e9tica. Graduado em Gest\u00e3o de Turismo pelo IFSP, P\u00f3s-Graduado em Gest\u00e3o de Servi\u00e7os pela FECAP e com MBA em Gest\u00e3o Empresarial pela BBS. Coach formado pelo IBC. Instagram: @fernaoloureiro Youtube: ferlota68 LinkedIn: Fern\u00e3o Loureiro","sameAs":["http:\/\/www.loureiroconsultores.com"],"url":"https:\/\/blog.panrotas.com.br\/gestordeviagens\/author\/fernao\/"}]}},"jetpack_featured_media_url":"","_links":{"self":[{"href":"https:\/\/blog.panrotas.com.br\/gestordeviagens\/wp-json\/wp\/v2\/posts\/578"}],"collection":[{"href":"https:\/\/blog.panrotas.com.br\/gestordeviagens\/wp-json\/wp\/v2\/posts"}],"about":[{"href":"https:\/\/blog.panrotas.com.br\/gestordeviagens\/wp-json\/wp\/v2\/types\/post"}],"author":[{"embeddable":true,"href":"https:\/\/blog.panrotas.com.br\/gestordeviagens\/wp-json\/wp\/v2\/users\/20"}],"replies":[{"embeddable":true,"href":"https:\/\/blog.panrotas.com.br\/gestordeviagens\/wp-json\/wp\/v2\/comments?post=578"}],"version-history":[{"count":4,"href":"https:\/\/blog.panrotas.com.br\/gestordeviagens\/wp-json\/wp\/v2\/posts\/578\/revisions"}],"predecessor-version":[{"id":584,"href":"https:\/\/blog.panrotas.com.br\/gestordeviagens\/wp-json\/wp\/v2\/posts\/578\/revisions\/584"}],"wp:attachment":[{"href":"https:\/\/blog.panrotas.com.br\/gestordeviagens\/wp-json\/wp\/v2\/media?parent=578"}],"wp:term":[{"taxonomy":"category","embeddable":true,"href":"https:\/\/blog.panrotas.com.br\/gestordeviagens\/wp-json\/wp\/v2\/categories?post=578"},{"taxonomy":"post_tag","embeddable":true,"href":"https:\/\/blog.panrotas.com.br\/gestordeviagens\/wp-json\/wp\/v2\/tags?post=578"}],"curies":[{"name":"wp","href":"https:\/\/api.w.org\/{rel}","templated":true}]}}