{"id":129,"date":"2018-09-26T22:24:56","date_gmt":"2018-09-27T01:24:56","guid":{"rendered":"http:\/\/blog.panrotas.com.br\/mindset\/?p=129"},"modified":"2018-09-26T22:24:56","modified_gmt":"2018-09-27T01:24:56","slug":"pessoas-e-tecnologia-a-relacao-que-pode-salvar-sua-empresa","status":"publish","type":"post","link":"https:\/\/blog.panrotas.com.br\/mindset\/2018\/09\/26\/pessoas-e-tecnologia-a-relacao-que-pode-salvar-sua-empresa\/","title":{"rendered":"Pessoas e Tecnologia: \u00a0a rela\u00e7\u00e3o que pode salvar sua empresa"},"content":{"rendered":"<p><span style=\"font-weight: 400\">No \u00faltimo s\u00e1bado, participei do <\/span><a href=\"https:\/\/www.forumsp2018.mestregp.com.br\/\"><span style=\"font-weight: 400\">F\u00f3rum Mestre GP<\/span><\/a><span style=\"font-weight: 400\">, do <\/span><a href=\"https:\/\/www.mestregp.com.br\/\"><span style=\"font-weight: 400\">Instituto Mestre GP<\/span><\/a><span style=\"font-weight: 400\">, que \u00e9 uma das, se n\u00e3o a \u00fanica, institui\u00e7\u00e3o voltada para a gest\u00e3o de projetos do universo das empresas de Marketing, Publicidade e Comunica\u00e7\u00e3o. Estive l\u00e1, afinal, como voc\u00eas j\u00e1 sabem, meu business, com a INSANE Marketing e Comunica\u00e7\u00e3o e o <\/span><a href=\"http:\/\/www.mochilai.com.br\/\"><span style=\"font-weight: 400\">Portal Mochila\u00ed<\/span><\/a><span style=\"font-weight: 400\">, \u00e9 totalmente voltado para esse segmento.<\/span><\/p>\n<p><span style=\"font-weight: 400\">Por\u00e9m, mesmo n\u00e3o sendo um evento voltado para o turismo, foi poss\u00edvel tirar diversos insights que s\u00e3o determinantes para o sucesso de qualquer empresa. L\u00e1, tive a oportunidade de participar de diversos pain\u00e9is de discuss\u00e3o, com v\u00e1rios profissionais de grandes ag\u00eancias: <\/span><a href=\"http:\/\/www.publicis.com\/\"><span style=\"font-weight: 400\">Publicis<\/span><\/a><span style=\"font-weight: 400\">, <\/span><a href=\"https:\/\/www.ogilvy.com\/\"><span style=\"font-weight: 400\">Ogilvy<\/span><\/a><span style=\"font-weight: 400\">, <\/span><a href=\"https:\/\/www.artplan.com.br\/\"><span style=\"font-weight: 400\">Artplan<\/span><\/a><span style=\"font-weight: 400\">, <\/span><a href=\"https:\/\/www.yr.com\/\"><span style=\"font-weight: 400\">Y&amp;R<\/span><\/a><span style=\"font-weight: 400\"> e <\/span><a href=\"http:\/\/www.dpzt.com.br\/\"><span style=\"font-weight: 400\">DPZ&amp;T<\/span><\/a><span style=\"font-weight: 400\">; al\u00e9m de institui\u00e7\u00f5es e empresa renomadas: Funda\u00e7\u00e3o Get\u00falio Vargas, Whirlpool e Ita\u00fa Unibanco, al\u00e9m do suprassumo do evento, que foi a palestra do<\/span><a href=\"https:\/\/www.linkedin.com\/in\/jose-salibi-neto-26951115\"><span style=\"font-weight: 400\"> Jos\u00e9 Salibi Neto<\/span><\/a><span style=\"font-weight: 400\">, coautor do livro Gest\u00e3o do Amanh\u00e3 e um dos fundadores da HSM.<\/span><\/p>\n<p><span style=\"font-weight: 400\">E dois pontos me chamaram muito a aten\u00e7\u00e3o: 1- Como a gest\u00e3o de pessoas tem sido determinante no sucesso de uma empresa \/ 2- Como devemos acompanhar a evolu\u00e7\u00e3o da tecnologia para n\u00e3o sermos engolidos por ela &#8211; esse \u00faltimo tem muito a ver com o segmento do turismo. E vou tentar falar um pouco sobre os agora, no decorrer do texto.<\/span><\/p>\n<p><b>Gerir pessoas \u00e9 chave do sucesso<\/b><\/p>\n<p><span style=\"font-weight: 400\">Falar de pessoas e como extrair o melhor de cada um no dia-a-dia, \u00e9 abrir um al\u00e7ap\u00e3o de complexidades. Afinal, eu teria que discorrer sobre gera\u00e7\u00f5es, estrutura emocional, entre outras coisas. Por\u00e9m, vou me apegar h\u00e1 alguns insights que foram passados.<\/span><\/p>\n<p><span style=\"font-weight: 400\">Em praticamente todos os pain\u00e9is, foi falado da import\u00e2ncia em manter o colaborador no centro da decis\u00e3o da empresa. Hoje, \u00e9 essencial manter o profissional como parte determinante da constru\u00e7\u00e3o de uma companhia s\u00f3lida. Para isso, temas como diversidade, lideran\u00e7a compartilhada, sele\u00e7\u00e3o \u00e0s cegas e resili\u00eancia devem ser discutidos e aplicados nas organiza\u00e7\u00f5es.<\/span><\/p>\n<p><b>Tecnologia: saiba como us\u00e1-la ou seja engolido<\/b><\/p>\n<p><span style=\"font-weight: 400\">O painel com Jos\u00e9 Salibi Neto foi um espet\u00e1culo \u00e0 parte, pois s\u00f3 uma pessoa que vive h\u00e1 tempos no mainstream da inova\u00e7\u00e3o, sabe o quanto \u00e9 importante estar atendo ao futuro. E isso \u00e9 exatamente o que eu vejo que falta em parte do mercado de turismo.<\/span><\/p>\n<p><span style=\"font-weight: 400\">Enquanto de um lado temos plataformas que est\u00e3o revolucionando o setor, como: Airbnb, Decolar, Trip Advisor, entre outras. Do outro, temos uma enorme parcela que n\u00e3o est\u00e1 sabendo lidar com o avan\u00e7o desses players \u00a0e est\u00e3o sendo engolidos, gradativamente, por n\u00e3o encararem de frente essas mudan\u00e7as e buscarem formas de adequar e ressignificar o business.<\/span><\/p>\n<p><span style=\"font-weight: 400\">Ent\u00e3o, deixo voc\u00eas com uma frase que me fez refletir muito sobre como eu estou me preparando para o que est\u00e1 por vir. \u201cN\u00e3o adianta saber das coisas quando todo mundo j\u00e1 sabe. Voc\u00ea j\u00e1 est\u00e1 atrasado\u201d, Jos\u00e9 Salibi Neto. <\/span><\/p>\n<p>&nbsp;<\/p>\n","protected":false},"excerpt":{"rendered":"<p>No \u00faltimo s\u00e1bado, participei do F\u00f3rum Mestre GP, do Instituto Mestre GP, que \u00e9 uma das, se n\u00e3o a \u00fanica, institui\u00e7\u00e3o voltada para a gest\u00e3o de projetos do universo das empresas de Marketing, Publicidade e Comunica\u00e7\u00e3o. Estive l\u00e1, afinal, como voc\u00eas j\u00e1 sabem, meu business, com a INSANE Marketing e Comunica\u00e7\u00e3o e o Portal Mochila\u00ed,&hellip; <a class=\"more-link\" href=\"https:\/\/blog.panrotas.com.br\/mindset\/2018\/09\/26\/pessoas-e-tecnologia-a-relacao-que-pode-salvar-sua-empresa\/\">Continue reading &rarr;<\/a><\/p>\n","protected":false},"author":23,"featured_media":130,"comment_status":"open","ping_status":"open","sticky":false,"template":"","format":"standard","meta":{"spay_email":""},"categories":[2],"tags":[7,8,11,18,33,35,36,37,50],"yoast_head":"<!-- This site is optimized with the Yoast SEO plugin v17.3 - https:\/\/yoast.com\/wordpress\/plugins\/seo\/ -->\n<title>Pessoas e Tecnologia: \u00a0a rela\u00e7\u00e3o que pode salvar sua empresa - Mindset<\/title>\n<meta name=\"robots\" content=\"index, follow, max-snippet:-1, max-image-preview:large, max-video-preview:-1\" \/>\n<link rel=\"canonical\" href=\"https:\/\/blog.panrotas.com.br\/mindset\/2018\/09\/26\/pessoas-e-tecnologia-a-relacao-que-pode-salvar-sua-empresa\/\" \/>\n<meta property=\"og:locale\" content=\"pt_BR\" \/>\n<meta property=\"og:type\" content=\"article\" \/>\n<meta property=\"og:title\" content=\"Pessoas e Tecnologia: \u00a0a rela\u00e7\u00e3o que pode salvar sua empresa - Mindset\" \/>\n<meta property=\"og:description\" content=\"No \u00faltimo s\u00e1bado, participei do F\u00f3rum Mestre GP, do Instituto Mestre GP, que \u00e9 uma das, se n\u00e3o a \u00fanica, institui\u00e7\u00e3o voltada para a gest\u00e3o de projetos do universo das empresas de Marketing, Publicidade e Comunica\u00e7\u00e3o. Estive l\u00e1, afinal, como voc\u00eas j\u00e1 sabem, meu business, com a INSANE Marketing e Comunica\u00e7\u00e3o e o Portal Mochila\u00ed,&hellip; Continue reading &rarr;\" \/>\n<meta property=\"og:url\" content=\"https:\/\/blog.panrotas.com.br\/mindset\/2018\/09\/26\/pessoas-e-tecnologia-a-relacao-que-pode-salvar-sua-empresa\/\" \/>\n<meta property=\"og:site_name\" content=\"Mindset\" \/>\n<meta property=\"article:published_time\" content=\"2018-09-27T01:24:56+00:00\" \/>\n<meta property=\"og:image\" content=\"https:\/\/blog.panrotas.com.br\/mindset\/wp-content\/uploads\/sites\/22\/2018\/09\/capa_coluna_5.png\" \/>\n\t<meta property=\"og:image:width\" content=\"740\" \/>\n\t<meta property=\"og:image:height\" content=\"353\" \/>\n<meta name=\"twitter:card\" content=\"summary_large_image\" \/>\n<meta name=\"twitter:label1\" content=\"Escrito por\" \/>\n\t<meta name=\"twitter:data1\" content=\"Gustavo Ellero\" \/>\n\t<meta name=\"twitter:label2\" content=\"Est. tempo de leitura\" \/>\n\t<meta name=\"twitter:data2\" content=\"3 minutos\" \/>\n<script type=\"application\/ld+json\" class=\"yoast-schema-graph\">{\"@context\":\"https:\/\/schema.org\",\"@graph\":[{\"@type\":\"WebSite\",\"@id\":\"https:\/\/blog.panrotas.com.br\/mindset\/#website\",\"url\":\"https:\/\/blog.panrotas.com.br\/mindset\/\",\"name\":\"Mindset\",\"description\":\"Blogosfera PANROTAS\",\"potentialAction\":[{\"@type\":\"SearchAction\",\"target\":{\"@type\":\"EntryPoint\",\"urlTemplate\":\"https:\/\/blog.panrotas.com.br\/mindset\/?s={search_term_string}\"},\"query-input\":\"required name=search_term_string\"}],\"inLanguage\":\"pt-BR\"},{\"@type\":\"ImageObject\",\"@id\":\"https:\/\/blog.panrotas.com.br\/mindset\/2018\/09\/26\/pessoas-e-tecnologia-a-relacao-que-pode-salvar-sua-empresa\/#primaryimage\",\"inLanguage\":\"pt-BR\",\"url\":\"https:\/\/blog.panrotas.com.br\/mindset\/wp-content\/uploads\/sites\/22\/2018\/09\/capa_coluna_5.png\",\"contentUrl\":\"https:\/\/blog.panrotas.com.br\/mindset\/wp-content\/uploads\/sites\/22\/2018\/09\/capa_coluna_5.png\",\"width\":740,\"height\":353},{\"@type\":\"WebPage\",\"@id\":\"https:\/\/blog.panrotas.com.br\/mindset\/2018\/09\/26\/pessoas-e-tecnologia-a-relacao-que-pode-salvar-sua-empresa\/#webpage\",\"url\":\"https:\/\/blog.panrotas.com.br\/mindset\/2018\/09\/26\/pessoas-e-tecnologia-a-relacao-que-pode-salvar-sua-empresa\/\",\"name\":\"Pessoas e Tecnologia: \\u00a0a rela\\u00e7\\u00e3o que pode salvar sua empresa - Mindset\",\"isPartOf\":{\"@id\":\"https:\/\/blog.panrotas.com.br\/mindset\/#website\"},\"primaryImageOfPage\":{\"@id\":\"https:\/\/blog.panrotas.com.br\/mindset\/2018\/09\/26\/pessoas-e-tecnologia-a-relacao-que-pode-salvar-sua-empresa\/#primaryimage\"},\"datePublished\":\"2018-09-27T01:24:56+00:00\",\"dateModified\":\"2018-09-27T01:24:56+00:00\",\"author\":{\"@id\":\"https:\/\/blog.panrotas.com.br\/mindset\/#\/schema\/person\/f57db0777c105e3e7e7f610c8cf7c409\"},\"breadcrumb\":{\"@id\":\"https:\/\/blog.panrotas.com.br\/mindset\/2018\/09\/26\/pessoas-e-tecnologia-a-relacao-que-pode-salvar-sua-empresa\/#breadcrumb\"},\"inLanguage\":\"pt-BR\",\"potentialAction\":[{\"@type\":\"ReadAction\",\"target\":[\"https:\/\/blog.panrotas.com.br\/mindset\/2018\/09\/26\/pessoas-e-tecnologia-a-relacao-que-pode-salvar-sua-empresa\/\"]}]},{\"@type\":\"BreadcrumbList\",\"@id\":\"https:\/\/blog.panrotas.com.br\/mindset\/2018\/09\/26\/pessoas-e-tecnologia-a-relacao-que-pode-salvar-sua-empresa\/#breadcrumb\",\"itemListElement\":[{\"@type\":\"ListItem\",\"position\":1,\"name\":\"In\\u00edcio\",\"item\":\"https:\/\/blog.panrotas.com.br\/mindset\/\"},{\"@type\":\"ListItem\",\"position\":2,\"name\":\"Pessoas e Tecnologia: \\u00a0a rela\\u00e7\\u00e3o que pode salvar sua empresa\"}]},{\"@type\":\"Person\",\"@id\":\"https:\/\/blog.panrotas.com.br\/mindset\/#\/schema\/person\/f57db0777c105e3e7e7f610c8cf7c409\",\"name\":\"Gustavo Ellero\",\"image\":{\"@type\":\"ImageObject\",\"@id\":\"https:\/\/blog.panrotas.com.br\/mindset\/#personlogo\",\"inLanguage\":\"pt-BR\",\"url\":\"https:\/\/secure.gravatar.com\/avatar\/8f25d3e0589c2945382b7b6b355b2079?s=96&d=mm&r=g\",\"contentUrl\":\"https:\/\/secure.gravatar.com\/avatar\/8f25d3e0589c2945382b7b6b355b2079?s=96&d=mm&r=g\",\"caption\":\"Gustavo Ellero\"},\"description\":\"Gustavo Ellero \\u00e9 Jornalista, especialista em Branded Content pela ESPM e acumula experi\\u00eancias em Marketing, Branding e Empreendedorismo. Fundou sua primeira empresa no ramo da comunica\\u00e7\\u00e3o em 2009, atualmente \\u00e9 co-fundador da INSANE Estrat\\u00e9gia e Comunica\\u00e7\\u00e3o e co-fundador do portal de turismo Mochila\\u00ed. Em 2015, foi eleito o melhor profissional de conte\\u00fado e o mais votado do Pr\\u00eamio ABC da Comunica\\u00e7\\u00e3o.\",\"sameAs\":[\"http:\/\/blog.panrotas.com.br\/mindset\"],\"url\":\"https:\/\/blog.panrotas.com.br\/mindset\/author\/gustavo\/\"}]}<\/script>\n<!-- \/ Yoast SEO plugin. -->","yoast_head_json":{"title":"Pessoas e Tecnologia: \u00a0a rela\u00e7\u00e3o que pode salvar sua empresa - Mindset","robots":{"index":"index","follow":"follow","max-snippet":"max-snippet:-1","max-image-preview":"max-image-preview:large","max-video-preview":"max-video-preview:-1"},"canonical":"https:\/\/blog.panrotas.com.br\/mindset\/2018\/09\/26\/pessoas-e-tecnologia-a-relacao-que-pode-salvar-sua-empresa\/","og_locale":"pt_BR","og_type":"article","og_title":"Pessoas e Tecnologia: \u00a0a rela\u00e7\u00e3o que pode salvar sua empresa - Mindset","og_description":"No \u00faltimo s\u00e1bado, participei do F\u00f3rum Mestre GP, do Instituto Mestre GP, que \u00e9 uma das, se n\u00e3o a \u00fanica, institui\u00e7\u00e3o voltada para a gest\u00e3o de projetos do universo das empresas de Marketing, Publicidade e Comunica\u00e7\u00e3o. Estive l\u00e1, afinal, como voc\u00eas j\u00e1 sabem, meu business, com a INSANE Marketing e Comunica\u00e7\u00e3o e o Portal Mochila\u00ed,&hellip; Continue reading &rarr;","og_url":"https:\/\/blog.panrotas.com.br\/mindset\/2018\/09\/26\/pessoas-e-tecnologia-a-relacao-que-pode-salvar-sua-empresa\/","og_site_name":"Mindset","article_published_time":"2018-09-27T01:24:56+00:00","og_image":[{"width":740,"height":353,"url":"https:\/\/blog.panrotas.com.br\/mindset\/wp-content\/uploads\/sites\/22\/2018\/09\/capa_coluna_5.png","type":"image\/png"}],"twitter_card":"summary_large_image","twitter_misc":{"Escrito por":"Gustavo Ellero","Est. tempo de leitura":"3 minutos"},"schema":{"@context":"https:\/\/schema.org","@graph":[{"@type":"WebSite","@id":"https:\/\/blog.panrotas.com.br\/mindset\/#website","url":"https:\/\/blog.panrotas.com.br\/mindset\/","name":"Mindset","description":"Blogosfera PANROTAS","potentialAction":[{"@type":"SearchAction","target":{"@type":"EntryPoint","urlTemplate":"https:\/\/blog.panrotas.com.br\/mindset\/?s={search_term_string}"},"query-input":"required name=search_term_string"}],"inLanguage":"pt-BR"},{"@type":"ImageObject","@id":"https:\/\/blog.panrotas.com.br\/mindset\/2018\/09\/26\/pessoas-e-tecnologia-a-relacao-que-pode-salvar-sua-empresa\/#primaryimage","inLanguage":"pt-BR","url":"https:\/\/blog.panrotas.com.br\/mindset\/wp-content\/uploads\/sites\/22\/2018\/09\/capa_coluna_5.png","contentUrl":"https:\/\/blog.panrotas.com.br\/mindset\/wp-content\/uploads\/sites\/22\/2018\/09\/capa_coluna_5.png","width":740,"height":353},{"@type":"WebPage","@id":"https:\/\/blog.panrotas.com.br\/mindset\/2018\/09\/26\/pessoas-e-tecnologia-a-relacao-que-pode-salvar-sua-empresa\/#webpage","url":"https:\/\/blog.panrotas.com.br\/mindset\/2018\/09\/26\/pessoas-e-tecnologia-a-relacao-que-pode-salvar-sua-empresa\/","name":"Pessoas e Tecnologia: \u00a0a rela\u00e7\u00e3o que pode salvar sua empresa - Mindset","isPartOf":{"@id":"https:\/\/blog.panrotas.com.br\/mindset\/#website"},"primaryImageOfPage":{"@id":"https:\/\/blog.panrotas.com.br\/mindset\/2018\/09\/26\/pessoas-e-tecnologia-a-relacao-que-pode-salvar-sua-empresa\/#primaryimage"},"datePublished":"2018-09-27T01:24:56+00:00","dateModified":"2018-09-27T01:24:56+00:00","author":{"@id":"https:\/\/blog.panrotas.com.br\/mindset\/#\/schema\/person\/f57db0777c105e3e7e7f610c8cf7c409"},"breadcrumb":{"@id":"https:\/\/blog.panrotas.com.br\/mindset\/2018\/09\/26\/pessoas-e-tecnologia-a-relacao-que-pode-salvar-sua-empresa\/#breadcrumb"},"inLanguage":"pt-BR","potentialAction":[{"@type":"ReadAction","target":["https:\/\/blog.panrotas.com.br\/mindset\/2018\/09\/26\/pessoas-e-tecnologia-a-relacao-que-pode-salvar-sua-empresa\/"]}]},{"@type":"BreadcrumbList","@id":"https:\/\/blog.panrotas.com.br\/mindset\/2018\/09\/26\/pessoas-e-tecnologia-a-relacao-que-pode-salvar-sua-empresa\/#breadcrumb","itemListElement":[{"@type":"ListItem","position":1,"name":"In\u00edcio","item":"https:\/\/blog.panrotas.com.br\/mindset\/"},{"@type":"ListItem","position":2,"name":"Pessoas e Tecnologia: \u00a0a rela\u00e7\u00e3o que pode salvar sua empresa"}]},{"@type":"Person","@id":"https:\/\/blog.panrotas.com.br\/mindset\/#\/schema\/person\/f57db0777c105e3e7e7f610c8cf7c409","name":"Gustavo Ellero","image":{"@type":"ImageObject","@id":"https:\/\/blog.panrotas.com.br\/mindset\/#personlogo","inLanguage":"pt-BR","url":"https:\/\/secure.gravatar.com\/avatar\/8f25d3e0589c2945382b7b6b355b2079?s=96&d=mm&r=g","contentUrl":"https:\/\/secure.gravatar.com\/avatar\/8f25d3e0589c2945382b7b6b355b2079?s=96&d=mm&r=g","caption":"Gustavo Ellero"},"description":"Gustavo Ellero \u00e9 Jornalista, especialista em Branded Content pela ESPM e acumula experi\u00eancias em Marketing, Branding e Empreendedorismo. Fundou sua primeira empresa no ramo da comunica\u00e7\u00e3o em 2009, atualmente \u00e9 co-fundador da INSANE Estrat\u00e9gia e Comunica\u00e7\u00e3o e co-fundador do portal de turismo Mochila\u00ed. Em 2015, foi eleito o melhor profissional de conte\u00fado e o mais votado do Pr\u00eamio ABC da Comunica\u00e7\u00e3o.","sameAs":["http:\/\/blog.panrotas.com.br\/mindset"],"url":"https:\/\/blog.panrotas.com.br\/mindset\/author\/gustavo\/"}]}},"jetpack_featured_media_url":"https:\/\/blog.panrotas.com.br\/mindset\/wp-content\/uploads\/sites\/22\/2018\/09\/capa_coluna_5.png","_links":{"self":[{"href":"https:\/\/blog.panrotas.com.br\/mindset\/wp-json\/wp\/v2\/posts\/129"}],"collection":[{"href":"https:\/\/blog.panrotas.com.br\/mindset\/wp-json\/wp\/v2\/posts"}],"about":[{"href":"https:\/\/blog.panrotas.com.br\/mindset\/wp-json\/wp\/v2\/types\/post"}],"author":[{"embeddable":true,"href":"https:\/\/blog.panrotas.com.br\/mindset\/wp-json\/wp\/v2\/users\/23"}],"replies":[{"embeddable":true,"href":"https:\/\/blog.panrotas.com.br\/mindset\/wp-json\/wp\/v2\/comments?post=129"}],"version-history":[{"count":0,"href":"https:\/\/blog.panrotas.com.br\/mindset\/wp-json\/wp\/v2\/posts\/129\/revisions"}],"wp:featuredmedia":[{"embeddable":true,"href":"https:\/\/blog.panrotas.com.br\/mindset\/wp-json\/wp\/v2\/media\/130"}],"wp:attachment":[{"href":"https:\/\/blog.panrotas.com.br\/mindset\/wp-json\/wp\/v2\/media?parent=129"}],"wp:term":[{"taxonomy":"category","embeddable":true,"href":"https:\/\/blog.panrotas.com.br\/mindset\/wp-json\/wp\/v2\/categories?post=129"},{"taxonomy":"post_tag","embeddable":true,"href":"https:\/\/blog.panrotas.com.br\/mindset\/wp-json\/wp\/v2\/tags?post=129"}],"curies":[{"name":"wp","href":"https:\/\/api.w.org\/{rel}","templated":true}]}}