{"id":154,"date":"2019-01-31T16:42:34","date_gmt":"2019-01-31T18:42:34","guid":{"rendered":"http:\/\/blog.panrotas.com.br\/mindset\/?p=154"},"modified":"2019-01-31T16:42:34","modified_gmt":"2019-01-31T18:42:34","slug":"como-esta-a-gestao-de-crise-da-avianca-brasil","status":"publish","type":"post","link":"https:\/\/blog.panrotas.com.br\/mindset\/2019\/01\/31\/como-esta-a-gestao-de-crise-da-avianca-brasil\/","title":{"rendered":"Como est\u00e1 a gest\u00e3o de crise da Avianca Brasil?"},"content":{"rendered":"\n<p><br><\/p>\n\n\n\n<p>Acho que todo o trade, corre\u00e7\u00e3o, n\u00e3o s\u00f3 o trade, mas todo o mercado e todos consumidores acompanham atentamente o imbr\u00f3glio envolvendo a Avianca Brasil e as empresas de leasing que tentam recuperar seus avi\u00f5es. Afinal, isso revelou uma verdadeira crise na a\u00e9rea, que se viu obrigada a pedir recupera\u00e7\u00e3o judicial na Vara de Fal\u00eancias e Recupera\u00e7\u00f5es Judiciais de S\u00e3o Paulo.<br><\/p>\n\n\n\n<p>Todo essa quest\u00e3o com certeza gera problemas n\u00e3o s\u00f3 econ\u00f4micos para a empresa, mas, tamb\u00e9m, ocasiona graves danos para sua imagem. E no caso da Avianca \u00e9 ainda pior, pois o consumidor final n\u00e3o sabe diferenciar o fato das \u201cAviancas\u201d pelo mundo serem independentes. Sendo assim, a crise da unidade brasileira, sim, se reflete, pelo menos aqui em nosso pa\u00eds, para a percep\u00e7\u00e3o da marca tamb\u00e9m das unidades da a\u00e9rea nos outros pa\u00edses.<br><\/p>\n\n\n\n<p>Mas, enfim, desde que o problema surgiu para a grande m\u00eddia, no segundo semestre de 2018, os consumidores da Avianca Brasil t\u00eam sofrido com diversas incertezas de que seus bilhetes adquiridos, principalmente para os destinos internacionais, ser\u00e3o garantidos, afinal, a pr\u00f3pria empresa j\u00e1 anunciou que n\u00e3o vai mais operar tr\u00eas das suas quatro rotas internacionais, a partir de mar\u00e7o, Nova York, Santiago e Miami. <br><\/p>\n\n\n\n<p><strong>Pontos positivos da gest\u00e3o de crise<\/strong><br><\/p>\n\n\n\n<p>Pelo que tenho visto, pelo menos para o trade de turismo e para grandes ve\u00edculos de imprensa, a Avianca Brasil tem se posicionado, informando o mercado conforme \u00e9 questionada. Isso pode ser notado facilmente ao pesquisar sobre o caso e encontrar, por exemplo, diversas mat\u00e9rias com declara\u00e7\u00f5es de executivos da a\u00e9rea aqui no Panrotas. <br><\/p>\n\n\n\n<p>Isso na verdade \u00e9 b\u00e1sico, por\u00e9m importante para que se veja que a empresa est\u00e1 lutando pela sua exist\u00eancia.<br><\/p>\n\n\n\n<p><strong>Pontos negativos da gest\u00e3o de crise<\/strong><br><\/p>\n\n\n\n<p>\u00c9 not\u00f3rio que a massa de consumidores est\u00e1 perdida e sem direcionamento. Basta olhar os coment\u00e1rios nas redes sociais ou conversar com pessoas que n\u00e3o fazem parte do mercado de turismo, para ver que existem mais incertezas do que certezas.<br><\/p>\n\n\n\n<p>Mas, n\u00e3o era para menos, ao olhar a comunica\u00e7\u00e3o para o grande p\u00fablico, logo nota-se que falta informa\u00e7\u00e3o. Afinal, existe apenas uma nota de esclarecimento no Facebook da Avianca Brasil, por\u00e9m, de dezembro. J\u00e1 no site oficial da empresa, nem sinal da crise, tanto na \u00e1rea de imprensa, onde o \u00faltimo release \u00e9 anunciando um <a href=\"https:\/\/www.avianca.com.br\/-\/novo-voo-direto-de-guarulhos-para-miami\">novo voo direto de Guarulhos para Miami <\/a>(parece piada), nem no<a href=\"https:\/\/blog.avianca.com.br\/?_ga=2.126191373.166449597.1548925793-565361104.1545481632\"> Blog<\/a>, que possui conte\u00fados de destinos (o que \u00e9 uma boa estrat\u00e9gia para tempos de &#8220;paz&#8221;).<br><\/p>\n\n\n\n<p>Com isso, resta ao pessoal do SAC segurar a onda de indigna\u00e7\u00e3o e incertezas, o que \u00e9 injusto, afinal, pelo que apurei, nem eles t\u00eam todas as respostas que os clientes precisam.<\/p>\n\n\n\n<p><strong>O que eu acho que falta<\/strong><br><\/p>\n\n\n\n<p>Al\u00e9m de usar mais os canais de comunica\u00e7\u00e3o oficiais da empresa para se comunicar com o p\u00fablico, em minha opini\u00e3o, falta algum executivo da empresa, um porta-voz, realmente dar a cara para se comunicar com o consumidor, por meio de v\u00eddeos ou notas mesmo, afinal, em momentos de crise, nada melhor do que ser honesto com quem confiou em voc\u00ea. Da forma que est\u00e1 \u00e9 muito frio e falta informa\u00e7\u00e3o.<br><\/p>\n\n\n\n<p>Agora, confesso que se n\u00e3o existem boas perspectivas de recupera\u00e7\u00e3o, \u00e9 l\u00f3gico que ser\u00e1 dif\u00edcil achar algum executivo que queira \u201cqueimar\u201d sua imagem tentando explicar o inexplic\u00e1vel.<br><\/p>\n\n\n\n<p>De qualquer forma, o consumidor precisa de mais aten\u00e7\u00e3o e a marca necessita de mais cuidado dos seus embaixadores, pois a cada dia de neglig\u00eancia, mais complicada fica a sua recupera\u00e7\u00e3o no curto\/m\u00e9dio prazo. <br><\/p>\n\n\n\n<p>Enfim, apesar da minha cr\u00edtica em rela\u00e7\u00e3o ao plano de gerenciamento de crise, espero que a companhia realmente consiga passar por esse momento complicado, pois \u00e9 um player significativo para o nosso mercado e muitas fam\u00edlias dependem de sua sa\u00fade financeira.<\/p>\n\n\n\n<p><\/p>\n\n\n\n<p><\/p>\n\n\n\n<p><\/p>\n","protected":false},"excerpt":{"rendered":"<p>Acho que todo o trade, corre\u00e7\u00e3o, n\u00e3o s\u00f3 o trade, mas todo o mercado e todos consumidores acompanham atentamente o imbr\u00f3glio envolvendo a Avianca Brasil e as empresas de leasing que tentam recuperar seus avi\u00f5es. Afinal, isso revelou uma verdadeira crise na a\u00e9rea, que se viu obrigada a pedir recupera\u00e7\u00e3o judicial na Vara de Fal\u00eancias&hellip; <a class=\"more-link\" href=\"https:\/\/blog.panrotas.com.br\/mindset\/2019\/01\/31\/como-esta-a-gestao-de-crise-da-avianca-brasil\/\">Continue reading &rarr;<\/a><\/p>\n","protected":false},"author":23,"featured_media":155,"comment_status":"open","ping_status":"open","sticky":false,"template":"","format":"standard","meta":{"spay_email":""},"categories":[2],"tags":[4,8,11,15,23,24,33,37],"yoast_head":"<!-- This site is optimized with the Yoast SEO plugin v17.3 - https:\/\/yoast.com\/wordpress\/plugins\/seo\/ -->\n<title>Como est\u00e1 a gest\u00e3o de crise da Avianca Brasil? - Mindset<\/title>\n<meta name=\"robots\" content=\"index, follow, max-snippet:-1, max-image-preview:large, max-video-preview:-1\" \/>\n<link rel=\"canonical\" href=\"https:\/\/blog.panrotas.com.br\/mindset\/2019\/01\/31\/como-esta-a-gestao-de-crise-da-avianca-brasil\/\" \/>\n<meta property=\"og:locale\" content=\"pt_BR\" \/>\n<meta property=\"og:type\" content=\"article\" \/>\n<meta property=\"og:title\" content=\"Como est\u00e1 a gest\u00e3o de crise da Avianca Brasil? - Mindset\" \/>\n<meta property=\"og:description\" content=\"Acho que todo o trade, corre\u00e7\u00e3o, n\u00e3o s\u00f3 o trade, mas todo o mercado e todos consumidores acompanham atentamente o imbr\u00f3glio envolvendo a Avianca Brasil e as empresas de leasing que tentam recuperar seus avi\u00f5es. Afinal, isso revelou uma verdadeira crise na a\u00e9rea, que se viu obrigada a pedir recupera\u00e7\u00e3o judicial na Vara de Fal\u00eancias&hellip; Continue reading &rarr;\" \/>\n<meta property=\"og:url\" content=\"https:\/\/blog.panrotas.com.br\/mindset\/2019\/01\/31\/como-esta-a-gestao-de-crise-da-avianca-brasil\/\" \/>\n<meta property=\"og:site_name\" content=\"Mindset\" \/>\n<meta property=\"article:published_time\" content=\"2019-01-31T18:42:34+00:00\" \/>\n<meta property=\"og:image\" content=\"https:\/\/blog.panrotas.com.br\/mindset\/wp-content\/uploads\/sites\/22\/2019\/01\/capa_coluna_12.png\" \/>\n\t<meta property=\"og:image:width\" content=\"740\" \/>\n\t<meta property=\"og:image:height\" content=\"353\" \/>\n<meta name=\"twitter:card\" content=\"summary_large_image\" \/>\n<meta name=\"twitter:label1\" content=\"Escrito por\" \/>\n\t<meta name=\"twitter:data1\" content=\"Gustavo Ellero\" \/>\n\t<meta name=\"twitter:label2\" content=\"Est. tempo de leitura\" \/>\n\t<meta name=\"twitter:data2\" content=\"3 minutos\" \/>\n<script type=\"application\/ld+json\" class=\"yoast-schema-graph\">{\"@context\":\"https:\/\/schema.org\",\"@graph\":[{\"@type\":\"WebSite\",\"@id\":\"https:\/\/blog.panrotas.com.br\/mindset\/#website\",\"url\":\"https:\/\/blog.panrotas.com.br\/mindset\/\",\"name\":\"Mindset\",\"description\":\"Blogosfera PANROTAS\",\"potentialAction\":[{\"@type\":\"SearchAction\",\"target\":{\"@type\":\"EntryPoint\",\"urlTemplate\":\"https:\/\/blog.panrotas.com.br\/mindset\/?s={search_term_string}\"},\"query-input\":\"required name=search_term_string\"}],\"inLanguage\":\"pt-BR\"},{\"@type\":\"ImageObject\",\"@id\":\"https:\/\/blog.panrotas.com.br\/mindset\/2019\/01\/31\/como-esta-a-gestao-de-crise-da-avianca-brasil\/#primaryimage\",\"inLanguage\":\"pt-BR\",\"url\":\"https:\/\/blog.panrotas.com.br\/mindset\/wp-content\/uploads\/sites\/22\/2019\/01\/capa_coluna_12.png\",\"contentUrl\":\"https:\/\/blog.panrotas.com.br\/mindset\/wp-content\/uploads\/sites\/22\/2019\/01\/capa_coluna_12.png\",\"width\":740,\"height\":353},{\"@type\":\"WebPage\",\"@id\":\"https:\/\/blog.panrotas.com.br\/mindset\/2019\/01\/31\/como-esta-a-gestao-de-crise-da-avianca-brasil\/#webpage\",\"url\":\"https:\/\/blog.panrotas.com.br\/mindset\/2019\/01\/31\/como-esta-a-gestao-de-crise-da-avianca-brasil\/\",\"name\":\"Como est\\u00e1 a gest\\u00e3o de crise da Avianca Brasil? - Mindset\",\"isPartOf\":{\"@id\":\"https:\/\/blog.panrotas.com.br\/mindset\/#website\"},\"primaryImageOfPage\":{\"@id\":\"https:\/\/blog.panrotas.com.br\/mindset\/2019\/01\/31\/como-esta-a-gestao-de-crise-da-avianca-brasil\/#primaryimage\"},\"datePublished\":\"2019-01-31T18:42:34+00:00\",\"dateModified\":\"2019-01-31T18:42:34+00:00\",\"author\":{\"@id\":\"https:\/\/blog.panrotas.com.br\/mindset\/#\/schema\/person\/f57db0777c105e3e7e7f610c8cf7c409\"},\"breadcrumb\":{\"@id\":\"https:\/\/blog.panrotas.com.br\/mindset\/2019\/01\/31\/como-esta-a-gestao-de-crise-da-avianca-brasil\/#breadcrumb\"},\"inLanguage\":\"pt-BR\",\"potentialAction\":[{\"@type\":\"ReadAction\",\"target\":[\"https:\/\/blog.panrotas.com.br\/mindset\/2019\/01\/31\/como-esta-a-gestao-de-crise-da-avianca-brasil\/\"]}]},{\"@type\":\"BreadcrumbList\",\"@id\":\"https:\/\/blog.panrotas.com.br\/mindset\/2019\/01\/31\/como-esta-a-gestao-de-crise-da-avianca-brasil\/#breadcrumb\",\"itemListElement\":[{\"@type\":\"ListItem\",\"position\":1,\"name\":\"In\\u00edcio\",\"item\":\"https:\/\/blog.panrotas.com.br\/mindset\/\"},{\"@type\":\"ListItem\",\"position\":2,\"name\":\"Como est\\u00e1 a gest\\u00e3o de crise da Avianca Brasil?\"}]},{\"@type\":\"Person\",\"@id\":\"https:\/\/blog.panrotas.com.br\/mindset\/#\/schema\/person\/f57db0777c105e3e7e7f610c8cf7c409\",\"name\":\"Gustavo Ellero\",\"image\":{\"@type\":\"ImageObject\",\"@id\":\"https:\/\/blog.panrotas.com.br\/mindset\/#personlogo\",\"inLanguage\":\"pt-BR\",\"url\":\"https:\/\/secure.gravatar.com\/avatar\/8f25d3e0589c2945382b7b6b355b2079?s=96&d=mm&r=g\",\"contentUrl\":\"https:\/\/secure.gravatar.com\/avatar\/8f25d3e0589c2945382b7b6b355b2079?s=96&d=mm&r=g\",\"caption\":\"Gustavo Ellero\"},\"description\":\"Gustavo Ellero \\u00e9 Jornalista, especialista em Branded Content pela ESPM e acumula experi\\u00eancias em Marketing, Branding e Empreendedorismo. Fundou sua primeira empresa no ramo da comunica\\u00e7\\u00e3o em 2009, atualmente \\u00e9 co-fundador da INSANE Estrat\\u00e9gia e Comunica\\u00e7\\u00e3o e co-fundador do portal de turismo Mochila\\u00ed. Em 2015, foi eleito o melhor profissional de conte\\u00fado e o mais votado do Pr\\u00eamio ABC da Comunica\\u00e7\\u00e3o.\",\"sameAs\":[\"http:\/\/blog.panrotas.com.br\/mindset\"],\"url\":\"https:\/\/blog.panrotas.com.br\/mindset\/author\/gustavo\/\"}]}<\/script>\n<!-- \/ Yoast SEO plugin. -->","yoast_head_json":{"title":"Como est\u00e1 a gest\u00e3o de crise da Avianca Brasil? - Mindset","robots":{"index":"index","follow":"follow","max-snippet":"max-snippet:-1","max-image-preview":"max-image-preview:large","max-video-preview":"max-video-preview:-1"},"canonical":"https:\/\/blog.panrotas.com.br\/mindset\/2019\/01\/31\/como-esta-a-gestao-de-crise-da-avianca-brasil\/","og_locale":"pt_BR","og_type":"article","og_title":"Como est\u00e1 a gest\u00e3o de crise da Avianca Brasil? - Mindset","og_description":"Acho que todo o trade, corre\u00e7\u00e3o, n\u00e3o s\u00f3 o trade, mas todo o mercado e todos consumidores acompanham atentamente o imbr\u00f3glio envolvendo a Avianca Brasil e as empresas de leasing que tentam recuperar seus avi\u00f5es. Afinal, isso revelou uma verdadeira crise na a\u00e9rea, que se viu obrigada a pedir recupera\u00e7\u00e3o judicial na Vara de Fal\u00eancias&hellip; Continue reading &rarr;","og_url":"https:\/\/blog.panrotas.com.br\/mindset\/2019\/01\/31\/como-esta-a-gestao-de-crise-da-avianca-brasil\/","og_site_name":"Mindset","article_published_time":"2019-01-31T18:42:34+00:00","og_image":[{"width":740,"height":353,"url":"https:\/\/blog.panrotas.com.br\/mindset\/wp-content\/uploads\/sites\/22\/2019\/01\/capa_coluna_12.png","type":"image\/png"}],"twitter_card":"summary_large_image","twitter_misc":{"Escrito por":"Gustavo Ellero","Est. tempo de leitura":"3 minutos"},"schema":{"@context":"https:\/\/schema.org","@graph":[{"@type":"WebSite","@id":"https:\/\/blog.panrotas.com.br\/mindset\/#website","url":"https:\/\/blog.panrotas.com.br\/mindset\/","name":"Mindset","description":"Blogosfera PANROTAS","potentialAction":[{"@type":"SearchAction","target":{"@type":"EntryPoint","urlTemplate":"https:\/\/blog.panrotas.com.br\/mindset\/?s={search_term_string}"},"query-input":"required name=search_term_string"}],"inLanguage":"pt-BR"},{"@type":"ImageObject","@id":"https:\/\/blog.panrotas.com.br\/mindset\/2019\/01\/31\/como-esta-a-gestao-de-crise-da-avianca-brasil\/#primaryimage","inLanguage":"pt-BR","url":"https:\/\/blog.panrotas.com.br\/mindset\/wp-content\/uploads\/sites\/22\/2019\/01\/capa_coluna_12.png","contentUrl":"https:\/\/blog.panrotas.com.br\/mindset\/wp-content\/uploads\/sites\/22\/2019\/01\/capa_coluna_12.png","width":740,"height":353},{"@type":"WebPage","@id":"https:\/\/blog.panrotas.com.br\/mindset\/2019\/01\/31\/como-esta-a-gestao-de-crise-da-avianca-brasil\/#webpage","url":"https:\/\/blog.panrotas.com.br\/mindset\/2019\/01\/31\/como-esta-a-gestao-de-crise-da-avianca-brasil\/","name":"Como est\u00e1 a gest\u00e3o de crise da Avianca Brasil? - Mindset","isPartOf":{"@id":"https:\/\/blog.panrotas.com.br\/mindset\/#website"},"primaryImageOfPage":{"@id":"https:\/\/blog.panrotas.com.br\/mindset\/2019\/01\/31\/como-esta-a-gestao-de-crise-da-avianca-brasil\/#primaryimage"},"datePublished":"2019-01-31T18:42:34+00:00","dateModified":"2019-01-31T18:42:34+00:00","author":{"@id":"https:\/\/blog.panrotas.com.br\/mindset\/#\/schema\/person\/f57db0777c105e3e7e7f610c8cf7c409"},"breadcrumb":{"@id":"https:\/\/blog.panrotas.com.br\/mindset\/2019\/01\/31\/como-esta-a-gestao-de-crise-da-avianca-brasil\/#breadcrumb"},"inLanguage":"pt-BR","potentialAction":[{"@type":"ReadAction","target":["https:\/\/blog.panrotas.com.br\/mindset\/2019\/01\/31\/como-esta-a-gestao-de-crise-da-avianca-brasil\/"]}]},{"@type":"BreadcrumbList","@id":"https:\/\/blog.panrotas.com.br\/mindset\/2019\/01\/31\/como-esta-a-gestao-de-crise-da-avianca-brasil\/#breadcrumb","itemListElement":[{"@type":"ListItem","position":1,"name":"In\u00edcio","item":"https:\/\/blog.panrotas.com.br\/mindset\/"},{"@type":"ListItem","position":2,"name":"Como est\u00e1 a gest\u00e3o de crise da Avianca Brasil?"}]},{"@type":"Person","@id":"https:\/\/blog.panrotas.com.br\/mindset\/#\/schema\/person\/f57db0777c105e3e7e7f610c8cf7c409","name":"Gustavo Ellero","image":{"@type":"ImageObject","@id":"https:\/\/blog.panrotas.com.br\/mindset\/#personlogo","inLanguage":"pt-BR","url":"https:\/\/secure.gravatar.com\/avatar\/8f25d3e0589c2945382b7b6b355b2079?s=96&d=mm&r=g","contentUrl":"https:\/\/secure.gravatar.com\/avatar\/8f25d3e0589c2945382b7b6b355b2079?s=96&d=mm&r=g","caption":"Gustavo Ellero"},"description":"Gustavo Ellero \u00e9 Jornalista, especialista em Branded Content pela ESPM e acumula experi\u00eancias em Marketing, Branding e Empreendedorismo. Fundou sua primeira empresa no ramo da comunica\u00e7\u00e3o em 2009, atualmente \u00e9 co-fundador da INSANE Estrat\u00e9gia e Comunica\u00e7\u00e3o e co-fundador do portal de turismo Mochila\u00ed. Em 2015, foi eleito o melhor profissional de conte\u00fado e o mais votado do Pr\u00eamio ABC da Comunica\u00e7\u00e3o.","sameAs":["http:\/\/blog.panrotas.com.br\/mindset"],"url":"https:\/\/blog.panrotas.com.br\/mindset\/author\/gustavo\/"}]}},"jetpack_featured_media_url":"https:\/\/blog.panrotas.com.br\/mindset\/wp-content\/uploads\/sites\/22\/2019\/01\/capa_coluna_12.png","_links":{"self":[{"href":"https:\/\/blog.panrotas.com.br\/mindset\/wp-json\/wp\/v2\/posts\/154"}],"collection":[{"href":"https:\/\/blog.panrotas.com.br\/mindset\/wp-json\/wp\/v2\/posts"}],"about":[{"href":"https:\/\/blog.panrotas.com.br\/mindset\/wp-json\/wp\/v2\/types\/post"}],"author":[{"embeddable":true,"href":"https:\/\/blog.panrotas.com.br\/mindset\/wp-json\/wp\/v2\/users\/23"}],"replies":[{"embeddable":true,"href":"https:\/\/blog.panrotas.com.br\/mindset\/wp-json\/wp\/v2\/comments?post=154"}],"version-history":[{"count":0,"href":"https:\/\/blog.panrotas.com.br\/mindset\/wp-json\/wp\/v2\/posts\/154\/revisions"}],"wp:featuredmedia":[{"embeddable":true,"href":"https:\/\/blog.panrotas.com.br\/mindset\/wp-json\/wp\/v2\/media\/155"}],"wp:attachment":[{"href":"https:\/\/blog.panrotas.com.br\/mindset\/wp-json\/wp\/v2\/media?parent=154"}],"wp:term":[{"taxonomy":"category","embeddable":true,"href":"https:\/\/blog.panrotas.com.br\/mindset\/wp-json\/wp\/v2\/categories?post=154"},{"taxonomy":"post_tag","embeddable":true,"href":"https:\/\/blog.panrotas.com.br\/mindset\/wp-json\/wp\/v2\/tags?post=154"}],"curies":[{"name":"wp","href":"https:\/\/api.w.org\/{rel}","templated":true}]}}