{"id":202,"date":"2019-04-15T22:38:12","date_gmt":"2019-04-16T01:38:12","guid":{"rendered":"http:\/\/blog.panrotas.com.br\/mindset\/?p=202"},"modified":"2019-04-15T22:38:12","modified_gmt":"2019-04-16T01:38:12","slug":"quem-e-voce-avaliando-a-nova-marca-da-decolar","status":"publish","type":"post","link":"https:\/\/blog.panrotas.com.br\/mindset\/2019\/04\/15\/quem-e-voce-avaliando-a-nova-marca-da-decolar\/","title":{"rendered":"Quem \u00e9 voc\u00ea avaliando a nova marca da Decolar?"},"content":{"rendered":"\n<p><br><\/p>\n\n\n\n<p>No come\u00e7o do m\u00eas, a Decolar, maior distribuidora de viagens da Am\u00e9rica Latina, divulgou o resultado de uma mudan\u00e7a parcial em sua marca, por enquanto foi divulgada uma identidade visual e um novo slogan, visando deixar a marca mais moderna e pr\u00f3xima do p\u00fablico. E como era de se esperar, a mudan\u00e7a gerou uma verdadeira enxurrada de opini\u00f5es dos f\u00e3s e cr\u00edticos, que se dividiram entre declara\u00e7\u00f5es positivas, apoiando o progresso da empresa, e negativas, com uma esp\u00e9cie de saudosismo e apego ao antigo formato. E \u00e9 com a indaga\u00e7\u00e3o do t\u00edtulo que come\u00e7o essa meu artigo. Quem \u00e9 voc\u00ea avaliando a nova marca da Decolar?<br><\/p>\n\n\n\n<p>Antes, \u00e9 importante contextualiz\u00e1-los do que levou a empresa a mudar sua \u201ccara\u201d. &nbsp;A Decolar \u00e9 a filial brasileira da empresa argentina Despegar, que est\u00e1 h\u00e1 20 anos no mercado, tendo um expressivo crescimento, principalmente na \u00faltima d\u00e9cada. Essa mudan\u00e7a de marca vem para determinar um marco para a institui\u00e7\u00e3o depois dessas duas d\u00e9cadas e prepar\u00e1-la para o futuro.<br><\/p>\n\n\n\n<p>Para me ajudar a responder a pergunta do t\u00edtulo, eu conversei muito com a especialista em branding, minha amiga\/s\u00f3cia no <a href=\"http:\/\/www.mochilai.com.br\/\">portal Mochila\u00ed,<\/a> Dani Biondi, que fez uma an\u00e1lise muito sensata. <em>\u201cA &nbsp;Decolar apareceu com uma cara mais moderna, se desprendendo de todos os aspectos antigos que carregava visualmente, desde das cores at\u00e9 os elementos do avi\u00e3o e a campainha. A tipografia tamb\u00e9m foi modificada, juntamente com a retirada do \u2018.com\u2019, uma estrat\u00e9gia bem pensada, j\u00e1 que hoje temos outras plataformas de vendas. Com isso, a marca ganhou um tom mais gen\u00e9rico, o que facilita sua aplica\u00e7\u00e3o nos meios de comunica\u00e7\u00e3o, mas tira toda a lembran\u00e7a de viagem que levava no logo antigo, o que nos d\u00e1 a sensa\u00e7\u00e3o de ser igual as outras marcas que tamb\u00e9m fizeram seu redesign recentemente.<\/em><\/p>\n\n\n\n<p><em>Eles ainda prometem mais novidades nos pr\u00f3ximos meses, mas no site, j\u00e1 conseguimos ver uma melhoria tanto visualmente como na navega\u00e7\u00e3o, que ficou mais intuitiva e agrad\u00e1vel\u201d .<\/em><br><\/p>\n\n\n\n<p>Enfim, depois de pesquisar e pensar muito, &nbsp;vejo que na \u201cfila do p\u00e3o\u201d dos que avaliam a mudan\u00e7a eu sou o \u201cprogressista\u201d, quem j\u00e1 via a necessidade de uma mudan\u00e7a que realmente transmitisse a imagem de uma empresa do tamanho que \u00e9, mas, acima de tudo, que dialogasse com seu p\u00fablico, se aproximando e fazendo aquilo que tem voca\u00e7\u00e3o, que \u00e9 muito mais do que oferecer tudo para a sua viagem (como dizia o antigo slogan), mas dar condi\u00e7\u00f5es para seu p\u00fablico viver viajando e ter experi\u00eancias positivas no mundo (assim como o atual se coloca), pois \u00e9 com essa mentalidade que voc\u00ea consolida uma grande marca junto ao mercado, junto aos seus f\u00e3s.<br><\/p>\n\n\n\n<p>Hoje, vejo que as mudan\u00e7as, se bem aplicadas (pois n\u00e3o adianta nada criar atributos e identidade com significados lindos e n\u00e3o viv\u00ea-los no dia a dia), creditam a Decolar para n\u00e3o s\u00f3 manter sua ascens\u00e3o como business, mas tamb\u00e9m tornar-se uma <em>brandlove. <\/em><br><\/p>\n\n\n\n<p>E voc\u00ea, \u00e9 o progressista ou o saudosista na \u201cfila do p\u00e3o\u201d dos que avaliam a nova marca da Decolar?<br><\/p>\n\n\n\n\n","protected":false},"excerpt":{"rendered":"<p>No come\u00e7o do m\u00eas, a Decolar, maior distribuidora de viagens da Am\u00e9rica Latina, divulgou o resultado de uma mudan\u00e7a parcial em sua marca, por enquanto foi divulgada uma identidade visual e um novo slogan, visando deixar a marca mais moderna e pr\u00f3xima do p\u00fablico. E como era de se esperar, a mudan\u00e7a gerou uma verdadeira&hellip; <a class=\"more-link\" href=\"https:\/\/blog.panrotas.com.br\/mindset\/2019\/04\/15\/quem-e-voce-avaliando-a-nova-marca-da-decolar\/\">Continue reading &rarr;<\/a><\/p>\n","protected":false},"author":23,"featured_media":205,"comment_status":"open","ping_status":"open","sticky":false,"template":"","format":"standard","meta":{"spay_email":""},"categories":[2],"tags":[16,17,29,33,36],"yoast_head":"<!-- This site is optimized with the Yoast SEO plugin v17.3 - https:\/\/yoast.com\/wordpress\/plugins\/seo\/ -->\n<title>Quem \u00e9 voc\u00ea avaliando a nova marca da Decolar? - Mindset<\/title>\n<meta name=\"robots\" content=\"index, follow, max-snippet:-1, max-image-preview:large, max-video-preview:-1\" \/>\n<link rel=\"canonical\" href=\"https:\/\/blog.panrotas.com.br\/mindset\/2019\/04\/15\/quem-e-voce-avaliando-a-nova-marca-da-decolar\/\" \/>\n<meta property=\"og:locale\" content=\"pt_BR\" \/>\n<meta property=\"og:type\" content=\"article\" \/>\n<meta property=\"og:title\" content=\"Quem \u00e9 voc\u00ea avaliando a nova marca da Decolar? - Mindset\" \/>\n<meta property=\"og:description\" content=\"No come\u00e7o do m\u00eas, a Decolar, maior distribuidora de viagens da Am\u00e9rica Latina, divulgou o resultado de uma mudan\u00e7a parcial em sua marca, por enquanto foi divulgada uma identidade visual e um novo slogan, visando deixar a marca mais moderna e pr\u00f3xima do p\u00fablico. E como era de se esperar, a mudan\u00e7a gerou uma verdadeira&hellip; Continue reading &rarr;\" \/>\n<meta property=\"og:url\" content=\"https:\/\/blog.panrotas.com.br\/mindset\/2019\/04\/15\/quem-e-voce-avaliando-a-nova-marca-da-decolar\/\" \/>\n<meta property=\"og:site_name\" content=\"Mindset\" \/>\n<meta property=\"article:published_time\" content=\"2019-04-16T01:38:12+00:00\" \/>\n<meta property=\"og:image\" content=\"https:\/\/blog.panrotas.com.br\/mindset\/wp-content\/uploads\/sites\/22\/2019\/04\/capa_coluna_15.png\" \/>\n\t<meta property=\"og:image:width\" content=\"740\" \/>\n\t<meta property=\"og:image:height\" content=\"353\" \/>\n<meta name=\"twitter:card\" content=\"summary_large_image\" \/>\n<meta name=\"twitter:label1\" content=\"Escrito por\" \/>\n\t<meta name=\"twitter:data1\" content=\"Gustavo Ellero\" \/>\n\t<meta name=\"twitter:label2\" content=\"Est. tempo de leitura\" \/>\n\t<meta name=\"twitter:data2\" content=\"3 minutos\" \/>\n<script type=\"application\/ld+json\" class=\"yoast-schema-graph\">{\"@context\":\"https:\/\/schema.org\",\"@graph\":[{\"@type\":\"WebSite\",\"@id\":\"https:\/\/blog.panrotas.com.br\/mindset\/#website\",\"url\":\"https:\/\/blog.panrotas.com.br\/mindset\/\",\"name\":\"Mindset\",\"description\":\"Blogosfera PANROTAS\",\"potentialAction\":[{\"@type\":\"SearchAction\",\"target\":{\"@type\":\"EntryPoint\",\"urlTemplate\":\"https:\/\/blog.panrotas.com.br\/mindset\/?s={search_term_string}\"},\"query-input\":\"required name=search_term_string\"}],\"inLanguage\":\"pt-BR\"},{\"@type\":\"ImageObject\",\"@id\":\"https:\/\/blog.panrotas.com.br\/mindset\/2019\/04\/15\/quem-e-voce-avaliando-a-nova-marca-da-decolar\/#primaryimage\",\"inLanguage\":\"pt-BR\",\"url\":\"https:\/\/blog.panrotas.com.br\/mindset\/wp-content\/uploads\/sites\/22\/2019\/04\/capa_coluna_15.png\",\"contentUrl\":\"https:\/\/blog.panrotas.com.br\/mindset\/wp-content\/uploads\/sites\/22\/2019\/04\/capa_coluna_15.png\",\"width\":740,\"height\":353},{\"@type\":\"WebPage\",\"@id\":\"https:\/\/blog.panrotas.com.br\/mindset\/2019\/04\/15\/quem-e-voce-avaliando-a-nova-marca-da-decolar\/#webpage\",\"url\":\"https:\/\/blog.panrotas.com.br\/mindset\/2019\/04\/15\/quem-e-voce-avaliando-a-nova-marca-da-decolar\/\",\"name\":\"Quem \\u00e9 voc\\u00ea avaliando a nova marca da Decolar? - Mindset\",\"isPartOf\":{\"@id\":\"https:\/\/blog.panrotas.com.br\/mindset\/#website\"},\"primaryImageOfPage\":{\"@id\":\"https:\/\/blog.panrotas.com.br\/mindset\/2019\/04\/15\/quem-e-voce-avaliando-a-nova-marca-da-decolar\/#primaryimage\"},\"datePublished\":\"2019-04-16T01:38:12+00:00\",\"dateModified\":\"2019-04-16T01:38:12+00:00\",\"author\":{\"@id\":\"https:\/\/blog.panrotas.com.br\/mindset\/#\/schema\/person\/f57db0777c105e3e7e7f610c8cf7c409\"},\"breadcrumb\":{\"@id\":\"https:\/\/blog.panrotas.com.br\/mindset\/2019\/04\/15\/quem-e-voce-avaliando-a-nova-marca-da-decolar\/#breadcrumb\"},\"inLanguage\":\"pt-BR\",\"potentialAction\":[{\"@type\":\"ReadAction\",\"target\":[\"https:\/\/blog.panrotas.com.br\/mindset\/2019\/04\/15\/quem-e-voce-avaliando-a-nova-marca-da-decolar\/\"]}]},{\"@type\":\"BreadcrumbList\",\"@id\":\"https:\/\/blog.panrotas.com.br\/mindset\/2019\/04\/15\/quem-e-voce-avaliando-a-nova-marca-da-decolar\/#breadcrumb\",\"itemListElement\":[{\"@type\":\"ListItem\",\"position\":1,\"name\":\"In\\u00edcio\",\"item\":\"https:\/\/blog.panrotas.com.br\/mindset\/\"},{\"@type\":\"ListItem\",\"position\":2,\"name\":\"Quem \\u00e9 voc\\u00ea avaliando a nova marca da Decolar?\"}]},{\"@type\":\"Person\",\"@id\":\"https:\/\/blog.panrotas.com.br\/mindset\/#\/schema\/person\/f57db0777c105e3e7e7f610c8cf7c409\",\"name\":\"Gustavo Ellero\",\"image\":{\"@type\":\"ImageObject\",\"@id\":\"https:\/\/blog.panrotas.com.br\/mindset\/#personlogo\",\"inLanguage\":\"pt-BR\",\"url\":\"https:\/\/secure.gravatar.com\/avatar\/8f25d3e0589c2945382b7b6b355b2079?s=96&d=mm&r=g\",\"contentUrl\":\"https:\/\/secure.gravatar.com\/avatar\/8f25d3e0589c2945382b7b6b355b2079?s=96&d=mm&r=g\",\"caption\":\"Gustavo Ellero\"},\"description\":\"Gustavo Ellero \\u00e9 Jornalista, especialista em Branded Content pela ESPM e acumula experi\\u00eancias em Marketing, Branding e Empreendedorismo. Fundou sua primeira empresa no ramo da comunica\\u00e7\\u00e3o em 2009, atualmente \\u00e9 co-fundador da INSANE Estrat\\u00e9gia e Comunica\\u00e7\\u00e3o e co-fundador do portal de turismo Mochila\\u00ed. Em 2015, foi eleito o melhor profissional de conte\\u00fado e o mais votado do Pr\\u00eamio ABC da Comunica\\u00e7\\u00e3o.\",\"sameAs\":[\"http:\/\/blog.panrotas.com.br\/mindset\"],\"url\":\"https:\/\/blog.panrotas.com.br\/mindset\/author\/gustavo\/\"}]}<\/script>\n<!-- \/ Yoast SEO plugin. -->","yoast_head_json":{"title":"Quem \u00e9 voc\u00ea avaliando a nova marca da Decolar? - Mindset","robots":{"index":"index","follow":"follow","max-snippet":"max-snippet:-1","max-image-preview":"max-image-preview:large","max-video-preview":"max-video-preview:-1"},"canonical":"https:\/\/blog.panrotas.com.br\/mindset\/2019\/04\/15\/quem-e-voce-avaliando-a-nova-marca-da-decolar\/","og_locale":"pt_BR","og_type":"article","og_title":"Quem \u00e9 voc\u00ea avaliando a nova marca da Decolar? - Mindset","og_description":"No come\u00e7o do m\u00eas, a Decolar, maior distribuidora de viagens da Am\u00e9rica Latina, divulgou o resultado de uma mudan\u00e7a parcial em sua marca, por enquanto foi divulgada uma identidade visual e um novo slogan, visando deixar a marca mais moderna e pr\u00f3xima do p\u00fablico. E como era de se esperar, a mudan\u00e7a gerou uma verdadeira&hellip; Continue reading &rarr;","og_url":"https:\/\/blog.panrotas.com.br\/mindset\/2019\/04\/15\/quem-e-voce-avaliando-a-nova-marca-da-decolar\/","og_site_name":"Mindset","article_published_time":"2019-04-16T01:38:12+00:00","og_image":[{"width":740,"height":353,"url":"https:\/\/blog.panrotas.com.br\/mindset\/wp-content\/uploads\/sites\/22\/2019\/04\/capa_coluna_15.png","type":"image\/png"}],"twitter_card":"summary_large_image","twitter_misc":{"Escrito por":"Gustavo Ellero","Est. tempo de leitura":"3 minutos"},"schema":{"@context":"https:\/\/schema.org","@graph":[{"@type":"WebSite","@id":"https:\/\/blog.panrotas.com.br\/mindset\/#website","url":"https:\/\/blog.panrotas.com.br\/mindset\/","name":"Mindset","description":"Blogosfera PANROTAS","potentialAction":[{"@type":"SearchAction","target":{"@type":"EntryPoint","urlTemplate":"https:\/\/blog.panrotas.com.br\/mindset\/?s={search_term_string}"},"query-input":"required name=search_term_string"}],"inLanguage":"pt-BR"},{"@type":"ImageObject","@id":"https:\/\/blog.panrotas.com.br\/mindset\/2019\/04\/15\/quem-e-voce-avaliando-a-nova-marca-da-decolar\/#primaryimage","inLanguage":"pt-BR","url":"https:\/\/blog.panrotas.com.br\/mindset\/wp-content\/uploads\/sites\/22\/2019\/04\/capa_coluna_15.png","contentUrl":"https:\/\/blog.panrotas.com.br\/mindset\/wp-content\/uploads\/sites\/22\/2019\/04\/capa_coluna_15.png","width":740,"height":353},{"@type":"WebPage","@id":"https:\/\/blog.panrotas.com.br\/mindset\/2019\/04\/15\/quem-e-voce-avaliando-a-nova-marca-da-decolar\/#webpage","url":"https:\/\/blog.panrotas.com.br\/mindset\/2019\/04\/15\/quem-e-voce-avaliando-a-nova-marca-da-decolar\/","name":"Quem \u00e9 voc\u00ea avaliando a nova marca da Decolar? - Mindset","isPartOf":{"@id":"https:\/\/blog.panrotas.com.br\/mindset\/#website"},"primaryImageOfPage":{"@id":"https:\/\/blog.panrotas.com.br\/mindset\/2019\/04\/15\/quem-e-voce-avaliando-a-nova-marca-da-decolar\/#primaryimage"},"datePublished":"2019-04-16T01:38:12+00:00","dateModified":"2019-04-16T01:38:12+00:00","author":{"@id":"https:\/\/blog.panrotas.com.br\/mindset\/#\/schema\/person\/f57db0777c105e3e7e7f610c8cf7c409"},"breadcrumb":{"@id":"https:\/\/blog.panrotas.com.br\/mindset\/2019\/04\/15\/quem-e-voce-avaliando-a-nova-marca-da-decolar\/#breadcrumb"},"inLanguage":"pt-BR","potentialAction":[{"@type":"ReadAction","target":["https:\/\/blog.panrotas.com.br\/mindset\/2019\/04\/15\/quem-e-voce-avaliando-a-nova-marca-da-decolar\/"]}]},{"@type":"BreadcrumbList","@id":"https:\/\/blog.panrotas.com.br\/mindset\/2019\/04\/15\/quem-e-voce-avaliando-a-nova-marca-da-decolar\/#breadcrumb","itemListElement":[{"@type":"ListItem","position":1,"name":"In\u00edcio","item":"https:\/\/blog.panrotas.com.br\/mindset\/"},{"@type":"ListItem","position":2,"name":"Quem \u00e9 voc\u00ea avaliando a nova marca da Decolar?"}]},{"@type":"Person","@id":"https:\/\/blog.panrotas.com.br\/mindset\/#\/schema\/person\/f57db0777c105e3e7e7f610c8cf7c409","name":"Gustavo Ellero","image":{"@type":"ImageObject","@id":"https:\/\/blog.panrotas.com.br\/mindset\/#personlogo","inLanguage":"pt-BR","url":"https:\/\/secure.gravatar.com\/avatar\/8f25d3e0589c2945382b7b6b355b2079?s=96&d=mm&r=g","contentUrl":"https:\/\/secure.gravatar.com\/avatar\/8f25d3e0589c2945382b7b6b355b2079?s=96&d=mm&r=g","caption":"Gustavo Ellero"},"description":"Gustavo Ellero \u00e9 Jornalista, especialista em Branded Content pela ESPM e acumula experi\u00eancias em Marketing, Branding e Empreendedorismo. Fundou sua primeira empresa no ramo da comunica\u00e7\u00e3o em 2009, atualmente \u00e9 co-fundador da INSANE Estrat\u00e9gia e Comunica\u00e7\u00e3o e co-fundador do portal de turismo Mochila\u00ed. Em 2015, foi eleito o melhor profissional de conte\u00fado e o mais votado do Pr\u00eamio ABC da Comunica\u00e7\u00e3o.","sameAs":["http:\/\/blog.panrotas.com.br\/mindset"],"url":"https:\/\/blog.panrotas.com.br\/mindset\/author\/gustavo\/"}]}},"jetpack_featured_media_url":"https:\/\/blog.panrotas.com.br\/mindset\/wp-content\/uploads\/sites\/22\/2019\/04\/capa_coluna_15.png","_links":{"self":[{"href":"https:\/\/blog.panrotas.com.br\/mindset\/wp-json\/wp\/v2\/posts\/202"}],"collection":[{"href":"https:\/\/blog.panrotas.com.br\/mindset\/wp-json\/wp\/v2\/posts"}],"about":[{"href":"https:\/\/blog.panrotas.com.br\/mindset\/wp-json\/wp\/v2\/types\/post"}],"author":[{"embeddable":true,"href":"https:\/\/blog.panrotas.com.br\/mindset\/wp-json\/wp\/v2\/users\/23"}],"replies":[{"embeddable":true,"href":"https:\/\/blog.panrotas.com.br\/mindset\/wp-json\/wp\/v2\/comments?post=202"}],"version-history":[{"count":0,"href":"https:\/\/blog.panrotas.com.br\/mindset\/wp-json\/wp\/v2\/posts\/202\/revisions"}],"wp:featuredmedia":[{"embeddable":true,"href":"https:\/\/blog.panrotas.com.br\/mindset\/wp-json\/wp\/v2\/media\/205"}],"wp:attachment":[{"href":"https:\/\/blog.panrotas.com.br\/mindset\/wp-json\/wp\/v2\/media?parent=202"}],"wp:term":[{"taxonomy":"category","embeddable":true,"href":"https:\/\/blog.panrotas.com.br\/mindset\/wp-json\/wp\/v2\/categories?post=202"},{"taxonomy":"post_tag","embeddable":true,"href":"https:\/\/blog.panrotas.com.br\/mindset\/wp-json\/wp\/v2\/tags?post=202"}],"curies":[{"name":"wp","href":"https:\/\/api.w.org\/{rel}","templated":true}]}}