{"id":247,"date":"2020-07-17T23:21:23","date_gmt":"2020-07-18T02:21:23","guid":{"rendered":"http:\/\/blog.panrotas.com.br\/mindset\/?p=247"},"modified":"2020-07-17T23:21:24","modified_gmt":"2020-07-18T02:21:24","slug":"como-manter-meu-negocio-em-tempos-de-covid-19","status":"publish","type":"post","link":"https:\/\/blog.panrotas.com.br\/mindset\/2020\/07\/17\/como-manter-meu-negocio-em-tempos-de-covid-19\/","title":{"rendered":"Como manter meu neg\u00f3cio em tempos de COVID 19"},"content":{"rendered":"\n<p>Antes de entrar na reflex\u00e3o do tema, quero agradecer a todos os contatos que recebi vindos do meu \u00faltimo artigo, onde me coloquei \u00e0 disposi\u00e7\u00e3o do trade para conversar e auxiliar neste momento de crise. Foram dezenas de empres\u00e1rios que me procuraram, a maioria de ag\u00eancias, buscando caminhos. Espero ter contribuido e caso mais algu\u00e9m queira compartilhar seu momento comigo, acesse o post: <a href=\"https:\/\/blog.panrotas.com.br\/mindset\/2020\/04\/16\/como-lidar-com-a-crise-neste-momento\/\">Como lidar com a crise neste momento?<\/a> e pegue meus contatos.<br><\/p>\n\n\n\n<p>Enfim, introduzindo o tema, pode parecer redundante, mas \u00e9 sempre bom frisar, sim, estamos vivendo a pior crise de sa\u00fade, com impactos na economia, da hist\u00f3ria. Focando no segmento de Turismo, temos ainda um agravante de sermos um dos mais afetados, devido as regras de isolamento social imposta em \u00e2mbito Mundial.&nbsp;<br><\/p>\n\n\n\n<p>Apesar de termos destinos que est\u00e3o liberados para receber viajantes, n\u00e3o conseguiremos trabalhar com proje\u00e7\u00f5es enquanto n\u00e3o tivermos uma forma de imuniza\u00e7\u00e3o contra o mal, afinal, estamos vendo o \u201cefeito sanfona\u201d, comandado pelo aumentos ou diminui\u00e7\u00e3o do n\u00famero de infectados e mortos. E temos que respeitar, afinal, s\u00e3o 14 mi de infectados e 600 mil vidas perdidas. Um alento vem no n\u00famero de recuperados, 7 mi, mas ainda n\u00e3o \u00e9 o bastante.<br><\/p>\n\n\n\n<p>Sabendo do cen\u00e1rio, vou colocar abaixo algumas orienta\u00e7\u00f5es que venho aplicando tanto com meus clientes na <a href=\"https:\/\/www.sejainsane.com.br\/\">INSANE Estrat\u00e9gia e Comunica\u00e7\u00e3o<\/a>, minha ag\u00eancia, e no <a href=\"http:\/\/www.mochilai.com.br\">Mochila\u00ed<\/a>, meu portal de turismo:<br><\/p>\n\n\n\n<p><strong>Aprenda a lidar com um dia de cada vez<\/strong><br><\/p>\n\n\n\n<p>Como j\u00e1 falei acima, vivemos um \u201cefeito sanfona\u201d, portanto, temos que buscar a\u00e7\u00f5es de curto prazo e ter a capacidade de analisar e mudar a rota. Voc\u00ea precisa ser \u00e1gil como um Jet Ski e n\u00e3o ter a capacidade de viagem de um Transatl\u00e2ntico.<br><\/p>\n\n\n\n<p><strong>Foque naquilo que voc\u00ea consegue resolver<\/strong><br><\/p>\n\n\n\n<p>Apesar de algumas oportunidades, o mercado est\u00e1 praticamente parado, portanto, se voc\u00ea n\u00e3o tem uma reserva, vai ter que selecionar os temas mais urgentes. Foque em buscar o m\u00e1ximo de receita, por\u00e9m sabemos que o momento \u00e9 de enxugar os gastos, reduzir seus riscos e construir caminhos para retomar a opera\u00e7\u00e3o, conforme o mercado for reabrindo.<br><\/p>\n\n\n\n<p><strong>Trace pequenos objetivos<\/strong><br><\/p>\n\n\n\n<p>Assim como voc\u00ea precisa ser um \u201cJet Ski\u201d, tamb\u00e9m precisa tra\u00e7ar metas de curto prazo, que podem ser mensais com valida\u00e7\u00f5es semanais. Ex: manter contato com meu p\u00fablico. Listar contatos quentes para fechar neg\u00f3cio, etc.<br><\/p>\n\n\n\n<p><strong>Mostre sua cara<\/strong><br><\/p>\n\n\n\n<p>Apesar do isolamento, o desejo de viajar existe, ou seja, os clientes est\u00e3o \u201cnamorando\u201d seus destinos preferidos. Portanto, v\u00e1 \u00e0 frente da comunica\u00e7\u00e3o do seu neg\u00f3cio e d\u00ea a informa\u00e7\u00e3o que seu cliente quer, tire d\u00favidas, compare solu\u00e7\u00f5es\/locais, etc. Por\u00e9m, sempre reforce os cuidados e o comprometimento com seguran\u00e7a e higiene.&nbsp;<br><\/p>\n\n\n\n<p>Essas s\u00e3o apenas algumas orienta\u00e7\u00f5es. Quer saber mais? Me siga nas redes sociais @gustavoellero e acompanhe a coluna Mindset.&nbsp;<br><\/p>\n\n\n\n<p><\/p>\n","protected":false},"excerpt":{"rendered":"<p>Antes de entrar na reflex\u00e3o do tema, quero agradecer a todos os contatos que recebi vindos do meu \u00faltimo artigo, onde me coloquei \u00e0 disposi\u00e7\u00e3o do trade para conversar e auxiliar neste momento de crise. Foram dezenas de empres\u00e1rios que me procuraram, a maioria de ag\u00eancias, buscando caminhos. Espero ter contribuido e caso mais algu\u00e9m&hellip; <a class=\"more-link\" href=\"https:\/\/blog.panrotas.com.br\/mindset\/2020\/07\/17\/como-manter-meu-negocio-em-tempos-de-covid-19\/\">Continue reading &rarr;<\/a><\/p>\n","protected":false},"author":23,"featured_media":248,"comment_status":"open","ping_status":"open","sticky":false,"template":"","format":"standard","meta":{"spay_email":""},"categories":[2],"tags":[8,11,69,14,33],"yoast_head":"<!-- This site is optimized with the Yoast SEO plugin v17.3 - https:\/\/yoast.com\/wordpress\/plugins\/seo\/ -->\n<title>Como manter meu neg\u00f3cio em tempos de COVID 19 - Mindset<\/title>\n<meta name=\"robots\" content=\"index, follow, max-snippet:-1, max-image-preview:large, max-video-preview:-1\" \/>\n<link rel=\"canonical\" href=\"http:\/\/blog.panrotas.com.br\/mindset\/2020\/07\/17\/como-manter-meu-negocio-em-tempos-de-covid-19\/\" \/>\n<meta property=\"og:locale\" content=\"pt_BR\" \/>\n<meta property=\"og:type\" content=\"article\" \/>\n<meta property=\"og:title\" content=\"Como manter meu neg\u00f3cio em tempos de COVID 19 - Mindset\" \/>\n<meta property=\"og:description\" content=\"Antes de entrar na reflex\u00e3o do tema, quero agradecer a todos os contatos que recebi vindos do meu \u00faltimo artigo, onde me coloquei \u00e0 disposi\u00e7\u00e3o do trade para conversar e auxiliar neste momento de crise. Foram dezenas de empres\u00e1rios que me procuraram, a maioria de ag\u00eancias, buscando caminhos. Espero ter contribuido e caso mais algu\u00e9m&hellip; Continue reading &rarr;\" \/>\n<meta property=\"og:url\" content=\"http:\/\/blog.panrotas.com.br\/mindset\/2020\/07\/17\/como-manter-meu-negocio-em-tempos-de-covid-19\/\" \/>\n<meta property=\"og:site_name\" content=\"Mindset\" \/>\n<meta property=\"article:published_time\" content=\"2020-07-18T02:21:23+00:00\" \/>\n<meta property=\"article:modified_time\" content=\"2020-07-18T02:21:24+00:00\" \/>\n<meta property=\"og:image\" content=\"http:\/\/blog.panrotas.com.br\/mindset\/wp-content\/uploads\/sites\/22\/2020\/07\/capa_20.png\" \/>\n\t<meta property=\"og:image:width\" content=\"740\" \/>\n\t<meta property=\"og:image:height\" content=\"334\" \/>\n<meta name=\"twitter:card\" content=\"summary_large_image\" \/>\n<meta name=\"twitter:label1\" content=\"Escrito por\" \/>\n\t<meta name=\"twitter:data1\" content=\"Gustavo Ellero\" \/>\n\t<meta name=\"twitter:label2\" content=\"Est. tempo de leitura\" \/>\n\t<meta name=\"twitter:data2\" content=\"2 minutos\" \/>\n<script type=\"application\/ld+json\" class=\"yoast-schema-graph\">{\"@context\":\"https:\/\/schema.org\",\"@graph\":[{\"@type\":\"WebSite\",\"@id\":\"https:\/\/blog.panrotas.com.br\/mindset\/#website\",\"url\":\"https:\/\/blog.panrotas.com.br\/mindset\/\",\"name\":\"Mindset\",\"description\":\"Blogosfera PANROTAS\",\"potentialAction\":[{\"@type\":\"SearchAction\",\"target\":{\"@type\":\"EntryPoint\",\"urlTemplate\":\"https:\/\/blog.panrotas.com.br\/mindset\/?s={search_term_string}\"},\"query-input\":\"required name=search_term_string\"}],\"inLanguage\":\"pt-BR\"},{\"@type\":\"ImageObject\",\"@id\":\"http:\/\/blog.panrotas.com.br\/mindset\/2020\/07\/17\/como-manter-meu-negocio-em-tempos-de-covid-19\/#primaryimage\",\"inLanguage\":\"pt-BR\",\"url\":\"https:\/\/blog.panrotas.com.br\/mindset\/wp-content\/uploads\/sites\/22\/2020\/07\/capa_20.png\",\"contentUrl\":\"https:\/\/blog.panrotas.com.br\/mindset\/wp-content\/uploads\/sites\/22\/2020\/07\/capa_20.png\",\"width\":740,\"height\":334},{\"@type\":\"WebPage\",\"@id\":\"http:\/\/blog.panrotas.com.br\/mindset\/2020\/07\/17\/como-manter-meu-negocio-em-tempos-de-covid-19\/#webpage\",\"url\":\"http:\/\/blog.panrotas.com.br\/mindset\/2020\/07\/17\/como-manter-meu-negocio-em-tempos-de-covid-19\/\",\"name\":\"Como manter meu neg\\u00f3cio em tempos de COVID 19 - Mindset\",\"isPartOf\":{\"@id\":\"https:\/\/blog.panrotas.com.br\/mindset\/#website\"},\"primaryImageOfPage\":{\"@id\":\"http:\/\/blog.panrotas.com.br\/mindset\/2020\/07\/17\/como-manter-meu-negocio-em-tempos-de-covid-19\/#primaryimage\"},\"datePublished\":\"2020-07-18T02:21:23+00:00\",\"dateModified\":\"2020-07-18T02:21:24+00:00\",\"author\":{\"@id\":\"https:\/\/blog.panrotas.com.br\/mindset\/#\/schema\/person\/f57db0777c105e3e7e7f610c8cf7c409\"},\"breadcrumb\":{\"@id\":\"http:\/\/blog.panrotas.com.br\/mindset\/2020\/07\/17\/como-manter-meu-negocio-em-tempos-de-covid-19\/#breadcrumb\"},\"inLanguage\":\"pt-BR\",\"potentialAction\":[{\"@type\":\"ReadAction\",\"target\":[\"http:\/\/blog.panrotas.com.br\/mindset\/2020\/07\/17\/como-manter-meu-negocio-em-tempos-de-covid-19\/\"]}]},{\"@type\":\"BreadcrumbList\",\"@id\":\"http:\/\/blog.panrotas.com.br\/mindset\/2020\/07\/17\/como-manter-meu-negocio-em-tempos-de-covid-19\/#breadcrumb\",\"itemListElement\":[{\"@type\":\"ListItem\",\"position\":1,\"name\":\"In\\u00edcio\",\"item\":\"https:\/\/blog.panrotas.com.br\/mindset\/\"},{\"@type\":\"ListItem\",\"position\":2,\"name\":\"Como manter meu neg\\u00f3cio em tempos de COVID 19\"}]},{\"@type\":\"Person\",\"@id\":\"https:\/\/blog.panrotas.com.br\/mindset\/#\/schema\/person\/f57db0777c105e3e7e7f610c8cf7c409\",\"name\":\"Gustavo Ellero\",\"image\":{\"@type\":\"ImageObject\",\"@id\":\"https:\/\/blog.panrotas.com.br\/mindset\/#personlogo\",\"inLanguage\":\"pt-BR\",\"url\":\"https:\/\/secure.gravatar.com\/avatar\/8f25d3e0589c2945382b7b6b355b2079?s=96&d=mm&r=g\",\"contentUrl\":\"https:\/\/secure.gravatar.com\/avatar\/8f25d3e0589c2945382b7b6b355b2079?s=96&d=mm&r=g\",\"caption\":\"Gustavo Ellero\"},\"description\":\"Gustavo Ellero \\u00e9 Jornalista, especialista em Branded Content pela ESPM e acumula experi\\u00eancias em Marketing, Branding e Empreendedorismo. Fundou sua primeira empresa no ramo da comunica\\u00e7\\u00e3o em 2009, atualmente \\u00e9 co-fundador da INSANE Estrat\\u00e9gia e Comunica\\u00e7\\u00e3o e co-fundador do portal de turismo Mochila\\u00ed. Em 2015, foi eleito o melhor profissional de conte\\u00fado e o mais votado do Pr\\u00eamio ABC da Comunica\\u00e7\\u00e3o.\",\"sameAs\":[\"http:\/\/blog.panrotas.com.br\/mindset\"],\"url\":\"https:\/\/blog.panrotas.com.br\/mindset\/author\/gustavo\/\"}]}<\/script>\n<!-- \/ Yoast SEO plugin. -->","yoast_head_json":{"title":"Como manter meu neg\u00f3cio em tempos de COVID 19 - Mindset","robots":{"index":"index","follow":"follow","max-snippet":"max-snippet:-1","max-image-preview":"max-image-preview:large","max-video-preview":"max-video-preview:-1"},"canonical":"http:\/\/blog.panrotas.com.br\/mindset\/2020\/07\/17\/como-manter-meu-negocio-em-tempos-de-covid-19\/","og_locale":"pt_BR","og_type":"article","og_title":"Como manter meu neg\u00f3cio em tempos de COVID 19 - Mindset","og_description":"Antes de entrar na reflex\u00e3o do tema, quero agradecer a todos os contatos que recebi vindos do meu \u00faltimo artigo, onde me coloquei \u00e0 disposi\u00e7\u00e3o do trade para conversar e auxiliar neste momento de crise. Foram dezenas de empres\u00e1rios que me procuraram, a maioria de ag\u00eancias, buscando caminhos. Espero ter contribuido e caso mais algu\u00e9m&hellip; Continue reading &rarr;","og_url":"http:\/\/blog.panrotas.com.br\/mindset\/2020\/07\/17\/como-manter-meu-negocio-em-tempos-de-covid-19\/","og_site_name":"Mindset","article_published_time":"2020-07-18T02:21:23+00:00","article_modified_time":"2020-07-18T02:21:24+00:00","og_image":[{"width":740,"height":334,"url":"http:\/\/blog.panrotas.com.br\/mindset\/wp-content\/uploads\/sites\/22\/2020\/07\/capa_20.png","type":"image\/png"}],"twitter_card":"summary_large_image","twitter_misc":{"Escrito por":"Gustavo Ellero","Est. tempo de leitura":"2 minutos"},"schema":{"@context":"https:\/\/schema.org","@graph":[{"@type":"WebSite","@id":"https:\/\/blog.panrotas.com.br\/mindset\/#website","url":"https:\/\/blog.panrotas.com.br\/mindset\/","name":"Mindset","description":"Blogosfera PANROTAS","potentialAction":[{"@type":"SearchAction","target":{"@type":"EntryPoint","urlTemplate":"https:\/\/blog.panrotas.com.br\/mindset\/?s={search_term_string}"},"query-input":"required name=search_term_string"}],"inLanguage":"pt-BR"},{"@type":"ImageObject","@id":"http:\/\/blog.panrotas.com.br\/mindset\/2020\/07\/17\/como-manter-meu-negocio-em-tempos-de-covid-19\/#primaryimage","inLanguage":"pt-BR","url":"https:\/\/blog.panrotas.com.br\/mindset\/wp-content\/uploads\/sites\/22\/2020\/07\/capa_20.png","contentUrl":"https:\/\/blog.panrotas.com.br\/mindset\/wp-content\/uploads\/sites\/22\/2020\/07\/capa_20.png","width":740,"height":334},{"@type":"WebPage","@id":"http:\/\/blog.panrotas.com.br\/mindset\/2020\/07\/17\/como-manter-meu-negocio-em-tempos-de-covid-19\/#webpage","url":"http:\/\/blog.panrotas.com.br\/mindset\/2020\/07\/17\/como-manter-meu-negocio-em-tempos-de-covid-19\/","name":"Como manter meu neg\u00f3cio em tempos de COVID 19 - Mindset","isPartOf":{"@id":"https:\/\/blog.panrotas.com.br\/mindset\/#website"},"primaryImageOfPage":{"@id":"http:\/\/blog.panrotas.com.br\/mindset\/2020\/07\/17\/como-manter-meu-negocio-em-tempos-de-covid-19\/#primaryimage"},"datePublished":"2020-07-18T02:21:23+00:00","dateModified":"2020-07-18T02:21:24+00:00","author":{"@id":"https:\/\/blog.panrotas.com.br\/mindset\/#\/schema\/person\/f57db0777c105e3e7e7f610c8cf7c409"},"breadcrumb":{"@id":"http:\/\/blog.panrotas.com.br\/mindset\/2020\/07\/17\/como-manter-meu-negocio-em-tempos-de-covid-19\/#breadcrumb"},"inLanguage":"pt-BR","potentialAction":[{"@type":"ReadAction","target":["http:\/\/blog.panrotas.com.br\/mindset\/2020\/07\/17\/como-manter-meu-negocio-em-tempos-de-covid-19\/"]}]},{"@type":"BreadcrumbList","@id":"http:\/\/blog.panrotas.com.br\/mindset\/2020\/07\/17\/como-manter-meu-negocio-em-tempos-de-covid-19\/#breadcrumb","itemListElement":[{"@type":"ListItem","position":1,"name":"In\u00edcio","item":"https:\/\/blog.panrotas.com.br\/mindset\/"},{"@type":"ListItem","position":2,"name":"Como manter meu neg\u00f3cio em tempos de COVID 19"}]},{"@type":"Person","@id":"https:\/\/blog.panrotas.com.br\/mindset\/#\/schema\/person\/f57db0777c105e3e7e7f610c8cf7c409","name":"Gustavo Ellero","image":{"@type":"ImageObject","@id":"https:\/\/blog.panrotas.com.br\/mindset\/#personlogo","inLanguage":"pt-BR","url":"https:\/\/secure.gravatar.com\/avatar\/8f25d3e0589c2945382b7b6b355b2079?s=96&d=mm&r=g","contentUrl":"https:\/\/secure.gravatar.com\/avatar\/8f25d3e0589c2945382b7b6b355b2079?s=96&d=mm&r=g","caption":"Gustavo Ellero"},"description":"Gustavo Ellero \u00e9 Jornalista, especialista em Branded Content pela ESPM e acumula experi\u00eancias em Marketing, Branding e Empreendedorismo. Fundou sua primeira empresa no ramo da comunica\u00e7\u00e3o em 2009, atualmente \u00e9 co-fundador da INSANE Estrat\u00e9gia e Comunica\u00e7\u00e3o e co-fundador do portal de turismo Mochila\u00ed. Em 2015, foi eleito o melhor profissional de conte\u00fado e o mais votado do Pr\u00eamio ABC da Comunica\u00e7\u00e3o.","sameAs":["http:\/\/blog.panrotas.com.br\/mindset"],"url":"https:\/\/blog.panrotas.com.br\/mindset\/author\/gustavo\/"}]}},"jetpack_featured_media_url":"https:\/\/blog.panrotas.com.br\/mindset\/wp-content\/uploads\/sites\/22\/2020\/07\/capa_20.png","_links":{"self":[{"href":"https:\/\/blog.panrotas.com.br\/mindset\/wp-json\/wp\/v2\/posts\/247"}],"collection":[{"href":"https:\/\/blog.panrotas.com.br\/mindset\/wp-json\/wp\/v2\/posts"}],"about":[{"href":"https:\/\/blog.panrotas.com.br\/mindset\/wp-json\/wp\/v2\/types\/post"}],"author":[{"embeddable":true,"href":"https:\/\/blog.panrotas.com.br\/mindset\/wp-json\/wp\/v2\/users\/23"}],"replies":[{"embeddable":true,"href":"https:\/\/blog.panrotas.com.br\/mindset\/wp-json\/wp\/v2\/comments?post=247"}],"version-history":[{"count":1,"href":"https:\/\/blog.panrotas.com.br\/mindset\/wp-json\/wp\/v2\/posts\/247\/revisions"}],"predecessor-version":[{"id":249,"href":"https:\/\/blog.panrotas.com.br\/mindset\/wp-json\/wp\/v2\/posts\/247\/revisions\/249"}],"wp:featuredmedia":[{"embeddable":true,"href":"https:\/\/blog.panrotas.com.br\/mindset\/wp-json\/wp\/v2\/media\/248"}],"wp:attachment":[{"href":"https:\/\/blog.panrotas.com.br\/mindset\/wp-json\/wp\/v2\/media?parent=247"}],"wp:term":[{"taxonomy":"category","embeddable":true,"href":"https:\/\/blog.panrotas.com.br\/mindset\/wp-json\/wp\/v2\/categories?post=247"},{"taxonomy":"post_tag","embeddable":true,"href":"https:\/\/blog.panrotas.com.br\/mindset\/wp-json\/wp\/v2\/tags?post=247"}],"curies":[{"name":"wp","href":"https:\/\/api.w.org\/{rel}","templated":true}]}}