{"id":1329,"date":"2016-08-12T10:22:33","date_gmt":"2016-08-12T13:22:33","guid":{"rendered":"http:\/\/blog.panrotas.com.br\/mktdestinos\/?p=1329"},"modified":"2016-08-12T10:22:33","modified_gmt":"2016-08-12T13:22:33","slug":"quando-o-assunto-do-mundo-somos-nos","status":"publish","type":"post","link":"https:\/\/blog.panrotas.com.br\/mktdestinos\/2016\/08\/12\/quando-o-assunto-do-mundo-somos-nos\/","title":{"rendered":"Quando o assunto do mundo somos n\u00f3s"},"content":{"rendered":"<p style=\"text-align: justify\"><span style=\"font-weight: 400\"><a href=\"http:\/\/blog.panrotas.com.br\/mktdestinos\/index.php\/2016\/08\/12\/quando-o-assunto-do-mundo-somos-nos\/image\/\" rel=\"attachment wp-att-1333\"><img loading=\"lazy\" class=\"alignleft size-full wp-image-1333\" src=\"http:\/\/panrotas.blog.br\/mktdestinos\/wp-content\/uploads\/sites\/23\/2016\/08\/image.jpeg\" alt=\"image\" width=\"488\" height=\"302\" srcset=\"https:\/\/blog.panrotas.com.br\/mktdestinos\/wp-content\/uploads\/sites\/23\/2016\/08\/image.jpeg 488w, https:\/\/blog.panrotas.com.br\/mktdestinos\/wp-content\/uploads\/sites\/23\/2016\/08\/image-300x186.jpeg 300w\" sizes=\"(max-width: 488px) 100vw, 488px\" \/><\/a><\/span><\/p>\n<hr \/>\n<p style=\"text-align: justify\"><span style=\"font-weight: 400\">Mesmo antes de ser oficializado o in\u00edcio da Olimp\u00edada, o mundo j\u00e1 estava com os olhos voltados para n\u00f3s. Hoje, \u00e9 f\u00e1cil encontrar not\u00edcias nossas em qualquer ve\u00edculo de qualquer pa\u00eds: estamos sendo diligentemente acompanhados. Naturalmente, como acontece com todo assunto que se populariza em uma propor\u00e7\u00e3o global, encontramos sempre boas e m\u00e1s not\u00edcias.<\/span><\/p>\n<p style=\"text-align: justify\"><span style=\"font-weight: 400\">J\u00e1 imagin\u00e1vamos que ser\u00edamos o centro das aten\u00e7\u00f5es (e poder\u00edamos ter nos aproveitado muito mais da condi\u00e7\u00e3o, mas esse \u00e9 tema para outra conversa), mas agora estamos sentindo na pele como ser a sede de um megaevento abre espa\u00e7o para o debate de qualquer outro assunto. Da Rio 2016, os di\u00e1rios comentam a organiza\u00e7\u00e3o do evento, passam para a pol\u00edtica no Brasil, em seguida para a situa\u00e7\u00e3o econ\u00f4mica do Pa\u00eds e a\u00ed temos uma p\u00e1gina inteira \u201cno estrangeiro\u201d dedicada \u00e0s nossas conquistas e\/ou derrotas, ol\u00edmpicas ou n\u00e3o.<\/span><\/p>\n<p style=\"text-align: justify\"><span style=\"font-weight: 400\">Entre \u00a0belezas ineg\u00e1veis da cidade maravilhosa; uma cerim\u00f4nia cativante; nossas conquistas no jud\u00f4; esquemas de seguran\u00e7a dos Jogos; piscinas verdes; pouco p\u00fablico nas competi\u00e7\u00f5es e tantas outras not\u00edcias em alta sobre a Rio 2016, o vice-presidente do Comit\u00ea Ol\u00edmpico Internacional afirma \u201cn\u00e3o h\u00e1 arrependimento algum em termos no Brasil uma Olimp\u00edada\u201d. Ponto pra n\u00f3s.<\/span><\/p>\n<p style=\"text-align: justify\"><span style=\"font-weight: 400\">O fato \u00e9 que n\u00e3o d\u00e1 pra tirar os olhos do de uma Olimp\u00edada. Na infinidade de assuntos que somos, conspirat\u00f3rios ou veross\u00edmeis, o brasileiro lida com os holofotes do jeito que lida com todo o resto: sorrindo para a foto!<\/span><\/p>\n<p style=\"text-align: justify\"><span style=\"font-weight: 400\">Vamos acompanhando, porque s\u00f3 se passou uma semana, ainda tem muito mais para se experimentar e a Rio 2016 s\u00f3 come\u00e7ou.<\/span><\/p>\n","protected":false},"excerpt":{"rendered":"<p>Mesmo antes de ser oficializado o in\u00edcio da Olimp\u00edada, o mundo j\u00e1 estava com os olhos voltados para n\u00f3s. Hoje, \u00e9 f\u00e1cil encontrar not\u00edcias nossas em qualquer ve\u00edculo de qualquer pa\u00eds: estamos sendo diligentemente acompanhados. Naturalmente, como acontece com todo assunto que se populariza em uma propor\u00e7\u00e3o global, encontramos sempre boas e m\u00e1s not\u00edcias. J\u00e1&hellip; <a class=\"more-link\" href=\"https:\/\/blog.panrotas.com.br\/mktdestinos\/2016\/08\/12\/quando-o-assunto-do-mundo-somos-nos\/\">Continue reading &rarr;<\/a><\/p>\n","protected":false},"author":21,"featured_media":0,"comment_status":"open","ping_status":"open","sticky":false,"template":"","format":"standard","meta":{"spay_email":""},"categories":[3],"tags":[],"yoast_head":"<!-- This site is optimized with the Yoast SEO plugin v17.3 - https:\/\/yoast.com\/wordpress\/plugins\/seo\/ -->\n<title>Quando o assunto do mundo somos n\u00f3s - Marketing Destinos<\/title>\n<meta name=\"robots\" content=\"index, follow, max-snippet:-1, max-image-preview:large, max-video-preview:-1\" \/>\n<link rel=\"canonical\" href=\"https:\/\/blog.panrotas.com.br\/mktdestinos\/2016\/08\/12\/quando-o-assunto-do-mundo-somos-nos\/\" \/>\n<meta property=\"og:locale\" content=\"pt_BR\" \/>\n<meta property=\"og:type\" content=\"article\" \/>\n<meta property=\"og:title\" content=\"Quando o assunto do mundo somos n\u00f3s - Marketing Destinos\" \/>\n<meta property=\"og:description\" content=\"Mesmo antes de ser oficializado o in\u00edcio da Olimp\u00edada, o mundo j\u00e1 estava com os olhos voltados para n\u00f3s. Hoje, \u00e9 f\u00e1cil encontrar not\u00edcias nossas em qualquer ve\u00edculo de qualquer pa\u00eds: estamos sendo diligentemente acompanhados. Naturalmente, como acontece com todo assunto que se populariza em uma propor\u00e7\u00e3o global, encontramos sempre boas e m\u00e1s not\u00edcias. J\u00e1&hellip; Continue reading &rarr;\" \/>\n<meta property=\"og:url\" content=\"https:\/\/blog.panrotas.com.br\/mktdestinos\/2016\/08\/12\/quando-o-assunto-do-mundo-somos-nos\/\" \/>\n<meta property=\"og:site_name\" content=\"Marketing Destinos\" \/>\n<meta property=\"article:published_time\" content=\"2016-08-12T13:22:33+00:00\" \/>\n<meta property=\"og:image\" content=\"http:\/\/panrotas.blog.br\/mktdestinos\/wp-content\/uploads\/sites\/23\/2016\/08\/image.jpeg\" \/>\n<meta name=\"twitter:card\" content=\"summary_large_image\" \/>\n<meta name=\"twitter:label1\" content=\"Escrito por\" \/>\n\t<meta name=\"twitter:data1\" content=\"Jeanine Pires\" \/>\n\t<meta name=\"twitter:label2\" content=\"Est. tempo de leitura\" \/>\n\t<meta name=\"twitter:data2\" content=\"1 minuto\" \/>\n<script type=\"application\/ld+json\" class=\"yoast-schema-graph\">{\"@context\":\"https:\/\/schema.org\",\"@graph\":[{\"@type\":\"WebSite\",\"@id\":\"https:\/\/blog.panrotas.com.br\/mktdestinos\/#website\",\"url\":\"https:\/\/blog.panrotas.com.br\/mktdestinos\/\",\"name\":\"Marketing Destinos\",\"description\":\"\",\"potentialAction\":[{\"@type\":\"SearchAction\",\"target\":{\"@type\":\"EntryPoint\",\"urlTemplate\":\"https:\/\/blog.panrotas.com.br\/mktdestinos\/?s={search_term_string}\"},\"query-input\":\"required name=search_term_string\"}],\"inLanguage\":\"pt-BR\"},{\"@type\":\"ImageObject\",\"@id\":\"https:\/\/blog.panrotas.com.br\/mktdestinos\/2016\/08\/12\/quando-o-assunto-do-mundo-somos-nos\/#primaryimage\",\"inLanguage\":\"pt-BR\",\"url\":\"http:\/\/panrotas.blog.br\/mktdestinos\/wp-content\/uploads\/sites\/23\/2016\/08\/image.jpeg\",\"contentUrl\":\"http:\/\/panrotas.blog.br\/mktdestinos\/wp-content\/uploads\/sites\/23\/2016\/08\/image.jpeg\"},{\"@type\":\"WebPage\",\"@id\":\"https:\/\/blog.panrotas.com.br\/mktdestinos\/2016\/08\/12\/quando-o-assunto-do-mundo-somos-nos\/#webpage\",\"url\":\"https:\/\/blog.panrotas.com.br\/mktdestinos\/2016\/08\/12\/quando-o-assunto-do-mundo-somos-nos\/\",\"name\":\"Quando o assunto do mundo somos n\\u00f3s - Marketing Destinos\",\"isPartOf\":{\"@id\":\"https:\/\/blog.panrotas.com.br\/mktdestinos\/#website\"},\"primaryImageOfPage\":{\"@id\":\"https:\/\/blog.panrotas.com.br\/mktdestinos\/2016\/08\/12\/quando-o-assunto-do-mundo-somos-nos\/#primaryimage\"},\"datePublished\":\"2016-08-12T13:22:33+00:00\",\"dateModified\":\"2016-08-12T13:22:33+00:00\",\"author\":{\"@id\":\"https:\/\/blog.panrotas.com.br\/mktdestinos\/#\/schema\/person\/6b7480064d4010fed7920e2a06e2472e\"},\"breadcrumb\":{\"@id\":\"https:\/\/blog.panrotas.com.br\/mktdestinos\/2016\/08\/12\/quando-o-assunto-do-mundo-somos-nos\/#breadcrumb\"},\"inLanguage\":\"pt-BR\",\"potentialAction\":[{\"@type\":\"ReadAction\",\"target\":[\"https:\/\/blog.panrotas.com.br\/mktdestinos\/2016\/08\/12\/quando-o-assunto-do-mundo-somos-nos\/\"]}]},{\"@type\":\"BreadcrumbList\",\"@id\":\"https:\/\/blog.panrotas.com.br\/mktdestinos\/2016\/08\/12\/quando-o-assunto-do-mundo-somos-nos\/#breadcrumb\",\"itemListElement\":[{\"@type\":\"ListItem\",\"position\":1,\"name\":\"In\\u00edcio\",\"item\":\"https:\/\/blog.panrotas.com.br\/mktdestinos\/\"},{\"@type\":\"ListItem\",\"position\":2,\"name\":\"Quando o assunto do mundo somos n\\u00f3s\"}]},{\"@type\":\"Person\",\"@id\":\"https:\/\/blog.panrotas.com.br\/mktdestinos\/#\/schema\/person\/6b7480064d4010fed7920e2a06e2472e\",\"name\":\"Jeanine Pires\",\"image\":{\"@type\":\"ImageObject\",\"@id\":\"https:\/\/blog.panrotas.com.br\/mktdestinos\/#personlogo\",\"inLanguage\":\"pt-BR\",\"url\":\"https:\/\/secure.gravatar.com\/avatar\/4eff31f2a3aee87600bf1f78d5953f48?s=96&d=mm&r=g\",\"contentUrl\":\"https:\/\/secure.gravatar.com\/avatar\/4eff31f2a3aee87600bf1f78d5953f48?s=96&d=mm&r=g\",\"caption\":\"Jeanine Pires\"},\"description\":\"Apaixonada pela ind\\u00fastria de viagens e turismo, h\\u00e1 31 anos atua como l\\u00edder do setor no Brasil e no exterior. J\\u00e1 Presidiu e foi Diretora da EMBRATUR entre 2003 e 2010; \\u00e9 Diretora da Pires Intelig\\u00eancia em Destinos e, no final de 2022, entrou para a CVC Corp como Diretora de Alian\\u00e7as e Rela\\u00e7\\u00f5es Governamentais. Jeanine foi Co-fundadora da startup ONER Travel em 2020 e j\\u00e1 atuou como Presidente do Conselho da Fecom\\u00e9rcio S\\u00e3o Paulo e da WTM Latin America. Com forma\\u00e7\\u00e3o e especialidade em marketing de destinos e economia do turismo, Jeanine faz palestras, cursos e consultorias.\",\"url\":\"https:\/\/blog.panrotas.com.br\/mktdestinos\/author\/jeanine\/\"}]}<\/script>\n<!-- \/ Yoast SEO plugin. -->","yoast_head_json":{"title":"Quando o assunto do mundo somos n\u00f3s - Marketing Destinos","robots":{"index":"index","follow":"follow","max-snippet":"max-snippet:-1","max-image-preview":"max-image-preview:large","max-video-preview":"max-video-preview:-1"},"canonical":"https:\/\/blog.panrotas.com.br\/mktdestinos\/2016\/08\/12\/quando-o-assunto-do-mundo-somos-nos\/","og_locale":"pt_BR","og_type":"article","og_title":"Quando o assunto do mundo somos n\u00f3s - Marketing Destinos","og_description":"Mesmo antes de ser oficializado o in\u00edcio da Olimp\u00edada, o mundo j\u00e1 estava com os olhos voltados para n\u00f3s. Hoje, \u00e9 f\u00e1cil encontrar not\u00edcias nossas em qualquer ve\u00edculo de qualquer pa\u00eds: estamos sendo diligentemente acompanhados. Naturalmente, como acontece com todo assunto que se populariza em uma propor\u00e7\u00e3o global, encontramos sempre boas e m\u00e1s not\u00edcias. J\u00e1&hellip; Continue reading &rarr;","og_url":"https:\/\/blog.panrotas.com.br\/mktdestinos\/2016\/08\/12\/quando-o-assunto-do-mundo-somos-nos\/","og_site_name":"Marketing Destinos","article_published_time":"2016-08-12T13:22:33+00:00","og_image":[{"url":"http:\/\/panrotas.blog.br\/mktdestinos\/wp-content\/uploads\/sites\/23\/2016\/08\/image.jpeg"}],"twitter_card":"summary_large_image","twitter_misc":{"Escrito por":"Jeanine Pires","Est. tempo de leitura":"1 minuto"},"schema":{"@context":"https:\/\/schema.org","@graph":[{"@type":"WebSite","@id":"https:\/\/blog.panrotas.com.br\/mktdestinos\/#website","url":"https:\/\/blog.panrotas.com.br\/mktdestinos\/","name":"Marketing Destinos","description":"","potentialAction":[{"@type":"SearchAction","target":{"@type":"EntryPoint","urlTemplate":"https:\/\/blog.panrotas.com.br\/mktdestinos\/?s={search_term_string}"},"query-input":"required name=search_term_string"}],"inLanguage":"pt-BR"},{"@type":"ImageObject","@id":"https:\/\/blog.panrotas.com.br\/mktdestinos\/2016\/08\/12\/quando-o-assunto-do-mundo-somos-nos\/#primaryimage","inLanguage":"pt-BR","url":"http:\/\/panrotas.blog.br\/mktdestinos\/wp-content\/uploads\/sites\/23\/2016\/08\/image.jpeg","contentUrl":"http:\/\/panrotas.blog.br\/mktdestinos\/wp-content\/uploads\/sites\/23\/2016\/08\/image.jpeg"},{"@type":"WebPage","@id":"https:\/\/blog.panrotas.com.br\/mktdestinos\/2016\/08\/12\/quando-o-assunto-do-mundo-somos-nos\/#webpage","url":"https:\/\/blog.panrotas.com.br\/mktdestinos\/2016\/08\/12\/quando-o-assunto-do-mundo-somos-nos\/","name":"Quando o assunto do mundo somos n\u00f3s - Marketing Destinos","isPartOf":{"@id":"https:\/\/blog.panrotas.com.br\/mktdestinos\/#website"},"primaryImageOfPage":{"@id":"https:\/\/blog.panrotas.com.br\/mktdestinos\/2016\/08\/12\/quando-o-assunto-do-mundo-somos-nos\/#primaryimage"},"datePublished":"2016-08-12T13:22:33+00:00","dateModified":"2016-08-12T13:22:33+00:00","author":{"@id":"https:\/\/blog.panrotas.com.br\/mktdestinos\/#\/schema\/person\/6b7480064d4010fed7920e2a06e2472e"},"breadcrumb":{"@id":"https:\/\/blog.panrotas.com.br\/mktdestinos\/2016\/08\/12\/quando-o-assunto-do-mundo-somos-nos\/#breadcrumb"},"inLanguage":"pt-BR","potentialAction":[{"@type":"ReadAction","target":["https:\/\/blog.panrotas.com.br\/mktdestinos\/2016\/08\/12\/quando-o-assunto-do-mundo-somos-nos\/"]}]},{"@type":"BreadcrumbList","@id":"https:\/\/blog.panrotas.com.br\/mktdestinos\/2016\/08\/12\/quando-o-assunto-do-mundo-somos-nos\/#breadcrumb","itemListElement":[{"@type":"ListItem","position":1,"name":"In\u00edcio","item":"https:\/\/blog.panrotas.com.br\/mktdestinos\/"},{"@type":"ListItem","position":2,"name":"Quando o assunto do mundo somos n\u00f3s"}]},{"@type":"Person","@id":"https:\/\/blog.panrotas.com.br\/mktdestinos\/#\/schema\/person\/6b7480064d4010fed7920e2a06e2472e","name":"Jeanine Pires","image":{"@type":"ImageObject","@id":"https:\/\/blog.panrotas.com.br\/mktdestinos\/#personlogo","inLanguage":"pt-BR","url":"https:\/\/secure.gravatar.com\/avatar\/4eff31f2a3aee87600bf1f78d5953f48?s=96&d=mm&r=g","contentUrl":"https:\/\/secure.gravatar.com\/avatar\/4eff31f2a3aee87600bf1f78d5953f48?s=96&d=mm&r=g","caption":"Jeanine Pires"},"description":"Apaixonada pela ind\u00fastria de viagens e turismo, h\u00e1 31 anos atua como l\u00edder do setor no Brasil e no exterior. J\u00e1 Presidiu e foi Diretora da EMBRATUR entre 2003 e 2010; \u00e9 Diretora da Pires Intelig\u00eancia em Destinos e, no final de 2022, entrou para a CVC Corp como Diretora de Alian\u00e7as e Rela\u00e7\u00f5es Governamentais. Jeanine foi Co-fundadora da startup ONER Travel em 2020 e j\u00e1 atuou como Presidente do Conselho da Fecom\u00e9rcio S\u00e3o Paulo e da WTM Latin America. Com forma\u00e7\u00e3o e especialidade em marketing de destinos e economia do turismo, Jeanine faz palestras, cursos e consultorias.","url":"https:\/\/blog.panrotas.com.br\/mktdestinos\/author\/jeanine\/"}]}},"jetpack_featured_media_url":"","_links":{"self":[{"href":"https:\/\/blog.panrotas.com.br\/mktdestinos\/wp-json\/wp\/v2\/posts\/1329"}],"collection":[{"href":"https:\/\/blog.panrotas.com.br\/mktdestinos\/wp-json\/wp\/v2\/posts"}],"about":[{"href":"https:\/\/blog.panrotas.com.br\/mktdestinos\/wp-json\/wp\/v2\/types\/post"}],"author":[{"embeddable":true,"href":"https:\/\/blog.panrotas.com.br\/mktdestinos\/wp-json\/wp\/v2\/users\/21"}],"replies":[{"embeddable":true,"href":"https:\/\/blog.panrotas.com.br\/mktdestinos\/wp-json\/wp\/v2\/comments?post=1329"}],"version-history":[{"count":0,"href":"https:\/\/blog.panrotas.com.br\/mktdestinos\/wp-json\/wp\/v2\/posts\/1329\/revisions"}],"wp:attachment":[{"href":"https:\/\/blog.panrotas.com.br\/mktdestinos\/wp-json\/wp\/v2\/media?parent=1329"}],"wp:term":[{"taxonomy":"category","embeddable":true,"href":"https:\/\/blog.panrotas.com.br\/mktdestinos\/wp-json\/wp\/v2\/categories?post=1329"},{"taxonomy":"post_tag","embeddable":true,"href":"https:\/\/blog.panrotas.com.br\/mktdestinos\/wp-json\/wp\/v2\/tags?post=1329"}],"curies":[{"name":"wp","href":"https:\/\/api.w.org\/{rel}","templated":true}]}}